{"id":9732,"date":"2019-05-06T09:08:36","date_gmt":"2019-05-06T07:08:36","guid":{"rendered":"http:\/\/innoavi.es\/es\/?p=9732"},"modified":"2019-05-06T09:08:36","modified_gmt":"2019-05-06T07:08:36","slug":"7-de-mayo-start-up-summer-camp-alicante","status":"publish","type":"post","link":"https:\/\/innoavi.es\/es\/7-de-mayo-start-up-summer-camp-alicante\/","title":{"rendered":"7 DE MAYO | Start-up Summer Camp Alicante"},"content":{"rendered":"<img loading=\"lazy\" decoding=\"async\" class=\"alignnone  wp-image-9734\" src=\"http:\/\/innoavi.es\/wp-content\/uploads\/2019\/05\/umh_gr.png\" alt=\"\" width=\"499\" height=\"311\" \/><br \/>El Parque Cient\u00edfico de la UMH, en colaboraci\u00f3n con Impulsa Alicante,\u00a0organiza el\u00a0\u00abStart-up Summer Camp Alicante: 7\u00ba edici\u00f3n del\u00a0Sprint de Creaci\u00f3n de Empresas UMH\u201d,\u00a0una muestra del trabajo que desarrollan en el \u00c1rea de Emprendimiento. As\u00ed mismo,\u00a0se dar\u00e1n a conocer los detalles de la s\u00e9ptima edici\u00f3n del Sprint UMH\u00a0y se realizar\u00e1 una mesa redonda en la que emprendedores con proyectos de negocio en diferentes etapas de crecimiento expondr\u00e1n su experiencia en la puesta en marcha de su iniciativa empresarial.<br \/><br \/><strong>17.00 horas<\/strong>. Centro de Emprendedores<br \/>Calle Cid, 13. Alicante","protected":false},"excerpt":{"rendered":"<p>El Parque Cient\u00edfico de la UMH, en colaboraci\u00f3n con Impulsa Alicante,\u00a0organiza el\u00a0\u00abStart-up Summer Camp Alicante: 7\u00ba edici\u00f3n del\u00a0Sprint de Creaci\u00f3n de Empresas UMH\u201d,\u00a0una muestra del trabajo que desarrollan en el \u00c1rea de Emprendimiento. As\u00ed mismo,\u00a0se dar\u00e1n a conocer los detalles de la s\u00e9ptima edici\u00f3n del Sprint UMH\u00a0y se realizar\u00e1 una mesa redonda en la que emprendedores con proyectos de negocio en diferentes etapas de crecimiento expondr\u00e1n su experiencia en la puesta en marcha de su iniciativa empresarial.17.00 horas. Centro de EmprendedoresCalle Cid, 13. Alicante<\/p>\n","protected":false},"author":10,"featured_media":9735,"comment_status":"closed","ping_status":"open","sticky":false,"template":"","format":"standard","meta":{"_acf_changed":false,"footnotes":""},"categories":[198,205],"tags":[],"class_list":["post-9732","post","type-post","status-publish","format-standard","has-post-thumbnail","hentry","category-agenda-svi","category-sin-categorizar"],"acf":[],"yoast_head":"<!-- This site is optimized with the Yoast SEO plugin v26.7 - https:\/\/yoast.com\/wordpress\/plugins\/seo\/ -->\n<title>7 DE MAYO | Start-up Summer Camp Alicante - AVI |\u00a0Ag\u00e8ncia Valenciana de la Innovaci\u00f3<\/title>\n<meta name=\"description\" content=\"El Parque Cient\u00edfico de la UMH, en colaboraci\u00f3n con Impulsa Alicante,\u00a0organiza el\u00a0&quot;Start-up Summer Camp Alicante: 7\u00ba edici\u00f3n del\u00a0Sprint de Creaci\u00f3n de\" \/>\n<meta name=\"robots\" content=\"index, follow, max-snippet:-1, max-image-preview:large, max-video-preview:-1\" \/>\n<link rel=\"canonical\" href=\"https:\/\/innoavi.es\/es\/7-de-mayo-start-up-summer-camp-alicante\/\" \/>\n<meta property=\"og:locale\" content=\"es_ES\" \/>\n<meta property=\"og:type\" content=\"article\" \/>\n<meta property=\"og:title\" content=\"7 DE MAYO | Start-up Summer Camp Alicante - AVI |\u00a0Ag\u00e8ncia Valenciana de la Innovaci\u00f3\" \/>\n<meta property=\"og:description\" content=\"El Parque Cient\u00edfico de la UMH, en colaboraci\u00f3n con Impulsa Alicante,\u00a0organiza el\u00a0&quot;Start-up Summer Camp Alicante: 7\u00ba edici\u00f3n del\u00a0Sprint de Creaci\u00f3n de\" \/>\n<meta property=\"og:url\" content=\"https:\/\/innoavi.es\/es\/7-de-mayo-start-up-summer-camp-alicante\/\" \/>\n<meta property=\"og:site_name\" content=\"AVI |\u00a0Ag\u00e8ncia Valenciana de la Innovaci\u00f3\" \/>\n<meta property=\"article:published_time\" content=\"2019-05-06T07:08:36+00:00\" \/>\n<meta property=\"og:image\" content=\"https:\/\/innoavi.es\/wp-content\/uploads\/2019\/05\/umh_pq.png\" \/>\n\t<meta property=\"og:image:width\" content=\"225\" \/>\n\t<meta property=\"og:image:height\" content=\"225\" \/>\n\t<meta property=\"og:image:type\" content=\"image\/png\" \/>\n<meta name=\"author\" content=\"Ana P\u00e9rez\" \/>\n<meta name=\"twitter:card\" content=\"summary_large_image\" \/>\n<meta name=\"twitter:creator\" content=\"@GVAavi\" \/>\n<meta name=\"twitter:site\" content=\"@GVAavi\" \/>\n<meta name=\"twitter:label1\" content=\"Escrito por\" \/>\n\t<meta name=\"twitter:data1\" content=\"Ana P\u00e9rez\" \/>\n<script type=\"application\/ld+json\" class=\"yoast-schema-graph\">{\"@context\":\"https:\/\/schema.org\",\"@graph\":[{\"@type\":\"Article\",\"@id\":\"https:\/\/innoavi.es\/es\/7-de-mayo-start-up-summer-camp-alicante\/#article\",\"isPartOf\":{\"@id\":\"https:\/\/innoavi.es\/es\/7-de-mayo-start-up-summer-camp-alicante\/\"},\"author\":{\"name\":\"Ana P\u00e9rez\",\"@id\":\"https:\/\/innoavi.es\/es\/#\/schema\/person\/d9b2358bd480aaf67b2e750763e158a5\"},\"headline\":\"7 DE MAYO | Start-up Summer Camp Alicante\",\"datePublished\":\"2019-05-06T07:08:36+00:00\",\"mainEntityOfPage\":{\"@id\":\"https:\/\/innoavi.es\/es\/7-de-mayo-start-up-summer-camp-alicante\/\"},\"wordCount\":102,\"image\":{\"@id\":\"https:\/\/innoavi.es\/es\/7-de-mayo-start-up-summer-camp-alicante\/#primaryimage\"},\"thumbnailUrl\":\"https:\/\/innoavi.es\/wp-content\/uploads\/2019\/05\/umh_pq.png\",\"articleSection\":[\"Agenda SVI\",\"Sin categorizar\"],\"inLanguage\":\"es\"},{\"@type\":\"WebPage\",\"@id\":\"https:\/\/innoavi.es\/es\/7-de-mayo-start-up-summer-camp-alicante\/\",\"url\":\"https:\/\/innoavi.es\/es\/7-de-mayo-start-up-summer-camp-alicante\/\",\"name\":\"7 DE MAYO | Start-up Summer Camp Alicante - AVI |\u00a0Ag\u00e8ncia Valenciana de la Innovaci\u00f3\",\"isPartOf\":{\"@id\":\"https:\/\/innoavi.es\/es\/#website\"},\"primaryImageOfPage\":{\"@id\":\"https:\/\/innoavi.es\/es\/7-de-mayo-start-up-summer-camp-alicante\/#primaryimage\"},\"image\":{\"@id\":\"https:\/\/innoavi.es\/es\/7-de-mayo-start-up-summer-camp-alicante\/#primaryimage\"},\"thumbnailUrl\":\"https:\/\/innoavi.es\/wp-content\/uploads\/2019\/05\/umh_pq.png\",\"datePublished\":\"2019-05-06T07:08:36+00:00\",\"author\":{\"@id\":\"https:\/\/innoavi.es\/es\/#\/schema\/person\/d9b2358bd480aaf67b2e750763e158a5\"},\"description\":\"El Parque Cient\u00edfico de la UMH, en colaboraci\u00f3n con Impulsa Alicante,\u00a0organiza el\u00a0\\\"Start-up Summer Camp Alicante: 7\u00ba edici\u00f3n del\u00a0Sprint de Creaci\u00f3n de\",\"breadcrumb\":{\"@id\":\"https:\/\/innoavi.es\/es\/7-de-mayo-start-up-summer-camp-alicante\/#breadcrumb\"},\"inLanguage\":\"es\",\"potentialAction\":[{\"@type\":\"ReadAction\",\"target\":[\"https:\/\/innoavi.es\/es\/7-de-mayo-start-up-summer-camp-alicante\/\"]}]},{\"@type\":\"ImageObject\",\"inLanguage\":\"es\",\"@id\":\"https:\/\/innoavi.es\/es\/7-de-mayo-start-up-summer-camp-alicante\/#primaryimage\",\"url\":\"https:\/\/innoavi.es\/wp-content\/uploads\/2019\/05\/umh_pq.png\",\"contentUrl\":\"https:\/\/innoavi.es\/wp-content\/uploads\/2019\/05\/umh_pq.png\",\"width\":225,\"height\":225},{\"@type\":\"BreadcrumbList\",\"@id\":\"https:\/\/innoavi.es\/es\/7-de-mayo-start-up-summer-camp-alicante\/#breadcrumb\",\"itemListElement\":[{\"@type\":\"ListItem\",\"position\":1,\"name\":\"Portada\",\"item\":\"https:\/\/innoavi.es\/es\/\"},{\"@type\":\"ListItem\",\"position\":2,\"name\":\"7 DE MAYO | Start-up Summer Camp Alicante\"}]},{\"@type\":\"WebSite\",\"@id\":\"https:\/\/innoavi.es\/es\/#website\",\"url\":\"https:\/\/innoavi.es\/es\/\",\"name\":\"AVI |\u00a0Ag\u00e8ncia Valenciana de la Innovaci\u00f3\",\"description\":\"P\u00e0gina web oficial de l&#039;AVI\",\"potentialAction\":[{\"@type\":\"SearchAction\",\"target\":{\"@type\":\"EntryPoint\",\"urlTemplate\":\"https:\/\/innoavi.es\/es\/?s={search_term_string}\"},\"query-input\":{\"@type\":\"PropertyValueSpecification\",\"valueRequired\":true,\"valueName\":\"search_term_string\"}}],\"inLanguage\":\"es\"},{\"@type\":\"Person\",\"@id\":\"https:\/\/innoavi.es\/es\/#\/schema\/person\/d9b2358bd480aaf67b2e750763e158a5\",\"name\":\"Ana P\u00e9rez\"}]}<\/script>\n<!-- \/ Yoast SEO plugin. -->","yoast_head_json":{"title":"7 DE MAYO | Start-up Summer Camp Alicante - AVI |\u00a0Ag\u00e8ncia Valenciana de la Innovaci\u00f3","description":"El Parque Cient\u00edfico de la UMH, en colaboraci\u00f3n con Impulsa Alicante,\u00a0organiza el\u00a0\"Start-up Summer Camp Alicante: 7\u00ba edici\u00f3n del\u00a0Sprint de Creaci\u00f3n de","robots":{"index":"index","follow":"follow","max-snippet":"max-snippet:-1","max-image-preview":"max-image-preview:large","max-video-preview":"max-video-preview:-1"},"canonical":"https:\/\/innoavi.es\/es\/7-de-mayo-start-up-summer-camp-alicante\/","og_locale":"es_ES","og_type":"article","og_title":"7 DE MAYO | Start-up Summer Camp Alicante - AVI |\u00a0Ag\u00e8ncia Valenciana de la Innovaci\u00f3","og_description":"El Parque Cient\u00edfico de la UMH, en colaboraci\u00f3n con Impulsa Alicante,\u00a0organiza el\u00a0\"Start-up Summer Camp Alicante: 7\u00ba edici\u00f3n del\u00a0Sprint de Creaci\u00f3n de","og_url":"https:\/\/innoavi.es\/es\/7-de-mayo-start-up-summer-camp-alicante\/","og_site_name":"AVI |\u00a0Ag\u00e8ncia Valenciana de la Innovaci\u00f3","article_published_time":"2019-05-06T07:08:36+00:00","og_image":[{"width":225,"height":225,"url":"https:\/\/innoavi.es\/wp-content\/uploads\/2019\/05\/umh_pq.png","type":"image\/png"}],"author":"Ana P\u00e9rez","twitter_card":"summary_large_image","twitter_creator":"@GVAavi","twitter_site":"@GVAavi","twitter_misc":{"Escrito por":"Ana P\u00e9rez"},"schema":{"@context":"https:\/\/schema.org","@graph":[{"@type":"Article","@id":"https:\/\/innoavi.es\/es\/7-de-mayo-start-up-summer-camp-alicante\/#article","isPartOf":{"@id":"https:\/\/innoavi.es\/es\/7-de-mayo-start-up-summer-camp-alicante\/"},"author":{"name":"Ana P\u00e9rez","@id":"https:\/\/innoavi.es\/es\/#\/schema\/person\/d9b2358bd480aaf67b2e750763e158a5"},"headline":"7 DE MAYO | Start-up Summer Camp Alicante","datePublished":"2019-05-06T07:08:36+00:00","mainEntityOfPage":{"@id":"https:\/\/innoavi.es\/es\/7-de-mayo-start-up-summer-camp-alicante\/"},"wordCount":102,"image":{"@id":"https:\/\/innoavi.es\/es\/7-de-mayo-start-up-summer-camp-alicante\/#primaryimage"},"thumbnailUrl":"https:\/\/innoavi.es\/wp-content\/uploads\/2019\/05\/umh_pq.png","articleSection":["Agenda SVI","Sin categorizar"],"inLanguage":"es"},{"@type":"WebPage","@id":"https:\/\/innoavi.es\/es\/7-de-mayo-start-up-summer-camp-alicante\/","url":"https:\/\/innoavi.es\/es\/7-de-mayo-start-up-summer-camp-alicante\/","name":"7 DE MAYO | Start-up Summer Camp Alicante - AVI |\u00a0Ag\u00e8ncia Valenciana de la Innovaci\u00f3","isPartOf":{"@id":"https:\/\/innoavi.es\/es\/#website"},"primaryImageOfPage":{"@id":"https:\/\/innoavi.es\/es\/7-de-mayo-start-up-summer-camp-alicante\/#primaryimage"},"image":{"@id":"https:\/\/innoavi.es\/es\/7-de-mayo-start-up-summer-camp-alicante\/#primaryimage"},"thumbnailUrl":"https:\/\/innoavi.es\/wp-content\/uploads\/2019\/05\/umh_pq.png","datePublished":"2019-05-06T07:08:36+00:00","author":{"@id":"https:\/\/innoavi.es\/es\/#\/schema\/person\/d9b2358bd480aaf67b2e750763e158a5"},"description":"El Parque Cient\u00edfico de la UMH, en colaboraci\u00f3n con Impulsa Alicante,\u00a0organiza el\u00a0\"Start-up Summer Camp Alicante: 7\u00ba edici\u00f3n del\u00a0Sprint de Creaci\u00f3n de","breadcrumb":{"@id":"https:\/\/innoavi.es\/es\/7-de-mayo-start-up-summer-camp-alicante\/#breadcrumb"},"inLanguage":"es","potentialAction":[{"@type":"ReadAction","target":["https:\/\/innoavi.es\/es\/7-de-mayo-start-up-summer-camp-alicante\/"]}]},{"@type":"ImageObject","inLanguage":"es","@id":"https:\/\/innoavi.es\/es\/7-de-mayo-start-up-summer-camp-alicante\/#primaryimage","url":"https:\/\/innoavi.es\/wp-content\/uploads\/2019\/05\/umh_pq.png","contentUrl":"https:\/\/innoavi.es\/wp-content\/uploads\/2019\/05\/umh_pq.png","width":225,"height":225},{"@type":"BreadcrumbList","@id":"https:\/\/innoavi.es\/es\/7-de-mayo-start-up-summer-camp-alicante\/#breadcrumb","itemListElement":[{"@type":"ListItem","position":1,"name":"Portada","item":"https:\/\/innoavi.es\/es\/"},{"@type":"ListItem","position":2,"name":"7 DE MAYO | Start-up Summer Camp Alicante"}]},{"@type":"WebSite","@id":"https:\/\/innoavi.es\/es\/#website","url":"https:\/\/innoavi.es\/es\/","name":"AVI |\u00a0Ag\u00e8ncia Valenciana de la Innovaci\u00f3","description":"P\u00e0gina web oficial de l&#039;AVI","potentialAction":[{"@type":"SearchAction","target":{"@type":"EntryPoint","urlTemplate":"https:\/\/innoavi.es\/es\/?s={search_term_string}"},"query-input":{"@type":"PropertyValueSpecification","valueRequired":true,"valueName":"search_term_string"}}],"inLanguage":"es"},{"@type":"Person","@id":"https:\/\/innoavi.es\/es\/#\/schema\/person\/d9b2358bd480aaf67b2e750763e158a5","name":"Ana P\u00e9rez"}]}},"_links":{"self":[{"href":"https:\/\/innoavi.es\/es\/wp-json\/wp\/v2\/posts\/9732","targetHints":{"allow":["GET"]}}],"collection":[{"href":"https:\/\/innoavi.es\/es\/wp-json\/wp\/v2\/posts"}],"about":[{"href":"https:\/\/innoavi.es\/es\/wp-json\/wp\/v2\/types\/post"}],"author":[{"embeddable":true,"href":"https:\/\/innoavi.es\/es\/wp-json\/wp\/v2\/users\/10"}],"replies":[{"embeddable":true,"href":"https:\/\/innoavi.es\/es\/wp-json\/wp\/v2\/comments?post=9732"}],"version-history":[{"count":3,"href":"https:\/\/innoavi.es\/es\/wp-json\/wp\/v2\/posts\/9732\/revisions"}],"predecessor-version":[{"id":9739,"href":"https:\/\/innoavi.es\/es\/wp-json\/wp\/v2\/posts\/9732\/revisions\/9739"}],"wp:featuredmedia":[{"embeddable":true,"href":"https:\/\/innoavi.es\/es\/wp-json\/wp\/v2\/media\/9735"}],"wp:attachment":[{"href":"https:\/\/innoavi.es\/es\/wp-json\/wp\/v2\/media?parent=9732"}],"wp:term":[{"taxonomy":"category","embeddable":true,"href":"https:\/\/innoavi.es\/es\/wp-json\/wp\/v2\/categories?post=9732"},{"taxonomy":"post_tag","embeddable":true,"href":"https:\/\/innoavi.es\/es\/wp-json\/wp\/v2\/tags?post=9732"}],"curies":[{"name":"wp","href":"https:\/\/api.w.org\/{rel}","templated":true}]}}