{"id":9645,"date":"2019-04-23T16:35:32","date_gmt":"2019-04-23T14:35:32","guid":{"rendered":"http:\/\/innoavi.es\/es\/?p=9645"},"modified":"2019-04-25T16:35:57","modified_gmt":"2019-04-25T14:35:57","slug":"24-de-abril-modelo-de-gestion-de-areas-industriales-inteligentes","status":"publish","type":"post","link":"https:\/\/innoavi.es\/es\/24-de-abril-modelo-de-gestion-de-areas-industriales-inteligentes\/","title":{"rendered":"24 DE ABRIL | Modelo de gesti\u00f3n de \u00e1reas industriales inteligentes."},"content":{"rendered":"<img loading=\"lazy\" decoding=\"async\" class=\"wp-image-9647 alignleft\" src=\"http:\/\/innoavi.es\/wp-content\/uploads\/2019\/04\/\u00e1reas-industriales_FEMPA_gr-442x600.png\" alt=\"\" width=\"492\" height=\"667\" srcset=\"https:\/\/innoavi.es\/wp-content\/uploads\/2019\/04\/\u00e1reas-industriales_FEMPA_gr-442x600.png 442w, https:\/\/innoavi.es\/wp-content\/uploads\/2019\/04\/\u00e1reas-industriales_FEMPA_gr-405x550.png 405w, https:\/\/innoavi.es\/wp-content\/uploads\/2019\/04\/\u00e1reas-industriales_FEMPA_gr.png 594w\" sizes=\"auto, (max-width: 492px) 100vw, 492px\" \/>La Federaci\u00f3n de Empresarios del Metal de la provincia de Alicante\u00a0(FEMPA) y la Federaci\u00f3n de Pol\u00edgonos Empresariales de la Comunidad Valenciana (FEPEVAL) organizan esta jornada de di\u00e1logos tecnol\u00f3gicos sobre el \u00abModelo de gesti\u00f3n de \u00e1reas industriales inteligentes\u00bb, en la que el Vicepresidente Ejecutivo de la Ag\u00e8ncia Valenciana de la Innovaci\u00f3 (AVI), el profesor Andr\u00e9s Garc\u00eda Reche, expondr\u00e1\u00a0los retos de las \u00c1reas Industriales de la Comunitat Valenciana y las capacidades cient\u00edfico-t\u00e9cnicas del sistema valenciano de innovaci\u00f3n.<br \/><br \/><br \/><strong>11.00 horas<\/strong>. FEMPA<br \/>P.I. Agua Amarga.\u00a0C\/ Benij\u00f3far 4-6<br \/>Alicante","protected":false},"excerpt":{"rendered":"<p>La Federaci\u00f3n de Empresarios del Metal de la provincia de Alicante\u00a0(FEMPA) y la Federaci\u00f3n de Pol\u00edgonos Empresariales de la Comunidad Valenciana (FEPEVAL) organizan esta jornada de di\u00e1logos tecnol\u00f3gicos sobre el \u00abModelo de gesti\u00f3n de \u00e1reas industriales inteligentes\u00bb, en la que el Vicepresidente Ejecutivo de la Ag\u00e8ncia Valenciana de la Innovaci\u00f3 (AVI), el profesor Andr\u00e9s Garc\u00eda Reche, expondr\u00e1\u00a0los retos de las \u00c1reas Industriales de la Comunitat Valenciana y las capacidades cient\u00edfico-t\u00e9cnicas del sistema valenciano de innovaci\u00f3n.11.00 horas. FEMPAP.I. Agua Amarga.\u00a0C\/ Benij\u00f3far 4-6Alicante<\/p>\n","protected":false},"author":10,"featured_media":9649,"comment_status":"closed","ping_status":"open","sticky":false,"template":"","format":"standard","meta":{"_acf_changed":false,"footnotes":""},"categories":[197,198,205],"tags":[],"class_list":["post-9645","post","type-post","status-publish","format-standard","has-post-thumbnail","hentry","category-agenda-avi","category-agenda-svi","category-sin-categorizar"],"acf":[],"yoast_head":"<!-- This site is optimized with the Yoast SEO plugin v26.7 - https:\/\/yoast.com\/wordpress\/plugins\/seo\/ -->\n<title>24 DE ABRIL | Modelo de gesti\u00f3n de \u00e1reas industriales inteligentes. - AVI |\u00a0Ag\u00e8ncia Valenciana de la Innovaci\u00f3<\/title>\n<meta name=\"description\" content=\"La Federaci\u00f3n de Empresarios del Metal de la provincia de Alicante\u00a0(FEMPA) y la Federaci\u00f3n de Pol\u00edgonos Empresariales de la Comunidad Valenciana (FEPEVAL)\" \/>\n<meta name=\"robots\" content=\"index, follow, max-snippet:-1, max-image-preview:large, max-video-preview:-1\" \/>\n<link rel=\"canonical\" href=\"https:\/\/innoavi.es\/es\/24-de-abril-modelo-de-gestion-de-areas-industriales-inteligentes\/\" \/>\n<meta property=\"og:locale\" content=\"es_ES\" \/>\n<meta property=\"og:type\" content=\"article\" \/>\n<meta property=\"og:title\" content=\"24 DE ABRIL | Modelo de gesti\u00f3n de \u00e1reas industriales inteligentes. - AVI |\u00a0Ag\u00e8ncia Valenciana de la Innovaci\u00f3\" \/>\n<meta property=\"og:description\" content=\"La Federaci\u00f3n de Empresarios del Metal de la provincia de Alicante\u00a0(FEMPA) y la Federaci\u00f3n de Pol\u00edgonos Empresariales de la Comunidad Valenciana (FEPEVAL)\" \/>\n<meta property=\"og:url\" content=\"https:\/\/innoavi.es\/es\/24-de-abril-modelo-de-gestion-de-areas-industriales-inteligentes\/\" \/>\n<meta property=\"og:site_name\" content=\"AVI |\u00a0Ag\u00e8ncia Valenciana de la Innovaci\u00f3\" \/>\n<meta property=\"article:published_time\" content=\"2019-04-23T14:35:32+00:00\" \/>\n<meta property=\"article:modified_time\" content=\"2019-04-25T14:35:57+00:00\" \/>\n<meta property=\"og:image\" content=\"https:\/\/innoavi.es\/wp-content\/uploads\/2019\/04\/logo_fempa_pq.jpg\" \/>\n\t<meta property=\"og:image:width\" content=\"225\" \/>\n\t<meta property=\"og:image:height\" content=\"225\" \/>\n\t<meta property=\"og:image:type\" content=\"image\/jpeg\" \/>\n<meta name=\"author\" content=\"Ana P\u00e9rez\" \/>\n<meta name=\"twitter:card\" content=\"summary_large_image\" \/>\n<meta name=\"twitter:creator\" content=\"@GVAavi\" \/>\n<meta name=\"twitter:site\" content=\"@GVAavi\" \/>\n<meta name=\"twitter:label1\" content=\"Escrito por\" \/>\n\t<meta name=\"twitter:data1\" content=\"Ana P\u00e9rez\" \/>\n<script type=\"application\/ld+json\" class=\"yoast-schema-graph\">{\"@context\":\"https:\/\/schema.org\",\"@graph\":[{\"@type\":\"Article\",\"@id\":\"https:\/\/innoavi.es\/es\/24-de-abril-modelo-de-gestion-de-areas-industriales-inteligentes\/#article\",\"isPartOf\":{\"@id\":\"https:\/\/innoavi.es\/es\/24-de-abril-modelo-de-gestion-de-areas-industriales-inteligentes\/\"},\"author\":{\"name\":\"Ana P\u00e9rez\",\"@id\":\"https:\/\/innoavi.es\/es\/#\/schema\/person\/d9b2358bd480aaf67b2e750763e158a5\"},\"headline\":\"24 DE ABRIL | Modelo de gesti\u00f3n de \u00e1reas industriales inteligentes.\",\"datePublished\":\"2019-04-23T14:35:32+00:00\",\"dateModified\":\"2019-04-25T14:35:57+00:00\",\"mainEntityOfPage\":{\"@id\":\"https:\/\/innoavi.es\/es\/24-de-abril-modelo-de-gestion-de-areas-industriales-inteligentes\/\"},\"wordCount\":109,\"image\":{\"@id\":\"https:\/\/innoavi.es\/es\/24-de-abril-modelo-de-gestion-de-areas-industriales-inteligentes\/#primaryimage\"},\"thumbnailUrl\":\"https:\/\/innoavi.es\/wp-content\/uploads\/2019\/04\/logo_fempa_pq.jpg\",\"articleSection\":[\"Agenda AVI\",\"Agenda SVI\",\"Sin categorizar\"],\"inLanguage\":\"es\"},{\"@type\":\"WebPage\",\"@id\":\"https:\/\/innoavi.es\/es\/24-de-abril-modelo-de-gestion-de-areas-industriales-inteligentes\/\",\"url\":\"https:\/\/innoavi.es\/es\/24-de-abril-modelo-de-gestion-de-areas-industriales-inteligentes\/\",\"name\":\"24 DE ABRIL | Modelo de gesti\u00f3n de \u00e1reas industriales inteligentes. - AVI |\u00a0Ag\u00e8ncia Valenciana de la Innovaci\u00f3\",\"isPartOf\":{\"@id\":\"https:\/\/innoavi.es\/es\/#website\"},\"primaryImageOfPage\":{\"@id\":\"https:\/\/innoavi.es\/es\/24-de-abril-modelo-de-gestion-de-areas-industriales-inteligentes\/#primaryimage\"},\"image\":{\"@id\":\"https:\/\/innoavi.es\/es\/24-de-abril-modelo-de-gestion-de-areas-industriales-inteligentes\/#primaryimage\"},\"thumbnailUrl\":\"https:\/\/innoavi.es\/wp-content\/uploads\/2019\/04\/logo_fempa_pq.jpg\",\"datePublished\":\"2019-04-23T14:35:32+00:00\",\"dateModified\":\"2019-04-25T14:35:57+00:00\",\"author\":{\"@id\":\"https:\/\/innoavi.es\/es\/#\/schema\/person\/d9b2358bd480aaf67b2e750763e158a5\"},\"description\":\"La Federaci\u00f3n de Empresarios del Metal de la provincia de Alicante\u00a0(FEMPA) y la Federaci\u00f3n de Pol\u00edgonos Empresariales de la Comunidad Valenciana (FEPEVAL)\",\"breadcrumb\":{\"@id\":\"https:\/\/innoavi.es\/es\/24-de-abril-modelo-de-gestion-de-areas-industriales-inteligentes\/#breadcrumb\"},\"inLanguage\":\"es\",\"potentialAction\":[{\"@type\":\"ReadAction\",\"target\":[\"https:\/\/innoavi.es\/es\/24-de-abril-modelo-de-gestion-de-areas-industriales-inteligentes\/\"]}]},{\"@type\":\"ImageObject\",\"inLanguage\":\"es\",\"@id\":\"https:\/\/innoavi.es\/es\/24-de-abril-modelo-de-gestion-de-areas-industriales-inteligentes\/#primaryimage\",\"url\":\"https:\/\/innoavi.es\/wp-content\/uploads\/2019\/04\/logo_fempa_pq.jpg\",\"contentUrl\":\"https:\/\/innoavi.es\/wp-content\/uploads\/2019\/04\/logo_fempa_pq.jpg\",\"width\":225,\"height\":225},{\"@type\":\"BreadcrumbList\",\"@id\":\"https:\/\/innoavi.es\/es\/24-de-abril-modelo-de-gestion-de-areas-industriales-inteligentes\/#breadcrumb\",\"itemListElement\":[{\"@type\":\"ListItem\",\"position\":1,\"name\":\"Portada\",\"item\":\"https:\/\/innoavi.es\/es\/\"},{\"@type\":\"ListItem\",\"position\":2,\"name\":\"24 DE ABRIL | Modelo de gesti\u00f3n de \u00e1reas industriales inteligentes.\"}]},{\"@type\":\"WebSite\",\"@id\":\"https:\/\/innoavi.es\/es\/#website\",\"url\":\"https:\/\/innoavi.es\/es\/\",\"name\":\"AVI |\u00a0Ag\u00e8ncia Valenciana de la Innovaci\u00f3\",\"description\":\"P\u00e0gina web oficial de l&#039;AVI\",\"potentialAction\":[{\"@type\":\"SearchAction\",\"target\":{\"@type\":\"EntryPoint\",\"urlTemplate\":\"https:\/\/innoavi.es\/es\/?s={search_term_string}\"},\"query-input\":{\"@type\":\"PropertyValueSpecification\",\"valueRequired\":true,\"valueName\":\"search_term_string\"}}],\"inLanguage\":\"es\"},{\"@type\":\"Person\",\"@id\":\"https:\/\/innoavi.es\/es\/#\/schema\/person\/d9b2358bd480aaf67b2e750763e158a5\",\"name\":\"Ana P\u00e9rez\"}]}<\/script>\n<!-- \/ Yoast SEO plugin. -->","yoast_head_json":{"title":"24 DE ABRIL | Modelo de gesti\u00f3n de \u00e1reas industriales inteligentes. - AVI |\u00a0Ag\u00e8ncia Valenciana de la Innovaci\u00f3","description":"La Federaci\u00f3n de Empresarios del Metal de la provincia de Alicante\u00a0(FEMPA) y la Federaci\u00f3n de Pol\u00edgonos Empresariales de la Comunidad Valenciana (FEPEVAL)","robots":{"index":"index","follow":"follow","max-snippet":"max-snippet:-1","max-image-preview":"max-image-preview:large","max-video-preview":"max-video-preview:-1"},"canonical":"https:\/\/innoavi.es\/es\/24-de-abril-modelo-de-gestion-de-areas-industriales-inteligentes\/","og_locale":"es_ES","og_type":"article","og_title":"24 DE ABRIL | Modelo de gesti\u00f3n de \u00e1reas industriales inteligentes. - AVI |\u00a0Ag\u00e8ncia Valenciana de la Innovaci\u00f3","og_description":"La Federaci\u00f3n de Empresarios del Metal de la provincia de Alicante\u00a0(FEMPA) y la Federaci\u00f3n de Pol\u00edgonos Empresariales de la Comunidad Valenciana (FEPEVAL)","og_url":"https:\/\/innoavi.es\/es\/24-de-abril-modelo-de-gestion-de-areas-industriales-inteligentes\/","og_site_name":"AVI |\u00a0Ag\u00e8ncia Valenciana de la Innovaci\u00f3","article_published_time":"2019-04-23T14:35:32+00:00","article_modified_time":"2019-04-25T14:35:57+00:00","og_image":[{"width":225,"height":225,"url":"https:\/\/innoavi.es\/wp-content\/uploads\/2019\/04\/logo_fempa_pq.jpg","type":"image\/jpeg"}],"author":"Ana P\u00e9rez","twitter_card":"summary_large_image","twitter_creator":"@GVAavi","twitter_site":"@GVAavi","twitter_misc":{"Escrito por":"Ana P\u00e9rez"},"schema":{"@context":"https:\/\/schema.org","@graph":[{"@type":"Article","@id":"https:\/\/innoavi.es\/es\/24-de-abril-modelo-de-gestion-de-areas-industriales-inteligentes\/#article","isPartOf":{"@id":"https:\/\/innoavi.es\/es\/24-de-abril-modelo-de-gestion-de-areas-industriales-inteligentes\/"},"author":{"name":"Ana P\u00e9rez","@id":"https:\/\/innoavi.es\/es\/#\/schema\/person\/d9b2358bd480aaf67b2e750763e158a5"},"headline":"24 DE ABRIL | Modelo de gesti\u00f3n de \u00e1reas industriales inteligentes.","datePublished":"2019-04-23T14:35:32+00:00","dateModified":"2019-04-25T14:35:57+00:00","mainEntityOfPage":{"@id":"https:\/\/innoavi.es\/es\/24-de-abril-modelo-de-gestion-de-areas-industriales-inteligentes\/"},"wordCount":109,"image":{"@id":"https:\/\/innoavi.es\/es\/24-de-abril-modelo-de-gestion-de-areas-industriales-inteligentes\/#primaryimage"},"thumbnailUrl":"https:\/\/innoavi.es\/wp-content\/uploads\/2019\/04\/logo_fempa_pq.jpg","articleSection":["Agenda AVI","Agenda SVI","Sin categorizar"],"inLanguage":"es"},{"@type":"WebPage","@id":"https:\/\/innoavi.es\/es\/24-de-abril-modelo-de-gestion-de-areas-industriales-inteligentes\/","url":"https:\/\/innoavi.es\/es\/24-de-abril-modelo-de-gestion-de-areas-industriales-inteligentes\/","name":"24 DE ABRIL | Modelo de gesti\u00f3n de \u00e1reas industriales inteligentes. - AVI |\u00a0Ag\u00e8ncia Valenciana de la Innovaci\u00f3","isPartOf":{"@id":"https:\/\/innoavi.es\/es\/#website"},"primaryImageOfPage":{"@id":"https:\/\/innoavi.es\/es\/24-de-abril-modelo-de-gestion-de-areas-industriales-inteligentes\/#primaryimage"},"image":{"@id":"https:\/\/innoavi.es\/es\/24-de-abril-modelo-de-gestion-de-areas-industriales-inteligentes\/#primaryimage"},"thumbnailUrl":"https:\/\/innoavi.es\/wp-content\/uploads\/2019\/04\/logo_fempa_pq.jpg","datePublished":"2019-04-23T14:35:32+00:00","dateModified":"2019-04-25T14:35:57+00:00","author":{"@id":"https:\/\/innoavi.es\/es\/#\/schema\/person\/d9b2358bd480aaf67b2e750763e158a5"},"description":"La Federaci\u00f3n de Empresarios del Metal de la provincia de Alicante\u00a0(FEMPA) y la Federaci\u00f3n de Pol\u00edgonos Empresariales de la Comunidad Valenciana (FEPEVAL)","breadcrumb":{"@id":"https:\/\/innoavi.es\/es\/24-de-abril-modelo-de-gestion-de-areas-industriales-inteligentes\/#breadcrumb"},"inLanguage":"es","potentialAction":[{"@type":"ReadAction","target":["https:\/\/innoavi.es\/es\/24-de-abril-modelo-de-gestion-de-areas-industriales-inteligentes\/"]}]},{"@type":"ImageObject","inLanguage":"es","@id":"https:\/\/innoavi.es\/es\/24-de-abril-modelo-de-gestion-de-areas-industriales-inteligentes\/#primaryimage","url":"https:\/\/innoavi.es\/wp-content\/uploads\/2019\/04\/logo_fempa_pq.jpg","contentUrl":"https:\/\/innoavi.es\/wp-content\/uploads\/2019\/04\/logo_fempa_pq.jpg","width":225,"height":225},{"@type":"BreadcrumbList","@id":"https:\/\/innoavi.es\/es\/24-de-abril-modelo-de-gestion-de-areas-industriales-inteligentes\/#breadcrumb","itemListElement":[{"@type":"ListItem","position":1,"name":"Portada","item":"https:\/\/innoavi.es\/es\/"},{"@type":"ListItem","position":2,"name":"24 DE ABRIL | Modelo de gesti\u00f3n de \u00e1reas industriales inteligentes."}]},{"@type":"WebSite","@id":"https:\/\/innoavi.es\/es\/#website","url":"https:\/\/innoavi.es\/es\/","name":"AVI |\u00a0Ag\u00e8ncia Valenciana de la Innovaci\u00f3","description":"P\u00e0gina web oficial de l&#039;AVI","potentialAction":[{"@type":"SearchAction","target":{"@type":"EntryPoint","urlTemplate":"https:\/\/innoavi.es\/es\/?s={search_term_string}"},"query-input":{"@type":"PropertyValueSpecification","valueRequired":true,"valueName":"search_term_string"}}],"inLanguage":"es"},{"@type":"Person","@id":"https:\/\/innoavi.es\/es\/#\/schema\/person\/d9b2358bd480aaf67b2e750763e158a5","name":"Ana P\u00e9rez"}]}},"_links":{"self":[{"href":"https:\/\/innoavi.es\/es\/wp-json\/wp\/v2\/posts\/9645","targetHints":{"allow":["GET"]}}],"collection":[{"href":"https:\/\/innoavi.es\/es\/wp-json\/wp\/v2\/posts"}],"about":[{"href":"https:\/\/innoavi.es\/es\/wp-json\/wp\/v2\/types\/post"}],"author":[{"embeddable":true,"href":"https:\/\/innoavi.es\/es\/wp-json\/wp\/v2\/users\/10"}],"replies":[{"embeddable":true,"href":"https:\/\/innoavi.es\/es\/wp-json\/wp\/v2\/comments?post=9645"}],"version-history":[{"count":2,"href":"https:\/\/innoavi.es\/es\/wp-json\/wp\/v2\/posts\/9645\/revisions"}],"predecessor-version":[{"id":9650,"href":"https:\/\/innoavi.es\/es\/wp-json\/wp\/v2\/posts\/9645\/revisions\/9650"}],"wp:featuredmedia":[{"embeddable":true,"href":"https:\/\/innoavi.es\/es\/wp-json\/wp\/v2\/media\/9649"}],"wp:attachment":[{"href":"https:\/\/innoavi.es\/es\/wp-json\/wp\/v2\/media?parent=9645"}],"wp:term":[{"taxonomy":"category","embeddable":true,"href":"https:\/\/innoavi.es\/es\/wp-json\/wp\/v2\/categories?post=9645"},{"taxonomy":"post_tag","embeddable":true,"href":"https:\/\/innoavi.es\/es\/wp-json\/wp\/v2\/tags?post=9645"}],"curies":[{"name":"wp","href":"https:\/\/api.w.org\/{rel}","templated":true}]}}