{"id":9485,"date":"2019-04-09T12:30:24","date_gmt":"2019-04-09T10:30:24","guid":{"rendered":"http:\/\/innoavi.es\/es\/?p=9485"},"modified":"2019-04-11T17:20:11","modified_gmt":"2019-04-11T15:20:11","slug":"8-12-de-abril-semana-informatica-2019","status":"publish","type":"post","link":"https:\/\/innoavi.es\/es\/8-12-de-abril-semana-informatica-2019\/","title":{"rendered":"8-12  DE ABRIL | Semana Inform\u00e1tica 2019"},"content":{"rendered":"<img loading=\"lazy\" decoding=\"async\" class=\"alignnone  wp-image-9488\" src=\"http:\/\/innoavi.es\/wp-content\/uploads\/2019\/04\/COIICV_gr-600x192.jpg\" alt=\"\" width=\"502\" height=\"161\" srcset=\"https:\/\/innoavi.es\/wp-content\/uploads\/2019\/04\/COIICV_gr-600x192.jpg 600w, https:\/\/innoavi.es\/wp-content\/uploads\/2019\/04\/COIICV_gr-768x245.jpg 768w, https:\/\/innoavi.es\/wp-content\/uploads\/2019\/04\/COIICV_gr-1024x327.jpg 1024w, https:\/\/innoavi.es\/wp-content\/uploads\/2019\/04\/COIICV_gr-1180x377.jpg 1180w, https:\/\/innoavi.es\/wp-content\/uploads\/2019\/04\/COIICV_gr.jpg 1920w\" sizes=\"auto, (max-width: 502px) 100vw, 502px\" \/><br \/>Las ciudades de Alicante y Valencia celebran durante estos d\u00edas la\u00a0<span style=\"font-family: inherit;\"><span style=\"font-family: inherit;\">XIV edici\u00f3n de Semana Inform\u00e1tica de la Comunitat Valenciana,\u00a0evento de referencia del sector de las tecnolog\u00edas de la informaci\u00f3n en la Comunitat Valenciana y como punto de encuentro para profesionales, organizaciones sectoriales, empresas y administraciones. En la jornada de empresas que se celebra el mi\u00e9rcoles 10 en Alicante, la Ag\u00e8ncia Valenciana de la Innovaci\u00f3 (AVI) participa, a trav\u00e9s del Subdirector General de Programas de Innovaci\u00f3n, Roberto Arnau, en una mesa redonda en la que se informar\u00e1 a las mismas sobre los programas e incentivos p\u00fablicos disponibles para innnovar, transferir I+D y digitalizar las compa\u00f1\u00edas.<br \/><br \/><a href=\"https:\/\/semanainformatica.com\/\">Acceso a toda la informaci\u00f3n<\/a><br \/><\/span><\/span><div class=\"body-innerwrapper\"><section id=\"sp-main-body\"><div class=\"container\"><div class=\"row\"><div id=\"sp-component\" class=\"col-sm-12 col-md-12\"><div class=\"sp-column \"><div id=\"akeeba-renderjoomla\"><div id=\"sp-com-eventum\" class=\"sp-com-eventum sp-eventum-view-schedules\"><div class=\"eventum-schedules layout-tabbed\"><div class=\"tab-content\"><div id=\"event-scehdule-2\" class=\"tab-pane fade active in\" role=\"tabpanel\"><div class=\"table-responsive\">\u00a0<\/div><\/div><\/div><\/div><\/div><\/div><\/div><\/div><\/div><\/div><\/section><\/div>","protected":false},"excerpt":{"rendered":"<p>Las ciudades de Alicante y Valencia celebran durante estos d\u00edas la\u00a0XIV edici\u00f3n de Semana Inform\u00e1tica de la Comunitat Valenciana,\u00a0evento de referencia del sector de las tecnolog\u00edas de la informaci\u00f3n en la Comunitat Valenciana y como punto de encuentro para profesionales, organizaciones sectoriales, empresas y administraciones. En la jornada de empresas que se celebra el mi\u00e9rcoles 10 en Alicante, la Ag\u00e8ncia Valenciana de la Innovaci\u00f3 (AVI) participa, a trav\u00e9s del Subdirector General de Programas de Innovaci\u00f3n, Roberto Arnau, en una mesa redonda en la que se informar\u00e1 a las mismas sobre<a class=\"more-link\" href=\"https:\/\/innoavi.es\/es\/8-12-de-abril-semana-informatica-2019\/\">SEE DETAILS <span class=\"more-link-image\"><\/span><span class=\"more-link-hover-image\"><\/span><\/a><\/p>\n","protected":false},"author":10,"featured_media":9487,"comment_status":"closed","ping_status":"open","sticky":false,"template":"","format":"standard","meta":{"_acf_changed":false,"footnotes":""},"categories":[197,198,205],"tags":[],"class_list":["post-9485","post","type-post","status-publish","format-standard","has-post-thumbnail","hentry","category-agenda-avi","category-agenda-svi","category-sin-categorizar"],"acf":[],"yoast_head":"<!-- This site is optimized with the Yoast SEO plugin v26.7 - https:\/\/yoast.com\/wordpress\/plugins\/seo\/ -->\n<title>8-12 DE ABRIL | Semana Inform\u00e1tica 2019 - AVI |\u00a0Ag\u00e8ncia Valenciana de la Innovaci\u00f3<\/title>\n<meta name=\"description\" content=\"Las ciudades de Alicante y Valencia celebran durante estos d\u00edas la\u00a0XIV edici\u00f3n de Semana Inform\u00e1tica de la Comunitat Valenciana,\u00a0evento de referencia del\" \/>\n<meta name=\"robots\" content=\"index, follow, max-snippet:-1, max-image-preview:large, max-video-preview:-1\" \/>\n<link rel=\"canonical\" href=\"https:\/\/innoavi.es\/es\/8-12-de-abril-semana-informatica-2019\/\" \/>\n<meta property=\"og:locale\" content=\"es_ES\" \/>\n<meta property=\"og:type\" content=\"article\" \/>\n<meta property=\"og:title\" content=\"8-12 DE ABRIL | Semana Inform\u00e1tica 2019 - AVI |\u00a0Ag\u00e8ncia Valenciana de la Innovaci\u00f3\" \/>\n<meta property=\"og:description\" content=\"Las ciudades de Alicante y Valencia celebran durante estos d\u00edas la\u00a0XIV edici\u00f3n de Semana Inform\u00e1tica de la Comunitat Valenciana,\u00a0evento de referencia del\" \/>\n<meta property=\"og:url\" content=\"https:\/\/innoavi.es\/es\/8-12-de-abril-semana-informatica-2019\/\" \/>\n<meta property=\"og:site_name\" content=\"AVI |\u00a0Ag\u00e8ncia Valenciana de la Innovaci\u00f3\" \/>\n<meta property=\"article:published_time\" content=\"2019-04-09T10:30:24+00:00\" \/>\n<meta property=\"article:modified_time\" content=\"2019-04-11T15:20:11+00:00\" \/>\n<meta property=\"og:image\" content=\"https:\/\/innoavi.es\/wp-content\/uploads\/2019\/04\/COICV_pq.jpg\" \/>\n\t<meta property=\"og:image:width\" content=\"400\" \/>\n\t<meta property=\"og:image:height\" content=\"400\" \/>\n\t<meta property=\"og:image:type\" content=\"image\/jpeg\" \/>\n<meta name=\"author\" content=\"Ana P\u00e9rez\" \/>\n<meta name=\"twitter:card\" content=\"summary_large_image\" \/>\n<meta name=\"twitter:creator\" content=\"@GVAavi\" \/>\n<meta name=\"twitter:site\" content=\"@GVAavi\" \/>\n<meta name=\"twitter:label1\" content=\"Escrito por\" \/>\n\t<meta name=\"twitter:data1\" content=\"Ana P\u00e9rez\" \/>\n\t<meta name=\"twitter:label2\" content=\"Tiempo de lectura\" \/>\n\t<meta name=\"twitter:data2\" content=\"1 minuto\" \/>\n<script type=\"application\/ld+json\" class=\"yoast-schema-graph\">{\"@context\":\"https:\/\/schema.org\",\"@graph\":[{\"@type\":\"Article\",\"@id\":\"https:\/\/innoavi.es\/es\/8-12-de-abril-semana-informatica-2019\/#article\",\"isPartOf\":{\"@id\":\"https:\/\/innoavi.es\/es\/8-12-de-abril-semana-informatica-2019\/\"},\"author\":{\"name\":\"Ana P\u00e9rez\",\"@id\":\"https:\/\/innoavi.es\/es\/#\/schema\/person\/d9b2358bd480aaf67b2e750763e158a5\"},\"headline\":\"8-12 DE ABRIL | Semana Inform\u00e1tica 2019\",\"datePublished\":\"2019-04-09T10:30:24+00:00\",\"dateModified\":\"2019-04-11T15:20:11+00:00\",\"mainEntityOfPage\":{\"@id\":\"https:\/\/innoavi.es\/es\/8-12-de-abril-semana-informatica-2019\/\"},\"wordCount\":129,\"image\":{\"@id\":\"https:\/\/innoavi.es\/es\/8-12-de-abril-semana-informatica-2019\/#primaryimage\"},\"thumbnailUrl\":\"https:\/\/innoavi.es\/wp-content\/uploads\/2019\/04\/COICV_pq.jpg\",\"articleSection\":[\"Agenda AVI\",\"Agenda SVI\",\"Sin categorizar\"],\"inLanguage\":\"es\"},{\"@type\":\"WebPage\",\"@id\":\"https:\/\/innoavi.es\/es\/8-12-de-abril-semana-informatica-2019\/\",\"url\":\"https:\/\/innoavi.es\/es\/8-12-de-abril-semana-informatica-2019\/\",\"name\":\"8-12 DE ABRIL | Semana Inform\u00e1tica 2019 - AVI |\u00a0Ag\u00e8ncia Valenciana de la Innovaci\u00f3\",\"isPartOf\":{\"@id\":\"https:\/\/innoavi.es\/es\/#website\"},\"primaryImageOfPage\":{\"@id\":\"https:\/\/innoavi.es\/es\/8-12-de-abril-semana-informatica-2019\/#primaryimage\"},\"image\":{\"@id\":\"https:\/\/innoavi.es\/es\/8-12-de-abril-semana-informatica-2019\/#primaryimage\"},\"thumbnailUrl\":\"https:\/\/innoavi.es\/wp-content\/uploads\/2019\/04\/COICV_pq.jpg\",\"datePublished\":\"2019-04-09T10:30:24+00:00\",\"dateModified\":\"2019-04-11T15:20:11+00:00\",\"author\":{\"@id\":\"https:\/\/innoavi.es\/es\/#\/schema\/person\/d9b2358bd480aaf67b2e750763e158a5\"},\"description\":\"Las ciudades de Alicante y Valencia celebran durante estos d\u00edas la\u00a0XIV edici\u00f3n de Semana Inform\u00e1tica de la Comunitat Valenciana,\u00a0evento de referencia del\",\"breadcrumb\":{\"@id\":\"https:\/\/innoavi.es\/es\/8-12-de-abril-semana-informatica-2019\/#breadcrumb\"},\"inLanguage\":\"es\",\"potentialAction\":[{\"@type\":\"ReadAction\",\"target\":[\"https:\/\/innoavi.es\/es\/8-12-de-abril-semana-informatica-2019\/\"]}]},{\"@type\":\"ImageObject\",\"inLanguage\":\"es\",\"@id\":\"https:\/\/innoavi.es\/es\/8-12-de-abril-semana-informatica-2019\/#primaryimage\",\"url\":\"https:\/\/innoavi.es\/wp-content\/uploads\/2019\/04\/COICV_pq.jpg\",\"contentUrl\":\"https:\/\/innoavi.es\/wp-content\/uploads\/2019\/04\/COICV_pq.jpg\",\"width\":400,\"height\":400},{\"@type\":\"BreadcrumbList\",\"@id\":\"https:\/\/innoavi.es\/es\/8-12-de-abril-semana-informatica-2019\/#breadcrumb\",\"itemListElement\":[{\"@type\":\"ListItem\",\"position\":1,\"name\":\"Portada\",\"item\":\"https:\/\/innoavi.es\/es\/\"},{\"@type\":\"ListItem\",\"position\":2,\"name\":\"8-12 DE ABRIL | Semana Inform\u00e1tica 2019\"}]},{\"@type\":\"WebSite\",\"@id\":\"https:\/\/innoavi.es\/es\/#website\",\"url\":\"https:\/\/innoavi.es\/es\/\",\"name\":\"AVI |\u00a0Ag\u00e8ncia Valenciana de la Innovaci\u00f3\",\"description\":\"P\u00e0gina web oficial de l&#039;AVI\",\"potentialAction\":[{\"@type\":\"SearchAction\",\"target\":{\"@type\":\"EntryPoint\",\"urlTemplate\":\"https:\/\/innoavi.es\/es\/?s={search_term_string}\"},\"query-input\":{\"@type\":\"PropertyValueSpecification\",\"valueRequired\":true,\"valueName\":\"search_term_string\"}}],\"inLanguage\":\"es\"},{\"@type\":\"Person\",\"@id\":\"https:\/\/innoavi.es\/es\/#\/schema\/person\/d9b2358bd480aaf67b2e750763e158a5\",\"name\":\"Ana P\u00e9rez\"}]}<\/script>\n<!-- \/ Yoast SEO plugin. -->","yoast_head_json":{"title":"8-12 DE ABRIL | Semana Inform\u00e1tica 2019 - AVI |\u00a0Ag\u00e8ncia Valenciana de la Innovaci\u00f3","description":"Las ciudades de Alicante y Valencia celebran durante estos d\u00edas la\u00a0XIV edici\u00f3n de Semana Inform\u00e1tica de la Comunitat Valenciana,\u00a0evento de referencia del","robots":{"index":"index","follow":"follow","max-snippet":"max-snippet:-1","max-image-preview":"max-image-preview:large","max-video-preview":"max-video-preview:-1"},"canonical":"https:\/\/innoavi.es\/es\/8-12-de-abril-semana-informatica-2019\/","og_locale":"es_ES","og_type":"article","og_title":"8-12 DE ABRIL | Semana Inform\u00e1tica 2019 - AVI |\u00a0Ag\u00e8ncia Valenciana de la Innovaci\u00f3","og_description":"Las ciudades de Alicante y Valencia celebran durante estos d\u00edas la\u00a0XIV edici\u00f3n de Semana Inform\u00e1tica de la Comunitat Valenciana,\u00a0evento de referencia del","og_url":"https:\/\/innoavi.es\/es\/8-12-de-abril-semana-informatica-2019\/","og_site_name":"AVI |\u00a0Ag\u00e8ncia Valenciana de la Innovaci\u00f3","article_published_time":"2019-04-09T10:30:24+00:00","article_modified_time":"2019-04-11T15:20:11+00:00","og_image":[{"width":400,"height":400,"url":"https:\/\/innoavi.es\/wp-content\/uploads\/2019\/04\/COICV_pq.jpg","type":"image\/jpeg"}],"author":"Ana P\u00e9rez","twitter_card":"summary_large_image","twitter_creator":"@GVAavi","twitter_site":"@GVAavi","twitter_misc":{"Escrito por":"Ana P\u00e9rez","Tiempo de lectura":"1 minuto"},"schema":{"@context":"https:\/\/schema.org","@graph":[{"@type":"Article","@id":"https:\/\/innoavi.es\/es\/8-12-de-abril-semana-informatica-2019\/#article","isPartOf":{"@id":"https:\/\/innoavi.es\/es\/8-12-de-abril-semana-informatica-2019\/"},"author":{"name":"Ana P\u00e9rez","@id":"https:\/\/innoavi.es\/es\/#\/schema\/person\/d9b2358bd480aaf67b2e750763e158a5"},"headline":"8-12 DE ABRIL | Semana Inform\u00e1tica 2019","datePublished":"2019-04-09T10:30:24+00:00","dateModified":"2019-04-11T15:20:11+00:00","mainEntityOfPage":{"@id":"https:\/\/innoavi.es\/es\/8-12-de-abril-semana-informatica-2019\/"},"wordCount":129,"image":{"@id":"https:\/\/innoavi.es\/es\/8-12-de-abril-semana-informatica-2019\/#primaryimage"},"thumbnailUrl":"https:\/\/innoavi.es\/wp-content\/uploads\/2019\/04\/COICV_pq.jpg","articleSection":["Agenda AVI","Agenda SVI","Sin categorizar"],"inLanguage":"es"},{"@type":"WebPage","@id":"https:\/\/innoavi.es\/es\/8-12-de-abril-semana-informatica-2019\/","url":"https:\/\/innoavi.es\/es\/8-12-de-abril-semana-informatica-2019\/","name":"8-12 DE ABRIL | Semana Inform\u00e1tica 2019 - AVI |\u00a0Ag\u00e8ncia Valenciana de la Innovaci\u00f3","isPartOf":{"@id":"https:\/\/innoavi.es\/es\/#website"},"primaryImageOfPage":{"@id":"https:\/\/innoavi.es\/es\/8-12-de-abril-semana-informatica-2019\/#primaryimage"},"image":{"@id":"https:\/\/innoavi.es\/es\/8-12-de-abril-semana-informatica-2019\/#primaryimage"},"thumbnailUrl":"https:\/\/innoavi.es\/wp-content\/uploads\/2019\/04\/COICV_pq.jpg","datePublished":"2019-04-09T10:30:24+00:00","dateModified":"2019-04-11T15:20:11+00:00","author":{"@id":"https:\/\/innoavi.es\/es\/#\/schema\/person\/d9b2358bd480aaf67b2e750763e158a5"},"description":"Las ciudades de Alicante y Valencia celebran durante estos d\u00edas la\u00a0XIV edici\u00f3n de Semana Inform\u00e1tica de la Comunitat Valenciana,\u00a0evento de referencia del","breadcrumb":{"@id":"https:\/\/innoavi.es\/es\/8-12-de-abril-semana-informatica-2019\/#breadcrumb"},"inLanguage":"es","potentialAction":[{"@type":"ReadAction","target":["https:\/\/innoavi.es\/es\/8-12-de-abril-semana-informatica-2019\/"]}]},{"@type":"ImageObject","inLanguage":"es","@id":"https:\/\/innoavi.es\/es\/8-12-de-abril-semana-informatica-2019\/#primaryimage","url":"https:\/\/innoavi.es\/wp-content\/uploads\/2019\/04\/COICV_pq.jpg","contentUrl":"https:\/\/innoavi.es\/wp-content\/uploads\/2019\/04\/COICV_pq.jpg","width":400,"height":400},{"@type":"BreadcrumbList","@id":"https:\/\/innoavi.es\/es\/8-12-de-abril-semana-informatica-2019\/#breadcrumb","itemListElement":[{"@type":"ListItem","position":1,"name":"Portada","item":"https:\/\/innoavi.es\/es\/"},{"@type":"ListItem","position":2,"name":"8-12 DE ABRIL | Semana Inform\u00e1tica 2019"}]},{"@type":"WebSite","@id":"https:\/\/innoavi.es\/es\/#website","url":"https:\/\/innoavi.es\/es\/","name":"AVI |\u00a0Ag\u00e8ncia Valenciana de la Innovaci\u00f3","description":"P\u00e0gina web oficial de l&#039;AVI","potentialAction":[{"@type":"SearchAction","target":{"@type":"EntryPoint","urlTemplate":"https:\/\/innoavi.es\/es\/?s={search_term_string}"},"query-input":{"@type":"PropertyValueSpecification","valueRequired":true,"valueName":"search_term_string"}}],"inLanguage":"es"},{"@type":"Person","@id":"https:\/\/innoavi.es\/es\/#\/schema\/person\/d9b2358bd480aaf67b2e750763e158a5","name":"Ana P\u00e9rez"}]}},"_links":{"self":[{"href":"https:\/\/innoavi.es\/es\/wp-json\/wp\/v2\/posts\/9485","targetHints":{"allow":["GET"]}}],"collection":[{"href":"https:\/\/innoavi.es\/es\/wp-json\/wp\/v2\/posts"}],"about":[{"href":"https:\/\/innoavi.es\/es\/wp-json\/wp\/v2\/types\/post"}],"author":[{"embeddable":true,"href":"https:\/\/innoavi.es\/es\/wp-json\/wp\/v2\/users\/10"}],"replies":[{"embeddable":true,"href":"https:\/\/innoavi.es\/es\/wp-json\/wp\/v2\/comments?post=9485"}],"version-history":[{"count":3,"href":"https:\/\/innoavi.es\/es\/wp-json\/wp\/v2\/posts\/9485\/revisions"}],"predecessor-version":[{"id":9533,"href":"https:\/\/innoavi.es\/es\/wp-json\/wp\/v2\/posts\/9485\/revisions\/9533"}],"wp:featuredmedia":[{"embeddable":true,"href":"https:\/\/innoavi.es\/es\/wp-json\/wp\/v2\/media\/9487"}],"wp:attachment":[{"href":"https:\/\/innoavi.es\/es\/wp-json\/wp\/v2\/media?parent=9485"}],"wp:term":[{"taxonomy":"category","embeddable":true,"href":"https:\/\/innoavi.es\/es\/wp-json\/wp\/v2\/categories?post=9485"},{"taxonomy":"post_tag","embeddable":true,"href":"https:\/\/innoavi.es\/es\/wp-json\/wp\/v2\/tags?post=9485"}],"curies":[{"name":"wp","href":"https:\/\/api.w.org\/{rel}","templated":true}]}}