{"id":9319,"date":"2019-03-28T10:36:44","date_gmt":"2019-03-28T09:36:44","guid":{"rendered":"http:\/\/innoavi.es\/es\/?p=9319"},"modified":"2019-03-28T14:21:37","modified_gmt":"2019-03-28T13:21:37","slug":"2-de-abril-smart-mobility-summit","status":"publish","type":"post","link":"https:\/\/innoavi.es\/es\/2-de-abril-smart-mobility-summit\/","title":{"rendered":"2 DE ABRIL | Smart Mobility Summit"},"content":{"rendered":"<img loading=\"lazy\" decoding=\"async\" class=\"alignnone  wp-image-9321\" src=\"http:\/\/innoavi.es\/wp-content\/uploads\/2019\/03\/smartmobility_gr-600x338.jpg\" alt=\"\" width=\"501\" height=\"282\" \/><br \/><br \/>La Asociaci\u00f3n Espa\u00f1ola de la Econom\u00eda Digital organiza la jornada \u00abSmart Mobility Summit\u00bb, en la que re\u00fane a los principales actores del sector de la movilidad, para buscar las respuestas a los grandes retos que han de afrontar nuestras ciudades en esta esfera.<br \/><br \/><strong>9.00 horas<\/strong>. Ciudad Polit\u00e9cnica de la Innovaci\u00f3n.<br \/><span style=\"font-family: inherit;\">Auditorio Cubo Azul. UPV. Valencia<\/span><br \/><br \/><br \/><div class=\"js-hidden-when-expired event-listing event-listing--has-image \" role=\"article\"><div class=\"g-grid g-grid--page-margin-manual\"><div class=\"event-listing__body l-sm-pad-top-0\"><div class=\"listing-hero-details__main-container fx--fade-in fx--delay-4\"><div class=\"g-group\"><div class=\"g-cell g-cell-1-1 g-cell-lg-4-12 g-cell--no-gutters listing-hero__detailed-info\"><div class=\"l-pad-top-6 l-pad-bot-2 l-lg-pad-bot-4 l-pad-hor-6\"><div class=\"listing-hero-body \"><h1 class=\"listing-hero-title\" data-automation=\"listing-title\">\u00a0<\/h1><\/div><\/div><\/div><\/div><\/div><\/div><\/div><\/div>","protected":false},"excerpt":{"rendered":"<p>La Asociaci\u00f3n Espa\u00f1ola de la Econom\u00eda Digital organiza la jornada \u00abSmart Mobility Summit\u00bb, en la que re\u00fane a los principales actores del sector de la movilidad, para buscar las respuestas a los grandes retos que han de afrontar nuestras ciudades en esta esfera.9.00 horas. Ciudad Polit\u00e9cnica de la Innovaci\u00f3n.Auditorio Cubo Azul. UPV. Valencia\u00a0<\/p>\n","protected":false},"author":10,"featured_media":9322,"comment_status":"closed","ping_status":"open","sticky":false,"template":"","format":"standard","meta":{"_acf_changed":false,"footnotes":""},"categories":[198,205],"tags":[],"class_list":["post-9319","post","type-post","status-publish","format-standard","has-post-thumbnail","hentry","category-agenda-svi","category-sin-categorizar"],"acf":[],"yoast_head":"<!-- This site is optimized with the Yoast SEO plugin v26.7 - https:\/\/yoast.com\/wordpress\/plugins\/seo\/ -->\n<title>2 DE ABRIL | Smart Mobility Summit - AVI |\u00a0Ag\u00e8ncia Valenciana de la Innovaci\u00f3<\/title>\n<meta name=\"description\" content=\"La Asociaci\u00f3n Espa\u00f1ola de la Econom\u00eda Digital organiza la jornada &quot;Smart Mobility Summit&quot;, en la que re\u00fane a los principales actores del sector de la\" \/>\n<meta name=\"robots\" content=\"index, follow, max-snippet:-1, max-image-preview:large, max-video-preview:-1\" \/>\n<link rel=\"canonical\" href=\"https:\/\/innoavi.es\/es\/2-de-abril-smart-mobility-summit\/\" \/>\n<meta property=\"og:locale\" content=\"es_ES\" \/>\n<meta property=\"og:type\" content=\"article\" \/>\n<meta property=\"og:title\" content=\"2 DE ABRIL | Smart Mobility Summit - AVI |\u00a0Ag\u00e8ncia Valenciana de la Innovaci\u00f3\" \/>\n<meta property=\"og:description\" content=\"La Asociaci\u00f3n Espa\u00f1ola de la Econom\u00eda Digital organiza la jornada &quot;Smart Mobility Summit&quot;, en la que re\u00fane a los principales actores del sector de la\" \/>\n<meta property=\"og:url\" content=\"https:\/\/innoavi.es\/es\/2-de-abril-smart-mobility-summit\/\" \/>\n<meta property=\"og:site_name\" content=\"AVI |\u00a0Ag\u00e8ncia Valenciana de la Innovaci\u00f3\" \/>\n<meta property=\"article:published_time\" content=\"2019-03-28T09:36:44+00:00\" \/>\n<meta property=\"article:modified_time\" content=\"2019-03-28T13:21:37+00:00\" \/>\n<meta property=\"og:image\" content=\"https:\/\/innoavi.es\/wp-content\/uploads\/2019\/03\/smartmobility_pq.jpg\" \/>\n\t<meta property=\"og:image:width\" content=\"489\" \/>\n\t<meta property=\"og:image:height\" content=\"315\" \/>\n\t<meta property=\"og:image:type\" content=\"image\/jpeg\" \/>\n<meta name=\"author\" content=\"Ana P\u00e9rez\" \/>\n<meta name=\"twitter:card\" content=\"summary_large_image\" \/>\n<meta name=\"twitter:creator\" content=\"@GVAavi\" \/>\n<meta name=\"twitter:site\" content=\"@GVAavi\" \/>\n<meta name=\"twitter:label1\" content=\"Escrito por\" \/>\n\t<meta name=\"twitter:data1\" content=\"Ana P\u00e9rez\" \/>\n<script type=\"application\/ld+json\" class=\"yoast-schema-graph\">{\"@context\":\"https:\/\/schema.org\",\"@graph\":[{\"@type\":\"Article\",\"@id\":\"https:\/\/innoavi.es\/es\/2-de-abril-smart-mobility-summit\/#article\",\"isPartOf\":{\"@id\":\"https:\/\/innoavi.es\/es\/2-de-abril-smart-mobility-summit\/\"},\"author\":{\"name\":\"Ana P\u00e9rez\",\"@id\":\"https:\/\/innoavi.es\/es\/#\/schema\/person\/d9b2358bd480aaf67b2e750763e158a5\"},\"headline\":\"2 DE ABRIL | Smart Mobility Summit\",\"datePublished\":\"2019-03-28T09:36:44+00:00\",\"dateModified\":\"2019-03-28T13:21:37+00:00\",\"mainEntityOfPage\":{\"@id\":\"https:\/\/innoavi.es\/es\/2-de-abril-smart-mobility-summit\/\"},\"wordCount\":65,\"image\":{\"@id\":\"https:\/\/innoavi.es\/es\/2-de-abril-smart-mobility-summit\/#primaryimage\"},\"thumbnailUrl\":\"https:\/\/innoavi.es\/wp-content\/uploads\/2019\/03\/smartmobility_pq.jpg\",\"articleSection\":[\"Agenda SVI\",\"Sin categorizar\"],\"inLanguage\":\"es\"},{\"@type\":\"WebPage\",\"@id\":\"https:\/\/innoavi.es\/es\/2-de-abril-smart-mobility-summit\/\",\"url\":\"https:\/\/innoavi.es\/es\/2-de-abril-smart-mobility-summit\/\",\"name\":\"2 DE ABRIL | Smart Mobility Summit - AVI |\u00a0Ag\u00e8ncia Valenciana de la Innovaci\u00f3\",\"isPartOf\":{\"@id\":\"https:\/\/innoavi.es\/es\/#website\"},\"primaryImageOfPage\":{\"@id\":\"https:\/\/innoavi.es\/es\/2-de-abril-smart-mobility-summit\/#primaryimage\"},\"image\":{\"@id\":\"https:\/\/innoavi.es\/es\/2-de-abril-smart-mobility-summit\/#primaryimage\"},\"thumbnailUrl\":\"https:\/\/innoavi.es\/wp-content\/uploads\/2019\/03\/smartmobility_pq.jpg\",\"datePublished\":\"2019-03-28T09:36:44+00:00\",\"dateModified\":\"2019-03-28T13:21:37+00:00\",\"author\":{\"@id\":\"https:\/\/innoavi.es\/es\/#\/schema\/person\/d9b2358bd480aaf67b2e750763e158a5\"},\"description\":\"La Asociaci\u00f3n Espa\u00f1ola de la Econom\u00eda Digital organiza la jornada \\\"Smart Mobility Summit\\\", en la que re\u00fane a los principales actores del sector de la\",\"breadcrumb\":{\"@id\":\"https:\/\/innoavi.es\/es\/2-de-abril-smart-mobility-summit\/#breadcrumb\"},\"inLanguage\":\"es\",\"potentialAction\":[{\"@type\":\"ReadAction\",\"target\":[\"https:\/\/innoavi.es\/es\/2-de-abril-smart-mobility-summit\/\"]}]},{\"@type\":\"ImageObject\",\"inLanguage\":\"es\",\"@id\":\"https:\/\/innoavi.es\/es\/2-de-abril-smart-mobility-summit\/#primaryimage\",\"url\":\"https:\/\/innoavi.es\/wp-content\/uploads\/2019\/03\/smartmobility_pq.jpg\",\"contentUrl\":\"https:\/\/innoavi.es\/wp-content\/uploads\/2019\/03\/smartmobility_pq.jpg\",\"width\":489,\"height\":315},{\"@type\":\"BreadcrumbList\",\"@id\":\"https:\/\/innoavi.es\/es\/2-de-abril-smart-mobility-summit\/#breadcrumb\",\"itemListElement\":[{\"@type\":\"ListItem\",\"position\":1,\"name\":\"Portada\",\"item\":\"https:\/\/innoavi.es\/es\/\"},{\"@type\":\"ListItem\",\"position\":2,\"name\":\"2 DE ABRIL | Smart Mobility Summit\"}]},{\"@type\":\"WebSite\",\"@id\":\"https:\/\/innoavi.es\/es\/#website\",\"url\":\"https:\/\/innoavi.es\/es\/\",\"name\":\"AVI |\u00a0Ag\u00e8ncia Valenciana de la Innovaci\u00f3\",\"description\":\"P\u00e0gina web oficial de l&#039;AVI\",\"potentialAction\":[{\"@type\":\"SearchAction\",\"target\":{\"@type\":\"EntryPoint\",\"urlTemplate\":\"https:\/\/innoavi.es\/es\/?s={search_term_string}\"},\"query-input\":{\"@type\":\"PropertyValueSpecification\",\"valueRequired\":true,\"valueName\":\"search_term_string\"}}],\"inLanguage\":\"es\"},{\"@type\":\"Person\",\"@id\":\"https:\/\/innoavi.es\/es\/#\/schema\/person\/d9b2358bd480aaf67b2e750763e158a5\",\"name\":\"Ana P\u00e9rez\"}]}<\/script>\n<!-- \/ Yoast SEO plugin. -->","yoast_head_json":{"title":"2 DE ABRIL | Smart Mobility Summit - AVI |\u00a0Ag\u00e8ncia Valenciana de la Innovaci\u00f3","description":"La Asociaci\u00f3n Espa\u00f1ola de la Econom\u00eda Digital organiza la jornada \"Smart Mobility Summit\", en la que re\u00fane a los principales actores del sector de la","robots":{"index":"index","follow":"follow","max-snippet":"max-snippet:-1","max-image-preview":"max-image-preview:large","max-video-preview":"max-video-preview:-1"},"canonical":"https:\/\/innoavi.es\/es\/2-de-abril-smart-mobility-summit\/","og_locale":"es_ES","og_type":"article","og_title":"2 DE ABRIL | Smart Mobility Summit - AVI |\u00a0Ag\u00e8ncia Valenciana de la Innovaci\u00f3","og_description":"La Asociaci\u00f3n Espa\u00f1ola de la Econom\u00eda Digital organiza la jornada \"Smart Mobility Summit\", en la que re\u00fane a los principales actores del sector de la","og_url":"https:\/\/innoavi.es\/es\/2-de-abril-smart-mobility-summit\/","og_site_name":"AVI |\u00a0Ag\u00e8ncia Valenciana de la Innovaci\u00f3","article_published_time":"2019-03-28T09:36:44+00:00","article_modified_time":"2019-03-28T13:21:37+00:00","og_image":[{"width":489,"height":315,"url":"https:\/\/innoavi.es\/wp-content\/uploads\/2019\/03\/smartmobility_pq.jpg","type":"image\/jpeg"}],"author":"Ana P\u00e9rez","twitter_card":"summary_large_image","twitter_creator":"@GVAavi","twitter_site":"@GVAavi","twitter_misc":{"Escrito por":"Ana P\u00e9rez"},"schema":{"@context":"https:\/\/schema.org","@graph":[{"@type":"Article","@id":"https:\/\/innoavi.es\/es\/2-de-abril-smart-mobility-summit\/#article","isPartOf":{"@id":"https:\/\/innoavi.es\/es\/2-de-abril-smart-mobility-summit\/"},"author":{"name":"Ana P\u00e9rez","@id":"https:\/\/innoavi.es\/es\/#\/schema\/person\/d9b2358bd480aaf67b2e750763e158a5"},"headline":"2 DE ABRIL | Smart Mobility Summit","datePublished":"2019-03-28T09:36:44+00:00","dateModified":"2019-03-28T13:21:37+00:00","mainEntityOfPage":{"@id":"https:\/\/innoavi.es\/es\/2-de-abril-smart-mobility-summit\/"},"wordCount":65,"image":{"@id":"https:\/\/innoavi.es\/es\/2-de-abril-smart-mobility-summit\/#primaryimage"},"thumbnailUrl":"https:\/\/innoavi.es\/wp-content\/uploads\/2019\/03\/smartmobility_pq.jpg","articleSection":["Agenda SVI","Sin categorizar"],"inLanguage":"es"},{"@type":"WebPage","@id":"https:\/\/innoavi.es\/es\/2-de-abril-smart-mobility-summit\/","url":"https:\/\/innoavi.es\/es\/2-de-abril-smart-mobility-summit\/","name":"2 DE ABRIL | Smart Mobility Summit - AVI |\u00a0Ag\u00e8ncia Valenciana de la Innovaci\u00f3","isPartOf":{"@id":"https:\/\/innoavi.es\/es\/#website"},"primaryImageOfPage":{"@id":"https:\/\/innoavi.es\/es\/2-de-abril-smart-mobility-summit\/#primaryimage"},"image":{"@id":"https:\/\/innoavi.es\/es\/2-de-abril-smart-mobility-summit\/#primaryimage"},"thumbnailUrl":"https:\/\/innoavi.es\/wp-content\/uploads\/2019\/03\/smartmobility_pq.jpg","datePublished":"2019-03-28T09:36:44+00:00","dateModified":"2019-03-28T13:21:37+00:00","author":{"@id":"https:\/\/innoavi.es\/es\/#\/schema\/person\/d9b2358bd480aaf67b2e750763e158a5"},"description":"La Asociaci\u00f3n Espa\u00f1ola de la Econom\u00eda Digital organiza la jornada \"Smart Mobility Summit\", en la que re\u00fane a los principales actores del sector de la","breadcrumb":{"@id":"https:\/\/innoavi.es\/es\/2-de-abril-smart-mobility-summit\/#breadcrumb"},"inLanguage":"es","potentialAction":[{"@type":"ReadAction","target":["https:\/\/innoavi.es\/es\/2-de-abril-smart-mobility-summit\/"]}]},{"@type":"ImageObject","inLanguage":"es","@id":"https:\/\/innoavi.es\/es\/2-de-abril-smart-mobility-summit\/#primaryimage","url":"https:\/\/innoavi.es\/wp-content\/uploads\/2019\/03\/smartmobility_pq.jpg","contentUrl":"https:\/\/innoavi.es\/wp-content\/uploads\/2019\/03\/smartmobility_pq.jpg","width":489,"height":315},{"@type":"BreadcrumbList","@id":"https:\/\/innoavi.es\/es\/2-de-abril-smart-mobility-summit\/#breadcrumb","itemListElement":[{"@type":"ListItem","position":1,"name":"Portada","item":"https:\/\/innoavi.es\/es\/"},{"@type":"ListItem","position":2,"name":"2 DE ABRIL | Smart Mobility Summit"}]},{"@type":"WebSite","@id":"https:\/\/innoavi.es\/es\/#website","url":"https:\/\/innoavi.es\/es\/","name":"AVI |\u00a0Ag\u00e8ncia Valenciana de la Innovaci\u00f3","description":"P\u00e0gina web oficial de l&#039;AVI","potentialAction":[{"@type":"SearchAction","target":{"@type":"EntryPoint","urlTemplate":"https:\/\/innoavi.es\/es\/?s={search_term_string}"},"query-input":{"@type":"PropertyValueSpecification","valueRequired":true,"valueName":"search_term_string"}}],"inLanguage":"es"},{"@type":"Person","@id":"https:\/\/innoavi.es\/es\/#\/schema\/person\/d9b2358bd480aaf67b2e750763e158a5","name":"Ana P\u00e9rez"}]}},"_links":{"self":[{"href":"https:\/\/innoavi.es\/es\/wp-json\/wp\/v2\/posts\/9319","targetHints":{"allow":["GET"]}}],"collection":[{"href":"https:\/\/innoavi.es\/es\/wp-json\/wp\/v2\/posts"}],"about":[{"href":"https:\/\/innoavi.es\/es\/wp-json\/wp\/v2\/types\/post"}],"author":[{"embeddable":true,"href":"https:\/\/innoavi.es\/es\/wp-json\/wp\/v2\/users\/10"}],"replies":[{"embeddable":true,"href":"https:\/\/innoavi.es\/es\/wp-json\/wp\/v2\/comments?post=9319"}],"version-history":[{"count":4,"href":"https:\/\/innoavi.es\/es\/wp-json\/wp\/v2\/posts\/9319\/revisions"}],"predecessor-version":[{"id":9343,"href":"https:\/\/innoavi.es\/es\/wp-json\/wp\/v2\/posts\/9319\/revisions\/9343"}],"wp:featuredmedia":[{"embeddable":true,"href":"https:\/\/innoavi.es\/es\/wp-json\/wp\/v2\/media\/9322"}],"wp:attachment":[{"href":"https:\/\/innoavi.es\/es\/wp-json\/wp\/v2\/media?parent=9319"}],"wp:term":[{"taxonomy":"category","embeddable":true,"href":"https:\/\/innoavi.es\/es\/wp-json\/wp\/v2\/categories?post=9319"},{"taxonomy":"post_tag","embeddable":true,"href":"https:\/\/innoavi.es\/es\/wp-json\/wp\/v2\/tags?post=9319"}],"curies":[{"name":"wp","href":"https:\/\/api.w.org\/{rel}","templated":true}]}}