{"id":9209,"date":"2019-03-08T10:44:36","date_gmt":"2019-03-08T09:44:36","guid":{"rendered":"http:\/\/innoavi.es\/es\/?p=9209"},"modified":"2019-03-08T10:44:36","modified_gmt":"2019-03-08T09:44:36","slug":"12-de-marzo-presentacion-del-informe-la-economia-del-diseno-en-la-comunitat-valenciana","status":"publish","type":"post","link":"https:\/\/innoavi.es\/es\/12-de-marzo-presentacion-del-informe-la-economia-del-diseno-en-la-comunitat-valenciana\/","title":{"rendered":"12 DE MARZO | Presentaci\u00f3n del informe &#8216;La econom\u00eda del dise\u00f1o en la Comunitat Valenciana&#8217;"},"content":{"rendered":"<p><img loading=\"lazy\" decoding=\"async\" class=\"alignnone  wp-image-9211\" src=\"http:\/\/innoavi.es\/wp-content\/uploads\/2019\/03\/marca-adcv.jpg\" alt=\"\" width=\"469\" height=\"199\" \/><br \/><br \/>La Asociaci\u00f3n de Dise\u00f1adores de la Comunitat Valenciana (<span class=\"il\">ADCV<\/span>) convoca un desayuno para medios, el martes 12 de marzo a las 9.30h. en la biblioteca de Las Naves,\u00a0para presentar el primer informe cuantitativo y cualitativo sobre la Econom\u00eda del Dise\u00f1o en la Comunitat Valenciana que ha sido financiado por la Ag\u00e8ncia Valenciana de la Innovaci\u00f3. Un proyecto de investigaci\u00f3n pionero a nivel nacional cuyo contenido define, identifica y dimensiona el sector propio de dise\u00f1o adem\u00e1s de evaluar su uso en los principales sectores econ\u00f3micos valencianos. <u><\/u><u><\/u><\/p><p>Las conclusiones del estudio permiten clarificar muchos de los actuales interrogantes sobre la aportaci\u00f3n socioecon\u00f3mica del dise\u00f1o y se espera que contribuya tanto a la definici\u00f3n de las estrategias de la innovaci\u00f3n en la Comunitat Valenciana como a la implementaci\u00f3n de pol\u00edticas p\u00fablicas y empresariales que estimulen la creaci\u00f3n de empleo, oportunidades de negocio y calidad de vida.<br \/><br \/><u><\/u><u><\/u><\/p><p><u><\/u><strong>\u00a09.30 horas.<\/strong> Biblioteca de Las Naves<br \/>Calle Juan Verdeguer, 16-24<\/p>","protected":false},"excerpt":{"rendered":"<p>La Asociaci\u00f3n de Dise\u00f1adores de la Comunitat Valenciana (ADCV) convoca un desayuno para medios, el martes 12 de marzo a las 9.30h. en la biblioteca de Las Naves,\u00a0para presentar el primer informe cuantitativo y cualitativo sobre la Econom\u00eda del Dise\u00f1o en la Comunitat Valenciana que ha sido financiado por la Ag\u00e8ncia Valenciana de la Innovaci\u00f3. Un proyecto de investigaci\u00f3n pionero a nivel nacional cuyo contenido define, identifica y dimensiona el sector propio de dise\u00f1o adem\u00e1s de evaluar su uso en los principales sectores econ\u00f3micos valencianos. Las conclusiones del estudio permiten<a class=\"more-link\" href=\"https:\/\/innoavi.es\/es\/12-de-marzo-presentacion-del-informe-la-economia-del-diseno-en-la-comunitat-valenciana\/\">SEE DETAILS <span class=\"more-link-image\"><\/span><span class=\"more-link-hover-image\"><\/span><\/a><\/p>\n","protected":false},"author":12,"featured_media":9210,"comment_status":"closed","ping_status":"open","sticky":false,"template":"","format":"standard","meta":{"_acf_changed":false,"footnotes":""},"categories":[198,205],"tags":[],"class_list":["post-9209","post","type-post","status-publish","format-standard","has-post-thumbnail","hentry","category-agenda-svi","category-sin-categorizar"],"acf":[],"yoast_head":"<!-- This site is optimized with the Yoast SEO plugin v26.7 - https:\/\/yoast.com\/wordpress\/plugins\/seo\/ -->\n<title>12 DE MARZO | Presentaci\u00f3n del informe &#039;La econom\u00eda del dise\u00f1o en la Comunitat Valenciana&#039; - AVI |\u00a0Ag\u00e8ncia Valenciana de la Innovaci\u00f3<\/title>\n<meta name=\"description\" content=\"La Asociaci\u00f3n de Dise\u00f1adores de la Comunitat Valenciana (ADCV) convoca un desayuno para medios, el martes 12 de marzo a las 9.30h. en la biblioteca de Las\" \/>\n<meta name=\"robots\" content=\"index, follow, max-snippet:-1, max-image-preview:large, max-video-preview:-1\" \/>\n<link rel=\"canonical\" href=\"https:\/\/innoavi.es\/es\/12-de-marzo-presentacion-del-informe-la-economia-del-diseno-en-la-comunitat-valenciana\/\" \/>\n<meta property=\"og:locale\" content=\"es_ES\" \/>\n<meta property=\"og:type\" content=\"article\" \/>\n<meta property=\"og:title\" content=\"12 DE MARZO | Presentaci\u00f3n del informe &#039;La econom\u00eda del dise\u00f1o en la Comunitat Valenciana&#039; - AVI |\u00a0Ag\u00e8ncia Valenciana de la Innovaci\u00f3\" \/>\n<meta property=\"og:description\" content=\"La Asociaci\u00f3n de Dise\u00f1adores de la Comunitat Valenciana (ADCV) convoca un desayuno para medios, el martes 12 de marzo a las 9.30h. en la biblioteca de Las\" \/>\n<meta property=\"og:url\" content=\"https:\/\/innoavi.es\/es\/12-de-marzo-presentacion-del-informe-la-economia-del-diseno-en-la-comunitat-valenciana\/\" \/>\n<meta property=\"og:site_name\" content=\"AVI |\u00a0Ag\u00e8ncia Valenciana de la Innovaci\u00f3\" \/>\n<meta property=\"article:published_time\" content=\"2019-03-08T09:44:36+00:00\" \/>\n<meta property=\"og:image\" content=\"https:\/\/innoavi.es\/wp-content\/uploads\/2019\/03\/adcv.jpg\" \/>\n\t<meta property=\"og:image:width\" content=\"450\" \/>\n\t<meta property=\"og:image:height\" content=\"300\" \/>\n\t<meta property=\"og:image:type\" content=\"image\/jpeg\" \/>\n<meta name=\"author\" content=\"paco\" \/>\n<meta name=\"twitter:card\" content=\"summary_large_image\" \/>\n<meta name=\"twitter:creator\" content=\"@GVAavi\" \/>\n<meta name=\"twitter:site\" content=\"@GVAavi\" \/>\n<meta name=\"twitter:label1\" content=\"Escrito por\" \/>\n\t<meta name=\"twitter:data1\" content=\"paco\" \/>\n\t<meta name=\"twitter:label2\" content=\"Tiempo de lectura\" \/>\n\t<meta name=\"twitter:data2\" content=\"1 minuto\" \/>\n<script type=\"application\/ld+json\" class=\"yoast-schema-graph\">{\"@context\":\"https:\/\/schema.org\",\"@graph\":[{\"@type\":\"Article\",\"@id\":\"https:\/\/innoavi.es\/es\/12-de-marzo-presentacion-del-informe-la-economia-del-diseno-en-la-comunitat-valenciana\/#article\",\"isPartOf\":{\"@id\":\"https:\/\/innoavi.es\/es\/12-de-marzo-presentacion-del-informe-la-economia-del-diseno-en-la-comunitat-valenciana\/\"},\"author\":{\"name\":\"paco\",\"@id\":\"https:\/\/innoavi.es\/es\/#\/schema\/person\/cc5bf07456956a9205069c432fb8fa32\"},\"headline\":\"12 DE MARZO | Presentaci\u00f3n del informe &#8216;La econom\u00eda del dise\u00f1o en la Comunitat Valenciana&#8217;\",\"datePublished\":\"2019-03-08T09:44:36+00:00\",\"mainEntityOfPage\":{\"@id\":\"https:\/\/innoavi.es\/es\/12-de-marzo-presentacion-del-informe-la-economia-del-diseno-en-la-comunitat-valenciana\/\"},\"wordCount\":185,\"image\":{\"@id\":\"https:\/\/innoavi.es\/es\/12-de-marzo-presentacion-del-informe-la-economia-del-diseno-en-la-comunitat-valenciana\/#primaryimage\"},\"thumbnailUrl\":\"https:\/\/innoavi.es\/wp-content\/uploads\/2019\/03\/adcv.jpg\",\"articleSection\":[\"Agenda SVI\",\"Sin categorizar\"],\"inLanguage\":\"es\"},{\"@type\":\"WebPage\",\"@id\":\"https:\/\/innoavi.es\/es\/12-de-marzo-presentacion-del-informe-la-economia-del-diseno-en-la-comunitat-valenciana\/\",\"url\":\"https:\/\/innoavi.es\/es\/12-de-marzo-presentacion-del-informe-la-economia-del-diseno-en-la-comunitat-valenciana\/\",\"name\":\"12 DE MARZO | Presentaci\u00f3n del informe 'La econom\u00eda del dise\u00f1o en la Comunitat Valenciana' - AVI |\u00a0Ag\u00e8ncia Valenciana de la Innovaci\u00f3\",\"isPartOf\":{\"@id\":\"https:\/\/innoavi.es\/es\/#website\"},\"primaryImageOfPage\":{\"@id\":\"https:\/\/innoavi.es\/es\/12-de-marzo-presentacion-del-informe-la-economia-del-diseno-en-la-comunitat-valenciana\/#primaryimage\"},\"image\":{\"@id\":\"https:\/\/innoavi.es\/es\/12-de-marzo-presentacion-del-informe-la-economia-del-diseno-en-la-comunitat-valenciana\/#primaryimage\"},\"thumbnailUrl\":\"https:\/\/innoavi.es\/wp-content\/uploads\/2019\/03\/adcv.jpg\",\"datePublished\":\"2019-03-08T09:44:36+00:00\",\"author\":{\"@id\":\"https:\/\/innoavi.es\/es\/#\/schema\/person\/cc5bf07456956a9205069c432fb8fa32\"},\"description\":\"La Asociaci\u00f3n de Dise\u00f1adores de la Comunitat Valenciana (ADCV) convoca un desayuno para medios, el martes 12 de marzo a las 9.30h. en la biblioteca de Las\",\"breadcrumb\":{\"@id\":\"https:\/\/innoavi.es\/es\/12-de-marzo-presentacion-del-informe-la-economia-del-diseno-en-la-comunitat-valenciana\/#breadcrumb\"},\"inLanguage\":\"es\",\"potentialAction\":[{\"@type\":\"ReadAction\",\"target\":[\"https:\/\/innoavi.es\/es\/12-de-marzo-presentacion-del-informe-la-economia-del-diseno-en-la-comunitat-valenciana\/\"]}]},{\"@type\":\"ImageObject\",\"inLanguage\":\"es\",\"@id\":\"https:\/\/innoavi.es\/es\/12-de-marzo-presentacion-del-informe-la-economia-del-diseno-en-la-comunitat-valenciana\/#primaryimage\",\"url\":\"https:\/\/innoavi.es\/wp-content\/uploads\/2019\/03\/adcv.jpg\",\"contentUrl\":\"https:\/\/innoavi.es\/wp-content\/uploads\/2019\/03\/adcv.jpg\",\"width\":450,\"height\":300},{\"@type\":\"BreadcrumbList\",\"@id\":\"https:\/\/innoavi.es\/es\/12-de-marzo-presentacion-del-informe-la-economia-del-diseno-en-la-comunitat-valenciana\/#breadcrumb\",\"itemListElement\":[{\"@type\":\"ListItem\",\"position\":1,\"name\":\"Portada\",\"item\":\"https:\/\/innoavi.es\/es\/\"},{\"@type\":\"ListItem\",\"position\":2,\"name\":\"12 DE MARZO | Presentaci\u00f3n del informe &#8216;La econom\u00eda del dise\u00f1o en la Comunitat Valenciana&#8217;\"}]},{\"@type\":\"WebSite\",\"@id\":\"https:\/\/innoavi.es\/es\/#website\",\"url\":\"https:\/\/innoavi.es\/es\/\",\"name\":\"AVI |\u00a0Ag\u00e8ncia Valenciana de la Innovaci\u00f3\",\"description\":\"P\u00e0gina web oficial de l&#039;AVI\",\"potentialAction\":[{\"@type\":\"SearchAction\",\"target\":{\"@type\":\"EntryPoint\",\"urlTemplate\":\"https:\/\/innoavi.es\/es\/?s={search_term_string}\"},\"query-input\":{\"@type\":\"PropertyValueSpecification\",\"valueRequired\":true,\"valueName\":\"search_term_string\"}}],\"inLanguage\":\"es\"},{\"@type\":\"Person\",\"@id\":\"https:\/\/innoavi.es\/es\/#\/schema\/person\/cc5bf07456956a9205069c432fb8fa32\",\"name\":\"paco\"}]}<\/script>\n<!-- \/ Yoast SEO plugin. -->","yoast_head_json":{"title":"12 DE MARZO | Presentaci\u00f3n del informe 'La econom\u00eda del dise\u00f1o en la Comunitat Valenciana' - AVI |\u00a0Ag\u00e8ncia Valenciana de la Innovaci\u00f3","description":"La Asociaci\u00f3n de Dise\u00f1adores de la Comunitat Valenciana (ADCV) convoca un desayuno para medios, el martes 12 de marzo a las 9.30h. en la biblioteca de Las","robots":{"index":"index","follow":"follow","max-snippet":"max-snippet:-1","max-image-preview":"max-image-preview:large","max-video-preview":"max-video-preview:-1"},"canonical":"https:\/\/innoavi.es\/es\/12-de-marzo-presentacion-del-informe-la-economia-del-diseno-en-la-comunitat-valenciana\/","og_locale":"es_ES","og_type":"article","og_title":"12 DE MARZO | Presentaci\u00f3n del informe 'La econom\u00eda del dise\u00f1o en la Comunitat Valenciana' - AVI |\u00a0Ag\u00e8ncia Valenciana de la Innovaci\u00f3","og_description":"La Asociaci\u00f3n de Dise\u00f1adores de la Comunitat Valenciana (ADCV) convoca un desayuno para medios, el martes 12 de marzo a las 9.30h. en la biblioteca de Las","og_url":"https:\/\/innoavi.es\/es\/12-de-marzo-presentacion-del-informe-la-economia-del-diseno-en-la-comunitat-valenciana\/","og_site_name":"AVI |\u00a0Ag\u00e8ncia Valenciana de la Innovaci\u00f3","article_published_time":"2019-03-08T09:44:36+00:00","og_image":[{"width":450,"height":300,"url":"https:\/\/innoavi.es\/wp-content\/uploads\/2019\/03\/adcv.jpg","type":"image\/jpeg"}],"author":"paco","twitter_card":"summary_large_image","twitter_creator":"@GVAavi","twitter_site":"@GVAavi","twitter_misc":{"Escrito por":"paco","Tiempo de lectura":"1 minuto"},"schema":{"@context":"https:\/\/schema.org","@graph":[{"@type":"Article","@id":"https:\/\/innoavi.es\/es\/12-de-marzo-presentacion-del-informe-la-economia-del-diseno-en-la-comunitat-valenciana\/#article","isPartOf":{"@id":"https:\/\/innoavi.es\/es\/12-de-marzo-presentacion-del-informe-la-economia-del-diseno-en-la-comunitat-valenciana\/"},"author":{"name":"paco","@id":"https:\/\/innoavi.es\/es\/#\/schema\/person\/cc5bf07456956a9205069c432fb8fa32"},"headline":"12 DE MARZO | Presentaci\u00f3n del informe &#8216;La econom\u00eda del dise\u00f1o en la Comunitat Valenciana&#8217;","datePublished":"2019-03-08T09:44:36+00:00","mainEntityOfPage":{"@id":"https:\/\/innoavi.es\/es\/12-de-marzo-presentacion-del-informe-la-economia-del-diseno-en-la-comunitat-valenciana\/"},"wordCount":185,"image":{"@id":"https:\/\/innoavi.es\/es\/12-de-marzo-presentacion-del-informe-la-economia-del-diseno-en-la-comunitat-valenciana\/#primaryimage"},"thumbnailUrl":"https:\/\/innoavi.es\/wp-content\/uploads\/2019\/03\/adcv.jpg","articleSection":["Agenda SVI","Sin categorizar"],"inLanguage":"es"},{"@type":"WebPage","@id":"https:\/\/innoavi.es\/es\/12-de-marzo-presentacion-del-informe-la-economia-del-diseno-en-la-comunitat-valenciana\/","url":"https:\/\/innoavi.es\/es\/12-de-marzo-presentacion-del-informe-la-economia-del-diseno-en-la-comunitat-valenciana\/","name":"12 DE MARZO | Presentaci\u00f3n del informe 'La econom\u00eda del dise\u00f1o en la Comunitat Valenciana' - AVI |\u00a0Ag\u00e8ncia Valenciana de la Innovaci\u00f3","isPartOf":{"@id":"https:\/\/innoavi.es\/es\/#website"},"primaryImageOfPage":{"@id":"https:\/\/innoavi.es\/es\/12-de-marzo-presentacion-del-informe-la-economia-del-diseno-en-la-comunitat-valenciana\/#primaryimage"},"image":{"@id":"https:\/\/innoavi.es\/es\/12-de-marzo-presentacion-del-informe-la-economia-del-diseno-en-la-comunitat-valenciana\/#primaryimage"},"thumbnailUrl":"https:\/\/innoavi.es\/wp-content\/uploads\/2019\/03\/adcv.jpg","datePublished":"2019-03-08T09:44:36+00:00","author":{"@id":"https:\/\/innoavi.es\/es\/#\/schema\/person\/cc5bf07456956a9205069c432fb8fa32"},"description":"La Asociaci\u00f3n de Dise\u00f1adores de la Comunitat Valenciana (ADCV) convoca un desayuno para medios, el martes 12 de marzo a las 9.30h. en la biblioteca de Las","breadcrumb":{"@id":"https:\/\/innoavi.es\/es\/12-de-marzo-presentacion-del-informe-la-economia-del-diseno-en-la-comunitat-valenciana\/#breadcrumb"},"inLanguage":"es","potentialAction":[{"@type":"ReadAction","target":["https:\/\/innoavi.es\/es\/12-de-marzo-presentacion-del-informe-la-economia-del-diseno-en-la-comunitat-valenciana\/"]}]},{"@type":"ImageObject","inLanguage":"es","@id":"https:\/\/innoavi.es\/es\/12-de-marzo-presentacion-del-informe-la-economia-del-diseno-en-la-comunitat-valenciana\/#primaryimage","url":"https:\/\/innoavi.es\/wp-content\/uploads\/2019\/03\/adcv.jpg","contentUrl":"https:\/\/innoavi.es\/wp-content\/uploads\/2019\/03\/adcv.jpg","width":450,"height":300},{"@type":"BreadcrumbList","@id":"https:\/\/innoavi.es\/es\/12-de-marzo-presentacion-del-informe-la-economia-del-diseno-en-la-comunitat-valenciana\/#breadcrumb","itemListElement":[{"@type":"ListItem","position":1,"name":"Portada","item":"https:\/\/innoavi.es\/es\/"},{"@type":"ListItem","position":2,"name":"12 DE MARZO | Presentaci\u00f3n del informe &#8216;La econom\u00eda del dise\u00f1o en la Comunitat Valenciana&#8217;"}]},{"@type":"WebSite","@id":"https:\/\/innoavi.es\/es\/#website","url":"https:\/\/innoavi.es\/es\/","name":"AVI |\u00a0Ag\u00e8ncia Valenciana de la Innovaci\u00f3","description":"P\u00e0gina web oficial de l&#039;AVI","potentialAction":[{"@type":"SearchAction","target":{"@type":"EntryPoint","urlTemplate":"https:\/\/innoavi.es\/es\/?s={search_term_string}"},"query-input":{"@type":"PropertyValueSpecification","valueRequired":true,"valueName":"search_term_string"}}],"inLanguage":"es"},{"@type":"Person","@id":"https:\/\/innoavi.es\/es\/#\/schema\/person\/cc5bf07456956a9205069c432fb8fa32","name":"paco"}]}},"_links":{"self":[{"href":"https:\/\/innoavi.es\/es\/wp-json\/wp\/v2\/posts\/9209","targetHints":{"allow":["GET"]}}],"collection":[{"href":"https:\/\/innoavi.es\/es\/wp-json\/wp\/v2\/posts"}],"about":[{"href":"https:\/\/innoavi.es\/es\/wp-json\/wp\/v2\/types\/post"}],"author":[{"embeddable":true,"href":"https:\/\/innoavi.es\/es\/wp-json\/wp\/v2\/users\/12"}],"replies":[{"embeddable":true,"href":"https:\/\/innoavi.es\/es\/wp-json\/wp\/v2\/comments?post=9209"}],"version-history":[{"count":1,"href":"https:\/\/innoavi.es\/es\/wp-json\/wp\/v2\/posts\/9209\/revisions"}],"predecessor-version":[{"id":9212,"href":"https:\/\/innoavi.es\/es\/wp-json\/wp\/v2\/posts\/9209\/revisions\/9212"}],"wp:featuredmedia":[{"embeddable":true,"href":"https:\/\/innoavi.es\/es\/wp-json\/wp\/v2\/media\/9210"}],"wp:attachment":[{"href":"https:\/\/innoavi.es\/es\/wp-json\/wp\/v2\/media?parent=9209"}],"wp:term":[{"taxonomy":"category","embeddable":true,"href":"https:\/\/innoavi.es\/es\/wp-json\/wp\/v2\/categories?post=9209"},{"taxonomy":"post_tag","embeddable":true,"href":"https:\/\/innoavi.es\/es\/wp-json\/wp\/v2\/tags?post=9209"}],"curies":[{"name":"wp","href":"https:\/\/api.w.org\/{rel}","templated":true}]}}