{"id":9155,"date":"2019-02-28T10:34:30","date_gmt":"2019-02-28T09:34:30","guid":{"rendered":"http:\/\/innoavi.es\/es\/?p=9155"},"modified":"2019-02-28T10:45:59","modified_gmt":"2019-02-28T09:45:59","slug":"5-de-marzo-jornada-avi-innpulsa-castellon","status":"publish","type":"post","link":"https:\/\/innoavi.es\/es\/5-de-marzo-jornada-avi-innpulsa-castellon\/","title":{"rendered":"5 DE MARZO | Jornada AVI Innpulsa Castell\u00f3n"},"content":{"rendered":"<img loading=\"lazy\" decoding=\"async\" class=\"size-medium wp-image-9164 alignleft\" src=\"http:\/\/innoavi.es\/wp-content\/uploads\/2019\/02\/AVI_Innpulsa_Castell\u00f3n-424x600.jpg\" alt=\"\" width=\"424\" height=\"600\" srcset=\"https:\/\/innoavi.es\/wp-content\/uploads\/2019\/02\/AVI_Innpulsa_Castell\u00f3n-424x600.jpg 424w, https:\/\/innoavi.es\/wp-content\/uploads\/2019\/02\/AVI_Innpulsa_Castell\u00f3n-768x1086.jpg 768w, https:\/\/innoavi.es\/wp-content\/uploads\/2019\/02\/AVI_Innpulsa_Castell\u00f3n-724x1024.jpg 724w, https:\/\/innoavi.es\/wp-content\/uploads\/2019\/02\/AVI_Innpulsa_Castell\u00f3n-389x550.jpg 389w, https:\/\/innoavi.es\/wp-content\/uploads\/2019\/02\/AVI_Innpulsa_Castell\u00f3n-389x550@2x.jpg 778w, https:\/\/innoavi.es\/wp-content\/uploads\/2019\/02\/AVI_Innpulsa_Castell\u00f3n.jpg 1654w\" sizes=\"auto, (max-width: 424px) 100vw, 424px\" \/>La Ag\u00e8ncia Valenciana de la Innovaci\u00f3, en cooperaci\u00f3n con la Confederaci\u00f3n Empresarial de la Comunitat Valenciana, da a conocer los detalles y las novedades de la nueva convocatoria de ayudas de fortalecimiento y desarrollo del sistema valenciano de innovaci\u00f3n a sus potenciales beneficiarios. El plazo para presentar las solicitudes finaliza el pr\u00f3ximo 14 de marzo. <br \/><br \/><strong>10.15 horas.<\/strong> Sede de ASCER. <br \/>Ronda Circunvalaci\u00f3n, 186<br \/><br \/><a href=\"https:\/\/cev.es\/wp-content\/uploads\/Jornada-AVI-CEV-Castell%C3%B3n-1.pdf\">Descarga el programa<\/a><br \/><a href=\"https:\/\/cev.es\/eventos\/jornada-castellon-avi-innpulsa-ayudas-para-reforzar-la-innovacion-2019\/\">Inscr\u00edbete aqu\u00ed<\/a>","protected":false},"excerpt":{"rendered":"<p>La Ag\u00e8ncia Valenciana de la Innovaci\u00f3, en cooperaci\u00f3n con la Confederaci\u00f3n Empresarial de la Comunitat Valenciana, da a conocer los detalles y las novedades de la nueva convocatoria de ayudas de fortalecimiento y desarrollo del sistema valenciano de innovaci\u00f3n a sus potenciales beneficiarios. El plazo para presentar las solicitudes finaliza el pr\u00f3ximo 14 de marzo. 10.15 horas. Sede de ASCER. Ronda Circunvalaci\u00f3n, 186Descarga el programaInscr\u00edbete aqu\u00ed<\/p>\n","protected":false},"author":12,"featured_media":7553,"comment_status":"closed","ping_status":"open","sticky":false,"template":"","format":"standard","meta":{"_acf_changed":false,"footnotes":""},"categories":[197,205],"tags":[],"class_list":["post-9155","post","type-post","status-publish","format-standard","has-post-thumbnail","hentry","category-agenda-avi","category-sin-categorizar"],"acf":[],"yoast_head":"<!-- This site is optimized with the Yoast SEO plugin v26.7 - https:\/\/yoast.com\/wordpress\/plugins\/seo\/ -->\n<title>5 DE MARZO | Jornada AVI Innpulsa Castell\u00f3n - AVI |\u00a0Ag\u00e8ncia Valenciana de la Innovaci\u00f3<\/title>\n<meta name=\"description\" content=\"La Ag\u00e8ncia Valenciana de la Innovaci\u00f3, en cooperaci\u00f3n con la Confederaci\u00f3n Empresarial de la Comunitat Valenciana, da a conocer los detalles y las\" \/>\n<meta name=\"robots\" content=\"index, follow, max-snippet:-1, max-image-preview:large, max-video-preview:-1\" \/>\n<link rel=\"canonical\" href=\"https:\/\/innoavi.es\/es\/5-de-marzo-jornada-avi-innpulsa-castellon\/\" \/>\n<meta property=\"og:locale\" content=\"es_ES\" \/>\n<meta property=\"og:type\" content=\"article\" \/>\n<meta property=\"og:title\" content=\"5 DE MARZO | Jornada AVI Innpulsa Castell\u00f3n - AVI |\u00a0Ag\u00e8ncia Valenciana de la Innovaci\u00f3\" \/>\n<meta property=\"og:description\" content=\"La Ag\u00e8ncia Valenciana de la Innovaci\u00f3, en cooperaci\u00f3n con la Confederaci\u00f3n Empresarial de la Comunitat Valenciana, da a conocer los detalles y las\" \/>\n<meta property=\"og:url\" content=\"https:\/\/innoavi.es\/es\/5-de-marzo-jornada-avi-innpulsa-castellon\/\" \/>\n<meta property=\"og:site_name\" content=\"AVI |\u00a0Ag\u00e8ncia Valenciana de la Innovaci\u00f3\" \/>\n<meta property=\"article:published_time\" content=\"2019-02-28T09:34:30+00:00\" \/>\n<meta property=\"article:modified_time\" content=\"2019-02-28T09:45:59+00:00\" \/>\n<meta property=\"og:image\" content=\"https:\/\/innoavi.es\/wp-content\/uploads\/2018\/07\/Logo.jpg\" \/>\n\t<meta property=\"og:image:width\" content=\"1418\" \/>\n\t<meta property=\"og:image:height\" content=\"946\" \/>\n\t<meta property=\"og:image:type\" content=\"image\/jpeg\" \/>\n<meta name=\"author\" content=\"paco\" \/>\n<meta name=\"twitter:card\" content=\"summary_large_image\" \/>\n<meta name=\"twitter:creator\" content=\"@GVAavi\" \/>\n<meta name=\"twitter:site\" content=\"@GVAavi\" \/>\n<meta name=\"twitter:label1\" content=\"Escrito por\" \/>\n\t<meta name=\"twitter:data1\" content=\"paco\" \/>\n<script type=\"application\/ld+json\" class=\"yoast-schema-graph\">{\"@context\":\"https:\/\/schema.org\",\"@graph\":[{\"@type\":\"Article\",\"@id\":\"https:\/\/innoavi.es\/es\/5-de-marzo-jornada-avi-innpulsa-castellon\/#article\",\"isPartOf\":{\"@id\":\"https:\/\/innoavi.es\/es\/5-de-marzo-jornada-avi-innpulsa-castellon\/\"},\"author\":{\"name\":\"paco\",\"@id\":\"https:\/\/innoavi.es\/es\/#\/schema\/person\/cc5bf07456956a9205069c432fb8fa32\"},\"headline\":\"5 DE MARZO | Jornada AVI Innpulsa Castell\u00f3n\",\"datePublished\":\"2019-02-28T09:34:30+00:00\",\"dateModified\":\"2019-02-28T09:45:59+00:00\",\"mainEntityOfPage\":{\"@id\":\"https:\/\/innoavi.es\/es\/5-de-marzo-jornada-avi-innpulsa-castellon\/\"},\"wordCount\":79,\"image\":{\"@id\":\"https:\/\/innoavi.es\/es\/5-de-marzo-jornada-avi-innpulsa-castellon\/#primaryimage\"},\"thumbnailUrl\":\"https:\/\/innoavi.es\/wp-content\/uploads\/2018\/07\/Logo.jpg\",\"articleSection\":[\"Agenda AVI\",\"Sin categorizar\"],\"inLanguage\":\"es\"},{\"@type\":\"WebPage\",\"@id\":\"https:\/\/innoavi.es\/es\/5-de-marzo-jornada-avi-innpulsa-castellon\/\",\"url\":\"https:\/\/innoavi.es\/es\/5-de-marzo-jornada-avi-innpulsa-castellon\/\",\"name\":\"5 DE MARZO | Jornada AVI Innpulsa Castell\u00f3n - AVI |\u00a0Ag\u00e8ncia Valenciana de la Innovaci\u00f3\",\"isPartOf\":{\"@id\":\"https:\/\/innoavi.es\/es\/#website\"},\"primaryImageOfPage\":{\"@id\":\"https:\/\/innoavi.es\/es\/5-de-marzo-jornada-avi-innpulsa-castellon\/#primaryimage\"},\"image\":{\"@id\":\"https:\/\/innoavi.es\/es\/5-de-marzo-jornada-avi-innpulsa-castellon\/#primaryimage\"},\"thumbnailUrl\":\"https:\/\/innoavi.es\/wp-content\/uploads\/2018\/07\/Logo.jpg\",\"datePublished\":\"2019-02-28T09:34:30+00:00\",\"dateModified\":\"2019-02-28T09:45:59+00:00\",\"author\":{\"@id\":\"https:\/\/innoavi.es\/es\/#\/schema\/person\/cc5bf07456956a9205069c432fb8fa32\"},\"description\":\"La Ag\u00e8ncia Valenciana de la Innovaci\u00f3, en cooperaci\u00f3n con la Confederaci\u00f3n Empresarial de la Comunitat Valenciana, da a conocer los detalles y las\",\"breadcrumb\":{\"@id\":\"https:\/\/innoavi.es\/es\/5-de-marzo-jornada-avi-innpulsa-castellon\/#breadcrumb\"},\"inLanguage\":\"es\",\"potentialAction\":[{\"@type\":\"ReadAction\",\"target\":[\"https:\/\/innoavi.es\/es\/5-de-marzo-jornada-avi-innpulsa-castellon\/\"]}]},{\"@type\":\"ImageObject\",\"inLanguage\":\"es\",\"@id\":\"https:\/\/innoavi.es\/es\/5-de-marzo-jornada-avi-innpulsa-castellon\/#primaryimage\",\"url\":\"https:\/\/innoavi.es\/wp-content\/uploads\/2018\/07\/Logo.jpg\",\"contentUrl\":\"https:\/\/innoavi.es\/wp-content\/uploads\/2018\/07\/Logo.jpg\",\"width\":1418,\"height\":946},{\"@type\":\"BreadcrumbList\",\"@id\":\"https:\/\/innoavi.es\/es\/5-de-marzo-jornada-avi-innpulsa-castellon\/#breadcrumb\",\"itemListElement\":[{\"@type\":\"ListItem\",\"position\":1,\"name\":\"Portada\",\"item\":\"https:\/\/innoavi.es\/es\/\"},{\"@type\":\"ListItem\",\"position\":2,\"name\":\"5 DE MARZO | Jornada AVI Innpulsa Castell\u00f3n\"}]},{\"@type\":\"WebSite\",\"@id\":\"https:\/\/innoavi.es\/es\/#website\",\"url\":\"https:\/\/innoavi.es\/es\/\",\"name\":\"AVI |\u00a0Ag\u00e8ncia Valenciana de la Innovaci\u00f3\",\"description\":\"P\u00e0gina web oficial de l&#039;AVI\",\"potentialAction\":[{\"@type\":\"SearchAction\",\"target\":{\"@type\":\"EntryPoint\",\"urlTemplate\":\"https:\/\/innoavi.es\/es\/?s={search_term_string}\"},\"query-input\":{\"@type\":\"PropertyValueSpecification\",\"valueRequired\":true,\"valueName\":\"search_term_string\"}}],\"inLanguage\":\"es\"},{\"@type\":\"Person\",\"@id\":\"https:\/\/innoavi.es\/es\/#\/schema\/person\/cc5bf07456956a9205069c432fb8fa32\",\"name\":\"paco\"}]}<\/script>\n<!-- \/ Yoast SEO plugin. -->","yoast_head_json":{"title":"5 DE MARZO | Jornada AVI Innpulsa Castell\u00f3n - AVI |\u00a0Ag\u00e8ncia Valenciana de la Innovaci\u00f3","description":"La Ag\u00e8ncia Valenciana de la Innovaci\u00f3, en cooperaci\u00f3n con la Confederaci\u00f3n Empresarial de la Comunitat Valenciana, da a conocer los detalles y las","robots":{"index":"index","follow":"follow","max-snippet":"max-snippet:-1","max-image-preview":"max-image-preview:large","max-video-preview":"max-video-preview:-1"},"canonical":"https:\/\/innoavi.es\/es\/5-de-marzo-jornada-avi-innpulsa-castellon\/","og_locale":"es_ES","og_type":"article","og_title":"5 DE MARZO | Jornada AVI Innpulsa Castell\u00f3n - AVI |\u00a0Ag\u00e8ncia Valenciana de la Innovaci\u00f3","og_description":"La Ag\u00e8ncia Valenciana de la Innovaci\u00f3, en cooperaci\u00f3n con la Confederaci\u00f3n Empresarial de la Comunitat Valenciana, da a conocer los detalles y las","og_url":"https:\/\/innoavi.es\/es\/5-de-marzo-jornada-avi-innpulsa-castellon\/","og_site_name":"AVI |\u00a0Ag\u00e8ncia Valenciana de la Innovaci\u00f3","article_published_time":"2019-02-28T09:34:30+00:00","article_modified_time":"2019-02-28T09:45:59+00:00","og_image":[{"width":1418,"height":946,"url":"https:\/\/innoavi.es\/wp-content\/uploads\/2018\/07\/Logo.jpg","type":"image\/jpeg"}],"author":"paco","twitter_card":"summary_large_image","twitter_creator":"@GVAavi","twitter_site":"@GVAavi","twitter_misc":{"Escrito por":"paco"},"schema":{"@context":"https:\/\/schema.org","@graph":[{"@type":"Article","@id":"https:\/\/innoavi.es\/es\/5-de-marzo-jornada-avi-innpulsa-castellon\/#article","isPartOf":{"@id":"https:\/\/innoavi.es\/es\/5-de-marzo-jornada-avi-innpulsa-castellon\/"},"author":{"name":"paco","@id":"https:\/\/innoavi.es\/es\/#\/schema\/person\/cc5bf07456956a9205069c432fb8fa32"},"headline":"5 DE MARZO | Jornada AVI Innpulsa Castell\u00f3n","datePublished":"2019-02-28T09:34:30+00:00","dateModified":"2019-02-28T09:45:59+00:00","mainEntityOfPage":{"@id":"https:\/\/innoavi.es\/es\/5-de-marzo-jornada-avi-innpulsa-castellon\/"},"wordCount":79,"image":{"@id":"https:\/\/innoavi.es\/es\/5-de-marzo-jornada-avi-innpulsa-castellon\/#primaryimage"},"thumbnailUrl":"https:\/\/innoavi.es\/wp-content\/uploads\/2018\/07\/Logo.jpg","articleSection":["Agenda AVI","Sin categorizar"],"inLanguage":"es"},{"@type":"WebPage","@id":"https:\/\/innoavi.es\/es\/5-de-marzo-jornada-avi-innpulsa-castellon\/","url":"https:\/\/innoavi.es\/es\/5-de-marzo-jornada-avi-innpulsa-castellon\/","name":"5 DE MARZO | Jornada AVI Innpulsa Castell\u00f3n - AVI |\u00a0Ag\u00e8ncia Valenciana de la Innovaci\u00f3","isPartOf":{"@id":"https:\/\/innoavi.es\/es\/#website"},"primaryImageOfPage":{"@id":"https:\/\/innoavi.es\/es\/5-de-marzo-jornada-avi-innpulsa-castellon\/#primaryimage"},"image":{"@id":"https:\/\/innoavi.es\/es\/5-de-marzo-jornada-avi-innpulsa-castellon\/#primaryimage"},"thumbnailUrl":"https:\/\/innoavi.es\/wp-content\/uploads\/2018\/07\/Logo.jpg","datePublished":"2019-02-28T09:34:30+00:00","dateModified":"2019-02-28T09:45:59+00:00","author":{"@id":"https:\/\/innoavi.es\/es\/#\/schema\/person\/cc5bf07456956a9205069c432fb8fa32"},"description":"La Ag\u00e8ncia Valenciana de la Innovaci\u00f3, en cooperaci\u00f3n con la Confederaci\u00f3n Empresarial de la Comunitat Valenciana, da a conocer los detalles y las","breadcrumb":{"@id":"https:\/\/innoavi.es\/es\/5-de-marzo-jornada-avi-innpulsa-castellon\/#breadcrumb"},"inLanguage":"es","potentialAction":[{"@type":"ReadAction","target":["https:\/\/innoavi.es\/es\/5-de-marzo-jornada-avi-innpulsa-castellon\/"]}]},{"@type":"ImageObject","inLanguage":"es","@id":"https:\/\/innoavi.es\/es\/5-de-marzo-jornada-avi-innpulsa-castellon\/#primaryimage","url":"https:\/\/innoavi.es\/wp-content\/uploads\/2018\/07\/Logo.jpg","contentUrl":"https:\/\/innoavi.es\/wp-content\/uploads\/2018\/07\/Logo.jpg","width":1418,"height":946},{"@type":"BreadcrumbList","@id":"https:\/\/innoavi.es\/es\/5-de-marzo-jornada-avi-innpulsa-castellon\/#breadcrumb","itemListElement":[{"@type":"ListItem","position":1,"name":"Portada","item":"https:\/\/innoavi.es\/es\/"},{"@type":"ListItem","position":2,"name":"5 DE MARZO | Jornada AVI Innpulsa Castell\u00f3n"}]},{"@type":"WebSite","@id":"https:\/\/innoavi.es\/es\/#website","url":"https:\/\/innoavi.es\/es\/","name":"AVI |\u00a0Ag\u00e8ncia Valenciana de la Innovaci\u00f3","description":"P\u00e0gina web oficial de l&#039;AVI","potentialAction":[{"@type":"SearchAction","target":{"@type":"EntryPoint","urlTemplate":"https:\/\/innoavi.es\/es\/?s={search_term_string}"},"query-input":{"@type":"PropertyValueSpecification","valueRequired":true,"valueName":"search_term_string"}}],"inLanguage":"es"},{"@type":"Person","@id":"https:\/\/innoavi.es\/es\/#\/schema\/person\/cc5bf07456956a9205069c432fb8fa32","name":"paco"}]}},"_links":{"self":[{"href":"https:\/\/innoavi.es\/es\/wp-json\/wp\/v2\/posts\/9155","targetHints":{"allow":["GET"]}}],"collection":[{"href":"https:\/\/innoavi.es\/es\/wp-json\/wp\/v2\/posts"}],"about":[{"href":"https:\/\/innoavi.es\/es\/wp-json\/wp\/v2\/types\/post"}],"author":[{"embeddable":true,"href":"https:\/\/innoavi.es\/es\/wp-json\/wp\/v2\/users\/12"}],"replies":[{"embeddable":true,"href":"https:\/\/innoavi.es\/es\/wp-json\/wp\/v2\/comments?post=9155"}],"version-history":[{"count":3,"href":"https:\/\/innoavi.es\/es\/wp-json\/wp\/v2\/posts\/9155\/revisions"}],"predecessor-version":[{"id":9165,"href":"https:\/\/innoavi.es\/es\/wp-json\/wp\/v2\/posts\/9155\/revisions\/9165"}],"wp:featuredmedia":[{"embeddable":true,"href":"https:\/\/innoavi.es\/es\/wp-json\/wp\/v2\/media\/7553"}],"wp:attachment":[{"href":"https:\/\/innoavi.es\/es\/wp-json\/wp\/v2\/media?parent=9155"}],"wp:term":[{"taxonomy":"category","embeddable":true,"href":"https:\/\/innoavi.es\/es\/wp-json\/wp\/v2\/categories?post=9155"},{"taxonomy":"post_tag","embeddable":true,"href":"https:\/\/innoavi.es\/es\/wp-json\/wp\/v2\/tags?post=9155"}],"curies":[{"name":"wp","href":"https:\/\/api.w.org\/{rel}","templated":true}]}}