{"id":8471,"date":"2018-12-14T16:45:10","date_gmt":"2018-12-14T15:45:10","guid":{"rendered":"http:\/\/innoavi.es\/es\/?p=8471"},"modified":"2018-12-14T16:45:10","modified_gmt":"2018-12-14T15:45:10","slug":"19-de-diciembre-presentacion-del-proyecto-habitatfuture","status":"publish","type":"post","link":"https:\/\/innoavi.es\/es\/19-de-diciembre-presentacion-del-proyecto-habitatfuture\/","title":{"rendered":"19 DE DICIEMBRE | Presentaci\u00f3n del proyecto HabitatFuture"},"content":{"rendered":"<img loading=\"lazy\" decoding=\"async\" class=\"alignnone size-medium wp-image-8472\" src=\"http:\/\/innoavi.es\/wp-content\/uploads\/2018\/12\/programa_habitatFuture-600x421.jpg\" alt=\"\" width=\"600\" height=\"421\" srcset=\"https:\/\/innoavi.es\/wp-content\/uploads\/2018\/12\/programa_habitatFuture-600x421.jpg 600w, https:\/\/innoavi.es\/wp-content\/uploads\/2018\/12\/programa_habitatFuture-768x539.jpg 768w, https:\/\/innoavi.es\/wp-content\/uploads\/2018\/12\/programa_habitatFuture-1024x719.jpg 1024w, https:\/\/innoavi.es\/wp-content\/uploads\/2018\/12\/programa_habitatFuture-783x550.jpg 783w, https:\/\/innoavi.es\/wp-content\/uploads\/2018\/12\/programa_habitatFuture.jpg 1290w\" sizes=\"auto, (max-width: 600px) 100vw, 600px\" \/><br \/><br \/>Aitex con el apoyo de la Agencia Valenciana de la Innovaci\u00f3n (AVI) organizan una jornada con el objetivo de presentar el proyecto HABITAT Future. La general store manager de IKEA Valencia, Carmen Sp\u00ednola participar\u00e1 en el evento.<br \/><br \/><strong>11.30 horas.<\/strong> Sede de la Asociaci\u00f3n de Dise\u00f1adores de la Comunitat Valenciana<br \/>Las Naves &#8211; Calle Juan Verdeguer, 16","protected":false},"excerpt":{"rendered":"<p>Aitex con el apoyo de la Agencia Valenciana de la Innovaci\u00f3n (AVI) organizan una jornada con el objetivo de presentar el proyecto HABITAT Future. La general store manager de IKEA Valencia, Carmen Sp\u00ednola participar\u00e1 en el evento.11.30 horas. Sede de la Asociaci\u00f3n de Dise\u00f1adores de la Comunitat ValencianaLas Naves &#8211; Calle Juan Verdeguer, 16<\/p>\n","protected":false},"author":12,"featured_media":0,"comment_status":"closed","ping_status":"open","sticky":false,"template":"","format":"standard","meta":{"_acf_changed":false,"footnotes":""},"categories":[205],"tags":[],"class_list":["post-8471","post","type-post","status-publish","format-standard","hentry","category-sin-categorizar"],"acf":[],"yoast_head":"<!-- This site is optimized with the Yoast SEO plugin v26.7 - https:\/\/yoast.com\/wordpress\/plugins\/seo\/ -->\n<title>19 DE DICIEMBRE | Presentaci\u00f3n del proyecto HabitatFuture - AVI |\u00a0Ag\u00e8ncia Valenciana de la Innovaci\u00f3<\/title>\n<meta name=\"description\" content=\"Aitex con el apoyo de la Agencia Valenciana de la Innovaci\u00f3n (AVI) organizan una jornada con el objetivo de presentar el proyecto HABITAT Future. La\" \/>\n<meta name=\"robots\" content=\"index, follow, max-snippet:-1, max-image-preview:large, max-video-preview:-1\" \/>\n<link rel=\"canonical\" href=\"https:\/\/innoavi.es\/es\/19-de-diciembre-presentacion-del-proyecto-habitatfuture\/\" \/>\n<meta property=\"og:locale\" content=\"es_ES\" \/>\n<meta property=\"og:type\" content=\"article\" \/>\n<meta property=\"og:title\" content=\"19 DE DICIEMBRE | Presentaci\u00f3n del proyecto HabitatFuture - AVI |\u00a0Ag\u00e8ncia Valenciana de la Innovaci\u00f3\" \/>\n<meta property=\"og:description\" content=\"Aitex con el apoyo de la Agencia Valenciana de la Innovaci\u00f3n (AVI) organizan una jornada con el objetivo de presentar el proyecto HABITAT Future. La\" \/>\n<meta property=\"og:url\" content=\"https:\/\/innoavi.es\/es\/19-de-diciembre-presentacion-del-proyecto-habitatfuture\/\" \/>\n<meta property=\"og:site_name\" content=\"AVI |\u00a0Ag\u00e8ncia Valenciana de la Innovaci\u00f3\" \/>\n<meta property=\"article:published_time\" content=\"2018-12-14T15:45:10+00:00\" \/>\n<meta property=\"og:image\" content=\"http:\/\/innoavi.es\/wp-content\/uploads\/2018\/12\/programa_habitatFuture-600x421.jpg\" \/>\n<meta name=\"author\" content=\"paco\" \/>\n<meta name=\"twitter:card\" content=\"summary_large_image\" \/>\n<meta name=\"twitter:creator\" content=\"@GVAavi\" \/>\n<meta name=\"twitter:site\" content=\"@GVAavi\" \/>\n<meta name=\"twitter:label1\" content=\"Escrito por\" \/>\n\t<meta name=\"twitter:data1\" content=\"paco\" \/>\n<script type=\"application\/ld+json\" class=\"yoast-schema-graph\">{\"@context\":\"https:\/\/schema.org\",\"@graph\":[{\"@type\":\"Article\",\"@id\":\"https:\/\/innoavi.es\/es\/19-de-diciembre-presentacion-del-proyecto-habitatfuture\/#article\",\"isPartOf\":{\"@id\":\"https:\/\/innoavi.es\/es\/19-de-diciembre-presentacion-del-proyecto-habitatfuture\/\"},\"author\":{\"name\":\"paco\",\"@id\":\"https:\/\/innoavi.es\/es\/#\/schema\/person\/cc5bf07456956a9205069c432fb8fa32\"},\"headline\":\"19 DE DICIEMBRE | Presentaci\u00f3n del proyecto HabitatFuture\",\"datePublished\":\"2018-12-14T15:45:10+00:00\",\"mainEntityOfPage\":{\"@id\":\"https:\/\/innoavi.es\/es\/19-de-diciembre-presentacion-del-proyecto-habitatfuture\/\"},\"wordCount\":64,\"image\":{\"@id\":\"https:\/\/innoavi.es\/es\/19-de-diciembre-presentacion-del-proyecto-habitatfuture\/#primaryimage\"},\"thumbnailUrl\":\"http:\/\/innoavi.es\/wp-content\/uploads\/2018\/12\/programa_habitatFuture-600x421.jpg\",\"articleSection\":[\"Sin categorizar\"],\"inLanguage\":\"es\"},{\"@type\":\"WebPage\",\"@id\":\"https:\/\/innoavi.es\/es\/19-de-diciembre-presentacion-del-proyecto-habitatfuture\/\",\"url\":\"https:\/\/innoavi.es\/es\/19-de-diciembre-presentacion-del-proyecto-habitatfuture\/\",\"name\":\"19 DE DICIEMBRE | Presentaci\u00f3n del proyecto HabitatFuture - AVI |\u00a0Ag\u00e8ncia Valenciana de la Innovaci\u00f3\",\"isPartOf\":{\"@id\":\"https:\/\/innoavi.es\/es\/#website\"},\"primaryImageOfPage\":{\"@id\":\"https:\/\/innoavi.es\/es\/19-de-diciembre-presentacion-del-proyecto-habitatfuture\/#primaryimage\"},\"image\":{\"@id\":\"https:\/\/innoavi.es\/es\/19-de-diciembre-presentacion-del-proyecto-habitatfuture\/#primaryimage\"},\"thumbnailUrl\":\"http:\/\/innoavi.es\/wp-content\/uploads\/2018\/12\/programa_habitatFuture-600x421.jpg\",\"datePublished\":\"2018-12-14T15:45:10+00:00\",\"author\":{\"@id\":\"https:\/\/innoavi.es\/es\/#\/schema\/person\/cc5bf07456956a9205069c432fb8fa32\"},\"description\":\"Aitex con el apoyo de la Agencia Valenciana de la Innovaci\u00f3n (AVI) organizan una jornada con el objetivo de presentar el proyecto HABITAT Future. La\",\"breadcrumb\":{\"@id\":\"https:\/\/innoavi.es\/es\/19-de-diciembre-presentacion-del-proyecto-habitatfuture\/#breadcrumb\"},\"inLanguage\":\"es\",\"potentialAction\":[{\"@type\":\"ReadAction\",\"target\":[\"https:\/\/innoavi.es\/es\/19-de-diciembre-presentacion-del-proyecto-habitatfuture\/\"]}]},{\"@type\":\"ImageObject\",\"inLanguage\":\"es\",\"@id\":\"https:\/\/innoavi.es\/es\/19-de-diciembre-presentacion-del-proyecto-habitatfuture\/#primaryimage\",\"url\":\"http:\/\/innoavi.es\/wp-content\/uploads\/2018\/12\/programa_habitatFuture-600x421.jpg\",\"contentUrl\":\"http:\/\/innoavi.es\/wp-content\/uploads\/2018\/12\/programa_habitatFuture-600x421.jpg\"},{\"@type\":\"BreadcrumbList\",\"@id\":\"https:\/\/innoavi.es\/es\/19-de-diciembre-presentacion-del-proyecto-habitatfuture\/#breadcrumb\",\"itemListElement\":[{\"@type\":\"ListItem\",\"position\":1,\"name\":\"Portada\",\"item\":\"https:\/\/innoavi.es\/es\/\"},{\"@type\":\"ListItem\",\"position\":2,\"name\":\"19 DE DICIEMBRE | Presentaci\u00f3n del proyecto HabitatFuture\"}]},{\"@type\":\"WebSite\",\"@id\":\"https:\/\/innoavi.es\/es\/#website\",\"url\":\"https:\/\/innoavi.es\/es\/\",\"name\":\"AVI |\u00a0Ag\u00e8ncia Valenciana de la Innovaci\u00f3\",\"description\":\"P\u00e0gina web oficial de l&#039;AVI\",\"potentialAction\":[{\"@type\":\"SearchAction\",\"target\":{\"@type\":\"EntryPoint\",\"urlTemplate\":\"https:\/\/innoavi.es\/es\/?s={search_term_string}\"},\"query-input\":{\"@type\":\"PropertyValueSpecification\",\"valueRequired\":true,\"valueName\":\"search_term_string\"}}],\"inLanguage\":\"es\"},{\"@type\":\"Person\",\"@id\":\"https:\/\/innoavi.es\/es\/#\/schema\/person\/cc5bf07456956a9205069c432fb8fa32\",\"name\":\"paco\"}]}<\/script>\n<!-- \/ Yoast SEO plugin. -->","yoast_head_json":{"title":"19 DE DICIEMBRE | Presentaci\u00f3n del proyecto HabitatFuture - AVI |\u00a0Ag\u00e8ncia Valenciana de la Innovaci\u00f3","description":"Aitex con el apoyo de la Agencia Valenciana de la Innovaci\u00f3n (AVI) organizan una jornada con el objetivo de presentar el proyecto HABITAT Future. La","robots":{"index":"index","follow":"follow","max-snippet":"max-snippet:-1","max-image-preview":"max-image-preview:large","max-video-preview":"max-video-preview:-1"},"canonical":"https:\/\/innoavi.es\/es\/19-de-diciembre-presentacion-del-proyecto-habitatfuture\/","og_locale":"es_ES","og_type":"article","og_title":"19 DE DICIEMBRE | Presentaci\u00f3n del proyecto HabitatFuture - AVI |\u00a0Ag\u00e8ncia Valenciana de la Innovaci\u00f3","og_description":"Aitex con el apoyo de la Agencia Valenciana de la Innovaci\u00f3n (AVI) organizan una jornada con el objetivo de presentar el proyecto HABITAT Future. La","og_url":"https:\/\/innoavi.es\/es\/19-de-diciembre-presentacion-del-proyecto-habitatfuture\/","og_site_name":"AVI |\u00a0Ag\u00e8ncia Valenciana de la Innovaci\u00f3","article_published_time":"2018-12-14T15:45:10+00:00","og_image":[{"url":"http:\/\/innoavi.es\/wp-content\/uploads\/2018\/12\/programa_habitatFuture-600x421.jpg","type":"","width":"","height":""}],"author":"paco","twitter_card":"summary_large_image","twitter_creator":"@GVAavi","twitter_site":"@GVAavi","twitter_misc":{"Escrito por":"paco"},"schema":{"@context":"https:\/\/schema.org","@graph":[{"@type":"Article","@id":"https:\/\/innoavi.es\/es\/19-de-diciembre-presentacion-del-proyecto-habitatfuture\/#article","isPartOf":{"@id":"https:\/\/innoavi.es\/es\/19-de-diciembre-presentacion-del-proyecto-habitatfuture\/"},"author":{"name":"paco","@id":"https:\/\/innoavi.es\/es\/#\/schema\/person\/cc5bf07456956a9205069c432fb8fa32"},"headline":"19 DE DICIEMBRE | Presentaci\u00f3n del proyecto HabitatFuture","datePublished":"2018-12-14T15:45:10+00:00","mainEntityOfPage":{"@id":"https:\/\/innoavi.es\/es\/19-de-diciembre-presentacion-del-proyecto-habitatfuture\/"},"wordCount":64,"image":{"@id":"https:\/\/innoavi.es\/es\/19-de-diciembre-presentacion-del-proyecto-habitatfuture\/#primaryimage"},"thumbnailUrl":"http:\/\/innoavi.es\/wp-content\/uploads\/2018\/12\/programa_habitatFuture-600x421.jpg","articleSection":["Sin categorizar"],"inLanguage":"es"},{"@type":"WebPage","@id":"https:\/\/innoavi.es\/es\/19-de-diciembre-presentacion-del-proyecto-habitatfuture\/","url":"https:\/\/innoavi.es\/es\/19-de-diciembre-presentacion-del-proyecto-habitatfuture\/","name":"19 DE DICIEMBRE | Presentaci\u00f3n del proyecto HabitatFuture - AVI |\u00a0Ag\u00e8ncia Valenciana de la Innovaci\u00f3","isPartOf":{"@id":"https:\/\/innoavi.es\/es\/#website"},"primaryImageOfPage":{"@id":"https:\/\/innoavi.es\/es\/19-de-diciembre-presentacion-del-proyecto-habitatfuture\/#primaryimage"},"image":{"@id":"https:\/\/innoavi.es\/es\/19-de-diciembre-presentacion-del-proyecto-habitatfuture\/#primaryimage"},"thumbnailUrl":"http:\/\/innoavi.es\/wp-content\/uploads\/2018\/12\/programa_habitatFuture-600x421.jpg","datePublished":"2018-12-14T15:45:10+00:00","author":{"@id":"https:\/\/innoavi.es\/es\/#\/schema\/person\/cc5bf07456956a9205069c432fb8fa32"},"description":"Aitex con el apoyo de la Agencia Valenciana de la Innovaci\u00f3n (AVI) organizan una jornada con el objetivo de presentar el proyecto HABITAT Future. La","breadcrumb":{"@id":"https:\/\/innoavi.es\/es\/19-de-diciembre-presentacion-del-proyecto-habitatfuture\/#breadcrumb"},"inLanguage":"es","potentialAction":[{"@type":"ReadAction","target":["https:\/\/innoavi.es\/es\/19-de-diciembre-presentacion-del-proyecto-habitatfuture\/"]}]},{"@type":"ImageObject","inLanguage":"es","@id":"https:\/\/innoavi.es\/es\/19-de-diciembre-presentacion-del-proyecto-habitatfuture\/#primaryimage","url":"http:\/\/innoavi.es\/wp-content\/uploads\/2018\/12\/programa_habitatFuture-600x421.jpg","contentUrl":"http:\/\/innoavi.es\/wp-content\/uploads\/2018\/12\/programa_habitatFuture-600x421.jpg"},{"@type":"BreadcrumbList","@id":"https:\/\/innoavi.es\/es\/19-de-diciembre-presentacion-del-proyecto-habitatfuture\/#breadcrumb","itemListElement":[{"@type":"ListItem","position":1,"name":"Portada","item":"https:\/\/innoavi.es\/es\/"},{"@type":"ListItem","position":2,"name":"19 DE DICIEMBRE | Presentaci\u00f3n del proyecto HabitatFuture"}]},{"@type":"WebSite","@id":"https:\/\/innoavi.es\/es\/#website","url":"https:\/\/innoavi.es\/es\/","name":"AVI |\u00a0Ag\u00e8ncia Valenciana de la Innovaci\u00f3","description":"P\u00e0gina web oficial de l&#039;AVI","potentialAction":[{"@type":"SearchAction","target":{"@type":"EntryPoint","urlTemplate":"https:\/\/innoavi.es\/es\/?s={search_term_string}"},"query-input":{"@type":"PropertyValueSpecification","valueRequired":true,"valueName":"search_term_string"}}],"inLanguage":"es"},{"@type":"Person","@id":"https:\/\/innoavi.es\/es\/#\/schema\/person\/cc5bf07456956a9205069c432fb8fa32","name":"paco"}]}},"_links":{"self":[{"href":"https:\/\/innoavi.es\/es\/wp-json\/wp\/v2\/posts\/8471","targetHints":{"allow":["GET"]}}],"collection":[{"href":"https:\/\/innoavi.es\/es\/wp-json\/wp\/v2\/posts"}],"about":[{"href":"https:\/\/innoavi.es\/es\/wp-json\/wp\/v2\/types\/post"}],"author":[{"embeddable":true,"href":"https:\/\/innoavi.es\/es\/wp-json\/wp\/v2\/users\/12"}],"replies":[{"embeddable":true,"href":"https:\/\/innoavi.es\/es\/wp-json\/wp\/v2\/comments?post=8471"}],"version-history":[{"count":1,"href":"https:\/\/innoavi.es\/es\/wp-json\/wp\/v2\/posts\/8471\/revisions"}],"predecessor-version":[{"id":8473,"href":"https:\/\/innoavi.es\/es\/wp-json\/wp\/v2\/posts\/8471\/revisions\/8473"}],"wp:attachment":[{"href":"https:\/\/innoavi.es\/es\/wp-json\/wp\/v2\/media?parent=8471"}],"wp:term":[{"taxonomy":"category","embeddable":true,"href":"https:\/\/innoavi.es\/es\/wp-json\/wp\/v2\/categories?post=8471"},{"taxonomy":"post_tag","embeddable":true,"href":"https:\/\/innoavi.es\/es\/wp-json\/wp\/v2\/tags?post=8471"}],"curies":[{"name":"wp","href":"https:\/\/api.w.org\/{rel}","templated":true}]}}