{"id":8372,"date":"2018-12-02T11:18:37","date_gmt":"2018-12-02T10:18:37","guid":{"rendered":"http:\/\/innoavi.es\/es\/?p=8372"},"modified":"2018-12-02T11:18:37","modified_gmt":"2018-12-02T10:18:37","slug":"3-de-diciembre-ciencia-citricos-y-cocina","status":"publish","type":"post","link":"https:\/\/innoavi.es\/es\/3-de-diciembre-ciencia-citricos-y-cocina\/","title":{"rendered":"3 DE DICIEMBRE | Ciencia, c\u00edtricos y cocina"},"content":{"rendered":"El Consejo Superior de Investigaciones Cient\u00edficas en la Comunitat Valenciana organiza una jornada sobre c\u00edtricos que incluye talleres y un showcooking donde chefs elaborar\u00e1n platos con c\u00edtricos.<br \/><br \/><strong>9.00 horas.<\/strong> Casa de la Ciencia<br \/>Calle de Batlia, 1. Val\u00e8ncia","protected":false},"excerpt":{"rendered":"<p>El Consejo Superior de Investigaciones Cient\u00edficas en la Comunitat Valenciana organiza una jornada sobre c\u00edtricos que incluye talleres y un showcooking donde chefs elaborar\u00e1n platos con c\u00edtricos.9.00 horas. Casa de la CienciaCalle de Batlia, 1. Val\u00e8ncia<\/p>\n","protected":false},"author":12,"featured_media":0,"comment_status":"closed","ping_status":"open","sticky":false,"template":"","format":"standard","meta":{"_acf_changed":false,"footnotes":""},"categories":[205],"tags":[],"class_list":["post-8372","post","type-post","status-publish","format-standard","hentry","category-sin-categorizar"],"acf":[],"yoast_head":"<!-- This site is optimized with the Yoast SEO plugin v26.7 - https:\/\/yoast.com\/wordpress\/plugins\/seo\/ -->\n<title>3 DE DICIEMBRE | Ciencia, c\u00edtricos y cocina - AVI |\u00a0Ag\u00e8ncia Valenciana de la Innovaci\u00f3<\/title>\n<meta name=\"description\" content=\"El Consejo Superior de Investigaciones Cient\u00edficas en la Comunitat Valenciana organiza una jornada sobre c\u00edtricos que incluye talleres y un showcooking\" \/>\n<meta name=\"robots\" content=\"index, follow, max-snippet:-1, max-image-preview:large, max-video-preview:-1\" \/>\n<link rel=\"canonical\" href=\"https:\/\/innoavi.es\/es\/3-de-diciembre-ciencia-citricos-y-cocina\/\" \/>\n<meta property=\"og:locale\" content=\"es_ES\" \/>\n<meta property=\"og:type\" content=\"article\" \/>\n<meta property=\"og:title\" content=\"3 DE DICIEMBRE | Ciencia, c\u00edtricos y cocina - AVI |\u00a0Ag\u00e8ncia Valenciana de la Innovaci\u00f3\" \/>\n<meta property=\"og:description\" content=\"El Consejo Superior de Investigaciones Cient\u00edficas en la Comunitat Valenciana organiza una jornada sobre c\u00edtricos que incluye talleres y un showcooking\" \/>\n<meta property=\"og:url\" content=\"https:\/\/innoavi.es\/es\/3-de-diciembre-ciencia-citricos-y-cocina\/\" \/>\n<meta property=\"og:site_name\" content=\"AVI |\u00a0Ag\u00e8ncia Valenciana de la Innovaci\u00f3\" \/>\n<meta property=\"article:published_time\" content=\"2018-12-02T10:18:37+00:00\" \/>\n<meta name=\"author\" content=\"paco\" \/>\n<meta name=\"twitter:card\" content=\"summary_large_image\" \/>\n<meta name=\"twitter:creator\" content=\"@GVAavi\" \/>\n<meta name=\"twitter:site\" content=\"@GVAavi\" \/>\n<meta name=\"twitter:label1\" content=\"Escrito por\" \/>\n\t<meta name=\"twitter:data1\" content=\"paco\" \/>\n<script type=\"application\/ld+json\" class=\"yoast-schema-graph\">{\"@context\":\"https:\/\/schema.org\",\"@graph\":[{\"@type\":\"Article\",\"@id\":\"https:\/\/innoavi.es\/es\/3-de-diciembre-ciencia-citricos-y-cocina\/#article\",\"isPartOf\":{\"@id\":\"https:\/\/innoavi.es\/es\/3-de-diciembre-ciencia-citricos-y-cocina\/\"},\"author\":{\"name\":\"paco\",\"@id\":\"https:\/\/innoavi.es\/es\/#\/schema\/person\/cc5bf07456956a9205069c432fb8fa32\"},\"headline\":\"3 DE DICIEMBRE | Ciencia, c\u00edtricos y cocina\",\"datePublished\":\"2018-12-02T10:18:37+00:00\",\"mainEntityOfPage\":{\"@id\":\"https:\/\/innoavi.es\/es\/3-de-diciembre-ciencia-citricos-y-cocina\/\"},\"wordCount\":47,\"articleSection\":[\"Sin categorizar\"],\"inLanguage\":\"es\"},{\"@type\":\"WebPage\",\"@id\":\"https:\/\/innoavi.es\/es\/3-de-diciembre-ciencia-citricos-y-cocina\/\",\"url\":\"https:\/\/innoavi.es\/es\/3-de-diciembre-ciencia-citricos-y-cocina\/\",\"name\":\"3 DE DICIEMBRE | Ciencia, c\u00edtricos y cocina - AVI |\u00a0Ag\u00e8ncia Valenciana de la Innovaci\u00f3\",\"isPartOf\":{\"@id\":\"https:\/\/innoavi.es\/es\/#website\"},\"datePublished\":\"2018-12-02T10:18:37+00:00\",\"author\":{\"@id\":\"https:\/\/innoavi.es\/es\/#\/schema\/person\/cc5bf07456956a9205069c432fb8fa32\"},\"description\":\"El Consejo Superior de Investigaciones Cient\u00edficas en la Comunitat Valenciana organiza una jornada sobre c\u00edtricos que incluye talleres y un showcooking\",\"breadcrumb\":{\"@id\":\"https:\/\/innoavi.es\/es\/3-de-diciembre-ciencia-citricos-y-cocina\/#breadcrumb\"},\"inLanguage\":\"es\",\"potentialAction\":[{\"@type\":\"ReadAction\",\"target\":[\"https:\/\/innoavi.es\/es\/3-de-diciembre-ciencia-citricos-y-cocina\/\"]}]},{\"@type\":\"BreadcrumbList\",\"@id\":\"https:\/\/innoavi.es\/es\/3-de-diciembre-ciencia-citricos-y-cocina\/#breadcrumb\",\"itemListElement\":[{\"@type\":\"ListItem\",\"position\":1,\"name\":\"Portada\",\"item\":\"https:\/\/innoavi.es\/es\/\"},{\"@type\":\"ListItem\",\"position\":2,\"name\":\"3 DE DICIEMBRE | Ciencia, c\u00edtricos y cocina\"}]},{\"@type\":\"WebSite\",\"@id\":\"https:\/\/innoavi.es\/es\/#website\",\"url\":\"https:\/\/innoavi.es\/es\/\",\"name\":\"AVI |\u00a0Ag\u00e8ncia Valenciana de la Innovaci\u00f3\",\"description\":\"P\u00e0gina web oficial de l&#039;AVI\",\"potentialAction\":[{\"@type\":\"SearchAction\",\"target\":{\"@type\":\"EntryPoint\",\"urlTemplate\":\"https:\/\/innoavi.es\/es\/?s={search_term_string}\"},\"query-input\":{\"@type\":\"PropertyValueSpecification\",\"valueRequired\":true,\"valueName\":\"search_term_string\"}}],\"inLanguage\":\"es\"},{\"@type\":\"Person\",\"@id\":\"https:\/\/innoavi.es\/es\/#\/schema\/person\/cc5bf07456956a9205069c432fb8fa32\",\"name\":\"paco\"}]}<\/script>\n<!-- \/ Yoast SEO plugin. -->","yoast_head_json":{"title":"3 DE DICIEMBRE | Ciencia, c\u00edtricos y cocina - AVI |\u00a0Ag\u00e8ncia Valenciana de la Innovaci\u00f3","description":"El Consejo Superior de Investigaciones Cient\u00edficas en la Comunitat Valenciana organiza una jornada sobre c\u00edtricos que incluye talleres y un showcooking","robots":{"index":"index","follow":"follow","max-snippet":"max-snippet:-1","max-image-preview":"max-image-preview:large","max-video-preview":"max-video-preview:-1"},"canonical":"https:\/\/innoavi.es\/es\/3-de-diciembre-ciencia-citricos-y-cocina\/","og_locale":"es_ES","og_type":"article","og_title":"3 DE DICIEMBRE | Ciencia, c\u00edtricos y cocina - AVI |\u00a0Ag\u00e8ncia Valenciana de la Innovaci\u00f3","og_description":"El Consejo Superior de Investigaciones Cient\u00edficas en la Comunitat Valenciana organiza una jornada sobre c\u00edtricos que incluye talleres y un showcooking","og_url":"https:\/\/innoavi.es\/es\/3-de-diciembre-ciencia-citricos-y-cocina\/","og_site_name":"AVI |\u00a0Ag\u00e8ncia Valenciana de la Innovaci\u00f3","article_published_time":"2018-12-02T10:18:37+00:00","author":"paco","twitter_card":"summary_large_image","twitter_creator":"@GVAavi","twitter_site":"@GVAavi","twitter_misc":{"Escrito por":"paco"},"schema":{"@context":"https:\/\/schema.org","@graph":[{"@type":"Article","@id":"https:\/\/innoavi.es\/es\/3-de-diciembre-ciencia-citricos-y-cocina\/#article","isPartOf":{"@id":"https:\/\/innoavi.es\/es\/3-de-diciembre-ciencia-citricos-y-cocina\/"},"author":{"name":"paco","@id":"https:\/\/innoavi.es\/es\/#\/schema\/person\/cc5bf07456956a9205069c432fb8fa32"},"headline":"3 DE DICIEMBRE | Ciencia, c\u00edtricos y cocina","datePublished":"2018-12-02T10:18:37+00:00","mainEntityOfPage":{"@id":"https:\/\/innoavi.es\/es\/3-de-diciembre-ciencia-citricos-y-cocina\/"},"wordCount":47,"articleSection":["Sin categorizar"],"inLanguage":"es"},{"@type":"WebPage","@id":"https:\/\/innoavi.es\/es\/3-de-diciembre-ciencia-citricos-y-cocina\/","url":"https:\/\/innoavi.es\/es\/3-de-diciembre-ciencia-citricos-y-cocina\/","name":"3 DE DICIEMBRE | Ciencia, c\u00edtricos y cocina - AVI |\u00a0Ag\u00e8ncia Valenciana de la Innovaci\u00f3","isPartOf":{"@id":"https:\/\/innoavi.es\/es\/#website"},"datePublished":"2018-12-02T10:18:37+00:00","author":{"@id":"https:\/\/innoavi.es\/es\/#\/schema\/person\/cc5bf07456956a9205069c432fb8fa32"},"description":"El Consejo Superior de Investigaciones Cient\u00edficas en la Comunitat Valenciana organiza una jornada sobre c\u00edtricos que incluye talleres y un showcooking","breadcrumb":{"@id":"https:\/\/innoavi.es\/es\/3-de-diciembre-ciencia-citricos-y-cocina\/#breadcrumb"},"inLanguage":"es","potentialAction":[{"@type":"ReadAction","target":["https:\/\/innoavi.es\/es\/3-de-diciembre-ciencia-citricos-y-cocina\/"]}]},{"@type":"BreadcrumbList","@id":"https:\/\/innoavi.es\/es\/3-de-diciembre-ciencia-citricos-y-cocina\/#breadcrumb","itemListElement":[{"@type":"ListItem","position":1,"name":"Portada","item":"https:\/\/innoavi.es\/es\/"},{"@type":"ListItem","position":2,"name":"3 DE DICIEMBRE | Ciencia, c\u00edtricos y cocina"}]},{"@type":"WebSite","@id":"https:\/\/innoavi.es\/es\/#website","url":"https:\/\/innoavi.es\/es\/","name":"AVI |\u00a0Ag\u00e8ncia Valenciana de la Innovaci\u00f3","description":"P\u00e0gina web oficial de l&#039;AVI","potentialAction":[{"@type":"SearchAction","target":{"@type":"EntryPoint","urlTemplate":"https:\/\/innoavi.es\/es\/?s={search_term_string}"},"query-input":{"@type":"PropertyValueSpecification","valueRequired":true,"valueName":"search_term_string"}}],"inLanguage":"es"},{"@type":"Person","@id":"https:\/\/innoavi.es\/es\/#\/schema\/person\/cc5bf07456956a9205069c432fb8fa32","name":"paco"}]}},"_links":{"self":[{"href":"https:\/\/innoavi.es\/es\/wp-json\/wp\/v2\/posts\/8372","targetHints":{"allow":["GET"]}}],"collection":[{"href":"https:\/\/innoavi.es\/es\/wp-json\/wp\/v2\/posts"}],"about":[{"href":"https:\/\/innoavi.es\/es\/wp-json\/wp\/v2\/types\/post"}],"author":[{"embeddable":true,"href":"https:\/\/innoavi.es\/es\/wp-json\/wp\/v2\/users\/12"}],"replies":[{"embeddable":true,"href":"https:\/\/innoavi.es\/es\/wp-json\/wp\/v2\/comments?post=8372"}],"version-history":[{"count":1,"href":"https:\/\/innoavi.es\/es\/wp-json\/wp\/v2\/posts\/8372\/revisions"}],"predecessor-version":[{"id":8373,"href":"https:\/\/innoavi.es\/es\/wp-json\/wp\/v2\/posts\/8372\/revisions\/8373"}],"wp:attachment":[{"href":"https:\/\/innoavi.es\/es\/wp-json\/wp\/v2\/media?parent=8372"}],"wp:term":[{"taxonomy":"category","embeddable":true,"href":"https:\/\/innoavi.es\/es\/wp-json\/wp\/v2\/categories?post=8372"},{"taxonomy":"post_tag","embeddable":true,"href":"https:\/\/innoavi.es\/es\/wp-json\/wp\/v2\/tags?post=8372"}],"curies":[{"name":"wp","href":"https:\/\/api.w.org\/{rel}","templated":true}]}}