{"id":8219,"date":"2018-11-06T18:12:58","date_gmt":"2018-11-06T17:12:58","guid":{"rendered":"http:\/\/innoavi.es\/es\/?p=8219"},"modified":"2018-11-06T18:12:58","modified_gmt":"2018-11-06T17:12:58","slug":"15-de-noviembre-ix-jornadas-de-desarrollo-local-de-la-comunitat-valenciana","status":"publish","type":"post","link":"https:\/\/innoavi.es\/es\/15-de-noviembre-ix-jornadas-de-desarrollo-local-de-la-comunitat-valenciana\/","title":{"rendered":"15 DE NOVIEMBRE | IX Jornadas de Desarrollo Local de la Comunitat Valenciana"},"content":{"rendered":"<p>El Departamento de Sociolog\u00eda y Antropolog\u00eda Social de la Facultad de Ciencias Sociales de la Universidad de Valencia organiza la Jornada de desarrollo local, en la que colabora el Servicio de Formaci\u00f3n de la Diputaci\u00f3n de Valencia. En esta novena edici\u00f3n, la jornada se centra en el conocimiento y la difusi\u00f3n de herramientas y experiencias de planificaci\u00f3n e innovaci\u00f3n territorial (I+D+i+T). Se pretende que sea una jornada que sirva para la reflexi\u00f3n y para dar visibilidad a experiencias de inter\u00e9s, as\u00ed como para generar un debate y compartir herramientas que puedan ser de utilidad.<\/p><p><strong>9.00 horas.<\/strong> Sal\u00f3n de Actos de la biblioteca Gregori Mayans.<br \/>Facultad de Ciencias Sociales de la Universitat de Val\u00e8ncia<br \/>Avenida de los Naranjos, s\/n<br \/><br \/><br \/><\/p>","protected":false},"excerpt":{"rendered":"<p>El Departamento de Sociolog\u00eda y Antropolog\u00eda Social de la Facultad de Ciencias Sociales de la Universidad de Valencia organiza la Jornada de desarrollo local, en la que colabora el Servicio de Formaci\u00f3n de la Diputaci\u00f3n de Valencia. En esta novena edici\u00f3n, la jornada se centra en el conocimiento y la difusi\u00f3n de herramientas y experiencias de planificaci\u00f3n e innovaci\u00f3n territorial (I+D+i+T). Se pretende que sea una jornada que sirva para la reflexi\u00f3n y para dar visibilidad a experiencias de inter\u00e9s, as\u00ed como para generar un debate y compartir herramientas que<a class=\"more-link\" href=\"https:\/\/innoavi.es\/es\/15-de-noviembre-ix-jornadas-de-desarrollo-local-de-la-comunitat-valenciana\/\">SEE DETAILS <span class=\"more-link-image\"><\/span><span class=\"more-link-hover-image\"><\/span><\/a><\/p>\n","protected":false},"author":12,"featured_media":8220,"comment_status":"closed","ping_status":"open","sticky":false,"template":"","format":"standard","meta":{"_acf_changed":false,"footnotes":""},"categories":[198,205],"tags":[],"class_list":["post-8219","post","type-post","status-publish","format-standard","has-post-thumbnail","hentry","category-agenda-svi","category-sin-categorizar"],"acf":[],"yoast_head":"<!-- This site is optimized with the Yoast SEO plugin v26.7 - https:\/\/yoast.com\/wordpress\/plugins\/seo\/ -->\n<title>15 DE NOVIEMBRE | IX Jornadas de Desarrollo Local de la Comunitat Valenciana - AVI |\u00a0Ag\u00e8ncia Valenciana de la Innovaci\u00f3<\/title>\n<meta name=\"description\" content=\"El Departamento de Sociolog\u00eda y Antropolog\u00eda Social de la Facultad de Ciencias Sociales de la Universidad de Valencia organiza la Jornada de desarrollo\" \/>\n<meta name=\"robots\" content=\"index, follow, max-snippet:-1, max-image-preview:large, max-video-preview:-1\" \/>\n<link rel=\"canonical\" href=\"https:\/\/innoavi.es\/es\/15-de-noviembre-ix-jornadas-de-desarrollo-local-de-la-comunitat-valenciana\/\" \/>\n<meta property=\"og:locale\" content=\"es_ES\" \/>\n<meta property=\"og:type\" content=\"article\" \/>\n<meta property=\"og:title\" content=\"15 DE NOVIEMBRE | IX Jornadas de Desarrollo Local de la Comunitat Valenciana - AVI |\u00a0Ag\u00e8ncia Valenciana de la Innovaci\u00f3\" \/>\n<meta property=\"og:description\" content=\"El Departamento de Sociolog\u00eda y Antropolog\u00eda Social de la Facultad de Ciencias Sociales de la Universidad de Valencia organiza la Jornada de desarrollo\" \/>\n<meta property=\"og:url\" content=\"https:\/\/innoavi.es\/es\/15-de-noviembre-ix-jornadas-de-desarrollo-local-de-la-comunitat-valenciana\/\" \/>\n<meta property=\"og:site_name\" content=\"AVI |\u00a0Ag\u00e8ncia Valenciana de la Innovaci\u00f3\" \/>\n<meta property=\"article:published_time\" content=\"2018-11-06T17:12:58+00:00\" \/>\n<meta property=\"og:image\" content=\"https:\/\/innoavi.es\/wp-content\/uploads\/2018\/11\/gridet.jpg\" \/>\n\t<meta property=\"og:image:width\" content=\"200\" \/>\n\t<meta property=\"og:image:height\" content=\"200\" \/>\n\t<meta property=\"og:image:type\" content=\"image\/jpeg\" \/>\n<meta name=\"author\" content=\"paco\" \/>\n<meta name=\"twitter:card\" content=\"summary_large_image\" \/>\n<meta name=\"twitter:creator\" content=\"@GVAavi\" \/>\n<meta name=\"twitter:site\" content=\"@GVAavi\" \/>\n<meta name=\"twitter:label1\" content=\"Escrito por\" \/>\n\t<meta name=\"twitter:data1\" content=\"paco\" \/>\n\t<meta name=\"twitter:label2\" content=\"Tiempo de lectura\" \/>\n\t<meta name=\"twitter:data2\" content=\"1 minuto\" \/>\n<script type=\"application\/ld+json\" class=\"yoast-schema-graph\">{\"@context\":\"https:\/\/schema.org\",\"@graph\":[{\"@type\":\"Article\",\"@id\":\"https:\/\/innoavi.es\/es\/15-de-noviembre-ix-jornadas-de-desarrollo-local-de-la-comunitat-valenciana\/#article\",\"isPartOf\":{\"@id\":\"https:\/\/innoavi.es\/es\/15-de-noviembre-ix-jornadas-de-desarrollo-local-de-la-comunitat-valenciana\/\"},\"author\":{\"name\":\"paco\",\"@id\":\"https:\/\/innoavi.es\/es\/#\/schema\/person\/cc5bf07456956a9205069c432fb8fa32\"},\"headline\":\"15 DE NOVIEMBRE | IX Jornadas de Desarrollo Local de la Comunitat Valenciana\",\"datePublished\":\"2018-11-06T17:12:58+00:00\",\"mainEntityOfPage\":{\"@id\":\"https:\/\/innoavi.es\/es\/15-de-noviembre-ix-jornadas-de-desarrollo-local-de-la-comunitat-valenciana\/\"},\"wordCount\":143,\"image\":{\"@id\":\"https:\/\/innoavi.es\/es\/15-de-noviembre-ix-jornadas-de-desarrollo-local-de-la-comunitat-valenciana\/#primaryimage\"},\"thumbnailUrl\":\"https:\/\/innoavi.es\/wp-content\/uploads\/2018\/11\/gridet.jpg\",\"articleSection\":[\"Agenda SVI\",\"Sin categorizar\"],\"inLanguage\":\"es\"},{\"@type\":\"WebPage\",\"@id\":\"https:\/\/innoavi.es\/es\/15-de-noviembre-ix-jornadas-de-desarrollo-local-de-la-comunitat-valenciana\/\",\"url\":\"https:\/\/innoavi.es\/es\/15-de-noviembre-ix-jornadas-de-desarrollo-local-de-la-comunitat-valenciana\/\",\"name\":\"15 DE NOVIEMBRE | IX Jornadas de Desarrollo Local de la Comunitat Valenciana - AVI |\u00a0Ag\u00e8ncia Valenciana de la Innovaci\u00f3\",\"isPartOf\":{\"@id\":\"https:\/\/innoavi.es\/es\/#website\"},\"primaryImageOfPage\":{\"@id\":\"https:\/\/innoavi.es\/es\/15-de-noviembre-ix-jornadas-de-desarrollo-local-de-la-comunitat-valenciana\/#primaryimage\"},\"image\":{\"@id\":\"https:\/\/innoavi.es\/es\/15-de-noviembre-ix-jornadas-de-desarrollo-local-de-la-comunitat-valenciana\/#primaryimage\"},\"thumbnailUrl\":\"https:\/\/innoavi.es\/wp-content\/uploads\/2018\/11\/gridet.jpg\",\"datePublished\":\"2018-11-06T17:12:58+00:00\",\"author\":{\"@id\":\"https:\/\/innoavi.es\/es\/#\/schema\/person\/cc5bf07456956a9205069c432fb8fa32\"},\"description\":\"El Departamento de Sociolog\u00eda y Antropolog\u00eda Social de la Facultad de Ciencias Sociales de la Universidad de Valencia organiza la Jornada de desarrollo\",\"breadcrumb\":{\"@id\":\"https:\/\/innoavi.es\/es\/15-de-noviembre-ix-jornadas-de-desarrollo-local-de-la-comunitat-valenciana\/#breadcrumb\"},\"inLanguage\":\"es\",\"potentialAction\":[{\"@type\":\"ReadAction\",\"target\":[\"https:\/\/innoavi.es\/es\/15-de-noviembre-ix-jornadas-de-desarrollo-local-de-la-comunitat-valenciana\/\"]}]},{\"@type\":\"ImageObject\",\"inLanguage\":\"es\",\"@id\":\"https:\/\/innoavi.es\/es\/15-de-noviembre-ix-jornadas-de-desarrollo-local-de-la-comunitat-valenciana\/#primaryimage\",\"url\":\"https:\/\/innoavi.es\/wp-content\/uploads\/2018\/11\/gridet.jpg\",\"contentUrl\":\"https:\/\/innoavi.es\/wp-content\/uploads\/2018\/11\/gridet.jpg\",\"width\":200,\"height\":200},{\"@type\":\"BreadcrumbList\",\"@id\":\"https:\/\/innoavi.es\/es\/15-de-noviembre-ix-jornadas-de-desarrollo-local-de-la-comunitat-valenciana\/#breadcrumb\",\"itemListElement\":[{\"@type\":\"ListItem\",\"position\":1,\"name\":\"Portada\",\"item\":\"https:\/\/innoavi.es\/es\/\"},{\"@type\":\"ListItem\",\"position\":2,\"name\":\"15 DE NOVIEMBRE | IX Jornadas de Desarrollo Local de la Comunitat Valenciana\"}]},{\"@type\":\"WebSite\",\"@id\":\"https:\/\/innoavi.es\/es\/#website\",\"url\":\"https:\/\/innoavi.es\/es\/\",\"name\":\"AVI |\u00a0Ag\u00e8ncia Valenciana de la Innovaci\u00f3\",\"description\":\"P\u00e0gina web oficial de l&#039;AVI\",\"potentialAction\":[{\"@type\":\"SearchAction\",\"target\":{\"@type\":\"EntryPoint\",\"urlTemplate\":\"https:\/\/innoavi.es\/es\/?s={search_term_string}\"},\"query-input\":{\"@type\":\"PropertyValueSpecification\",\"valueRequired\":true,\"valueName\":\"search_term_string\"}}],\"inLanguage\":\"es\"},{\"@type\":\"Person\",\"@id\":\"https:\/\/innoavi.es\/es\/#\/schema\/person\/cc5bf07456956a9205069c432fb8fa32\",\"name\":\"paco\"}]}<\/script>\n<!-- \/ Yoast SEO plugin. -->","yoast_head_json":{"title":"15 DE NOVIEMBRE | IX Jornadas de Desarrollo Local de la Comunitat Valenciana - AVI |\u00a0Ag\u00e8ncia Valenciana de la Innovaci\u00f3","description":"El Departamento de Sociolog\u00eda y Antropolog\u00eda Social de la Facultad de Ciencias Sociales de la Universidad de Valencia organiza la Jornada de desarrollo","robots":{"index":"index","follow":"follow","max-snippet":"max-snippet:-1","max-image-preview":"max-image-preview:large","max-video-preview":"max-video-preview:-1"},"canonical":"https:\/\/innoavi.es\/es\/15-de-noviembre-ix-jornadas-de-desarrollo-local-de-la-comunitat-valenciana\/","og_locale":"es_ES","og_type":"article","og_title":"15 DE NOVIEMBRE | IX Jornadas de Desarrollo Local de la Comunitat Valenciana - AVI |\u00a0Ag\u00e8ncia Valenciana de la Innovaci\u00f3","og_description":"El Departamento de Sociolog\u00eda y Antropolog\u00eda Social de la Facultad de Ciencias Sociales de la Universidad de Valencia organiza la Jornada de desarrollo","og_url":"https:\/\/innoavi.es\/es\/15-de-noviembre-ix-jornadas-de-desarrollo-local-de-la-comunitat-valenciana\/","og_site_name":"AVI |\u00a0Ag\u00e8ncia Valenciana de la Innovaci\u00f3","article_published_time":"2018-11-06T17:12:58+00:00","og_image":[{"width":200,"height":200,"url":"https:\/\/innoavi.es\/wp-content\/uploads\/2018\/11\/gridet.jpg","type":"image\/jpeg"}],"author":"paco","twitter_card":"summary_large_image","twitter_creator":"@GVAavi","twitter_site":"@GVAavi","twitter_misc":{"Escrito por":"paco","Tiempo de lectura":"1 minuto"},"schema":{"@context":"https:\/\/schema.org","@graph":[{"@type":"Article","@id":"https:\/\/innoavi.es\/es\/15-de-noviembre-ix-jornadas-de-desarrollo-local-de-la-comunitat-valenciana\/#article","isPartOf":{"@id":"https:\/\/innoavi.es\/es\/15-de-noviembre-ix-jornadas-de-desarrollo-local-de-la-comunitat-valenciana\/"},"author":{"name":"paco","@id":"https:\/\/innoavi.es\/es\/#\/schema\/person\/cc5bf07456956a9205069c432fb8fa32"},"headline":"15 DE NOVIEMBRE | IX Jornadas de Desarrollo Local de la Comunitat Valenciana","datePublished":"2018-11-06T17:12:58+00:00","mainEntityOfPage":{"@id":"https:\/\/innoavi.es\/es\/15-de-noviembre-ix-jornadas-de-desarrollo-local-de-la-comunitat-valenciana\/"},"wordCount":143,"image":{"@id":"https:\/\/innoavi.es\/es\/15-de-noviembre-ix-jornadas-de-desarrollo-local-de-la-comunitat-valenciana\/#primaryimage"},"thumbnailUrl":"https:\/\/innoavi.es\/wp-content\/uploads\/2018\/11\/gridet.jpg","articleSection":["Agenda SVI","Sin categorizar"],"inLanguage":"es"},{"@type":"WebPage","@id":"https:\/\/innoavi.es\/es\/15-de-noviembre-ix-jornadas-de-desarrollo-local-de-la-comunitat-valenciana\/","url":"https:\/\/innoavi.es\/es\/15-de-noviembre-ix-jornadas-de-desarrollo-local-de-la-comunitat-valenciana\/","name":"15 DE NOVIEMBRE | IX Jornadas de Desarrollo Local de la Comunitat Valenciana - AVI |\u00a0Ag\u00e8ncia Valenciana de la Innovaci\u00f3","isPartOf":{"@id":"https:\/\/innoavi.es\/es\/#website"},"primaryImageOfPage":{"@id":"https:\/\/innoavi.es\/es\/15-de-noviembre-ix-jornadas-de-desarrollo-local-de-la-comunitat-valenciana\/#primaryimage"},"image":{"@id":"https:\/\/innoavi.es\/es\/15-de-noviembre-ix-jornadas-de-desarrollo-local-de-la-comunitat-valenciana\/#primaryimage"},"thumbnailUrl":"https:\/\/innoavi.es\/wp-content\/uploads\/2018\/11\/gridet.jpg","datePublished":"2018-11-06T17:12:58+00:00","author":{"@id":"https:\/\/innoavi.es\/es\/#\/schema\/person\/cc5bf07456956a9205069c432fb8fa32"},"description":"El Departamento de Sociolog\u00eda y Antropolog\u00eda Social de la Facultad de Ciencias Sociales de la Universidad de Valencia organiza la Jornada de desarrollo","breadcrumb":{"@id":"https:\/\/innoavi.es\/es\/15-de-noviembre-ix-jornadas-de-desarrollo-local-de-la-comunitat-valenciana\/#breadcrumb"},"inLanguage":"es","potentialAction":[{"@type":"ReadAction","target":["https:\/\/innoavi.es\/es\/15-de-noviembre-ix-jornadas-de-desarrollo-local-de-la-comunitat-valenciana\/"]}]},{"@type":"ImageObject","inLanguage":"es","@id":"https:\/\/innoavi.es\/es\/15-de-noviembre-ix-jornadas-de-desarrollo-local-de-la-comunitat-valenciana\/#primaryimage","url":"https:\/\/innoavi.es\/wp-content\/uploads\/2018\/11\/gridet.jpg","contentUrl":"https:\/\/innoavi.es\/wp-content\/uploads\/2018\/11\/gridet.jpg","width":200,"height":200},{"@type":"BreadcrumbList","@id":"https:\/\/innoavi.es\/es\/15-de-noviembre-ix-jornadas-de-desarrollo-local-de-la-comunitat-valenciana\/#breadcrumb","itemListElement":[{"@type":"ListItem","position":1,"name":"Portada","item":"https:\/\/innoavi.es\/es\/"},{"@type":"ListItem","position":2,"name":"15 DE NOVIEMBRE | IX Jornadas de Desarrollo Local de la Comunitat Valenciana"}]},{"@type":"WebSite","@id":"https:\/\/innoavi.es\/es\/#website","url":"https:\/\/innoavi.es\/es\/","name":"AVI |\u00a0Ag\u00e8ncia Valenciana de la Innovaci\u00f3","description":"P\u00e0gina web oficial de l&#039;AVI","potentialAction":[{"@type":"SearchAction","target":{"@type":"EntryPoint","urlTemplate":"https:\/\/innoavi.es\/es\/?s={search_term_string}"},"query-input":{"@type":"PropertyValueSpecification","valueRequired":true,"valueName":"search_term_string"}}],"inLanguage":"es"},{"@type":"Person","@id":"https:\/\/innoavi.es\/es\/#\/schema\/person\/cc5bf07456956a9205069c432fb8fa32","name":"paco"}]}},"_links":{"self":[{"href":"https:\/\/innoavi.es\/es\/wp-json\/wp\/v2\/posts\/8219","targetHints":{"allow":["GET"]}}],"collection":[{"href":"https:\/\/innoavi.es\/es\/wp-json\/wp\/v2\/posts"}],"about":[{"href":"https:\/\/innoavi.es\/es\/wp-json\/wp\/v2\/types\/post"}],"author":[{"embeddable":true,"href":"https:\/\/innoavi.es\/es\/wp-json\/wp\/v2\/users\/12"}],"replies":[{"embeddable":true,"href":"https:\/\/innoavi.es\/es\/wp-json\/wp\/v2\/comments?post=8219"}],"version-history":[{"count":1,"href":"https:\/\/innoavi.es\/es\/wp-json\/wp\/v2\/posts\/8219\/revisions"}],"predecessor-version":[{"id":8221,"href":"https:\/\/innoavi.es\/es\/wp-json\/wp\/v2\/posts\/8219\/revisions\/8221"}],"wp:featuredmedia":[{"embeddable":true,"href":"https:\/\/innoavi.es\/es\/wp-json\/wp\/v2\/media\/8220"}],"wp:attachment":[{"href":"https:\/\/innoavi.es\/es\/wp-json\/wp\/v2\/media?parent=8219"}],"wp:term":[{"taxonomy":"category","embeddable":true,"href":"https:\/\/innoavi.es\/es\/wp-json\/wp\/v2\/categories?post=8219"},{"taxonomy":"post_tag","embeddable":true,"href":"https:\/\/innoavi.es\/es\/wp-json\/wp\/v2\/tags?post=8219"}],"curies":[{"name":"wp","href":"https:\/\/api.w.org\/{rel}","templated":true}]}}