{"id":8169,"date":"2018-11-05T14:49:39","date_gmt":"2018-11-05T13:49:39","guid":{"rendered":"http:\/\/innoavi.es\/es\/?p=8169"},"modified":"2018-11-06T14:57:34","modified_gmt":"2018-11-06T13:57:34","slug":"7-de-noviembre-ecofira-alternativas-reales-para-un-desarrollo-sostenible","status":"publish","type":"post","link":"https:\/\/innoavi.es\/es\/7-de-noviembre-ecofira-alternativas-reales-para-un-desarrollo-sostenible\/","title":{"rendered":"7 DE NOVIEMBRE | Ecofira: \u2018Alternativas reales para un desarrollo sostenible\u2019"},"content":{"rendered":"<img loading=\"lazy\" decoding=\"async\" class=\"alignnone size-medium wp-image-8171\" src=\"http:\/\/innoavi.es\/wp-content\/uploads\/2018\/11\/ecofira2-600x250.jpg\" alt=\"\" width=\"600\" height=\"250\" srcset=\"https:\/\/innoavi.es\/wp-content\/uploads\/2018\/11\/ecofira2-600x250.jpg 600w, https:\/\/innoavi.es\/wp-content\/uploads\/2018\/11\/ecofira2-768x320.jpg 768w, https:\/\/innoavi.es\/wp-content\/uploads\/2018\/11\/ecofira2-1024x427.jpg 1024w, https:\/\/innoavi.es\/wp-content\/uploads\/2018\/11\/ecofira2-1180x492.jpg 1180w, https:\/\/innoavi.es\/wp-content\/uploads\/2018\/11\/ecofira2.jpg 1920w\" sizes=\"auto, (max-width: 600px) 100vw, 600px\" \/><br \/><br \/>La Ag\u00e8ncia Valenciana de la Innovaci\u00f3 participa en la mesa rendonda\u00a0\u2018Alternativas reales para un desarrollo sostenible\u2019, que organiza el portal de informaci\u00f3n medioambiental iambiente en el marco del cert\u00e1men Ecofira.\u00a0De la mano de diferentes profesionales, se analizar\u00e1 el concepto Desarrollo Sostenible con diferentes propuestas pr\u00e1cticas de este cruce de objetivos econ\u00f3micos, responsabilidad social y protecci\u00f3n ambiental. Desde los \u00e1mbitos de Universidad, Empresa y Administraci\u00f3n se comprobar\u00e1 c\u00f3mo cada vez m\u00e1s organizaciones comprenden que a las responsabilidades econ\u00f3micas se suman las sociales y ambientales.\u00a0<br \/><br \/><strong>12 horas<\/strong>. Feria Valencia. <br \/>Avenida de las Ferias, s\/n","protected":false},"excerpt":{"rendered":"<p>La Ag\u00e8ncia Valenciana de la Innovaci\u00f3 participa en la mesa rendonda\u00a0\u2018Alternativas reales para un desarrollo sostenible\u2019, que organiza el portal de informaci\u00f3n medioambiental iambiente en el marco del cert\u00e1men Ecofira.\u00a0De la mano de diferentes profesionales, se analizar\u00e1 el concepto Desarrollo Sostenible con diferentes propuestas pr\u00e1cticas de este cruce de objetivos econ\u00f3micos, responsabilidad social y protecci\u00f3n ambiental. Desde los \u00e1mbitos de Universidad, Empresa y Administraci\u00f3n se comprobar\u00e1 c\u00f3mo cada vez m\u00e1s organizaciones comprenden que a las responsabilidades econ\u00f3micas se suman las sociales y ambientales.\u00a012 horas. Feria Valencia. Avenida de las Ferias,<a class=\"more-link\" href=\"https:\/\/innoavi.es\/es\/7-de-noviembre-ecofira-alternativas-reales-para-un-desarrollo-sostenible\/\">SEE DETAILS <span class=\"more-link-image\"><\/span><span class=\"more-link-hover-image\"><\/span><\/a><\/p>\n","protected":false},"author":12,"featured_media":8170,"comment_status":"closed","ping_status":"open","sticky":false,"template":"","format":"standard","meta":{"_acf_changed":false,"footnotes":""},"categories":[198,205],"tags":[],"class_list":["post-8169","post","type-post","status-publish","format-standard","has-post-thumbnail","hentry","category-agenda-svi","category-sin-categorizar"],"acf":[],"yoast_head":"<!-- This site is optimized with the Yoast SEO plugin v26.7 - https:\/\/yoast.com\/wordpress\/plugins\/seo\/ -->\n<title>7 DE NOVIEMBRE | Ecofira: \u2018Alternativas reales para un desarrollo sostenible\u2019 - AVI |\u00a0Ag\u00e8ncia Valenciana de la Innovaci\u00f3<\/title>\n<meta name=\"description\" content=\"La Ag\u00e8ncia Valenciana de la Innovaci\u00f3 participa en la mesa rendonda\u00a0\u2018Alternativas reales para un desarrollo sostenible\u2019, que organiza el portal de\" \/>\n<meta name=\"robots\" content=\"index, follow, max-snippet:-1, max-image-preview:large, max-video-preview:-1\" \/>\n<link rel=\"canonical\" href=\"https:\/\/innoavi.es\/es\/7-de-noviembre-ecofira-alternativas-reales-para-un-desarrollo-sostenible\/\" \/>\n<meta property=\"og:locale\" content=\"es_ES\" \/>\n<meta property=\"og:type\" content=\"article\" \/>\n<meta property=\"og:title\" content=\"7 DE NOVIEMBRE | Ecofira: \u2018Alternativas reales para un desarrollo sostenible\u2019 - AVI |\u00a0Ag\u00e8ncia Valenciana de la Innovaci\u00f3\" \/>\n<meta property=\"og:description\" content=\"La Ag\u00e8ncia Valenciana de la Innovaci\u00f3 participa en la mesa rendonda\u00a0\u2018Alternativas reales para un desarrollo sostenible\u2019, que organiza el portal de\" \/>\n<meta property=\"og:url\" content=\"https:\/\/innoavi.es\/es\/7-de-noviembre-ecofira-alternativas-reales-para-un-desarrollo-sostenible\/\" \/>\n<meta property=\"og:site_name\" content=\"AVI |\u00a0Ag\u00e8ncia Valenciana de la Innovaci\u00f3\" \/>\n<meta property=\"article:published_time\" content=\"2018-11-05T13:49:39+00:00\" \/>\n<meta property=\"article:modified_time\" content=\"2018-11-06T13:57:34+00:00\" \/>\n<meta property=\"og:image\" content=\"https:\/\/innoavi.es\/wp-content\/uploads\/2018\/11\/ecofira1.jpg\" \/>\n\t<meta property=\"og:image:width\" content=\"400\" \/>\n\t<meta property=\"og:image:height\" content=\"400\" \/>\n\t<meta property=\"og:image:type\" content=\"image\/jpeg\" \/>\n<meta name=\"author\" content=\"paco\" \/>\n<meta name=\"twitter:card\" content=\"summary_large_image\" \/>\n<meta name=\"twitter:creator\" content=\"@GVAavi\" \/>\n<meta name=\"twitter:site\" content=\"@GVAavi\" \/>\n<meta name=\"twitter:label1\" content=\"Escrito por\" \/>\n\t<meta name=\"twitter:data1\" content=\"paco\" \/>\n\t<meta name=\"twitter:label2\" content=\"Tiempo de lectura\" \/>\n\t<meta name=\"twitter:data2\" content=\"1 minuto\" \/>\n<script type=\"application\/ld+json\" class=\"yoast-schema-graph\">{\"@context\":\"https:\/\/schema.org\",\"@graph\":[{\"@type\":\"Article\",\"@id\":\"https:\/\/innoavi.es\/es\/7-de-noviembre-ecofira-alternativas-reales-para-un-desarrollo-sostenible\/#article\",\"isPartOf\":{\"@id\":\"https:\/\/innoavi.es\/es\/7-de-noviembre-ecofira-alternativas-reales-para-un-desarrollo-sostenible\/\"},\"author\":{\"name\":\"paco\",\"@id\":\"https:\/\/innoavi.es\/es\/#\/schema\/person\/cc5bf07456956a9205069c432fb8fa32\"},\"headline\":\"7 DE NOVIEMBRE | Ecofira: \u2018Alternativas reales para un desarrollo sostenible\u2019\",\"datePublished\":\"2018-11-05T13:49:39+00:00\",\"dateModified\":\"2018-11-06T13:57:34+00:00\",\"mainEntityOfPage\":{\"@id\":\"https:\/\/innoavi.es\/es\/7-de-noviembre-ecofira-alternativas-reales-para-un-desarrollo-sostenible\/\"},\"wordCount\":113,\"image\":{\"@id\":\"https:\/\/innoavi.es\/es\/7-de-noviembre-ecofira-alternativas-reales-para-un-desarrollo-sostenible\/#primaryimage\"},\"thumbnailUrl\":\"https:\/\/innoavi.es\/wp-content\/uploads\/2018\/11\/ecofira1.jpg\",\"articleSection\":[\"Agenda SVI\",\"Sin categorizar\"],\"inLanguage\":\"es\"},{\"@type\":\"WebPage\",\"@id\":\"https:\/\/innoavi.es\/es\/7-de-noviembre-ecofira-alternativas-reales-para-un-desarrollo-sostenible\/\",\"url\":\"https:\/\/innoavi.es\/es\/7-de-noviembre-ecofira-alternativas-reales-para-un-desarrollo-sostenible\/\",\"name\":\"7 DE NOVIEMBRE | Ecofira: \u2018Alternativas reales para un desarrollo sostenible\u2019 - AVI |\u00a0Ag\u00e8ncia Valenciana de la Innovaci\u00f3\",\"isPartOf\":{\"@id\":\"https:\/\/innoavi.es\/es\/#website\"},\"primaryImageOfPage\":{\"@id\":\"https:\/\/innoavi.es\/es\/7-de-noviembre-ecofira-alternativas-reales-para-un-desarrollo-sostenible\/#primaryimage\"},\"image\":{\"@id\":\"https:\/\/innoavi.es\/es\/7-de-noviembre-ecofira-alternativas-reales-para-un-desarrollo-sostenible\/#primaryimage\"},\"thumbnailUrl\":\"https:\/\/innoavi.es\/wp-content\/uploads\/2018\/11\/ecofira1.jpg\",\"datePublished\":\"2018-11-05T13:49:39+00:00\",\"dateModified\":\"2018-11-06T13:57:34+00:00\",\"author\":{\"@id\":\"https:\/\/innoavi.es\/es\/#\/schema\/person\/cc5bf07456956a9205069c432fb8fa32\"},\"description\":\"La Ag\u00e8ncia Valenciana de la Innovaci\u00f3 participa en la mesa rendonda\u00a0\u2018Alternativas reales para un desarrollo sostenible\u2019, que organiza el portal de\",\"breadcrumb\":{\"@id\":\"https:\/\/innoavi.es\/es\/7-de-noviembre-ecofira-alternativas-reales-para-un-desarrollo-sostenible\/#breadcrumb\"},\"inLanguage\":\"es\",\"potentialAction\":[{\"@type\":\"ReadAction\",\"target\":[\"https:\/\/innoavi.es\/es\/7-de-noviembre-ecofira-alternativas-reales-para-un-desarrollo-sostenible\/\"]}]},{\"@type\":\"ImageObject\",\"inLanguage\":\"es\",\"@id\":\"https:\/\/innoavi.es\/es\/7-de-noviembre-ecofira-alternativas-reales-para-un-desarrollo-sostenible\/#primaryimage\",\"url\":\"https:\/\/innoavi.es\/wp-content\/uploads\/2018\/11\/ecofira1.jpg\",\"contentUrl\":\"https:\/\/innoavi.es\/wp-content\/uploads\/2018\/11\/ecofira1.jpg\",\"width\":400,\"height\":400},{\"@type\":\"BreadcrumbList\",\"@id\":\"https:\/\/innoavi.es\/es\/7-de-noviembre-ecofira-alternativas-reales-para-un-desarrollo-sostenible\/#breadcrumb\",\"itemListElement\":[{\"@type\":\"ListItem\",\"position\":1,\"name\":\"Portada\",\"item\":\"https:\/\/innoavi.es\/es\/\"},{\"@type\":\"ListItem\",\"position\":2,\"name\":\"7 DE NOVIEMBRE | Ecofira: \u2018Alternativas reales para un desarrollo sostenible\u2019\"}]},{\"@type\":\"WebSite\",\"@id\":\"https:\/\/innoavi.es\/es\/#website\",\"url\":\"https:\/\/innoavi.es\/es\/\",\"name\":\"AVI |\u00a0Ag\u00e8ncia Valenciana de la Innovaci\u00f3\",\"description\":\"P\u00e0gina web oficial de l&#039;AVI\",\"potentialAction\":[{\"@type\":\"SearchAction\",\"target\":{\"@type\":\"EntryPoint\",\"urlTemplate\":\"https:\/\/innoavi.es\/es\/?s={search_term_string}\"},\"query-input\":{\"@type\":\"PropertyValueSpecification\",\"valueRequired\":true,\"valueName\":\"search_term_string\"}}],\"inLanguage\":\"es\"},{\"@type\":\"Person\",\"@id\":\"https:\/\/innoavi.es\/es\/#\/schema\/person\/cc5bf07456956a9205069c432fb8fa32\",\"name\":\"paco\"}]}<\/script>\n<!-- \/ Yoast SEO plugin. -->","yoast_head_json":{"title":"7 DE NOVIEMBRE | Ecofira: \u2018Alternativas reales para un desarrollo sostenible\u2019 - AVI |\u00a0Ag\u00e8ncia Valenciana de la Innovaci\u00f3","description":"La Ag\u00e8ncia Valenciana de la Innovaci\u00f3 participa en la mesa rendonda\u00a0\u2018Alternativas reales para un desarrollo sostenible\u2019, que organiza el portal de","robots":{"index":"index","follow":"follow","max-snippet":"max-snippet:-1","max-image-preview":"max-image-preview:large","max-video-preview":"max-video-preview:-1"},"canonical":"https:\/\/innoavi.es\/es\/7-de-noviembre-ecofira-alternativas-reales-para-un-desarrollo-sostenible\/","og_locale":"es_ES","og_type":"article","og_title":"7 DE NOVIEMBRE | Ecofira: \u2018Alternativas reales para un desarrollo sostenible\u2019 - AVI |\u00a0Ag\u00e8ncia Valenciana de la Innovaci\u00f3","og_description":"La Ag\u00e8ncia Valenciana de la Innovaci\u00f3 participa en la mesa rendonda\u00a0\u2018Alternativas reales para un desarrollo sostenible\u2019, que organiza el portal de","og_url":"https:\/\/innoavi.es\/es\/7-de-noviembre-ecofira-alternativas-reales-para-un-desarrollo-sostenible\/","og_site_name":"AVI |\u00a0Ag\u00e8ncia Valenciana de la Innovaci\u00f3","article_published_time":"2018-11-05T13:49:39+00:00","article_modified_time":"2018-11-06T13:57:34+00:00","og_image":[{"width":400,"height":400,"url":"https:\/\/innoavi.es\/wp-content\/uploads\/2018\/11\/ecofira1.jpg","type":"image\/jpeg"}],"author":"paco","twitter_card":"summary_large_image","twitter_creator":"@GVAavi","twitter_site":"@GVAavi","twitter_misc":{"Escrito por":"paco","Tiempo de lectura":"1 minuto"},"schema":{"@context":"https:\/\/schema.org","@graph":[{"@type":"Article","@id":"https:\/\/innoavi.es\/es\/7-de-noviembre-ecofira-alternativas-reales-para-un-desarrollo-sostenible\/#article","isPartOf":{"@id":"https:\/\/innoavi.es\/es\/7-de-noviembre-ecofira-alternativas-reales-para-un-desarrollo-sostenible\/"},"author":{"name":"paco","@id":"https:\/\/innoavi.es\/es\/#\/schema\/person\/cc5bf07456956a9205069c432fb8fa32"},"headline":"7 DE NOVIEMBRE | Ecofira: \u2018Alternativas reales para un desarrollo sostenible\u2019","datePublished":"2018-11-05T13:49:39+00:00","dateModified":"2018-11-06T13:57:34+00:00","mainEntityOfPage":{"@id":"https:\/\/innoavi.es\/es\/7-de-noviembre-ecofira-alternativas-reales-para-un-desarrollo-sostenible\/"},"wordCount":113,"image":{"@id":"https:\/\/innoavi.es\/es\/7-de-noviembre-ecofira-alternativas-reales-para-un-desarrollo-sostenible\/#primaryimage"},"thumbnailUrl":"https:\/\/innoavi.es\/wp-content\/uploads\/2018\/11\/ecofira1.jpg","articleSection":["Agenda SVI","Sin categorizar"],"inLanguage":"es"},{"@type":"WebPage","@id":"https:\/\/innoavi.es\/es\/7-de-noviembre-ecofira-alternativas-reales-para-un-desarrollo-sostenible\/","url":"https:\/\/innoavi.es\/es\/7-de-noviembre-ecofira-alternativas-reales-para-un-desarrollo-sostenible\/","name":"7 DE NOVIEMBRE | Ecofira: \u2018Alternativas reales para un desarrollo sostenible\u2019 - AVI |\u00a0Ag\u00e8ncia Valenciana de la Innovaci\u00f3","isPartOf":{"@id":"https:\/\/innoavi.es\/es\/#website"},"primaryImageOfPage":{"@id":"https:\/\/innoavi.es\/es\/7-de-noviembre-ecofira-alternativas-reales-para-un-desarrollo-sostenible\/#primaryimage"},"image":{"@id":"https:\/\/innoavi.es\/es\/7-de-noviembre-ecofira-alternativas-reales-para-un-desarrollo-sostenible\/#primaryimage"},"thumbnailUrl":"https:\/\/innoavi.es\/wp-content\/uploads\/2018\/11\/ecofira1.jpg","datePublished":"2018-11-05T13:49:39+00:00","dateModified":"2018-11-06T13:57:34+00:00","author":{"@id":"https:\/\/innoavi.es\/es\/#\/schema\/person\/cc5bf07456956a9205069c432fb8fa32"},"description":"La Ag\u00e8ncia Valenciana de la Innovaci\u00f3 participa en la mesa rendonda\u00a0\u2018Alternativas reales para un desarrollo sostenible\u2019, que organiza el portal de","breadcrumb":{"@id":"https:\/\/innoavi.es\/es\/7-de-noviembre-ecofira-alternativas-reales-para-un-desarrollo-sostenible\/#breadcrumb"},"inLanguage":"es","potentialAction":[{"@type":"ReadAction","target":["https:\/\/innoavi.es\/es\/7-de-noviembre-ecofira-alternativas-reales-para-un-desarrollo-sostenible\/"]}]},{"@type":"ImageObject","inLanguage":"es","@id":"https:\/\/innoavi.es\/es\/7-de-noviembre-ecofira-alternativas-reales-para-un-desarrollo-sostenible\/#primaryimage","url":"https:\/\/innoavi.es\/wp-content\/uploads\/2018\/11\/ecofira1.jpg","contentUrl":"https:\/\/innoavi.es\/wp-content\/uploads\/2018\/11\/ecofira1.jpg","width":400,"height":400},{"@type":"BreadcrumbList","@id":"https:\/\/innoavi.es\/es\/7-de-noviembre-ecofira-alternativas-reales-para-un-desarrollo-sostenible\/#breadcrumb","itemListElement":[{"@type":"ListItem","position":1,"name":"Portada","item":"https:\/\/innoavi.es\/es\/"},{"@type":"ListItem","position":2,"name":"7 DE NOVIEMBRE | Ecofira: \u2018Alternativas reales para un desarrollo sostenible\u2019"}]},{"@type":"WebSite","@id":"https:\/\/innoavi.es\/es\/#website","url":"https:\/\/innoavi.es\/es\/","name":"AVI |\u00a0Ag\u00e8ncia Valenciana de la Innovaci\u00f3","description":"P\u00e0gina web oficial de l&#039;AVI","potentialAction":[{"@type":"SearchAction","target":{"@type":"EntryPoint","urlTemplate":"https:\/\/innoavi.es\/es\/?s={search_term_string}"},"query-input":{"@type":"PropertyValueSpecification","valueRequired":true,"valueName":"search_term_string"}}],"inLanguage":"es"},{"@type":"Person","@id":"https:\/\/innoavi.es\/es\/#\/schema\/person\/cc5bf07456956a9205069c432fb8fa32","name":"paco"}]}},"_links":{"self":[{"href":"https:\/\/innoavi.es\/es\/wp-json\/wp\/v2\/posts\/8169","targetHints":{"allow":["GET"]}}],"collection":[{"href":"https:\/\/innoavi.es\/es\/wp-json\/wp\/v2\/posts"}],"about":[{"href":"https:\/\/innoavi.es\/es\/wp-json\/wp\/v2\/types\/post"}],"author":[{"embeddable":true,"href":"https:\/\/innoavi.es\/es\/wp-json\/wp\/v2\/users\/12"}],"replies":[{"embeddable":true,"href":"https:\/\/innoavi.es\/es\/wp-json\/wp\/v2\/comments?post=8169"}],"version-history":[{"count":2,"href":"https:\/\/innoavi.es\/es\/wp-json\/wp\/v2\/posts\/8169\/revisions"}],"predecessor-version":[{"id":8173,"href":"https:\/\/innoavi.es\/es\/wp-json\/wp\/v2\/posts\/8169\/revisions\/8173"}],"wp:featuredmedia":[{"embeddable":true,"href":"https:\/\/innoavi.es\/es\/wp-json\/wp\/v2\/media\/8170"}],"wp:attachment":[{"href":"https:\/\/innoavi.es\/es\/wp-json\/wp\/v2\/media?parent=8169"}],"wp:term":[{"taxonomy":"category","embeddable":true,"href":"https:\/\/innoavi.es\/es\/wp-json\/wp\/v2\/categories?post=8169"},{"taxonomy":"post_tag","embeddable":true,"href":"https:\/\/innoavi.es\/es\/wp-json\/wp\/v2\/tags?post=8169"}],"curies":[{"name":"wp","href":"https:\/\/api.w.org\/{rel}","templated":true}]}}