{"id":7550,"date":"2018-07-18T19:30:10","date_gmt":"2018-07-18T17:30:10","guid":{"rendered":"http:\/\/innoavi.es\/es\/?p=7550"},"modified":"2018-07-24T18:18:37","modified_gmt":"2018-07-24T16:18:37","slug":"24-de-julio-presentacion-de-la-convocatoria-de-ayudas-de-la-avi-en-castello","status":"publish","type":"post","link":"https:\/\/innoavi.es\/es\/24-de-julio-presentacion-de-la-convocatoria-de-ayudas-de-la-avi-en-castello\/","title":{"rendered":"24 DE JULIO | Presentaci\u00f3n de la convocatoria de ayudas de la AVI en Castell\u00f3"},"content":{"rendered":"<img loading=\"lazy\" decoding=\"async\" class=\"alignnone  wp-image-7553\" src=\"http:\/\/innoavi.es\/wp-content\/uploads\/2018\/07\/Logo-600x400.jpg\" alt=\"\" width=\"392\" height=\"261\" srcset=\"https:\/\/innoavi.es\/wp-content\/uploads\/2018\/07\/Logo-600x400.jpg 600w, https:\/\/innoavi.es\/wp-content\/uploads\/2018\/07\/Logo-768x512.jpg 768w, https:\/\/innoavi.es\/wp-content\/uploads\/2018\/07\/Logo-1024x683.jpg 1024w, https:\/\/innoavi.es\/wp-content\/uploads\/2018\/07\/Logo-824x550.jpg 824w, https:\/\/innoavi.es\/wp-content\/uploads\/2018\/07\/Logo.jpg 1418w\" sizes=\"auto, (max-width: 392px) 100vw, 392px\" \/><br \/><br \/>La Ag\u00e8ncia Valenciana de la Innovaci\u00f3 presenta en Castell\u00f3 sus proyectos m\u00e1s inmediatos y la convocatoria de ayudas para el fortalecimiento del Sistema Valenciano de Innovaci\u00f3n, que contin\u00faa abierta hasta el pr\u00f3ximo 6 de agosto.\u00a0<br \/><br \/><strong>10 horas.<\/strong> Sede de Ascer<br \/>Ronda Circunvalaci\u00f3n, 186. Castell\u00f3 de la Plana","protected":false},"excerpt":{"rendered":"<p>La Ag\u00e8ncia Valenciana de la Innovaci\u00f3 presenta en Castell\u00f3 sus proyectos m\u00e1s inmediatos y la convocatoria de ayudas para el fortalecimiento del Sistema Valenciano de Innovaci\u00f3n, que contin\u00faa abierta hasta el pr\u00f3ximo 6 de agosto.\u00a010 horas. Sede de AscerRonda Circunvalaci\u00f3n, 186. Castell\u00f3 de la Plana<\/p>\n","protected":false},"author":12,"featured_media":7594,"comment_status":"closed","ping_status":"open","sticky":false,"template":"","format":"standard","meta":{"_acf_changed":false,"footnotes":""},"categories":[197],"tags":[],"class_list":["post-7550","post","type-post","status-publish","format-standard","has-post-thumbnail","hentry","category-agenda-avi"],"acf":[],"yoast_head":"<!-- This site is optimized with the Yoast SEO plugin v26.7 - https:\/\/yoast.com\/wordpress\/plugins\/seo\/ -->\n<title>24 DE JULIO | Presentaci\u00f3n de la convocatoria de ayudas de la AVI en Castell\u00f3 - AVI |\u00a0Ag\u00e8ncia Valenciana de la Innovaci\u00f3<\/title>\n<meta name=\"description\" content=\"La Ag\u00e8ncia Valenciana de la Innovaci\u00f3 presenta en Castell\u00f3 sus proyectos m\u00e1s inmediatos y la convocatoria de ayudas para el fortalecimiento del Sistema\" \/>\n<meta name=\"robots\" content=\"index, follow, max-snippet:-1, max-image-preview:large, max-video-preview:-1\" \/>\n<link rel=\"canonical\" href=\"https:\/\/innoavi.es\/es\/24-de-julio-presentacion-de-la-convocatoria-de-ayudas-de-la-avi-en-castello\/\" \/>\n<meta property=\"og:locale\" content=\"es_ES\" \/>\n<meta property=\"og:type\" content=\"article\" \/>\n<meta property=\"og:title\" content=\"24 DE JULIO | Presentaci\u00f3n de la convocatoria de ayudas de la AVI en Castell\u00f3 - AVI |\u00a0Ag\u00e8ncia Valenciana de la Innovaci\u00f3\" \/>\n<meta property=\"og:description\" content=\"La Ag\u00e8ncia Valenciana de la Innovaci\u00f3 presenta en Castell\u00f3 sus proyectos m\u00e1s inmediatos y la convocatoria de ayudas para el fortalecimiento del Sistema\" \/>\n<meta property=\"og:url\" content=\"https:\/\/innoavi.es\/es\/24-de-julio-presentacion-de-la-convocatoria-de-ayudas-de-la-avi-en-castello\/\" \/>\n<meta property=\"og:site_name\" content=\"AVI |\u00a0Ag\u00e8ncia Valenciana de la Innovaci\u00f3\" \/>\n<meta property=\"article:published_time\" content=\"2018-07-18T17:30:10+00:00\" \/>\n<meta property=\"article:modified_time\" content=\"2018-07-24T16:18:37+00:00\" \/>\n<meta property=\"og:image\" content=\"https:\/\/innoavi.es\/wp-content\/uploads\/2018\/07\/180724CS.png\" \/>\n\t<meta property=\"og:image:width\" content=\"1600\" \/>\n\t<meta property=\"og:image:height\" content=\"1200\" \/>\n\t<meta property=\"og:image:type\" content=\"image\/png\" \/>\n<meta name=\"author\" content=\"paco\" \/>\n<meta name=\"twitter:card\" content=\"summary_large_image\" \/>\n<meta name=\"twitter:creator\" content=\"@GVAavi\" \/>\n<meta name=\"twitter:site\" content=\"@GVAavi\" \/>\n<meta name=\"twitter:label1\" content=\"Escrito por\" \/>\n\t<meta name=\"twitter:data1\" content=\"paco\" \/>\n<script type=\"application\/ld+json\" class=\"yoast-schema-graph\">{\"@context\":\"https:\/\/schema.org\",\"@graph\":[{\"@type\":\"Article\",\"@id\":\"https:\/\/innoavi.es\/es\/24-de-julio-presentacion-de-la-convocatoria-de-ayudas-de-la-avi-en-castello\/#article\",\"isPartOf\":{\"@id\":\"https:\/\/innoavi.es\/es\/24-de-julio-presentacion-de-la-convocatoria-de-ayudas-de-la-avi-en-castello\/\"},\"author\":{\"name\":\"paco\",\"@id\":\"https:\/\/innoavi.es\/es\/#\/schema\/person\/cc5bf07456956a9205069c432fb8fa32\"},\"headline\":\"24 DE JULIO | Presentaci\u00f3n de la convocatoria de ayudas de la AVI en Castell\u00f3\",\"datePublished\":\"2018-07-18T17:30:10+00:00\",\"dateModified\":\"2018-07-24T16:18:37+00:00\",\"mainEntityOfPage\":{\"@id\":\"https:\/\/innoavi.es\/es\/24-de-julio-presentacion-de-la-convocatoria-de-ayudas-de-la-avi-en-castello\/\"},\"wordCount\":63,\"image\":{\"@id\":\"https:\/\/innoavi.es\/es\/24-de-julio-presentacion-de-la-convocatoria-de-ayudas-de-la-avi-en-castello\/#primaryimage\"},\"thumbnailUrl\":\"https:\/\/innoavi.es\/wp-content\/uploads\/2018\/07\/180724CS.png\",\"articleSection\":[\"Agenda AVI\"],\"inLanguage\":\"es\"},{\"@type\":\"WebPage\",\"@id\":\"https:\/\/innoavi.es\/es\/24-de-julio-presentacion-de-la-convocatoria-de-ayudas-de-la-avi-en-castello\/\",\"url\":\"https:\/\/innoavi.es\/es\/24-de-julio-presentacion-de-la-convocatoria-de-ayudas-de-la-avi-en-castello\/\",\"name\":\"24 DE JULIO | Presentaci\u00f3n de la convocatoria de ayudas de la AVI en Castell\u00f3 - AVI |\u00a0Ag\u00e8ncia Valenciana de la Innovaci\u00f3\",\"isPartOf\":{\"@id\":\"https:\/\/innoavi.es\/es\/#website\"},\"primaryImageOfPage\":{\"@id\":\"https:\/\/innoavi.es\/es\/24-de-julio-presentacion-de-la-convocatoria-de-ayudas-de-la-avi-en-castello\/#primaryimage\"},\"image\":{\"@id\":\"https:\/\/innoavi.es\/es\/24-de-julio-presentacion-de-la-convocatoria-de-ayudas-de-la-avi-en-castello\/#primaryimage\"},\"thumbnailUrl\":\"https:\/\/innoavi.es\/wp-content\/uploads\/2018\/07\/180724CS.png\",\"datePublished\":\"2018-07-18T17:30:10+00:00\",\"dateModified\":\"2018-07-24T16:18:37+00:00\",\"author\":{\"@id\":\"https:\/\/innoavi.es\/es\/#\/schema\/person\/cc5bf07456956a9205069c432fb8fa32\"},\"description\":\"La Ag\u00e8ncia Valenciana de la Innovaci\u00f3 presenta en Castell\u00f3 sus proyectos m\u00e1s inmediatos y la convocatoria de ayudas para el fortalecimiento del Sistema\",\"breadcrumb\":{\"@id\":\"https:\/\/innoavi.es\/es\/24-de-julio-presentacion-de-la-convocatoria-de-ayudas-de-la-avi-en-castello\/#breadcrumb\"},\"inLanguage\":\"es\",\"potentialAction\":[{\"@type\":\"ReadAction\",\"target\":[\"https:\/\/innoavi.es\/es\/24-de-julio-presentacion-de-la-convocatoria-de-ayudas-de-la-avi-en-castello\/\"]}]},{\"@type\":\"ImageObject\",\"inLanguage\":\"es\",\"@id\":\"https:\/\/innoavi.es\/es\/24-de-julio-presentacion-de-la-convocatoria-de-ayudas-de-la-avi-en-castello\/#primaryimage\",\"url\":\"https:\/\/innoavi.es\/wp-content\/uploads\/2018\/07\/180724CS.png\",\"contentUrl\":\"https:\/\/innoavi.es\/wp-content\/uploads\/2018\/07\/180724CS.png\",\"width\":1600,\"height\":1200},{\"@type\":\"BreadcrumbList\",\"@id\":\"https:\/\/innoavi.es\/es\/24-de-julio-presentacion-de-la-convocatoria-de-ayudas-de-la-avi-en-castello\/#breadcrumb\",\"itemListElement\":[{\"@type\":\"ListItem\",\"position\":1,\"name\":\"Portada\",\"item\":\"https:\/\/innoavi.es\/es\/\"},{\"@type\":\"ListItem\",\"position\":2,\"name\":\"24 DE JULIO | Presentaci\u00f3n de la convocatoria de ayudas de la AVI en Castell\u00f3\"}]},{\"@type\":\"WebSite\",\"@id\":\"https:\/\/innoavi.es\/es\/#website\",\"url\":\"https:\/\/innoavi.es\/es\/\",\"name\":\"AVI |\u00a0Ag\u00e8ncia Valenciana de la Innovaci\u00f3\",\"description\":\"P\u00e0gina web oficial de l&#039;AVI\",\"potentialAction\":[{\"@type\":\"SearchAction\",\"target\":{\"@type\":\"EntryPoint\",\"urlTemplate\":\"https:\/\/innoavi.es\/es\/?s={search_term_string}\"},\"query-input\":{\"@type\":\"PropertyValueSpecification\",\"valueRequired\":true,\"valueName\":\"search_term_string\"}}],\"inLanguage\":\"es\"},{\"@type\":\"Person\",\"@id\":\"https:\/\/innoavi.es\/es\/#\/schema\/person\/cc5bf07456956a9205069c432fb8fa32\",\"name\":\"paco\"}]}<\/script>\n<!-- \/ Yoast SEO plugin. -->","yoast_head_json":{"title":"24 DE JULIO | Presentaci\u00f3n de la convocatoria de ayudas de la AVI en Castell\u00f3 - AVI |\u00a0Ag\u00e8ncia Valenciana de la Innovaci\u00f3","description":"La Ag\u00e8ncia Valenciana de la Innovaci\u00f3 presenta en Castell\u00f3 sus proyectos m\u00e1s inmediatos y la convocatoria de ayudas para el fortalecimiento del Sistema","robots":{"index":"index","follow":"follow","max-snippet":"max-snippet:-1","max-image-preview":"max-image-preview:large","max-video-preview":"max-video-preview:-1"},"canonical":"https:\/\/innoavi.es\/es\/24-de-julio-presentacion-de-la-convocatoria-de-ayudas-de-la-avi-en-castello\/","og_locale":"es_ES","og_type":"article","og_title":"24 DE JULIO | Presentaci\u00f3n de la convocatoria de ayudas de la AVI en Castell\u00f3 - AVI |\u00a0Ag\u00e8ncia Valenciana de la Innovaci\u00f3","og_description":"La Ag\u00e8ncia Valenciana de la Innovaci\u00f3 presenta en Castell\u00f3 sus proyectos m\u00e1s inmediatos y la convocatoria de ayudas para el fortalecimiento del Sistema","og_url":"https:\/\/innoavi.es\/es\/24-de-julio-presentacion-de-la-convocatoria-de-ayudas-de-la-avi-en-castello\/","og_site_name":"AVI |\u00a0Ag\u00e8ncia Valenciana de la Innovaci\u00f3","article_published_time":"2018-07-18T17:30:10+00:00","article_modified_time":"2018-07-24T16:18:37+00:00","og_image":[{"width":1600,"height":1200,"url":"https:\/\/innoavi.es\/wp-content\/uploads\/2018\/07\/180724CS.png","type":"image\/png"}],"author":"paco","twitter_card":"summary_large_image","twitter_creator":"@GVAavi","twitter_site":"@GVAavi","twitter_misc":{"Escrito por":"paco"},"schema":{"@context":"https:\/\/schema.org","@graph":[{"@type":"Article","@id":"https:\/\/innoavi.es\/es\/24-de-julio-presentacion-de-la-convocatoria-de-ayudas-de-la-avi-en-castello\/#article","isPartOf":{"@id":"https:\/\/innoavi.es\/es\/24-de-julio-presentacion-de-la-convocatoria-de-ayudas-de-la-avi-en-castello\/"},"author":{"name":"paco","@id":"https:\/\/innoavi.es\/es\/#\/schema\/person\/cc5bf07456956a9205069c432fb8fa32"},"headline":"24 DE JULIO | Presentaci\u00f3n de la convocatoria de ayudas de la AVI en Castell\u00f3","datePublished":"2018-07-18T17:30:10+00:00","dateModified":"2018-07-24T16:18:37+00:00","mainEntityOfPage":{"@id":"https:\/\/innoavi.es\/es\/24-de-julio-presentacion-de-la-convocatoria-de-ayudas-de-la-avi-en-castello\/"},"wordCount":63,"image":{"@id":"https:\/\/innoavi.es\/es\/24-de-julio-presentacion-de-la-convocatoria-de-ayudas-de-la-avi-en-castello\/#primaryimage"},"thumbnailUrl":"https:\/\/innoavi.es\/wp-content\/uploads\/2018\/07\/180724CS.png","articleSection":["Agenda AVI"],"inLanguage":"es"},{"@type":"WebPage","@id":"https:\/\/innoavi.es\/es\/24-de-julio-presentacion-de-la-convocatoria-de-ayudas-de-la-avi-en-castello\/","url":"https:\/\/innoavi.es\/es\/24-de-julio-presentacion-de-la-convocatoria-de-ayudas-de-la-avi-en-castello\/","name":"24 DE JULIO | Presentaci\u00f3n de la convocatoria de ayudas de la AVI en Castell\u00f3 - AVI |\u00a0Ag\u00e8ncia Valenciana de la Innovaci\u00f3","isPartOf":{"@id":"https:\/\/innoavi.es\/es\/#website"},"primaryImageOfPage":{"@id":"https:\/\/innoavi.es\/es\/24-de-julio-presentacion-de-la-convocatoria-de-ayudas-de-la-avi-en-castello\/#primaryimage"},"image":{"@id":"https:\/\/innoavi.es\/es\/24-de-julio-presentacion-de-la-convocatoria-de-ayudas-de-la-avi-en-castello\/#primaryimage"},"thumbnailUrl":"https:\/\/innoavi.es\/wp-content\/uploads\/2018\/07\/180724CS.png","datePublished":"2018-07-18T17:30:10+00:00","dateModified":"2018-07-24T16:18:37+00:00","author":{"@id":"https:\/\/innoavi.es\/es\/#\/schema\/person\/cc5bf07456956a9205069c432fb8fa32"},"description":"La Ag\u00e8ncia Valenciana de la Innovaci\u00f3 presenta en Castell\u00f3 sus proyectos m\u00e1s inmediatos y la convocatoria de ayudas para el fortalecimiento del Sistema","breadcrumb":{"@id":"https:\/\/innoavi.es\/es\/24-de-julio-presentacion-de-la-convocatoria-de-ayudas-de-la-avi-en-castello\/#breadcrumb"},"inLanguage":"es","potentialAction":[{"@type":"ReadAction","target":["https:\/\/innoavi.es\/es\/24-de-julio-presentacion-de-la-convocatoria-de-ayudas-de-la-avi-en-castello\/"]}]},{"@type":"ImageObject","inLanguage":"es","@id":"https:\/\/innoavi.es\/es\/24-de-julio-presentacion-de-la-convocatoria-de-ayudas-de-la-avi-en-castello\/#primaryimage","url":"https:\/\/innoavi.es\/wp-content\/uploads\/2018\/07\/180724CS.png","contentUrl":"https:\/\/innoavi.es\/wp-content\/uploads\/2018\/07\/180724CS.png","width":1600,"height":1200},{"@type":"BreadcrumbList","@id":"https:\/\/innoavi.es\/es\/24-de-julio-presentacion-de-la-convocatoria-de-ayudas-de-la-avi-en-castello\/#breadcrumb","itemListElement":[{"@type":"ListItem","position":1,"name":"Portada","item":"https:\/\/innoavi.es\/es\/"},{"@type":"ListItem","position":2,"name":"24 DE JULIO | Presentaci\u00f3n de la convocatoria de ayudas de la AVI en Castell\u00f3"}]},{"@type":"WebSite","@id":"https:\/\/innoavi.es\/es\/#website","url":"https:\/\/innoavi.es\/es\/","name":"AVI |\u00a0Ag\u00e8ncia Valenciana de la Innovaci\u00f3","description":"P\u00e0gina web oficial de l&#039;AVI","potentialAction":[{"@type":"SearchAction","target":{"@type":"EntryPoint","urlTemplate":"https:\/\/innoavi.es\/es\/?s={search_term_string}"},"query-input":{"@type":"PropertyValueSpecification","valueRequired":true,"valueName":"search_term_string"}}],"inLanguage":"es"},{"@type":"Person","@id":"https:\/\/innoavi.es\/es\/#\/schema\/person\/cc5bf07456956a9205069c432fb8fa32","name":"paco"}]}},"_links":{"self":[{"href":"https:\/\/innoavi.es\/es\/wp-json\/wp\/v2\/posts\/7550","targetHints":{"allow":["GET"]}}],"collection":[{"href":"https:\/\/innoavi.es\/es\/wp-json\/wp\/v2\/posts"}],"about":[{"href":"https:\/\/innoavi.es\/es\/wp-json\/wp\/v2\/types\/post"}],"author":[{"embeddable":true,"href":"https:\/\/innoavi.es\/es\/wp-json\/wp\/v2\/users\/12"}],"replies":[{"embeddable":true,"href":"https:\/\/innoavi.es\/es\/wp-json\/wp\/v2\/comments?post=7550"}],"version-history":[{"count":1,"href":"https:\/\/innoavi.es\/es\/wp-json\/wp\/v2\/posts\/7550\/revisions"}],"predecessor-version":[{"id":7554,"href":"https:\/\/innoavi.es\/es\/wp-json\/wp\/v2\/posts\/7550\/revisions\/7554"}],"wp:featuredmedia":[{"embeddable":true,"href":"https:\/\/innoavi.es\/es\/wp-json\/wp\/v2\/media\/7594"}],"wp:attachment":[{"href":"https:\/\/innoavi.es\/es\/wp-json\/wp\/v2\/media?parent=7550"}],"wp:term":[{"taxonomy":"category","embeddable":true,"href":"https:\/\/innoavi.es\/es\/wp-json\/wp\/v2\/categories?post=7550"},{"taxonomy":"post_tag","embeddable":true,"href":"https:\/\/innoavi.es\/es\/wp-json\/wp\/v2\/tags?post=7550"}],"curies":[{"name":"wp","href":"https:\/\/api.w.org\/{rel}","templated":true}]}}