{"id":7447,"date":"2018-08-18T14:00:27","date_gmt":"2018-08-18T12:00:27","guid":{"rendered":"http:\/\/innoavi.es\/es\/?p=7447"},"modified":"2018-07-18T19:48:38","modified_gmt":"2018-07-18T17:48:38","slug":"20-y-21-de-septiembre-6o-encuentro-nacional-de-asociaciones-de-diseno","status":"publish","type":"post","link":"https:\/\/innoavi.es\/es\/20-y-21-de-septiembre-6o-encuentro-nacional-de-asociaciones-de-diseno\/","title":{"rendered":"20 y 21 DE SEPTIEMBRE | 6\u00ba Encuentro Nacional de Asociaciones de Dise\u00f1o"},"content":{"rendered":"<p><img loading=\"lazy\" decoding=\"async\" class=\"alignnone  wp-image-7448\" src=\"http:\/\/innoavi.es\/wp-content\/uploads\/2018\/07\/enad2-600x324.jpg\" alt=\"\" width=\"502\" height=\"271\" srcset=\"https:\/\/innoavi.es\/wp-content\/uploads\/2018\/07\/enad2-600x324.jpg 600w, https:\/\/innoavi.es\/wp-content\/uploads\/2018\/07\/enad2-768x414.jpg 768w, https:\/\/innoavi.es\/wp-content\/uploads\/2018\/07\/enad2-1024x553.jpg 1024w, https:\/\/innoavi.es\/wp-content\/uploads\/2018\/07\/enad2-1019x550.jpg 1019w, https:\/\/innoavi.es\/wp-content\/uploads\/2018\/07\/enad2-1019x550@2x.jpg 2039w\" sizes=\"auto, (max-width: 502px) 100vw, 502px\" \/><br \/><br \/>La Asociaci\u00f3n de Dise\u00f1adores de la Coimunidad Valenciana organiza en Valencia el 6\u00ba Encuentro Nacional de Asociaciones de Dise\u00f1o, #6ENAD, junto con la\u00a0<a href=\"http:\/\/www.designread.es\/\" target=\"_blank\" rel=\"noopener\"><strong>Red Espa\u00f1ola de Asociaciones de Dise\u00f1o (READ)<\/strong><\/a>. Se celebrar\u00e1 durante los d\u00edas 20 y 21 en un contexto favorecedor de sinergias ya que coincide con la celebraci\u00f3n de la\u00a0<a href=\"https:\/\/www.feriahabitatvalencia.com\/\" target=\"_blank\" rel=\"noopener\"><strong>Feria H\u00e1bitat<\/strong><\/a>\u00a0y la\u00a0<a href=\"https:\/\/www.facebook.com\/valenciadissenyweek\/\" target=\"_blank\" rel=\"noopener\"><strong>Valencia Disseny Week 2018<\/strong><\/a>.<\/p><p>Este Encuentro Nacional cuenta con la participaci\u00f3n de dise\u00f1adores, de representantes de organismos p\u00fablicos, sector empresarial y \u00e1mbito acad\u00e9mico. Su objetivo principal es abrir el di\u00e1logo y potenciar la colaboraci\u00f3n con el prop\u00f3sito de reflexionar sobre el presente y planificar el futuro y aportar soluciones a trav\u00e9s del dise\u00f1o a las necesidades sociales y econ\u00f3micas.<br \/><br \/><a href=\"http:\/\/adcv.com\/6o-encuentro-nacional-de-asociaciones-de-diseno-6enad\/\">M\u00e1s informaci\u00f3n<\/a><br \/><br \/>Feria Valencia<br \/>Avenida de las ferias s\/n<\/p>","protected":false},"excerpt":{"rendered":"<p>La Asociaci\u00f3n de Dise\u00f1adores de la Coimunidad Valenciana organiza en Valencia el 6\u00ba Encuentro Nacional de Asociaciones de Dise\u00f1o, #6ENAD, junto con la\u00a0Red Espa\u00f1ola de Asociaciones de Dise\u00f1o (READ). Se celebrar\u00e1 durante los d\u00edas 20 y 21 en un contexto favorecedor de sinergias ya que coincide con la celebraci\u00f3n de la\u00a0Feria H\u00e1bitat\u00a0y la\u00a0Valencia Disseny Week 2018.Este Encuentro Nacional cuenta con la participaci\u00f3n de dise\u00f1adores, de representantes de organismos p\u00fablicos, sector empresarial y \u00e1mbito acad\u00e9mico. Su objetivo principal es abrir el di\u00e1logo y potenciar la colaboraci\u00f3n con el prop\u00f3sito de reflexionar<a class=\"more-link\" href=\"https:\/\/innoavi.es\/es\/20-y-21-de-septiembre-6o-encuentro-nacional-de-asociaciones-de-diseno\/\">SEE DETAILS <span class=\"more-link-image\"><\/span><span class=\"more-link-hover-image\"><\/span><\/a><\/p>\n","protected":false},"author":12,"featured_media":7448,"comment_status":"closed","ping_status":"open","sticky":false,"template":"","format":"standard","meta":{"_acf_changed":false,"footnotes":""},"categories":[198],"tags":[],"class_list":["post-7447","post","type-post","status-publish","format-standard","has-post-thumbnail","hentry","category-agenda-svi"],"acf":[],"yoast_head":"<!-- This site is optimized with the Yoast SEO plugin v26.7 - https:\/\/yoast.com\/wordpress\/plugins\/seo\/ -->\n<title>20 y 21 DE SEPTIEMBRE | 6\u00ba Encuentro Nacional de Asociaciones de Dise\u00f1o - AVI |\u00a0Ag\u00e8ncia Valenciana de la Innovaci\u00f3<\/title>\n<meta name=\"description\" content=\"La Asociaci\u00f3n de Dise\u00f1adores de la Coimunidad Valenciana organiza en Valencia el 6\u00ba Encuentro Nacional de Asociaciones de Dise\u00f1o, #6ENAD, junto con la\u00a0Red\" \/>\n<meta name=\"robots\" content=\"index, follow, max-snippet:-1, max-image-preview:large, max-video-preview:-1\" \/>\n<link rel=\"canonical\" href=\"https:\/\/innoavi.es\/es\/20-y-21-de-septiembre-6o-encuentro-nacional-de-asociaciones-de-diseno\/\" \/>\n<meta property=\"og:locale\" content=\"es_ES\" \/>\n<meta property=\"og:type\" content=\"article\" \/>\n<meta property=\"og:title\" content=\"20 y 21 DE SEPTIEMBRE | 6\u00ba Encuentro Nacional de Asociaciones de Dise\u00f1o - AVI |\u00a0Ag\u00e8ncia Valenciana de la Innovaci\u00f3\" \/>\n<meta property=\"og:description\" content=\"La Asociaci\u00f3n de Dise\u00f1adores de la Coimunidad Valenciana organiza en Valencia el 6\u00ba Encuentro Nacional de Asociaciones de Dise\u00f1o, #6ENAD, junto con la\u00a0Red\" \/>\n<meta property=\"og:url\" content=\"https:\/\/innoavi.es\/es\/20-y-21-de-septiembre-6o-encuentro-nacional-de-asociaciones-de-diseno\/\" \/>\n<meta property=\"og:site_name\" content=\"AVI |\u00a0Ag\u00e8ncia Valenciana de la Innovaci\u00f3\" \/>\n<meta property=\"article:published_time\" content=\"2018-08-18T12:00:27+00:00\" \/>\n<meta property=\"og:image\" content=\"https:\/\/innoavi.es\/wp-content\/uploads\/2018\/07\/enad2.jpg\" \/>\n\t<meta property=\"og:image:width\" content=\"3701\" \/>\n\t<meta property=\"og:image:height\" content=\"1997\" \/>\n\t<meta property=\"og:image:type\" content=\"image\/jpeg\" \/>\n<meta name=\"author\" content=\"paco\" \/>\n<meta name=\"twitter:card\" content=\"summary_large_image\" \/>\n<meta name=\"twitter:creator\" content=\"@GVAavi\" \/>\n<meta name=\"twitter:site\" content=\"@GVAavi\" \/>\n<meta name=\"twitter:label1\" content=\"Escrito por\" \/>\n\t<meta name=\"twitter:data1\" content=\"paco\" \/>\n\t<meta name=\"twitter:label2\" content=\"Tiempo de lectura\" \/>\n\t<meta name=\"twitter:data2\" content=\"1 minuto\" \/>\n<script type=\"application\/ld+json\" class=\"yoast-schema-graph\">{\"@context\":\"https:\/\/schema.org\",\"@graph\":[{\"@type\":\"Article\",\"@id\":\"https:\/\/innoavi.es\/es\/20-y-21-de-septiembre-6o-encuentro-nacional-de-asociaciones-de-diseno\/#article\",\"isPartOf\":{\"@id\":\"https:\/\/innoavi.es\/es\/20-y-21-de-septiembre-6o-encuentro-nacional-de-asociaciones-de-diseno\/\"},\"author\":{\"name\":\"paco\",\"@id\":\"https:\/\/innoavi.es\/es\/#\/schema\/person\/cc5bf07456956a9205069c432fb8fa32\"},\"headline\":\"20 y 21 DE SEPTIEMBRE | 6\u00ba Encuentro Nacional de Asociaciones de Dise\u00f1o\",\"datePublished\":\"2018-08-18T12:00:27+00:00\",\"mainEntityOfPage\":{\"@id\":\"https:\/\/innoavi.es\/es\/20-y-21-de-septiembre-6o-encuentro-nacional-de-asociaciones-de-diseno\/\"},\"wordCount\":150,\"image\":{\"@id\":\"https:\/\/innoavi.es\/es\/20-y-21-de-septiembre-6o-encuentro-nacional-de-asociaciones-de-diseno\/#primaryimage\"},\"thumbnailUrl\":\"https:\/\/innoavi.es\/wp-content\/uploads\/2018\/07\/enad2.jpg\",\"articleSection\":[\"Agenda SVI\"],\"inLanguage\":\"es\"},{\"@type\":\"WebPage\",\"@id\":\"https:\/\/innoavi.es\/es\/20-y-21-de-septiembre-6o-encuentro-nacional-de-asociaciones-de-diseno\/\",\"url\":\"https:\/\/innoavi.es\/es\/20-y-21-de-septiembre-6o-encuentro-nacional-de-asociaciones-de-diseno\/\",\"name\":\"20 y 21 DE SEPTIEMBRE | 6\u00ba Encuentro Nacional de Asociaciones de Dise\u00f1o - AVI |\u00a0Ag\u00e8ncia Valenciana de la Innovaci\u00f3\",\"isPartOf\":{\"@id\":\"https:\/\/innoavi.es\/es\/#website\"},\"primaryImageOfPage\":{\"@id\":\"https:\/\/innoavi.es\/es\/20-y-21-de-septiembre-6o-encuentro-nacional-de-asociaciones-de-diseno\/#primaryimage\"},\"image\":{\"@id\":\"https:\/\/innoavi.es\/es\/20-y-21-de-septiembre-6o-encuentro-nacional-de-asociaciones-de-diseno\/#primaryimage\"},\"thumbnailUrl\":\"https:\/\/innoavi.es\/wp-content\/uploads\/2018\/07\/enad2.jpg\",\"datePublished\":\"2018-08-18T12:00:27+00:00\",\"author\":{\"@id\":\"https:\/\/innoavi.es\/es\/#\/schema\/person\/cc5bf07456956a9205069c432fb8fa32\"},\"description\":\"La Asociaci\u00f3n de Dise\u00f1adores de la Coimunidad Valenciana organiza en Valencia el 6\u00ba Encuentro Nacional de Asociaciones de Dise\u00f1o, #6ENAD, junto con la\u00a0Red\",\"breadcrumb\":{\"@id\":\"https:\/\/innoavi.es\/es\/20-y-21-de-septiembre-6o-encuentro-nacional-de-asociaciones-de-diseno\/#breadcrumb\"},\"inLanguage\":\"es\",\"potentialAction\":[{\"@type\":\"ReadAction\",\"target\":[\"https:\/\/innoavi.es\/es\/20-y-21-de-septiembre-6o-encuentro-nacional-de-asociaciones-de-diseno\/\"]}]},{\"@type\":\"ImageObject\",\"inLanguage\":\"es\",\"@id\":\"https:\/\/innoavi.es\/es\/20-y-21-de-septiembre-6o-encuentro-nacional-de-asociaciones-de-diseno\/#primaryimage\",\"url\":\"https:\/\/innoavi.es\/wp-content\/uploads\/2018\/07\/enad2.jpg\",\"contentUrl\":\"https:\/\/innoavi.es\/wp-content\/uploads\/2018\/07\/enad2.jpg\",\"width\":3701,\"height\":1997},{\"@type\":\"BreadcrumbList\",\"@id\":\"https:\/\/innoavi.es\/es\/20-y-21-de-septiembre-6o-encuentro-nacional-de-asociaciones-de-diseno\/#breadcrumb\",\"itemListElement\":[{\"@type\":\"ListItem\",\"position\":1,\"name\":\"Portada\",\"item\":\"https:\/\/innoavi.es\/es\/\"},{\"@type\":\"ListItem\",\"position\":2,\"name\":\"20 y 21 DE SEPTIEMBRE | 6\u00ba Encuentro Nacional de Asociaciones de Dise\u00f1o\"}]},{\"@type\":\"WebSite\",\"@id\":\"https:\/\/innoavi.es\/es\/#website\",\"url\":\"https:\/\/innoavi.es\/es\/\",\"name\":\"AVI |\u00a0Ag\u00e8ncia Valenciana de la Innovaci\u00f3\",\"description\":\"P\u00e0gina web oficial de l&#039;AVI\",\"potentialAction\":[{\"@type\":\"SearchAction\",\"target\":{\"@type\":\"EntryPoint\",\"urlTemplate\":\"https:\/\/innoavi.es\/es\/?s={search_term_string}\"},\"query-input\":{\"@type\":\"PropertyValueSpecification\",\"valueRequired\":true,\"valueName\":\"search_term_string\"}}],\"inLanguage\":\"es\"},{\"@type\":\"Person\",\"@id\":\"https:\/\/innoavi.es\/es\/#\/schema\/person\/cc5bf07456956a9205069c432fb8fa32\",\"name\":\"paco\"}]}<\/script>\n<!-- \/ Yoast SEO plugin. -->","yoast_head_json":{"title":"20 y 21 DE SEPTIEMBRE | 6\u00ba Encuentro Nacional de Asociaciones de Dise\u00f1o - AVI |\u00a0Ag\u00e8ncia Valenciana de la Innovaci\u00f3","description":"La Asociaci\u00f3n de Dise\u00f1adores de la Coimunidad Valenciana organiza en Valencia el 6\u00ba Encuentro Nacional de Asociaciones de Dise\u00f1o, #6ENAD, junto con la\u00a0Red","robots":{"index":"index","follow":"follow","max-snippet":"max-snippet:-1","max-image-preview":"max-image-preview:large","max-video-preview":"max-video-preview:-1"},"canonical":"https:\/\/innoavi.es\/es\/20-y-21-de-septiembre-6o-encuentro-nacional-de-asociaciones-de-diseno\/","og_locale":"es_ES","og_type":"article","og_title":"20 y 21 DE SEPTIEMBRE | 6\u00ba Encuentro Nacional de Asociaciones de Dise\u00f1o - AVI |\u00a0Ag\u00e8ncia Valenciana de la Innovaci\u00f3","og_description":"La Asociaci\u00f3n de Dise\u00f1adores de la Coimunidad Valenciana organiza en Valencia el 6\u00ba Encuentro Nacional de Asociaciones de Dise\u00f1o, #6ENAD, junto con la\u00a0Red","og_url":"https:\/\/innoavi.es\/es\/20-y-21-de-septiembre-6o-encuentro-nacional-de-asociaciones-de-diseno\/","og_site_name":"AVI |\u00a0Ag\u00e8ncia Valenciana de la Innovaci\u00f3","article_published_time":"2018-08-18T12:00:27+00:00","og_image":[{"width":3701,"height":1997,"url":"https:\/\/innoavi.es\/wp-content\/uploads\/2018\/07\/enad2.jpg","type":"image\/jpeg"}],"author":"paco","twitter_card":"summary_large_image","twitter_creator":"@GVAavi","twitter_site":"@GVAavi","twitter_misc":{"Escrito por":"paco","Tiempo de lectura":"1 minuto"},"schema":{"@context":"https:\/\/schema.org","@graph":[{"@type":"Article","@id":"https:\/\/innoavi.es\/es\/20-y-21-de-septiembre-6o-encuentro-nacional-de-asociaciones-de-diseno\/#article","isPartOf":{"@id":"https:\/\/innoavi.es\/es\/20-y-21-de-septiembre-6o-encuentro-nacional-de-asociaciones-de-diseno\/"},"author":{"name":"paco","@id":"https:\/\/innoavi.es\/es\/#\/schema\/person\/cc5bf07456956a9205069c432fb8fa32"},"headline":"20 y 21 DE SEPTIEMBRE | 6\u00ba Encuentro Nacional de Asociaciones de Dise\u00f1o","datePublished":"2018-08-18T12:00:27+00:00","mainEntityOfPage":{"@id":"https:\/\/innoavi.es\/es\/20-y-21-de-septiembre-6o-encuentro-nacional-de-asociaciones-de-diseno\/"},"wordCount":150,"image":{"@id":"https:\/\/innoavi.es\/es\/20-y-21-de-septiembre-6o-encuentro-nacional-de-asociaciones-de-diseno\/#primaryimage"},"thumbnailUrl":"https:\/\/innoavi.es\/wp-content\/uploads\/2018\/07\/enad2.jpg","articleSection":["Agenda SVI"],"inLanguage":"es"},{"@type":"WebPage","@id":"https:\/\/innoavi.es\/es\/20-y-21-de-septiembre-6o-encuentro-nacional-de-asociaciones-de-diseno\/","url":"https:\/\/innoavi.es\/es\/20-y-21-de-septiembre-6o-encuentro-nacional-de-asociaciones-de-diseno\/","name":"20 y 21 DE SEPTIEMBRE | 6\u00ba Encuentro Nacional de Asociaciones de Dise\u00f1o - AVI |\u00a0Ag\u00e8ncia Valenciana de la Innovaci\u00f3","isPartOf":{"@id":"https:\/\/innoavi.es\/es\/#website"},"primaryImageOfPage":{"@id":"https:\/\/innoavi.es\/es\/20-y-21-de-septiembre-6o-encuentro-nacional-de-asociaciones-de-diseno\/#primaryimage"},"image":{"@id":"https:\/\/innoavi.es\/es\/20-y-21-de-septiembre-6o-encuentro-nacional-de-asociaciones-de-diseno\/#primaryimage"},"thumbnailUrl":"https:\/\/innoavi.es\/wp-content\/uploads\/2018\/07\/enad2.jpg","datePublished":"2018-08-18T12:00:27+00:00","author":{"@id":"https:\/\/innoavi.es\/es\/#\/schema\/person\/cc5bf07456956a9205069c432fb8fa32"},"description":"La Asociaci\u00f3n de Dise\u00f1adores de la Coimunidad Valenciana organiza en Valencia el 6\u00ba Encuentro Nacional de Asociaciones de Dise\u00f1o, #6ENAD, junto con la\u00a0Red","breadcrumb":{"@id":"https:\/\/innoavi.es\/es\/20-y-21-de-septiembre-6o-encuentro-nacional-de-asociaciones-de-diseno\/#breadcrumb"},"inLanguage":"es","potentialAction":[{"@type":"ReadAction","target":["https:\/\/innoavi.es\/es\/20-y-21-de-septiembre-6o-encuentro-nacional-de-asociaciones-de-diseno\/"]}]},{"@type":"ImageObject","inLanguage":"es","@id":"https:\/\/innoavi.es\/es\/20-y-21-de-septiembre-6o-encuentro-nacional-de-asociaciones-de-diseno\/#primaryimage","url":"https:\/\/innoavi.es\/wp-content\/uploads\/2018\/07\/enad2.jpg","contentUrl":"https:\/\/innoavi.es\/wp-content\/uploads\/2018\/07\/enad2.jpg","width":3701,"height":1997},{"@type":"BreadcrumbList","@id":"https:\/\/innoavi.es\/es\/20-y-21-de-septiembre-6o-encuentro-nacional-de-asociaciones-de-diseno\/#breadcrumb","itemListElement":[{"@type":"ListItem","position":1,"name":"Portada","item":"https:\/\/innoavi.es\/es\/"},{"@type":"ListItem","position":2,"name":"20 y 21 DE SEPTIEMBRE | 6\u00ba Encuentro Nacional de Asociaciones de Dise\u00f1o"}]},{"@type":"WebSite","@id":"https:\/\/innoavi.es\/es\/#website","url":"https:\/\/innoavi.es\/es\/","name":"AVI |\u00a0Ag\u00e8ncia Valenciana de la Innovaci\u00f3","description":"P\u00e0gina web oficial de l&#039;AVI","potentialAction":[{"@type":"SearchAction","target":{"@type":"EntryPoint","urlTemplate":"https:\/\/innoavi.es\/es\/?s={search_term_string}"},"query-input":{"@type":"PropertyValueSpecification","valueRequired":true,"valueName":"search_term_string"}}],"inLanguage":"es"},{"@type":"Person","@id":"https:\/\/innoavi.es\/es\/#\/schema\/person\/cc5bf07456956a9205069c432fb8fa32","name":"paco"}]}},"_links":{"self":[{"href":"https:\/\/innoavi.es\/es\/wp-json\/wp\/v2\/posts\/7447","targetHints":{"allow":["GET"]}}],"collection":[{"href":"https:\/\/innoavi.es\/es\/wp-json\/wp\/v2\/posts"}],"about":[{"href":"https:\/\/innoavi.es\/es\/wp-json\/wp\/v2\/types\/post"}],"author":[{"embeddable":true,"href":"https:\/\/innoavi.es\/es\/wp-json\/wp\/v2\/users\/12"}],"replies":[{"embeddable":true,"href":"https:\/\/innoavi.es\/es\/wp-json\/wp\/v2\/comments?post=7447"}],"version-history":[{"count":1,"href":"https:\/\/innoavi.es\/es\/wp-json\/wp\/v2\/posts\/7447\/revisions"}],"predecessor-version":[{"id":7449,"href":"https:\/\/innoavi.es\/es\/wp-json\/wp\/v2\/posts\/7447\/revisions\/7449"}],"wp:featuredmedia":[{"embeddable":true,"href":"https:\/\/innoavi.es\/es\/wp-json\/wp\/v2\/media\/7448"}],"wp:attachment":[{"href":"https:\/\/innoavi.es\/es\/wp-json\/wp\/v2\/media?parent=7447"}],"wp:term":[{"taxonomy":"category","embeddable":true,"href":"https:\/\/innoavi.es\/es\/wp-json\/wp\/v2\/categories?post=7447"},{"taxonomy":"post_tag","embeddable":true,"href":"https:\/\/innoavi.es\/es\/wp-json\/wp\/v2\/tags?post=7447"}],"curies":[{"name":"wp","href":"https:\/\/api.w.org\/{rel}","templated":true}]}}