{"id":38146,"date":"2025-03-21T14:01:42","date_gmt":"2025-03-21T13:01:42","guid":{"rendered":"https:\/\/innoavi.es\/?p=38146"},"modified":"2025-06-03T10:03:02","modified_gmt":"2025-06-03T08:03:02","slug":"v5g-days-celebra-su-iv-edicion-los-dias-27-y-28-de-marzo-2025","status":"publish","type":"post","link":"https:\/\/innoavi.es\/es\/v5g-days-celebra-su-iv-edicion-los-dias-27-y-28-de-marzo-2025\/","title":{"rendered":"V5G Days celebra su IV edici\u00f3n los d\u00edas 27 y 28 de marzo 2025"},"content":{"rendered":"<p><img loading=\"lazy\" decoding=\"async\" class=\"alignnone size-medium wp-image-38022\" src=\"https:\/\/innoavi.es\/wp-content\/uploads\/2025\/03\/slider_web-600x338.jpg\" alt=\"V5G Days 2025\" width=\"600\" height=\"338\" srcset=\"https:\/\/innoavi.es\/wp-content\/uploads\/2025\/03\/slider_web-600x338.jpg 600w, https:\/\/innoavi.es\/wp-content\/uploads\/2025\/03\/slider_web-1280x720.jpg 1280w, https:\/\/innoavi.es\/wp-content\/uploads\/2025\/03\/slider_web-768x432.jpg 768w, https:\/\/innoavi.es\/wp-content\/uploads\/2025\/03\/slider_web-1536x864.jpg 1536w, https:\/\/innoavi.es\/wp-content\/uploads\/2025\/03\/slider_web-978x550.jpg 978w, https:\/\/innoavi.es\/wp-content\/uploads\/2025\/03\/slider_web.jpg 1600w\" sizes=\"auto, (max-width: 600px) 100vw, 600px\" \/><br \/><br \/>La\u00a0<strong>IV edici\u00f3n de V5G Days\u00a0<\/strong>tendr\u00e1 lugar el pr\u00f3ximo<strong>\u00a027 y 28 de marzo<\/strong>, un evento imprescindible para la industria de las telecomunicaciones donde l\u00edderes de la industria, expertos tecnol\u00f3gicos y cient\u00edficos analizar\u00e1n los desaf\u00edos del 6G y las limitaciones del 5G y c\u00f3mo evolucionar\u00e1n las Redes de Pr\u00f3xima Generaci\u00f3n. El\u00a0<strong>Base One<\/strong>, ubicado en la Marina de Valencia, ser\u00e1 el escenario de un foro clave donde se debatir\u00e1 sobre los principales retos y oportunidades en la evoluci\u00f3n de las telecomunicaciones.<\/p><p>Bajo el lema\u00a0<strong>\u2018Los pilares de las redes del futuro\u2019<\/strong>, V5G Days abordar\u00e1 el impacto de la inteligencia artificial en las redes de nueva generaci\u00f3n, c\u00f3mo las Redes No Terrestres (NTN) permitir\u00e1n dar cobertura global y redes m\u00e1s resilientes, y c\u00f3mo la conectividad ser\u00e1 un factor clave en el desarrollo de Smart Cities que transformar\u00e1n los entornos urbanos del ma\u00f1ana.<br \/><br \/><strong>La evoluci\u00f3n del 5G y las oportunidades del 6G<\/strong><\/p><p>En 2025, la industria de las telecomunicaciones se encuentra en una etapa clave: aunque la implementaci\u00f3n del\u00a0<strong>5G\u00a0<\/strong>independiente est\u00e1 llegando a su\u00a0<strong>fase final<\/strong>, las expectativas iniciales sobre su impacto en industrias verticales como IoT, rob\u00f3tica, salud o log\u00edstica global no se han cumplido completamente.\u00a0<\/p><p>La principal raz\u00f3n es que la expansi\u00f3n del 5G ha resultado costosa y su adopci\u00f3n masiva requiere m\u00e1s tiempo del previsto. Ante esta situaci\u00f3n, las inversiones en investigaci\u00f3n y desarrollo se han volcado en la definici\u00f3n de las\u00a0<strong>redes 6G<\/strong>, que buscan aprender de los desaf\u00edos del\u00a0<strong>5G<\/strong>\u00a0y superar sus limitaciones.<\/p><p>Por este motivo, los contenidos del taller y las sesiones de debate de la edici\u00f3n 2025 de V5G Days est\u00e1n dise\u00f1ados para comprender cu\u00e1les son los retos clave para las redes 6G, por qu\u00e9 no est\u00e1n adecuadamente cubiertos por 5G, y cu\u00e1l es la visi\u00f3n y los requisitos de nuestra Industria en comparaci\u00f3n con las expectativas cient\u00edficas y tecnol\u00f3gicas para las NGN.\u00a0<\/p><p>V5G Days contar\u00e1 con una\u00a0<strong>agenda completa<\/strong> que incluir\u00e1 paneles especializados, ponencias magistrales y sesiones interactivas para fomentar la colaboraci\u00f3n entre empresas, investigadores y administraciones p\u00fablicas. V5G Days 2025 se consolida as\u00ed como un foro clave para comprender los desaf\u00edos actuales y anticipar las innovaciones que definir\u00e1n el futuro de las telecomunicaciones. La jornada se divide en tr\u00e9s bloques:\u00a0<\/p><ul><li>Workshop de redes de Inteligencia Artificial. Hacia 6G.\u00a0<\/li><li>Ciudades conectadas del futuro<\/li><li>Redes no terrestres para cobertura global y comunicaciones resilientes<\/li><\/ul><p>El evento V5G Days 2025 ser\u00e1 h\u00edbrido, se podr\u00e1 disfrutar tanto <strong>presencial<\/strong> como por <strong>streaming<\/strong> y contenido estar\u00e1 disponible en <strong>Espa\u00f1ol<\/strong> y en <strong>Ingl\u00e9s<\/strong> de forma simult\u00e1nea.<br \/><br \/>Si no quieres perderte este evento recuerda inscribirte a trav\u00e9s de este enlace\u00a0<a href=\"https:\/\/forms.office.com\/e\/dZAMFXNn8T?fbclid=IwZXh0bgNhZW0CMTAAAR38Zp2EIS2bLRgWSagb59PHYv6-Q9IVeQuN_8z9nsDJlyMQc7MQ0IvuXMI_aem_Zs3UBnRxmyvqk__m8p6y-g\">https:\/\/forms.office.com\/e\/dZAMFXNn8T,<\/a> las plazas son limitadas.<br \/><br \/>El V5G Days 2025 est\u00e1 organizada por el Instituto de Telecomunicaciones y Aplicaciones Multimedia (iTEAM) de la Universitat Polit\u00e8cnica de Val\u00e8ncia (UPV), cuenta con el apoyo del <strong>6G Joint Innovation Center\u00a0<\/strong>Huawei Technologies Co &#8211; iTEAM .\u00a0<br \/><br \/>\u00a0Consulta la web para m\u00e1s informaci\u00f3n\u00a0<a href=\"https:\/\/v5g.es\/v5g-days-2025\/\">https:\/\/v5g.es\/v5g-days-2025\/<\/a><\/p>","protected":false},"excerpt":{"rendered":"<p>La\u00a0IV edici\u00f3n de V5G Days\u00a0tendr\u00e1 lugar el pr\u00f3ximo\u00a027 y 28 de marzo, un evento imprescindible para la industria de las telecomunicaciones donde l\u00edderes de la industria, expertos tecnol\u00f3gicos y cient\u00edficos analizar\u00e1n los desaf\u00edos del 6G y las limitaciones del 5G y c\u00f3mo evolucionar\u00e1n las Redes de Pr\u00f3xima Generaci\u00f3n. El\u00a0Base One, ubicado en la Marina de Valencia, ser\u00e1 el escenario de un foro clave donde se debatir\u00e1 sobre los principales retos y oportunidades en la evoluci\u00f3n de las telecomunicaciones.Bajo el lema\u00a0\u2018Los pilares de las redes del futuro\u2019, V5G Days abordar\u00e1 el<a class=\"more-link\" href=\"https:\/\/innoavi.es\/es\/v5g-days-celebra-su-iv-edicion-los-dias-27-y-28-de-marzo-2025\/\">SEE DETAILS <span class=\"more-link-image\"><\/span><span class=\"more-link-hover-image\"><\/span><\/a><\/p>\n","protected":false},"author":82,"featured_media":38022,"comment_status":"closed","ping_status":"open","sticky":false,"template":"","format":"standard","meta":{"_acf_changed":false,"footnotes":""},"categories":[775,774],"tags":[],"class_list":["post-38146","post","type-post","status-publish","format-standard","has-post-thumbnail","hentry","category-agenda-innoagents-es","category-agenda-innoagents"],"acf":[],"yoast_head":"<!-- This site is optimized with the Yoast SEO plugin v26.7 - https:\/\/yoast.com\/wordpress\/plugins\/seo\/ -->\n<title>V5G Days celebra su IV edici\u00f3n los d\u00edas 27 y 28 de marzo 2025 - AVI |\u00a0Ag\u00e8ncia Valenciana de la Innovaci\u00f3<\/title>\n<meta name=\"description\" content=\"La\u00a0IV edici\u00f3n de V5G Days\u00a0tendr\u00e1 lugar el pr\u00f3ximo\u00a027 y 28 de marzo, un evento imprescindible para la industria de las telecomunicaciones donde l\u00edderes de\" \/>\n<meta name=\"robots\" content=\"index, follow, max-snippet:-1, max-image-preview:large, max-video-preview:-1\" \/>\n<link rel=\"canonical\" href=\"https:\/\/innoavi.es\/es\/v5g-days-celebra-su-iv-edicion-los-dias-27-y-28-de-marzo-2025\/\" \/>\n<meta property=\"og:locale\" content=\"es_ES\" \/>\n<meta property=\"og:type\" content=\"article\" \/>\n<meta property=\"og:title\" content=\"V5G Days celebra su IV edici\u00f3n los d\u00edas 27 y 28 de marzo 2025 - AVI |\u00a0Ag\u00e8ncia Valenciana de la Innovaci\u00f3\" \/>\n<meta property=\"og:description\" content=\"La\u00a0IV edici\u00f3n de V5G Days\u00a0tendr\u00e1 lugar el pr\u00f3ximo\u00a027 y 28 de marzo, un evento imprescindible para la industria de las telecomunicaciones donde l\u00edderes de\" \/>\n<meta property=\"og:url\" content=\"https:\/\/innoavi.es\/es\/v5g-days-celebra-su-iv-edicion-los-dias-27-y-28-de-marzo-2025\/\" \/>\n<meta property=\"og:site_name\" content=\"AVI |\u00a0Ag\u00e8ncia Valenciana de la Innovaci\u00f3\" \/>\n<meta property=\"article:author\" content=\"https:\/\/www.facebook.com\/iteamUPV\" \/>\n<meta property=\"article:published_time\" content=\"2025-03-21T13:01:42+00:00\" \/>\n<meta property=\"article:modified_time\" content=\"2025-06-03T08:03:02+00:00\" \/>\n<meta property=\"og:image\" content=\"https:\/\/innoavi.es\/wp-content\/uploads\/2025\/03\/slider_web.jpg\" \/>\n\t<meta property=\"og:image:width\" content=\"1600\" \/>\n\t<meta property=\"og:image:height\" content=\"900\" \/>\n\t<meta property=\"og:image:type\" content=\"image\/jpeg\" \/>\n<meta name=\"author\" content=\"Alicia Abad Garc\u00eda\" \/>\n<meta name=\"twitter:card\" content=\"summary_large_image\" \/>\n<meta name=\"twitter:creator\" content=\"@iteamUPV\" \/>\n<meta name=\"twitter:site\" content=\"@GVAavi\" \/>\n<meta name=\"twitter:label1\" content=\"Escrito por\" \/>\n\t<meta name=\"twitter:data1\" content=\"Alicia Abad Garc\u00eda\" \/>\n\t<meta name=\"twitter:label2\" content=\"Tiempo de lectura\" \/>\n\t<meta name=\"twitter:data2\" content=\"3 minutos\" \/>\n<script type=\"application\/ld+json\" class=\"yoast-schema-graph\">{\"@context\":\"https:\/\/schema.org\",\"@graph\":[{\"@type\":\"Article\",\"@id\":\"https:\/\/innoavi.es\/es\/v5g-days-celebra-su-iv-edicion-los-dias-27-y-28-de-marzo-2025\/#article\",\"isPartOf\":{\"@id\":\"https:\/\/innoavi.es\/es\/v5g-days-celebra-su-iv-edicion-los-dias-27-y-28-de-marzo-2025\/\"},\"author\":{\"name\":\"Alicia Abad Garc\u00eda\",\"@id\":\"https:\/\/innoavi.es\/es\/#\/schema\/person\/4b98bb144ea068fd1d3f5a3161913975\"},\"headline\":\"V5G Days celebra su IV edici\u00f3n los d\u00edas 27 y 28 de marzo 2025\",\"datePublished\":\"2025-03-21T13:01:42+00:00\",\"dateModified\":\"2025-06-03T08:03:02+00:00\",\"mainEntityOfPage\":{\"@id\":\"https:\/\/innoavi.es\/es\/v5g-days-celebra-su-iv-edicion-los-dias-27-y-28-de-marzo-2025\/\"},\"wordCount\":559,\"image\":{\"@id\":\"https:\/\/innoavi.es\/es\/v5g-days-celebra-su-iv-edicion-los-dias-27-y-28-de-marzo-2025\/#primaryimage\"},\"thumbnailUrl\":\"https:\/\/innoavi.es\/wp-content\/uploads\/2025\/03\/slider_web.jpg\",\"articleSection\":[\"Agenda Innoagents ES\",\"Agenda Innoagents VAL\"],\"inLanguage\":\"es\"},{\"@type\":\"WebPage\",\"@id\":\"https:\/\/innoavi.es\/es\/v5g-days-celebra-su-iv-edicion-los-dias-27-y-28-de-marzo-2025\/\",\"url\":\"https:\/\/innoavi.es\/es\/v5g-days-celebra-su-iv-edicion-los-dias-27-y-28-de-marzo-2025\/\",\"name\":\"V5G Days celebra su IV edici\u00f3n los d\u00edas 27 y 28 de marzo 2025 - AVI |\u00a0Ag\u00e8ncia Valenciana de la Innovaci\u00f3\",\"isPartOf\":{\"@id\":\"https:\/\/innoavi.es\/es\/#website\"},\"primaryImageOfPage\":{\"@id\":\"https:\/\/innoavi.es\/es\/v5g-days-celebra-su-iv-edicion-los-dias-27-y-28-de-marzo-2025\/#primaryimage\"},\"image\":{\"@id\":\"https:\/\/innoavi.es\/es\/v5g-days-celebra-su-iv-edicion-los-dias-27-y-28-de-marzo-2025\/#primaryimage\"},\"thumbnailUrl\":\"https:\/\/innoavi.es\/wp-content\/uploads\/2025\/03\/slider_web.jpg\",\"datePublished\":\"2025-03-21T13:01:42+00:00\",\"dateModified\":\"2025-06-03T08:03:02+00:00\",\"author\":{\"@id\":\"https:\/\/innoavi.es\/es\/#\/schema\/person\/4b98bb144ea068fd1d3f5a3161913975\"},\"description\":\"La\u00a0IV edici\u00f3n de V5G Days\u00a0tendr\u00e1 lugar el pr\u00f3ximo\u00a027 y 28 de marzo, un evento imprescindible para la industria de las telecomunicaciones donde l\u00edderes de\",\"breadcrumb\":{\"@id\":\"https:\/\/innoavi.es\/es\/v5g-days-celebra-su-iv-edicion-los-dias-27-y-28-de-marzo-2025\/#breadcrumb\"},\"inLanguage\":\"es\",\"potentialAction\":[{\"@type\":\"ReadAction\",\"target\":[\"https:\/\/innoavi.es\/es\/v5g-days-celebra-su-iv-edicion-los-dias-27-y-28-de-marzo-2025\/\"]}]},{\"@type\":\"ImageObject\",\"inLanguage\":\"es\",\"@id\":\"https:\/\/innoavi.es\/es\/v5g-days-celebra-su-iv-edicion-los-dias-27-y-28-de-marzo-2025\/#primaryimage\",\"url\":\"https:\/\/innoavi.es\/wp-content\/uploads\/2025\/03\/slider_web.jpg\",\"contentUrl\":\"https:\/\/innoavi.es\/wp-content\/uploads\/2025\/03\/slider_web.jpg\",\"width\":1600,\"height\":900,\"caption\":\"V5G Days 2025\"},{\"@type\":\"BreadcrumbList\",\"@id\":\"https:\/\/innoavi.es\/es\/v5g-days-celebra-su-iv-edicion-los-dias-27-y-28-de-marzo-2025\/#breadcrumb\",\"itemListElement\":[{\"@type\":\"ListItem\",\"position\":1,\"name\":\"Portada\",\"item\":\"https:\/\/innoavi.es\/es\/\"},{\"@type\":\"ListItem\",\"position\":2,\"name\":\"V5G Days celebra su IV edici\u00f3n los d\u00edas 27 y 28 de marzo 2025\"}]},{\"@type\":\"WebSite\",\"@id\":\"https:\/\/innoavi.es\/es\/#website\",\"url\":\"https:\/\/innoavi.es\/es\/\",\"name\":\"AVI |\u00a0Ag\u00e8ncia Valenciana de la Innovaci\u00f3\",\"description\":\"P\u00e0gina web oficial de l&#039;AVI\",\"potentialAction\":[{\"@type\":\"SearchAction\",\"target\":{\"@type\":\"EntryPoint\",\"urlTemplate\":\"https:\/\/innoavi.es\/es\/?s={search_term_string}\"},\"query-input\":{\"@type\":\"PropertyValueSpecification\",\"valueRequired\":true,\"valueName\":\"search_term_string\"}}],\"inLanguage\":\"es\"},{\"@type\":\"Person\",\"@id\":\"https:\/\/innoavi.es\/es\/#\/schema\/person\/4b98bb144ea068fd1d3f5a3161913975\",\"name\":\"Alicia Abad Garc\u00eda\",\"sameAs\":[\"https:\/\/www.iteam.upv.es\/\",\"https:\/\/www.facebook.com\/iteamUPV\",\"https:\/\/www.linkedin.com\/in\/alicia-mara-abad-garca-78199154\/\",\"https:\/\/x.com\/iteamUPV\",\"https:\/\/www.youtube.com\/@iteamUPV\"]}]}<\/script>\n<!-- \/ Yoast SEO plugin. -->","yoast_head_json":{"title":"V5G Days celebra su IV edici\u00f3n los d\u00edas 27 y 28 de marzo 2025 - AVI |\u00a0Ag\u00e8ncia Valenciana de la Innovaci\u00f3","description":"La\u00a0IV edici\u00f3n de V5G Days\u00a0tendr\u00e1 lugar el pr\u00f3ximo\u00a027 y 28 de marzo, un evento imprescindible para la industria de las telecomunicaciones donde l\u00edderes de","robots":{"index":"index","follow":"follow","max-snippet":"max-snippet:-1","max-image-preview":"max-image-preview:large","max-video-preview":"max-video-preview:-1"},"canonical":"https:\/\/innoavi.es\/es\/v5g-days-celebra-su-iv-edicion-los-dias-27-y-28-de-marzo-2025\/","og_locale":"es_ES","og_type":"article","og_title":"V5G Days celebra su IV edici\u00f3n los d\u00edas 27 y 28 de marzo 2025 - AVI |\u00a0Ag\u00e8ncia Valenciana de la Innovaci\u00f3","og_description":"La\u00a0IV edici\u00f3n de V5G Days\u00a0tendr\u00e1 lugar el pr\u00f3ximo\u00a027 y 28 de marzo, un evento imprescindible para la industria de las telecomunicaciones donde l\u00edderes de","og_url":"https:\/\/innoavi.es\/es\/v5g-days-celebra-su-iv-edicion-los-dias-27-y-28-de-marzo-2025\/","og_site_name":"AVI |\u00a0Ag\u00e8ncia Valenciana de la Innovaci\u00f3","article_author":"https:\/\/www.facebook.com\/iteamUPV","article_published_time":"2025-03-21T13:01:42+00:00","article_modified_time":"2025-06-03T08:03:02+00:00","og_image":[{"width":1600,"height":900,"url":"https:\/\/innoavi.es\/wp-content\/uploads\/2025\/03\/slider_web.jpg","type":"image\/jpeg"}],"author":"Alicia Abad Garc\u00eda","twitter_card":"summary_large_image","twitter_creator":"@iteamUPV","twitter_site":"@GVAavi","twitter_misc":{"Escrito por":"Alicia Abad Garc\u00eda","Tiempo de lectura":"3 minutos"},"schema":{"@context":"https:\/\/schema.org","@graph":[{"@type":"Article","@id":"https:\/\/innoavi.es\/es\/v5g-days-celebra-su-iv-edicion-los-dias-27-y-28-de-marzo-2025\/#article","isPartOf":{"@id":"https:\/\/innoavi.es\/es\/v5g-days-celebra-su-iv-edicion-los-dias-27-y-28-de-marzo-2025\/"},"author":{"name":"Alicia Abad Garc\u00eda","@id":"https:\/\/innoavi.es\/es\/#\/schema\/person\/4b98bb144ea068fd1d3f5a3161913975"},"headline":"V5G Days celebra su IV edici\u00f3n los d\u00edas 27 y 28 de marzo 2025","datePublished":"2025-03-21T13:01:42+00:00","dateModified":"2025-06-03T08:03:02+00:00","mainEntityOfPage":{"@id":"https:\/\/innoavi.es\/es\/v5g-days-celebra-su-iv-edicion-los-dias-27-y-28-de-marzo-2025\/"},"wordCount":559,"image":{"@id":"https:\/\/innoavi.es\/es\/v5g-days-celebra-su-iv-edicion-los-dias-27-y-28-de-marzo-2025\/#primaryimage"},"thumbnailUrl":"https:\/\/innoavi.es\/wp-content\/uploads\/2025\/03\/slider_web.jpg","articleSection":["Agenda Innoagents ES","Agenda Innoagents VAL"],"inLanguage":"es"},{"@type":"WebPage","@id":"https:\/\/innoavi.es\/es\/v5g-days-celebra-su-iv-edicion-los-dias-27-y-28-de-marzo-2025\/","url":"https:\/\/innoavi.es\/es\/v5g-days-celebra-su-iv-edicion-los-dias-27-y-28-de-marzo-2025\/","name":"V5G Days celebra su IV edici\u00f3n los d\u00edas 27 y 28 de marzo 2025 - AVI |\u00a0Ag\u00e8ncia Valenciana de la Innovaci\u00f3","isPartOf":{"@id":"https:\/\/innoavi.es\/es\/#website"},"primaryImageOfPage":{"@id":"https:\/\/innoavi.es\/es\/v5g-days-celebra-su-iv-edicion-los-dias-27-y-28-de-marzo-2025\/#primaryimage"},"image":{"@id":"https:\/\/innoavi.es\/es\/v5g-days-celebra-su-iv-edicion-los-dias-27-y-28-de-marzo-2025\/#primaryimage"},"thumbnailUrl":"https:\/\/innoavi.es\/wp-content\/uploads\/2025\/03\/slider_web.jpg","datePublished":"2025-03-21T13:01:42+00:00","dateModified":"2025-06-03T08:03:02+00:00","author":{"@id":"https:\/\/innoavi.es\/es\/#\/schema\/person\/4b98bb144ea068fd1d3f5a3161913975"},"description":"La\u00a0IV edici\u00f3n de V5G Days\u00a0tendr\u00e1 lugar el pr\u00f3ximo\u00a027 y 28 de marzo, un evento imprescindible para la industria de las telecomunicaciones donde l\u00edderes de","breadcrumb":{"@id":"https:\/\/innoavi.es\/es\/v5g-days-celebra-su-iv-edicion-los-dias-27-y-28-de-marzo-2025\/#breadcrumb"},"inLanguage":"es","potentialAction":[{"@type":"ReadAction","target":["https:\/\/innoavi.es\/es\/v5g-days-celebra-su-iv-edicion-los-dias-27-y-28-de-marzo-2025\/"]}]},{"@type":"ImageObject","inLanguage":"es","@id":"https:\/\/innoavi.es\/es\/v5g-days-celebra-su-iv-edicion-los-dias-27-y-28-de-marzo-2025\/#primaryimage","url":"https:\/\/innoavi.es\/wp-content\/uploads\/2025\/03\/slider_web.jpg","contentUrl":"https:\/\/innoavi.es\/wp-content\/uploads\/2025\/03\/slider_web.jpg","width":1600,"height":900,"caption":"V5G Days 2025"},{"@type":"BreadcrumbList","@id":"https:\/\/innoavi.es\/es\/v5g-days-celebra-su-iv-edicion-los-dias-27-y-28-de-marzo-2025\/#breadcrumb","itemListElement":[{"@type":"ListItem","position":1,"name":"Portada","item":"https:\/\/innoavi.es\/es\/"},{"@type":"ListItem","position":2,"name":"V5G Days celebra su IV edici\u00f3n los d\u00edas 27 y 28 de marzo 2025"}]},{"@type":"WebSite","@id":"https:\/\/innoavi.es\/es\/#website","url":"https:\/\/innoavi.es\/es\/","name":"AVI |\u00a0Ag\u00e8ncia Valenciana de la Innovaci\u00f3","description":"P\u00e0gina web oficial de l&#039;AVI","potentialAction":[{"@type":"SearchAction","target":{"@type":"EntryPoint","urlTemplate":"https:\/\/innoavi.es\/es\/?s={search_term_string}"},"query-input":{"@type":"PropertyValueSpecification","valueRequired":true,"valueName":"search_term_string"}}],"inLanguage":"es"},{"@type":"Person","@id":"https:\/\/innoavi.es\/es\/#\/schema\/person\/4b98bb144ea068fd1d3f5a3161913975","name":"Alicia Abad Garc\u00eda","sameAs":["https:\/\/www.iteam.upv.es\/","https:\/\/www.facebook.com\/iteamUPV","https:\/\/www.linkedin.com\/in\/alicia-mara-abad-garca-78199154\/","https:\/\/x.com\/iteamUPV","https:\/\/www.youtube.com\/@iteamUPV"]}]}},"_links":{"self":[{"href":"https:\/\/innoavi.es\/es\/wp-json\/wp\/v2\/posts\/38146","targetHints":{"allow":["GET"]}}],"collection":[{"href":"https:\/\/innoavi.es\/es\/wp-json\/wp\/v2\/posts"}],"about":[{"href":"https:\/\/innoavi.es\/es\/wp-json\/wp\/v2\/types\/post"}],"author":[{"embeddable":true,"href":"https:\/\/innoavi.es\/es\/wp-json\/wp\/v2\/users\/82"}],"replies":[{"embeddable":true,"href":"https:\/\/innoavi.es\/es\/wp-json\/wp\/v2\/comments?post=38146"}],"version-history":[{"count":2,"href":"https:\/\/innoavi.es\/es\/wp-json\/wp\/v2\/posts\/38146\/revisions"}],"predecessor-version":[{"id":39185,"href":"https:\/\/innoavi.es\/es\/wp-json\/wp\/v2\/posts\/38146\/revisions\/39185"}],"wp:featuredmedia":[{"embeddable":true,"href":"https:\/\/innoavi.es\/es\/wp-json\/wp\/v2\/media\/38022"}],"wp:attachment":[{"href":"https:\/\/innoavi.es\/es\/wp-json\/wp\/v2\/media?parent=38146"}],"wp:term":[{"taxonomy":"category","embeddable":true,"href":"https:\/\/innoavi.es\/es\/wp-json\/wp\/v2\/categories?post=38146"},{"taxonomy":"post_tag","embeddable":true,"href":"https:\/\/innoavi.es\/es\/wp-json\/wp\/v2\/tags?post=38146"}],"curies":[{"name":"wp","href":"https:\/\/api.w.org\/{rel}","templated":true}]}}