{"id":36273,"date":"2024-10-18T14:24:20","date_gmt":"2024-10-18T12:24:20","guid":{"rendered":"https:\/\/innoavi.es\/la-comunitat-valenciana-distinguida-para-la-comision-europea-como-un-valle-regional-de-innovacion\/"},"modified":"2024-10-18T14:25:19","modified_gmt":"2024-10-18T12:25:19","slug":"la-comunitat-valenciana-distinguida-para-la-comision-europea-como-un-valle-regional-de-innovacion","status":"publish","type":"post","link":"https:\/\/innoavi.es\/es\/la-comunitat-valenciana-distinguida-para-la-comision-europea-como-un-valle-regional-de-innovacion\/","title":{"rendered":"La Comunitat Valenciana, distinguida para la Comisi\u00f3n Europea como un Valle Regional de Innovaci\u00f3n"},"content":{"rendered":"<img loading=\"lazy\" decoding=\"async\" class=\"alignnone size-medium wp-image-36264\" src=\"https:\/\/innoavi.es\/wp-content\/uploads\/2024\/10\/structure-skyscraper-construction-mast-landmark-facade-820173-pxhere.com_-600x477.jpg\" alt=\"\" width=\"600\" height=\"477\" srcset=\"https:\/\/innoavi.es\/wp-content\/uploads\/2024\/10\/structure-skyscraper-construction-mast-landmark-facade-820173-pxhere.com_-600x477.jpg 600w, https:\/\/innoavi.es\/wp-content\/uploads\/2024\/10\/structure-skyscraper-construction-mast-landmark-facade-820173-pxhere.com_-1132x900.jpg 1132w, https:\/\/innoavi.es\/wp-content\/uploads\/2024\/10\/structure-skyscraper-construction-mast-landmark-facade-820173-pxhere.com_-768x611.jpg 768w, https:\/\/innoavi.es\/wp-content\/uploads\/2024\/10\/structure-skyscraper-construction-mast-landmark-facade-820173-pxhere.com_-692x550.jpg 692w, https:\/\/innoavi.es\/wp-content\/uploads\/2024\/10\/structure-skyscraper-construction-mast-landmark-facade-820173-pxhere.com_-692x550@2x.jpg 1383w, https:\/\/innoavi.es\/wp-content\/uploads\/2024\/10\/structure-skyscraper-construction-mast-landmark-facade-820173-pxhere.com_.jpg 1509w\" sizes=\"auto, (max-width: 600px) 100vw, 600px\" \/><br \/><div class=\"cabecera-noticia mb-5 row\"><div class=\"entradilla col-sm-9\">\u00a0<\/div><\/div><ul><li>El ejecutivo europeo reconoce el \u201cclaro compromiso\u201d de la regi\u00f3n \u201cpara mejorar la coordinaci\u00f3n y direcci\u00f3n de sus inversiones y pol\u00edticas de I+D\u201d<\/li><li>La consejera Nuria Montes destaca el \u201chito\u201d que representa el acceso a este programa de impulso de la innovaci\u00f3n, que est\u00e1 dotado con 116 millones<\/li><\/ul><p><br \/>La Comunidad Valenciana ha sido distinguida por la Comisi\u00f3n Europea con el sello Valle Regional de Innovaci\u00f3n y participar\u00e1 en un programa hom\u00f3nimo para promover la investigaci\u00f3n, la innovaci\u00f3n y el desarrollo regional, en l\u00ednea con los objetivos de la Agenda Europea de Innovaci\u00f3n y la pol\u00edtica de cohesi\u00f3n.<\/p><p><br \/>As\u00ed consta en la carta que ha recibido la Conseller\u00eda de Innovaci\u00f3n, Industria, Comercio y Turismo, que dirige Nuria Montes, y que est\u00e1 firmada por la comisaria de Innovaci\u00f3n, Investigaci\u00f3n, Cultura, Educaci\u00f3n y Juventud, Iliana Ivanova, y su hom\u00f3loga de Cohesi\u00f3n, Elisa Ferreira.<\/p><p><br \/>Montes ha destacado el hito que representa este reconocimiento de Bruselas, \u201cque permitir\u00e1 en la Comunidad Valenciana participar y acceder en un programa de impulso a la innovaci\u00f3n europeo que est\u00e1 dotado con 116 millones de euros\u201d.<\/p><p><br \/>La Comisi\u00f3n Europea destaca \u201cel claro compromiso\u201d de la regi\u00f3n \u201cpara mejorar la coordinaci\u00f3n y direcci\u00f3n de sus inversiones y pol\u00edticas de I+D en apoyo de los principales desaf\u00edos sociales de inter\u00e9s clave para la UE\u201d. En concreto, la misiva cita el esfuerzo para reducir la dependencia de los combustibles f\u00f3siles, el dominio de la transformaci\u00f3n digital, la mejora de la asistencia sanitaria, el impulso de la econom\u00eda circular y el incremento de la seguridad alimentaria, seg\u00fan ha explicado Montes.<\/p><p><br \/>En total, Bruselas ha seleccionado 149 regiones europeas para participar en esta iniciativa, entre las cuales figuran 14 comunidades aut\u00f3nomas espa\u00f1olas. A trav\u00e9s del programa Valls Regionales de Innovaci\u00f3n se pretende fortalecer los ecosistemas de innovaci\u00f3n regionales, as\u00ed como mejorar el desempe\u00f1o de la innovaci\u00f3n a Europa.<\/p><p><br \/>A tal efecto, la Comisi\u00f3n apoyar\u00e1 en los territorios con actividades espec\u00edficas para construir comunidades, acontecimientos de apareamiento, acciones de comunicaci\u00f3n y convocatorias de apoyo.<\/p>","protected":false},"excerpt":{"rendered":"<p>\u00a0El ejecutivo europeo reconoce el \u201cclaro compromiso\u201d de la regi\u00f3n \u201cpara mejorar la coordinaci\u00f3n y direcci\u00f3n de sus inversiones y pol\u00edticas de I+D\u201dLa consejera Nuria Montes destaca el \u201chito\u201d que representa el acceso a este programa de impulso de la innovaci\u00f3n, que est\u00e1 dotado con 116 millonesLa Comunidad Valenciana ha sido distinguida por la Comisi\u00f3n Europea con el sello Valle Regional de Innovaci\u00f3n y participar\u00e1 en un programa hom\u00f3nimo para promover la investigaci\u00f3n, la innovaci\u00f3n y el desarrollo regional, en l\u00ednea con los objetivos de la Agenda Europea de Innovaci\u00f3n<a class=\"more-link\" href=\"https:\/\/innoavi.es\/es\/la-comunitat-valenciana-distinguida-para-la-comision-europea-como-un-valle-regional-de-innovacion\/\">SEE DETAILS <span class=\"more-link-image\"><\/span><span class=\"more-link-hover-image\"><\/span><\/a><\/p>\n","protected":false},"author":12,"featured_media":36266,"comment_status":"closed","ping_status":"open","sticky":false,"template":"","format":"standard","meta":{"_acf_changed":false,"footnotes":""},"categories":[202,655],"tags":[],"class_list":["post-36273","post","type-post","status-publish","format-standard","has-post-thumbnail","hentry","category-prensa","category-prensa-es"],"acf":[],"yoast_head":"<!-- This site is optimized with the Yoast SEO plugin v26.7 - https:\/\/yoast.com\/wordpress\/plugins\/seo\/ -->\n<title>La Comunitat Valenciana, distinguida para la Comisi\u00f3n Europea como un Valle Regional de Innovaci\u00f3n - AVI |\u00a0Ag\u00e8ncia Valenciana de la Innovaci\u00f3<\/title>\n<meta name=\"description\" content=\"\u00a0El ejecutivo europeo reconoce el \u201cclaro compromiso\u201d de la regi\u00f3n \u201cpara mejorar la coordinaci\u00f3n y direcci\u00f3n de sus inversiones y pol\u00edticas de I+D\u201dLa\" \/>\n<meta name=\"robots\" content=\"index, follow, max-snippet:-1, max-image-preview:large, max-video-preview:-1\" \/>\n<link rel=\"canonical\" href=\"https:\/\/innoavi.es\/es\/la-comunitat-valenciana-distinguida-para-la-comision-europea-como-un-valle-regional-de-innovacion\/\" \/>\n<meta property=\"og:locale\" content=\"es_ES\" \/>\n<meta property=\"og:type\" content=\"article\" \/>\n<meta property=\"og:title\" content=\"La Comunitat Valenciana, distinguida para la Comisi\u00f3n Europea como un Valle Regional de Innovaci\u00f3n - AVI |\u00a0Ag\u00e8ncia Valenciana de la Innovaci\u00f3\" \/>\n<meta property=\"og:description\" content=\"\u00a0El ejecutivo europeo reconoce el \u201cclaro compromiso\u201d de la regi\u00f3n \u201cpara mejorar la coordinaci\u00f3n y direcci\u00f3n de sus inversiones y pol\u00edticas de I+D\u201dLa\" \/>\n<meta property=\"og:url\" content=\"https:\/\/innoavi.es\/es\/la-comunitat-valenciana-distinguida-para-la-comision-europea-como-un-valle-regional-de-innovacion\/\" \/>\n<meta property=\"og:site_name\" content=\"AVI |\u00a0Ag\u00e8ncia Valenciana de la Innovaci\u00f3\" \/>\n<meta property=\"article:published_time\" content=\"2024-10-18T12:24:20+00:00\" \/>\n<meta property=\"article:modified_time\" content=\"2024-10-18T12:25:19+00:00\" \/>\n<meta property=\"og:image\" content=\"https:\/\/innoavi.es\/wp-content\/uploads\/2024\/10\/structure-skyscraper-construction-mast-landmark-facade-820173-pxhere.com_.jpg\" \/>\n\t<meta property=\"og:image:width\" content=\"1509\" \/>\n\t<meta property=\"og:image:height\" content=\"1200\" \/>\n\t<meta property=\"og:image:type\" content=\"image\/jpeg\" \/>\n<meta name=\"author\" content=\"paco\" \/>\n<meta name=\"twitter:card\" content=\"summary_large_image\" \/>\n<meta name=\"twitter:creator\" content=\"@GVAavi\" \/>\n<meta name=\"twitter:site\" content=\"@GVAavi\" \/>\n<meta name=\"twitter:label1\" content=\"Escrito por\" \/>\n\t<meta name=\"twitter:data1\" content=\"paco\" \/>\n\t<meta name=\"twitter:label2\" content=\"Tiempo de lectura\" \/>\n\t<meta name=\"twitter:data2\" content=\"3 minutos\" \/>\n<script type=\"application\/ld+json\" class=\"yoast-schema-graph\">{\"@context\":\"https:\/\/schema.org\",\"@graph\":[{\"@type\":\"Article\",\"@id\":\"https:\/\/innoavi.es\/es\/la-comunitat-valenciana-distinguida-para-la-comision-europea-como-un-valle-regional-de-innovacion\/#article\",\"isPartOf\":{\"@id\":\"https:\/\/innoavi.es\/es\/la-comunitat-valenciana-distinguida-para-la-comision-europea-como-un-valle-regional-de-innovacion\/\"},\"author\":{\"name\":\"paco\",\"@id\":\"https:\/\/innoavi.es\/es\/#\/schema\/person\/cc5bf07456956a9205069c432fb8fa32\"},\"headline\":\"La Comunitat Valenciana, distinguida para la Comisi\u00f3n Europea como un Valle Regional de Innovaci\u00f3n\",\"datePublished\":\"2024-10-18T12:24:20+00:00\",\"dateModified\":\"2024-10-18T12:25:19+00:00\",\"mainEntityOfPage\":{\"@id\":\"https:\/\/innoavi.es\/es\/la-comunitat-valenciana-distinguida-para-la-comision-europea-como-un-valle-regional-de-innovacion\/\"},\"wordCount\":386,\"image\":{\"@id\":\"https:\/\/innoavi.es\/es\/la-comunitat-valenciana-distinguida-para-la-comision-europea-como-un-valle-regional-de-innovacion\/#primaryimage\"},\"thumbnailUrl\":\"https:\/\/innoavi.es\/wp-content\/uploads\/2024\/10\/structure-skyscraper-construction-mast-landmark-facade-820173-pxhere.com_.jpg\",\"articleSection\":[\"Prensa\",\"Prensa\"],\"inLanguage\":\"es\"},{\"@type\":\"WebPage\",\"@id\":\"https:\/\/innoavi.es\/es\/la-comunitat-valenciana-distinguida-para-la-comision-europea-como-un-valle-regional-de-innovacion\/\",\"url\":\"https:\/\/innoavi.es\/es\/la-comunitat-valenciana-distinguida-para-la-comision-europea-como-un-valle-regional-de-innovacion\/\",\"name\":\"La Comunitat Valenciana, distinguida para la Comisi\u00f3n Europea como un Valle Regional de Innovaci\u00f3n - AVI |\u00a0Ag\u00e8ncia Valenciana de la Innovaci\u00f3\",\"isPartOf\":{\"@id\":\"https:\/\/innoavi.es\/es\/#website\"},\"primaryImageOfPage\":{\"@id\":\"https:\/\/innoavi.es\/es\/la-comunitat-valenciana-distinguida-para-la-comision-europea-como-un-valle-regional-de-innovacion\/#primaryimage\"},\"image\":{\"@id\":\"https:\/\/innoavi.es\/es\/la-comunitat-valenciana-distinguida-para-la-comision-europea-como-un-valle-regional-de-innovacion\/#primaryimage\"},\"thumbnailUrl\":\"https:\/\/innoavi.es\/wp-content\/uploads\/2024\/10\/structure-skyscraper-construction-mast-landmark-facade-820173-pxhere.com_.jpg\",\"datePublished\":\"2024-10-18T12:24:20+00:00\",\"dateModified\":\"2024-10-18T12:25:19+00:00\",\"author\":{\"@id\":\"https:\/\/innoavi.es\/es\/#\/schema\/person\/cc5bf07456956a9205069c432fb8fa32\"},\"description\":\"\u00a0El ejecutivo europeo reconoce el \u201cclaro compromiso\u201d de la regi\u00f3n \u201cpara mejorar la coordinaci\u00f3n y direcci\u00f3n de sus inversiones y pol\u00edticas de I+D\u201dLa\",\"breadcrumb\":{\"@id\":\"https:\/\/innoavi.es\/es\/la-comunitat-valenciana-distinguida-para-la-comision-europea-como-un-valle-regional-de-innovacion\/#breadcrumb\"},\"inLanguage\":\"es\",\"potentialAction\":[{\"@type\":\"ReadAction\",\"target\":[\"https:\/\/innoavi.es\/es\/la-comunitat-valenciana-distinguida-para-la-comision-europea-como-un-valle-regional-de-innovacion\/\"]}]},{\"@type\":\"ImageObject\",\"inLanguage\":\"es\",\"@id\":\"https:\/\/innoavi.es\/es\/la-comunitat-valenciana-distinguida-para-la-comision-europea-como-un-valle-regional-de-innovacion\/#primaryimage\",\"url\":\"https:\/\/innoavi.es\/wp-content\/uploads\/2024\/10\/structure-skyscraper-construction-mast-landmark-facade-820173-pxhere.com_.jpg\",\"contentUrl\":\"https:\/\/innoavi.es\/wp-content\/uploads\/2024\/10\/structure-skyscraper-construction-mast-landmark-facade-820173-pxhere.com_.jpg\",\"width\":1509,\"height\":1200},{\"@type\":\"BreadcrumbList\",\"@id\":\"https:\/\/innoavi.es\/es\/la-comunitat-valenciana-distinguida-para-la-comision-europea-como-un-valle-regional-de-innovacion\/#breadcrumb\",\"itemListElement\":[{\"@type\":\"ListItem\",\"position\":1,\"name\":\"Portada\",\"item\":\"https:\/\/innoavi.es\/es\/\"},{\"@type\":\"ListItem\",\"position\":2,\"name\":\"La Comunitat Valenciana, distinguida para la Comisi\u00f3n Europea como un Valle Regional de Innovaci\u00f3n\"}]},{\"@type\":\"WebSite\",\"@id\":\"https:\/\/innoavi.es\/es\/#website\",\"url\":\"https:\/\/innoavi.es\/es\/\",\"name\":\"AVI |\u00a0Ag\u00e8ncia Valenciana de la Innovaci\u00f3\",\"description\":\"P\u00e0gina web oficial de l&#039;AVI\",\"potentialAction\":[{\"@type\":\"SearchAction\",\"target\":{\"@type\":\"EntryPoint\",\"urlTemplate\":\"https:\/\/innoavi.es\/es\/?s={search_term_string}\"},\"query-input\":{\"@type\":\"PropertyValueSpecification\",\"valueRequired\":true,\"valueName\":\"search_term_string\"}}],\"inLanguage\":\"es\"},{\"@type\":\"Person\",\"@id\":\"https:\/\/innoavi.es\/es\/#\/schema\/person\/cc5bf07456956a9205069c432fb8fa32\",\"name\":\"paco\"}]}<\/script>\n<!-- \/ Yoast SEO plugin. -->","yoast_head_json":{"title":"La Comunitat Valenciana, distinguida para la Comisi\u00f3n Europea como un Valle Regional de Innovaci\u00f3n - AVI |\u00a0Ag\u00e8ncia Valenciana de la Innovaci\u00f3","description":"\u00a0El ejecutivo europeo reconoce el \u201cclaro compromiso\u201d de la regi\u00f3n \u201cpara mejorar la coordinaci\u00f3n y direcci\u00f3n de sus inversiones y pol\u00edticas de I+D\u201dLa","robots":{"index":"index","follow":"follow","max-snippet":"max-snippet:-1","max-image-preview":"max-image-preview:large","max-video-preview":"max-video-preview:-1"},"canonical":"https:\/\/innoavi.es\/es\/la-comunitat-valenciana-distinguida-para-la-comision-europea-como-un-valle-regional-de-innovacion\/","og_locale":"es_ES","og_type":"article","og_title":"La Comunitat Valenciana, distinguida para la Comisi\u00f3n Europea como un Valle Regional de Innovaci\u00f3n - AVI |\u00a0Ag\u00e8ncia Valenciana de la Innovaci\u00f3","og_description":"\u00a0El ejecutivo europeo reconoce el \u201cclaro compromiso\u201d de la regi\u00f3n \u201cpara mejorar la coordinaci\u00f3n y direcci\u00f3n de sus inversiones y pol\u00edticas de I+D\u201dLa","og_url":"https:\/\/innoavi.es\/es\/la-comunitat-valenciana-distinguida-para-la-comision-europea-como-un-valle-regional-de-innovacion\/","og_site_name":"AVI |\u00a0Ag\u00e8ncia Valenciana de la Innovaci\u00f3","article_published_time":"2024-10-18T12:24:20+00:00","article_modified_time":"2024-10-18T12:25:19+00:00","og_image":[{"width":1509,"height":1200,"url":"https:\/\/innoavi.es\/wp-content\/uploads\/2024\/10\/structure-skyscraper-construction-mast-landmark-facade-820173-pxhere.com_.jpg","type":"image\/jpeg"}],"author":"paco","twitter_card":"summary_large_image","twitter_creator":"@GVAavi","twitter_site":"@GVAavi","twitter_misc":{"Escrito por":"paco","Tiempo de lectura":"3 minutos"},"schema":{"@context":"https:\/\/schema.org","@graph":[{"@type":"Article","@id":"https:\/\/innoavi.es\/es\/la-comunitat-valenciana-distinguida-para-la-comision-europea-como-un-valle-regional-de-innovacion\/#article","isPartOf":{"@id":"https:\/\/innoavi.es\/es\/la-comunitat-valenciana-distinguida-para-la-comision-europea-como-un-valle-regional-de-innovacion\/"},"author":{"name":"paco","@id":"https:\/\/innoavi.es\/es\/#\/schema\/person\/cc5bf07456956a9205069c432fb8fa32"},"headline":"La Comunitat Valenciana, distinguida para la Comisi\u00f3n Europea como un Valle Regional de Innovaci\u00f3n","datePublished":"2024-10-18T12:24:20+00:00","dateModified":"2024-10-18T12:25:19+00:00","mainEntityOfPage":{"@id":"https:\/\/innoavi.es\/es\/la-comunitat-valenciana-distinguida-para-la-comision-europea-como-un-valle-regional-de-innovacion\/"},"wordCount":386,"image":{"@id":"https:\/\/innoavi.es\/es\/la-comunitat-valenciana-distinguida-para-la-comision-europea-como-un-valle-regional-de-innovacion\/#primaryimage"},"thumbnailUrl":"https:\/\/innoavi.es\/wp-content\/uploads\/2024\/10\/structure-skyscraper-construction-mast-landmark-facade-820173-pxhere.com_.jpg","articleSection":["Prensa","Prensa"],"inLanguage":"es"},{"@type":"WebPage","@id":"https:\/\/innoavi.es\/es\/la-comunitat-valenciana-distinguida-para-la-comision-europea-como-un-valle-regional-de-innovacion\/","url":"https:\/\/innoavi.es\/es\/la-comunitat-valenciana-distinguida-para-la-comision-europea-como-un-valle-regional-de-innovacion\/","name":"La Comunitat Valenciana, distinguida para la Comisi\u00f3n Europea como un Valle Regional de Innovaci\u00f3n - AVI |\u00a0Ag\u00e8ncia Valenciana de la Innovaci\u00f3","isPartOf":{"@id":"https:\/\/innoavi.es\/es\/#website"},"primaryImageOfPage":{"@id":"https:\/\/innoavi.es\/es\/la-comunitat-valenciana-distinguida-para-la-comision-europea-como-un-valle-regional-de-innovacion\/#primaryimage"},"image":{"@id":"https:\/\/innoavi.es\/es\/la-comunitat-valenciana-distinguida-para-la-comision-europea-como-un-valle-regional-de-innovacion\/#primaryimage"},"thumbnailUrl":"https:\/\/innoavi.es\/wp-content\/uploads\/2024\/10\/structure-skyscraper-construction-mast-landmark-facade-820173-pxhere.com_.jpg","datePublished":"2024-10-18T12:24:20+00:00","dateModified":"2024-10-18T12:25:19+00:00","author":{"@id":"https:\/\/innoavi.es\/es\/#\/schema\/person\/cc5bf07456956a9205069c432fb8fa32"},"description":"\u00a0El ejecutivo europeo reconoce el \u201cclaro compromiso\u201d de la regi\u00f3n \u201cpara mejorar la coordinaci\u00f3n y direcci\u00f3n de sus inversiones y pol\u00edticas de I+D\u201dLa","breadcrumb":{"@id":"https:\/\/innoavi.es\/es\/la-comunitat-valenciana-distinguida-para-la-comision-europea-como-un-valle-regional-de-innovacion\/#breadcrumb"},"inLanguage":"es","potentialAction":[{"@type":"ReadAction","target":["https:\/\/innoavi.es\/es\/la-comunitat-valenciana-distinguida-para-la-comision-europea-como-un-valle-regional-de-innovacion\/"]}]},{"@type":"ImageObject","inLanguage":"es","@id":"https:\/\/innoavi.es\/es\/la-comunitat-valenciana-distinguida-para-la-comision-europea-como-un-valle-regional-de-innovacion\/#primaryimage","url":"https:\/\/innoavi.es\/wp-content\/uploads\/2024\/10\/structure-skyscraper-construction-mast-landmark-facade-820173-pxhere.com_.jpg","contentUrl":"https:\/\/innoavi.es\/wp-content\/uploads\/2024\/10\/structure-skyscraper-construction-mast-landmark-facade-820173-pxhere.com_.jpg","width":1509,"height":1200},{"@type":"BreadcrumbList","@id":"https:\/\/innoavi.es\/es\/la-comunitat-valenciana-distinguida-para-la-comision-europea-como-un-valle-regional-de-innovacion\/#breadcrumb","itemListElement":[{"@type":"ListItem","position":1,"name":"Portada","item":"https:\/\/innoavi.es\/es\/"},{"@type":"ListItem","position":2,"name":"La Comunitat Valenciana, distinguida para la Comisi\u00f3n Europea como un Valle Regional de Innovaci\u00f3n"}]},{"@type":"WebSite","@id":"https:\/\/innoavi.es\/es\/#website","url":"https:\/\/innoavi.es\/es\/","name":"AVI |\u00a0Ag\u00e8ncia Valenciana de la Innovaci\u00f3","description":"P\u00e0gina web oficial de l&#039;AVI","potentialAction":[{"@type":"SearchAction","target":{"@type":"EntryPoint","urlTemplate":"https:\/\/innoavi.es\/es\/?s={search_term_string}"},"query-input":{"@type":"PropertyValueSpecification","valueRequired":true,"valueName":"search_term_string"}}],"inLanguage":"es"},{"@type":"Person","@id":"https:\/\/innoavi.es\/es\/#\/schema\/person\/cc5bf07456956a9205069c432fb8fa32","name":"paco"}]}},"_links":{"self":[{"href":"https:\/\/innoavi.es\/es\/wp-json\/wp\/v2\/posts\/36273","targetHints":{"allow":["GET"]}}],"collection":[{"href":"https:\/\/innoavi.es\/es\/wp-json\/wp\/v2\/posts"}],"about":[{"href":"https:\/\/innoavi.es\/es\/wp-json\/wp\/v2\/types\/post"}],"author":[{"embeddable":true,"href":"https:\/\/innoavi.es\/es\/wp-json\/wp\/v2\/users\/12"}],"replies":[{"embeddable":true,"href":"https:\/\/innoavi.es\/es\/wp-json\/wp\/v2\/comments?post=36273"}],"version-history":[{"count":1,"href":"https:\/\/innoavi.es\/es\/wp-json\/wp\/v2\/posts\/36273\/revisions"}],"predecessor-version":[{"id":36275,"href":"https:\/\/innoavi.es\/es\/wp-json\/wp\/v2\/posts\/36273\/revisions\/36275"}],"wp:featuredmedia":[{"embeddable":true,"href":"https:\/\/innoavi.es\/es\/wp-json\/wp\/v2\/media\/36266"}],"wp:attachment":[{"href":"https:\/\/innoavi.es\/es\/wp-json\/wp\/v2\/media?parent=36273"}],"wp:term":[{"taxonomy":"category","embeddable":true,"href":"https:\/\/innoavi.es\/es\/wp-json\/wp\/v2\/categories?post=36273"},{"taxonomy":"post_tag","embeddable":true,"href":"https:\/\/innoavi.es\/es\/wp-json\/wp\/v2\/tags?post=36273"}],"curies":[{"name":"wp","href":"https:\/\/api.w.org\/{rel}","templated":true}]}}