{"id":35752,"date":"2024-08-29T14:42:14","date_gmt":"2024-08-29T12:42:14","guid":{"rendered":"https:\/\/innoavi.es\/?p=35752"},"modified":"2024-08-29T14:42:14","modified_gmt":"2024-08-29T12:42:14","slug":"ivacei-respalda-el-desarrollo-de-un-sistema-mas-eficaz-y-sostenible-para-reciclar-y-reutilizar-las-baterias-de-ion-litio-usadas","status":"publish","type":"post","link":"https:\/\/innoavi.es\/es\/ivacei-respalda-el-desarrollo-de-un-sistema-mas-eficaz-y-sostenible-para-reciclar-y-reutilizar-las-baterias-de-ion-litio-usadas\/","title":{"rendered":"Ivace+i respalda el desarrollo de un sistema m\u00e1s eficaz y sostenible para reciclar y reutilizar las bater\u00edas de ion litio usadas"},"content":{"rendered":"<img loading=\"lazy\" decoding=\"async\" class=\"alignnone size-medium wp-image-35753\" src=\"https:\/\/innoavi.es\/wp-content\/uploads\/2024\/08\/240827_fa_foto1_metallon-600x357.jpg\" alt=\"\" width=\"600\" height=\"357\" srcset=\"https:\/\/innoavi.es\/wp-content\/uploads\/2024\/08\/240827_fa_foto1_metallon-600x357.jpg 600w, https:\/\/innoavi.es\/wp-content\/uploads\/2024\/08\/240827_fa_foto1_metallon-1280x762.jpg 1280w, https:\/\/innoavi.es\/wp-content\/uploads\/2024\/08\/240827_fa_foto1_metallon-768x457.jpg 768w, https:\/\/innoavi.es\/wp-content\/uploads\/2024\/08\/240827_fa_foto1_metallon-1536x915.jpg 1536w, https:\/\/innoavi.es\/wp-content\/uploads\/2024\/08\/240827_fa_foto1_metallon-2048x1220.jpg 2048w, https:\/\/innoavi.es\/wp-content\/uploads\/2024\/08\/240827_fa_foto1_metallon-923x550.jpg 923w, https:\/\/innoavi.es\/wp-content\/uploads\/2024\/08\/240827_fa_foto1_metallon-923x550@2x.jpg 1847w\" sizes=\"auto, (max-width: 600px) 100vw, 600px\" \/><br \/><ul><li>AIMPLAS coordina un proyecto estrat\u00e9gico en el que participan la Universitat de Val\u00e8ncia y las empresas GDV Mobility y Recuintec<\/li><li>Se pretende reacondicionar y dar una segunda vida a las bater\u00edas de dispositivos electr\u00f3nicos y de movilidad y recuperar los metales cuando no sea posible<\/li><\/ul><p><br \/>El Instituto Valenciano de Competitividad e Innovaci\u00f3n (Ivace+i), que preside la consellera Nuria Montes, financia el desarrollo de nuevas t\u00e9cnicas para reciclar y reutilizar las bater\u00edas de ion litio que incluyen la mayor\u00eda de aparatos electr\u00f3nicos con el fin de optimizar el aprovechamiento de recursos, evitar que terminen en vertederos al final de su vida \u00fatil y reducir el impacto sobre el medio ambiente.<\/p><p><br \/>El objetivo pasa, por tanto, por reacondicionar dispositivos usados y proporcionarles nuevas aplicaciones o, en el caso de tener que desecharlos, mejorar los procesos de valorizaci\u00f3n para recuperar el litio y el resto de metales y minerales de alto valor con los que est\u00e1n fabricados.<\/p><p><br \/>El Instituto Tecnol\u00f3gico del Pl\u00e1stico (AIMPLAS) coordina este proyecto estrat\u00e9gico, denominado \u2018METALLON\u2019, en cuya ejecuci\u00f3n colaboran el Grupo de Investigaci\u00f3n en Ingenier\u00eda Ambiental (GI2AM) de la Universitat de Val\u00e8ncia y las empresas GDV Mobility y Recuintec. La iniciativa cuenta, adem\u00e1s, con financiaci\u00f3n de la Uni\u00f3n Europea en el marco del programa Comunitat Valenciana FEDER para el periodo 2021-2027.<\/p><p><br \/>\u2018METALLON\u2019 ofrecer una salida en el \u00e1mbito de la sostenibilidad a la gesti\u00f3n del importante volumen de bater\u00edas que se desechan cada a\u00f1o procedentes de aparatos electr\u00f3nicos, como m\u00f3viles u ordenadores, y de dispositivos vinculados a la movilidad el\u00e9ctrica, tales como patinetes, bicicletas, motos u veh\u00edculos el\u00e9ctricos.<\/p><p><br \/>En la actualidad, los acumuladores de energ\u00eda ya usados se almacenan en vertederos, lo que conlleva riesgos de seguridad y para el medio ambiente. Debido a su composici\u00f3n, estos dispositivos pueden prenderse fuego o incluso explotar, lo que supone una amenaza tanto durante la fase de transporte como en las plantas de tratamiento. Adem\u00e1s, a medida que se degradan, las sustancias qu\u00edmicas que contienen pueden llegar a liberarse en el medio natural, por lo que son una potencial fuente de contaminaci\u00f3n.<\/p><p><br \/>La apuesta por la movilidad el\u00e9ctrica ha multiplicado la demanda de litio, lo que incentiva tambi\u00e9n su recuperaci\u00f3n. De hecho, la propia Uni\u00f3n Europea ha incluido este metal en su cat\u00e1logo de materias primas consideradas cr\u00edticas por su importancia estrat\u00e9gica y econ\u00f3mica, ya que se estima fundamental para la transici\u00f3n hacia una econom\u00eda baja en carbono.<\/p><p><br \/>Sin embargo, los procesos actuales de reciclaje de bater\u00edas de ion litio, como la pirometalurgia, presentan limitaciones como, por ejemplo, la imposibilidad de recuperar el litio mediante m\u00e9todos est\u00e1ndares, el elevado coste energ\u00e9tico, el uso intensivo de \u00e1cidos inorg\u00e1nicos o la generaci\u00f3n de gases y aguas residuales muy contaminantes durante el transcurso del procedimiento.<\/p><p><strong><br \/>Reciclado m\u00e1s sostenible<\/strong><\/p><p><br \/>El objetivo de \u2018METALLON\u2019 se centra, precisamente, en explorar nuevas t\u00e9cnicas de recuperaci\u00f3n de metales que superen estos obst\u00e1culos para reducir as\u00ed el impacto ambiental, seg\u00fan explica el investigador en reciclado qu\u00edmico de AIMPLAS, Santiago Llopis: \u201cSustituiremos los \u00e1cidos inorg\u00e1nicos por otros agentes menos hostiles, como los solventes verdes, y estudiaremos los procesos hidrometal\u00fargicos como alternativa innovadora, m\u00e1s limpia y econ\u00f3mica puesto que emplean reactivos biol\u00f3gicos y requieren de un consumo de energ\u00eda m\u00ednimo\u201d.<\/p><p><br \/>Estas t\u00e9cnicas se aplicar\u00e1n como \u00faltimo recurso en aquellos casos en los que las bater\u00edas fuera de uso resulten inservibles porque la primera opci\u00f3n es aprovechar dichas unidades y reducir la generaci\u00f3n de residuos.<\/p><p><br \/>Con este fin se est\u00e1n abordando m\u00e9todos para identificar, primero, el estado de salud de los acumuladores de energ\u00eda al final de su ciclo de vida y, a continuaci\u00f3n, determinar su posible reacondicionamiento y reaprovechamiento en sectores como el de la movilidad o el el\u00e9ctrico-electr\u00f3nico.<\/p>","protected":false},"excerpt":{"rendered":"<p>AIMPLAS coordina un proyecto estrat\u00e9gico en el que participan la Universitat de Val\u00e8ncia y las empresas GDV Mobility y RecuintecSe pretende reacondicionar y dar una segunda vida a las bater\u00edas de dispositivos electr\u00f3nicos y de movilidad y recuperar los metales cuando no sea posibleEl Instituto Valenciano de Competitividad e Innovaci\u00f3n (Ivace+i), que preside la consellera Nuria Montes, financia el desarrollo de nuevas t\u00e9cnicas para reciclar y reutilizar las bater\u00edas de ion litio que incluyen la mayor\u00eda de aparatos electr\u00f3nicos con el fin de optimizar el aprovechamiento de recursos, evitar que<a class=\"more-link\" href=\"https:\/\/innoavi.es\/es\/ivacei-respalda-el-desarrollo-de-un-sistema-mas-eficaz-y-sostenible-para-reciclar-y-reutilizar-las-baterias-de-ion-litio-usadas\/\">SEE DETAILS <span class=\"more-link-image\"><\/span><span class=\"more-link-hover-image\"><\/span><\/a><\/p>\n","protected":false},"author":12,"featured_media":35753,"comment_status":"closed","ping_status":"open","sticky":false,"template":"","format":"standard","meta":{"_acf_changed":false,"footnotes":""},"categories":[202,655],"tags":[],"class_list":["post-35752","post","type-post","status-publish","format-standard","has-post-thumbnail","hentry","category-prensa","category-prensa-es"],"acf":[],"yoast_head":"<!-- This site is optimized with the Yoast SEO plugin v26.7 - https:\/\/yoast.com\/wordpress\/plugins\/seo\/ -->\n<title>Ivace+i respalda el desarrollo de un sistema m\u00e1s eficaz y sostenible para reciclar y reutilizar las bater\u00edas de ion litio usadas - AVI |\u00a0Ag\u00e8ncia Valenciana de la Innovaci\u00f3<\/title>\n<meta name=\"description\" content=\"AIMPLAS coordina un proyecto estrat\u00e9gico en el que participan la Universitat de Val\u00e8ncia y las empresas GDV Mobility y RecuintecSe pretende reacondicionar\" \/>\n<meta name=\"robots\" content=\"index, follow, max-snippet:-1, max-image-preview:large, max-video-preview:-1\" \/>\n<link rel=\"canonical\" href=\"https:\/\/innoavi.es\/es\/ivacei-respalda-el-desarrollo-de-un-sistema-mas-eficaz-y-sostenible-para-reciclar-y-reutilizar-las-baterias-de-ion-litio-usadas\/\" \/>\n<meta property=\"og:locale\" content=\"es_ES\" \/>\n<meta property=\"og:type\" content=\"article\" \/>\n<meta property=\"og:title\" content=\"Ivace+i respalda el desarrollo de un sistema m\u00e1s eficaz y sostenible para reciclar y reutilizar las bater\u00edas de ion litio usadas - AVI |\u00a0Ag\u00e8ncia Valenciana de la Innovaci\u00f3\" \/>\n<meta property=\"og:description\" content=\"AIMPLAS coordina un proyecto estrat\u00e9gico en el que participan la Universitat de Val\u00e8ncia y las empresas GDV Mobility y RecuintecSe pretende reacondicionar\" \/>\n<meta property=\"og:url\" content=\"https:\/\/innoavi.es\/es\/ivacei-respalda-el-desarrollo-de-un-sistema-mas-eficaz-y-sostenible-para-reciclar-y-reutilizar-las-baterias-de-ion-litio-usadas\/\" \/>\n<meta property=\"og:site_name\" content=\"AVI |\u00a0Ag\u00e8ncia Valenciana de la Innovaci\u00f3\" \/>\n<meta property=\"article:published_time\" content=\"2024-08-29T12:42:14+00:00\" \/>\n<meta property=\"og:image\" content=\"https:\/\/innoavi.es\/wp-content\/uploads\/2024\/08\/240827_fa_foto1_metallon-scaled.jpg\" \/>\n\t<meta property=\"og:image:width\" content=\"2560\" \/>\n\t<meta property=\"og:image:height\" content=\"1525\" \/>\n\t<meta property=\"og:image:type\" content=\"image\/jpeg\" \/>\n<meta name=\"author\" content=\"paco\" \/>\n<meta name=\"twitter:card\" content=\"summary_large_image\" \/>\n<meta name=\"twitter:creator\" content=\"@GVAavi\" \/>\n<meta name=\"twitter:site\" content=\"@GVAavi\" \/>\n<meta name=\"twitter:label1\" content=\"Escrito por\" \/>\n\t<meta name=\"twitter:data1\" content=\"paco\" \/>\n\t<meta name=\"twitter:label2\" content=\"Tiempo de lectura\" \/>\n\t<meta name=\"twitter:data2\" content=\"4 minutos\" \/>\n<script type=\"application\/ld+json\" class=\"yoast-schema-graph\">{\"@context\":\"https:\/\/schema.org\",\"@graph\":[{\"@type\":\"Article\",\"@id\":\"https:\/\/innoavi.es\/es\/ivacei-respalda-el-desarrollo-de-un-sistema-mas-eficaz-y-sostenible-para-reciclar-y-reutilizar-las-baterias-de-ion-litio-usadas\/#article\",\"isPartOf\":{\"@id\":\"https:\/\/innoavi.es\/es\/ivacei-respalda-el-desarrollo-de-un-sistema-mas-eficaz-y-sostenible-para-reciclar-y-reutilizar-las-baterias-de-ion-litio-usadas\/\"},\"author\":{\"name\":\"paco\",\"@id\":\"https:\/\/innoavi.es\/es\/#\/schema\/person\/cc5bf07456956a9205069c432fb8fa32\"},\"headline\":\"Ivace+i respalda el desarrollo de un sistema m\u00e1s eficaz y sostenible para reciclar y reutilizar las bater\u00edas de ion litio usadas\",\"datePublished\":\"2024-08-29T12:42:14+00:00\",\"mainEntityOfPage\":{\"@id\":\"https:\/\/innoavi.es\/es\/ivacei-respalda-el-desarrollo-de-un-sistema-mas-eficaz-y-sostenible-para-reciclar-y-reutilizar-las-baterias-de-ion-litio-usadas\/\"},\"wordCount\":706,\"image\":{\"@id\":\"https:\/\/innoavi.es\/es\/ivacei-respalda-el-desarrollo-de-un-sistema-mas-eficaz-y-sostenible-para-reciclar-y-reutilizar-las-baterias-de-ion-litio-usadas\/#primaryimage\"},\"thumbnailUrl\":\"https:\/\/innoavi.es\/wp-content\/uploads\/2024\/08\/240827_fa_foto1_metallon-scaled.jpg\",\"articleSection\":[\"Prensa\",\"Prensa\"],\"inLanguage\":\"es\"},{\"@type\":\"WebPage\",\"@id\":\"https:\/\/innoavi.es\/es\/ivacei-respalda-el-desarrollo-de-un-sistema-mas-eficaz-y-sostenible-para-reciclar-y-reutilizar-las-baterias-de-ion-litio-usadas\/\",\"url\":\"https:\/\/innoavi.es\/es\/ivacei-respalda-el-desarrollo-de-un-sistema-mas-eficaz-y-sostenible-para-reciclar-y-reutilizar-las-baterias-de-ion-litio-usadas\/\",\"name\":\"Ivace+i respalda el desarrollo de un sistema m\u00e1s eficaz y sostenible para reciclar y reutilizar las bater\u00edas de ion litio usadas - AVI |\u00a0Ag\u00e8ncia Valenciana de la Innovaci\u00f3\",\"isPartOf\":{\"@id\":\"https:\/\/innoavi.es\/es\/#website\"},\"primaryImageOfPage\":{\"@id\":\"https:\/\/innoavi.es\/es\/ivacei-respalda-el-desarrollo-de-un-sistema-mas-eficaz-y-sostenible-para-reciclar-y-reutilizar-las-baterias-de-ion-litio-usadas\/#primaryimage\"},\"image\":{\"@id\":\"https:\/\/innoavi.es\/es\/ivacei-respalda-el-desarrollo-de-un-sistema-mas-eficaz-y-sostenible-para-reciclar-y-reutilizar-las-baterias-de-ion-litio-usadas\/#primaryimage\"},\"thumbnailUrl\":\"https:\/\/innoavi.es\/wp-content\/uploads\/2024\/08\/240827_fa_foto1_metallon-scaled.jpg\",\"datePublished\":\"2024-08-29T12:42:14+00:00\",\"author\":{\"@id\":\"https:\/\/innoavi.es\/es\/#\/schema\/person\/cc5bf07456956a9205069c432fb8fa32\"},\"description\":\"AIMPLAS coordina un proyecto estrat\u00e9gico en el que participan la Universitat de Val\u00e8ncia y las empresas GDV Mobility y RecuintecSe pretende reacondicionar\",\"breadcrumb\":{\"@id\":\"https:\/\/innoavi.es\/es\/ivacei-respalda-el-desarrollo-de-un-sistema-mas-eficaz-y-sostenible-para-reciclar-y-reutilizar-las-baterias-de-ion-litio-usadas\/#breadcrumb\"},\"inLanguage\":\"es\",\"potentialAction\":[{\"@type\":\"ReadAction\",\"target\":[\"https:\/\/innoavi.es\/es\/ivacei-respalda-el-desarrollo-de-un-sistema-mas-eficaz-y-sostenible-para-reciclar-y-reutilizar-las-baterias-de-ion-litio-usadas\/\"]}]},{\"@type\":\"ImageObject\",\"inLanguage\":\"es\",\"@id\":\"https:\/\/innoavi.es\/es\/ivacei-respalda-el-desarrollo-de-un-sistema-mas-eficaz-y-sostenible-para-reciclar-y-reutilizar-las-baterias-de-ion-litio-usadas\/#primaryimage\",\"url\":\"https:\/\/innoavi.es\/wp-content\/uploads\/2024\/08\/240827_fa_foto1_metallon-scaled.jpg\",\"contentUrl\":\"https:\/\/innoavi.es\/wp-content\/uploads\/2024\/08\/240827_fa_foto1_metallon-scaled.jpg\",\"width\":2560,\"height\":1525},{\"@type\":\"BreadcrumbList\",\"@id\":\"https:\/\/innoavi.es\/es\/ivacei-respalda-el-desarrollo-de-un-sistema-mas-eficaz-y-sostenible-para-reciclar-y-reutilizar-las-baterias-de-ion-litio-usadas\/#breadcrumb\",\"itemListElement\":[{\"@type\":\"ListItem\",\"position\":1,\"name\":\"Portada\",\"item\":\"https:\/\/innoavi.es\/es\/\"},{\"@type\":\"ListItem\",\"position\":2,\"name\":\"Ivace+i respalda el desarrollo de un sistema m\u00e1s eficaz y sostenible para reciclar y reutilizar las bater\u00edas de ion litio usadas\"}]},{\"@type\":\"WebSite\",\"@id\":\"https:\/\/innoavi.es\/es\/#website\",\"url\":\"https:\/\/innoavi.es\/es\/\",\"name\":\"AVI |\u00a0Ag\u00e8ncia Valenciana de la Innovaci\u00f3\",\"description\":\"P\u00e0gina web oficial de l&#039;AVI\",\"potentialAction\":[{\"@type\":\"SearchAction\",\"target\":{\"@type\":\"EntryPoint\",\"urlTemplate\":\"https:\/\/innoavi.es\/es\/?s={search_term_string}\"},\"query-input\":{\"@type\":\"PropertyValueSpecification\",\"valueRequired\":true,\"valueName\":\"search_term_string\"}}],\"inLanguage\":\"es\"},{\"@type\":\"Person\",\"@id\":\"https:\/\/innoavi.es\/es\/#\/schema\/person\/cc5bf07456956a9205069c432fb8fa32\",\"name\":\"paco\"}]}<\/script>\n<!-- \/ Yoast SEO plugin. -->","yoast_head_json":{"title":"Ivace+i respalda el desarrollo de un sistema m\u00e1s eficaz y sostenible para reciclar y reutilizar las bater\u00edas de ion litio usadas - AVI |\u00a0Ag\u00e8ncia Valenciana de la Innovaci\u00f3","description":"AIMPLAS coordina un proyecto estrat\u00e9gico en el que participan la Universitat de Val\u00e8ncia y las empresas GDV Mobility y RecuintecSe pretende reacondicionar","robots":{"index":"index","follow":"follow","max-snippet":"max-snippet:-1","max-image-preview":"max-image-preview:large","max-video-preview":"max-video-preview:-1"},"canonical":"https:\/\/innoavi.es\/es\/ivacei-respalda-el-desarrollo-de-un-sistema-mas-eficaz-y-sostenible-para-reciclar-y-reutilizar-las-baterias-de-ion-litio-usadas\/","og_locale":"es_ES","og_type":"article","og_title":"Ivace+i respalda el desarrollo de un sistema m\u00e1s eficaz y sostenible para reciclar y reutilizar las bater\u00edas de ion litio usadas - AVI |\u00a0Ag\u00e8ncia Valenciana de la Innovaci\u00f3","og_description":"AIMPLAS coordina un proyecto estrat\u00e9gico en el que participan la Universitat de Val\u00e8ncia y las empresas GDV Mobility y RecuintecSe pretende reacondicionar","og_url":"https:\/\/innoavi.es\/es\/ivacei-respalda-el-desarrollo-de-un-sistema-mas-eficaz-y-sostenible-para-reciclar-y-reutilizar-las-baterias-de-ion-litio-usadas\/","og_site_name":"AVI |\u00a0Ag\u00e8ncia Valenciana de la Innovaci\u00f3","article_published_time":"2024-08-29T12:42:14+00:00","og_image":[{"width":2560,"height":1525,"url":"https:\/\/innoavi.es\/wp-content\/uploads\/2024\/08\/240827_fa_foto1_metallon-scaled.jpg","type":"image\/jpeg"}],"author":"paco","twitter_card":"summary_large_image","twitter_creator":"@GVAavi","twitter_site":"@GVAavi","twitter_misc":{"Escrito por":"paco","Tiempo de lectura":"4 minutos"},"schema":{"@context":"https:\/\/schema.org","@graph":[{"@type":"Article","@id":"https:\/\/innoavi.es\/es\/ivacei-respalda-el-desarrollo-de-un-sistema-mas-eficaz-y-sostenible-para-reciclar-y-reutilizar-las-baterias-de-ion-litio-usadas\/#article","isPartOf":{"@id":"https:\/\/innoavi.es\/es\/ivacei-respalda-el-desarrollo-de-un-sistema-mas-eficaz-y-sostenible-para-reciclar-y-reutilizar-las-baterias-de-ion-litio-usadas\/"},"author":{"name":"paco","@id":"https:\/\/innoavi.es\/es\/#\/schema\/person\/cc5bf07456956a9205069c432fb8fa32"},"headline":"Ivace+i respalda el desarrollo de un sistema m\u00e1s eficaz y sostenible para reciclar y reutilizar las bater\u00edas de ion litio usadas","datePublished":"2024-08-29T12:42:14+00:00","mainEntityOfPage":{"@id":"https:\/\/innoavi.es\/es\/ivacei-respalda-el-desarrollo-de-un-sistema-mas-eficaz-y-sostenible-para-reciclar-y-reutilizar-las-baterias-de-ion-litio-usadas\/"},"wordCount":706,"image":{"@id":"https:\/\/innoavi.es\/es\/ivacei-respalda-el-desarrollo-de-un-sistema-mas-eficaz-y-sostenible-para-reciclar-y-reutilizar-las-baterias-de-ion-litio-usadas\/#primaryimage"},"thumbnailUrl":"https:\/\/innoavi.es\/wp-content\/uploads\/2024\/08\/240827_fa_foto1_metallon-scaled.jpg","articleSection":["Prensa","Prensa"],"inLanguage":"es"},{"@type":"WebPage","@id":"https:\/\/innoavi.es\/es\/ivacei-respalda-el-desarrollo-de-un-sistema-mas-eficaz-y-sostenible-para-reciclar-y-reutilizar-las-baterias-de-ion-litio-usadas\/","url":"https:\/\/innoavi.es\/es\/ivacei-respalda-el-desarrollo-de-un-sistema-mas-eficaz-y-sostenible-para-reciclar-y-reutilizar-las-baterias-de-ion-litio-usadas\/","name":"Ivace+i respalda el desarrollo de un sistema m\u00e1s eficaz y sostenible para reciclar y reutilizar las bater\u00edas de ion litio usadas - AVI |\u00a0Ag\u00e8ncia Valenciana de la Innovaci\u00f3","isPartOf":{"@id":"https:\/\/innoavi.es\/es\/#website"},"primaryImageOfPage":{"@id":"https:\/\/innoavi.es\/es\/ivacei-respalda-el-desarrollo-de-un-sistema-mas-eficaz-y-sostenible-para-reciclar-y-reutilizar-las-baterias-de-ion-litio-usadas\/#primaryimage"},"image":{"@id":"https:\/\/innoavi.es\/es\/ivacei-respalda-el-desarrollo-de-un-sistema-mas-eficaz-y-sostenible-para-reciclar-y-reutilizar-las-baterias-de-ion-litio-usadas\/#primaryimage"},"thumbnailUrl":"https:\/\/innoavi.es\/wp-content\/uploads\/2024\/08\/240827_fa_foto1_metallon-scaled.jpg","datePublished":"2024-08-29T12:42:14+00:00","author":{"@id":"https:\/\/innoavi.es\/es\/#\/schema\/person\/cc5bf07456956a9205069c432fb8fa32"},"description":"AIMPLAS coordina un proyecto estrat\u00e9gico en el que participan la Universitat de Val\u00e8ncia y las empresas GDV Mobility y RecuintecSe pretende reacondicionar","breadcrumb":{"@id":"https:\/\/innoavi.es\/es\/ivacei-respalda-el-desarrollo-de-un-sistema-mas-eficaz-y-sostenible-para-reciclar-y-reutilizar-las-baterias-de-ion-litio-usadas\/#breadcrumb"},"inLanguage":"es","potentialAction":[{"@type":"ReadAction","target":["https:\/\/innoavi.es\/es\/ivacei-respalda-el-desarrollo-de-un-sistema-mas-eficaz-y-sostenible-para-reciclar-y-reutilizar-las-baterias-de-ion-litio-usadas\/"]}]},{"@type":"ImageObject","inLanguage":"es","@id":"https:\/\/innoavi.es\/es\/ivacei-respalda-el-desarrollo-de-un-sistema-mas-eficaz-y-sostenible-para-reciclar-y-reutilizar-las-baterias-de-ion-litio-usadas\/#primaryimage","url":"https:\/\/innoavi.es\/wp-content\/uploads\/2024\/08\/240827_fa_foto1_metallon-scaled.jpg","contentUrl":"https:\/\/innoavi.es\/wp-content\/uploads\/2024\/08\/240827_fa_foto1_metallon-scaled.jpg","width":2560,"height":1525},{"@type":"BreadcrumbList","@id":"https:\/\/innoavi.es\/es\/ivacei-respalda-el-desarrollo-de-un-sistema-mas-eficaz-y-sostenible-para-reciclar-y-reutilizar-las-baterias-de-ion-litio-usadas\/#breadcrumb","itemListElement":[{"@type":"ListItem","position":1,"name":"Portada","item":"https:\/\/innoavi.es\/es\/"},{"@type":"ListItem","position":2,"name":"Ivace+i respalda el desarrollo de un sistema m\u00e1s eficaz y sostenible para reciclar y reutilizar las bater\u00edas de ion litio usadas"}]},{"@type":"WebSite","@id":"https:\/\/innoavi.es\/es\/#website","url":"https:\/\/innoavi.es\/es\/","name":"AVI |\u00a0Ag\u00e8ncia Valenciana de la Innovaci\u00f3","description":"P\u00e0gina web oficial de l&#039;AVI","potentialAction":[{"@type":"SearchAction","target":{"@type":"EntryPoint","urlTemplate":"https:\/\/innoavi.es\/es\/?s={search_term_string}"},"query-input":{"@type":"PropertyValueSpecification","valueRequired":true,"valueName":"search_term_string"}}],"inLanguage":"es"},{"@type":"Person","@id":"https:\/\/innoavi.es\/es\/#\/schema\/person\/cc5bf07456956a9205069c432fb8fa32","name":"paco"}]}},"_links":{"self":[{"href":"https:\/\/innoavi.es\/es\/wp-json\/wp\/v2\/posts\/35752","targetHints":{"allow":["GET"]}}],"collection":[{"href":"https:\/\/innoavi.es\/es\/wp-json\/wp\/v2\/posts"}],"about":[{"href":"https:\/\/innoavi.es\/es\/wp-json\/wp\/v2\/types\/post"}],"author":[{"embeddable":true,"href":"https:\/\/innoavi.es\/es\/wp-json\/wp\/v2\/users\/12"}],"replies":[{"embeddable":true,"href":"https:\/\/innoavi.es\/es\/wp-json\/wp\/v2\/comments?post=35752"}],"version-history":[{"count":1,"href":"https:\/\/innoavi.es\/es\/wp-json\/wp\/v2\/posts\/35752\/revisions"}],"predecessor-version":[{"id":35756,"href":"https:\/\/innoavi.es\/es\/wp-json\/wp\/v2\/posts\/35752\/revisions\/35756"}],"wp:featuredmedia":[{"embeddable":true,"href":"https:\/\/innoavi.es\/es\/wp-json\/wp\/v2\/media\/35753"}],"wp:attachment":[{"href":"https:\/\/innoavi.es\/es\/wp-json\/wp\/v2\/media?parent=35752"}],"wp:term":[{"taxonomy":"category","embeddable":true,"href":"https:\/\/innoavi.es\/es\/wp-json\/wp\/v2\/categories?post=35752"},{"taxonomy":"post_tag","embeddable":true,"href":"https:\/\/innoavi.es\/es\/wp-json\/wp\/v2\/tags?post=35752"}],"curies":[{"name":"wp","href":"https:\/\/api.w.org\/{rel}","templated":true}]}}