{"id":35146,"date":"2024-06-20T14:28:24","date_gmt":"2024-06-20T12:28:24","guid":{"rendered":"https:\/\/innoavi.es\/?p=35146"},"modified":"2024-06-20T14:28:24","modified_gmt":"2024-06-20T12:28:24","slug":"28-junio-charla-informal-y-cafe-creacion-de-spin-offs-puntos-de-vista-del-pcumh-y-de-un-investigador-emprendedor-del-i3e-umh","status":"publish","type":"post","link":"https:\/\/innoavi.es\/es\/28-junio-charla-informal-y-cafe-creacion-de-spin-offs-puntos-de-vista-del-pcumh-y-de-un-investigador-emprendedor-del-i3e-umh\/","title":{"rendered":"28 JUNIO | Charla informal y caf\u00e9: creaci\u00f3n de spin-offs, puntos de vista del PCUMH y de un investigador emprendedor del I3E-UMH"},"content":{"rendered":"<p><img loading=\"lazy\" decoding=\"async\" class=\"aligncenter wp-image-35184 size-medium\" src=\"https:\/\/innoavi.es\/wp-content\/uploads\/2024\/06\/240628_Cartel-charla-spin-offs-PCUMH-junio-2024-1-450x600.png\" alt=\"\" width=\"450\" height=\"600\" srcset=\"https:\/\/innoavi.es\/wp-content\/uploads\/2024\/06\/240628_Cartel-charla-spin-offs-PCUMH-junio-2024-1-450x600.png 450w, https:\/\/innoavi.es\/wp-content\/uploads\/2024\/06\/240628_Cartel-charla-spin-offs-PCUMH-junio-2024-1-675x900.png 675w, https:\/\/innoavi.es\/wp-content\/uploads\/2024\/06\/240628_Cartel-charla-spin-offs-PCUMH-junio-2024-1-768x1024.png 768w, https:\/\/innoavi.es\/wp-content\/uploads\/2024\/06\/240628_Cartel-charla-spin-offs-PCUMH-junio-2024-1-1152x1536.png 1152w, https:\/\/innoavi.es\/wp-content\/uploads\/2024\/06\/240628_Cartel-charla-spin-offs-PCUMH-junio-2024-1-1536x2048.png 1536w, https:\/\/innoavi.es\/wp-content\/uploads\/2024\/06\/240628_Cartel-charla-spin-offs-PCUMH-junio-2024-1-413x550.png 413w, https:\/\/innoavi.es\/wp-content\/uploads\/2024\/06\/240628_Cartel-charla-spin-offs-PCUMH-junio-2024-1-413x550@2x.png 825w\" sizes=\"auto, (max-width: 450px) 100vw, 450px\" \/><\/p><br \/><p>De entre las diferentes v\u00edas que existen para impulsar la transferencia tecnol\u00f3gica de los resultados de proyectos de I+D de los Organismos P\u00fablicos de Investigaci\u00f3n (OPIs), la <strong>creaci\u00f3n de spin-offs<\/strong> es una posible herramienta para ello.<\/p><p>Saber cu\u00e1ndo es una opci\u00f3n acertada y c\u00f3mo crearlas, respetando todos los aspectos jur\u00eddicos y legales que aplican al emprendimiento por parte de personal de OPIs, es vital para los investigadores. Para resolver dudas y promover esta v\u00eda de transferencia, el pr\u00f3ximo <strong>viernes 28 de junio a las 10h<\/strong>\u00a0podremos tomarnos un\u00a0<strong>caf\u00e9 en el edificio Innova de la Universidad Miguel Hern\u00e1ndez (campus de Elche) con expertos del Parque Cient\u00edfico de la UMH (PCUMH)<\/strong>\u00a0para que nos cuenten su punto de vista sobre cu\u00e1ndo y c\u00f3mo emprender si se es investigador\/a. Adem\u00e1s,\u00a0<strong>contaremos con Miguel S\u00e1nchez, compa\u00f1ero del I3E con experiencia emprendedora<\/strong>\u00a0(su \u00faltimo proyecto ha sido\u00a0<a href=\"https:\/\/lavel-sti.com\/\">LAVEL<\/a>) que compartir\u00e1 tambi\u00e9n su punto de vista al respecto.\u00a0<\/p><p>Cabe destacar que esta actividad se ha organizado por el I3E-UMH en el marco del proyecto INNTA1\/2023\/26 de la Agencia Valenciana de la Innovaci\u00f3n (AVI), que desde 2024 se fusion\u00f3 con IVACE (IVACE+i).<\/p><p><strong>Inscr\u00edbete <\/strong>rellenando el siguiente <strong>formulario: <a href=\"https:\/\/forms.gle\/dzEHwYosSWvtkiyKA\">https:\/\/forms.gle\/dzEHwYosSWvtkiyKA<\/a><\/strong><\/p><em><br \/><\/em><strong>10h <\/strong>(28 de junio de 2024). Sala de reuniones de la planta 2 del m\u00f3dulo 1 del edificio Innova del campus de Elche de la UMH.\u00a0<br \/>Avda. de la Universidad S\/N, 03202, Elche (Alicante).","protected":false},"excerpt":{"rendered":"<p>De entre las diferentes v\u00edas que existen para impulsar la transferencia tecnol\u00f3gica de los resultados de proyectos de I+D de los Organismos P\u00fablicos de Investigaci\u00f3n (OPIs), la creaci\u00f3n de spin-offs es una posible herramienta para ello.Saber cu\u00e1ndo es una opci\u00f3n acertada y c\u00f3mo crearlas, respetando todos los aspectos jur\u00eddicos y legales que aplican al emprendimiento por parte de personal de OPIs, es vital para los investigadores. Para resolver dudas y promover esta v\u00eda de transferencia, el pr\u00f3ximo viernes 28 de junio a las 10h\u00a0podremos tomarnos un\u00a0caf\u00e9 en el edificio Innova<a class=\"more-link\" href=\"https:\/\/innoavi.es\/es\/28-junio-charla-informal-y-cafe-creacion-de-spin-offs-puntos-de-vista-del-pcumh-y-de-un-investigador-emprendedor-del-i3e-umh\/\">SEE DETAILS <span class=\"more-link-image\"><\/span><span class=\"more-link-hover-image\"><\/span><\/a><\/p>\n","protected":false},"author":54,"featured_media":35184,"comment_status":"closed","ping_status":"open","sticky":false,"template":"","format":"standard","meta":{"_acf_changed":false,"footnotes":""},"categories":[775],"tags":[],"class_list":["post-35146","post","type-post","status-publish","format-standard","has-post-thumbnail","hentry","category-agenda-innoagents-es"],"acf":[],"yoast_head":"<!-- This site is optimized with the Yoast SEO plugin v26.7 - https:\/\/yoast.com\/wordpress\/plugins\/seo\/ -->\n<title>28 JUNIO | Charla informal y caf\u00e9: creaci\u00f3n de spin-offs, puntos de vista del PCUMH y de un investigador emprendedor del I3E-UMH - AVI |\u00a0Ag\u00e8ncia Valenciana de la Innovaci\u00f3<\/title>\n<meta name=\"description\" content=\"De entre las diferentes v\u00edas que existen para impulsar la transferencia tecnol\u00f3gica de los resultados de proyectos de I+D de los Organismos P\u00fablicos de\" \/>\n<meta name=\"robots\" content=\"index, follow, max-snippet:-1, max-image-preview:large, max-video-preview:-1\" \/>\n<link rel=\"canonical\" href=\"https:\/\/innoavi.es\/es\/28-junio-charla-informal-y-cafe-creacion-de-spin-offs-puntos-de-vista-del-pcumh-y-de-un-investigador-emprendedor-del-i3e-umh\/\" \/>\n<meta property=\"og:locale\" content=\"es_ES\" \/>\n<meta property=\"og:type\" content=\"article\" \/>\n<meta property=\"og:title\" content=\"28 JUNIO | Charla informal y caf\u00e9: creaci\u00f3n de spin-offs, puntos de vista del PCUMH y de un investigador emprendedor del I3E-UMH - AVI |\u00a0Ag\u00e8ncia Valenciana de la Innovaci\u00f3\" \/>\n<meta property=\"og:description\" content=\"De entre las diferentes v\u00edas que existen para impulsar la transferencia tecnol\u00f3gica de los resultados de proyectos de I+D de los Organismos P\u00fablicos de\" \/>\n<meta property=\"og:url\" content=\"https:\/\/innoavi.es\/es\/28-junio-charla-informal-y-cafe-creacion-de-spin-offs-puntos-de-vista-del-pcumh-y-de-un-investigador-emprendedor-del-i3e-umh\/\" \/>\n<meta property=\"og:site_name\" content=\"AVI |\u00a0Ag\u00e8ncia Valenciana de la Innovaci\u00f3\" \/>\n<meta property=\"article:published_time\" content=\"2024-06-20T12:28:24+00:00\" \/>\n<meta property=\"og:image\" content=\"https:\/\/innoavi.es\/wp-content\/uploads\/2024\/06\/240628_Cartel-charla-spin-offs-PCUMH-junio-2024-1-675x900.png\" \/>\n\t<meta property=\"og:image:width\" content=\"675\" \/>\n\t<meta property=\"og:image:height\" content=\"900\" \/>\n\t<meta property=\"og:image:type\" content=\"image\/png\" \/>\n<meta name=\"author\" content=\"Clara G\u00f3mez Jerez\" \/>\n<meta name=\"twitter:card\" content=\"summary_large_image\" \/>\n<meta name=\"twitter:creator\" content=\"@GVAavi\" \/>\n<meta name=\"twitter:site\" content=\"@GVAavi\" \/>\n<meta name=\"twitter:label1\" content=\"Escrito por\" \/>\n\t<meta name=\"twitter:data1\" content=\"Clara G\u00f3mez Jerez\" \/>\n\t<meta name=\"twitter:label2\" content=\"Tiempo de lectura\" \/>\n\t<meta name=\"twitter:data2\" content=\"2 minutos\" \/>\n<script type=\"application\/ld+json\" class=\"yoast-schema-graph\">{\"@context\":\"https:\/\/schema.org\",\"@graph\":[{\"@type\":\"Article\",\"@id\":\"https:\/\/innoavi.es\/es\/28-junio-charla-informal-y-cafe-creacion-de-spin-offs-puntos-de-vista-del-pcumh-y-de-un-investigador-emprendedor-del-i3e-umh\/#article\",\"isPartOf\":{\"@id\":\"https:\/\/innoavi.es\/es\/28-junio-charla-informal-y-cafe-creacion-de-spin-offs-puntos-de-vista-del-pcumh-y-de-un-investigador-emprendedor-del-i3e-umh\/\"},\"author\":{\"name\":\"Clara G\u00f3mez Jerez\",\"@id\":\"https:\/\/innoavi.es\/es\/#\/schema\/person\/f72ddcf0a18b405d97f079ff1713c1bc\"},\"headline\":\"28 JUNIO | Charla informal y caf\u00e9: creaci\u00f3n de spin-offs, puntos de vista del PCUMH y de un investigador emprendedor del I3E-UMH\",\"datePublished\":\"2024-06-20T12:28:24+00:00\",\"mainEntityOfPage\":{\"@id\":\"https:\/\/innoavi.es\/es\/28-junio-charla-informal-y-cafe-creacion-de-spin-offs-puntos-de-vista-del-pcumh-y-de-un-investigador-emprendedor-del-i3e-umh\/\"},\"wordCount\":272,\"image\":{\"@id\":\"https:\/\/innoavi.es\/es\/28-junio-charla-informal-y-cafe-creacion-de-spin-offs-puntos-de-vista-del-pcumh-y-de-un-investigador-emprendedor-del-i3e-umh\/#primaryimage\"},\"thumbnailUrl\":\"https:\/\/innoavi.es\/wp-content\/uploads\/2024\/06\/240628_Cartel-charla-spin-offs-PCUMH-junio-2024-1.png\",\"articleSection\":[\"Agenda Innoagents ES\"],\"inLanguage\":\"es\"},{\"@type\":\"WebPage\",\"@id\":\"https:\/\/innoavi.es\/es\/28-junio-charla-informal-y-cafe-creacion-de-spin-offs-puntos-de-vista-del-pcumh-y-de-un-investigador-emprendedor-del-i3e-umh\/\",\"url\":\"https:\/\/innoavi.es\/es\/28-junio-charla-informal-y-cafe-creacion-de-spin-offs-puntos-de-vista-del-pcumh-y-de-un-investigador-emprendedor-del-i3e-umh\/\",\"name\":\"28 JUNIO | Charla informal y caf\u00e9: creaci\u00f3n de spin-offs, puntos de vista del PCUMH y de un investigador emprendedor del I3E-UMH - AVI |\u00a0Ag\u00e8ncia Valenciana de la Innovaci\u00f3\",\"isPartOf\":{\"@id\":\"https:\/\/innoavi.es\/es\/#website\"},\"primaryImageOfPage\":{\"@id\":\"https:\/\/innoavi.es\/es\/28-junio-charla-informal-y-cafe-creacion-de-spin-offs-puntos-de-vista-del-pcumh-y-de-un-investigador-emprendedor-del-i3e-umh\/#primaryimage\"},\"image\":{\"@id\":\"https:\/\/innoavi.es\/es\/28-junio-charla-informal-y-cafe-creacion-de-spin-offs-puntos-de-vista-del-pcumh-y-de-un-investigador-emprendedor-del-i3e-umh\/#primaryimage\"},\"thumbnailUrl\":\"https:\/\/innoavi.es\/wp-content\/uploads\/2024\/06\/240628_Cartel-charla-spin-offs-PCUMH-junio-2024-1.png\",\"datePublished\":\"2024-06-20T12:28:24+00:00\",\"author\":{\"@id\":\"https:\/\/innoavi.es\/es\/#\/schema\/person\/f72ddcf0a18b405d97f079ff1713c1bc\"},\"description\":\"De entre las diferentes v\u00edas que existen para impulsar la transferencia tecnol\u00f3gica de los resultados de proyectos de I+D de los Organismos P\u00fablicos de\",\"breadcrumb\":{\"@id\":\"https:\/\/innoavi.es\/es\/28-junio-charla-informal-y-cafe-creacion-de-spin-offs-puntos-de-vista-del-pcumh-y-de-un-investigador-emprendedor-del-i3e-umh\/#breadcrumb\"},\"inLanguage\":\"es\",\"potentialAction\":[{\"@type\":\"ReadAction\",\"target\":[\"https:\/\/innoavi.es\/es\/28-junio-charla-informal-y-cafe-creacion-de-spin-offs-puntos-de-vista-del-pcumh-y-de-un-investigador-emprendedor-del-i3e-umh\/\"]}]},{\"@type\":\"ImageObject\",\"inLanguage\":\"es\",\"@id\":\"https:\/\/innoavi.es\/es\/28-junio-charla-informal-y-cafe-creacion-de-spin-offs-puntos-de-vista-del-pcumh-y-de-un-investigador-emprendedor-del-i3e-umh\/#primaryimage\",\"url\":\"https:\/\/innoavi.es\/wp-content\/uploads\/2024\/06\/240628_Cartel-charla-spin-offs-PCUMH-junio-2024-1.png\",\"contentUrl\":\"https:\/\/innoavi.es\/wp-content\/uploads\/2024\/06\/240628_Cartel-charla-spin-offs-PCUMH-junio-2024-1.png\",\"width\":3456,\"height\":4608},{\"@type\":\"BreadcrumbList\",\"@id\":\"https:\/\/innoavi.es\/es\/28-junio-charla-informal-y-cafe-creacion-de-spin-offs-puntos-de-vista-del-pcumh-y-de-un-investigador-emprendedor-del-i3e-umh\/#breadcrumb\",\"itemListElement\":[{\"@type\":\"ListItem\",\"position\":1,\"name\":\"Portada\",\"item\":\"https:\/\/innoavi.es\/es\/\"},{\"@type\":\"ListItem\",\"position\":2,\"name\":\"28 JUNIO | Charla informal y caf\u00e9: creaci\u00f3n de spin-offs, puntos de vista del PCUMH y de un investigador emprendedor del I3E-UMH\"}]},{\"@type\":\"WebSite\",\"@id\":\"https:\/\/innoavi.es\/es\/#website\",\"url\":\"https:\/\/innoavi.es\/es\/\",\"name\":\"AVI |\u00a0Ag\u00e8ncia Valenciana de la Innovaci\u00f3\",\"description\":\"P\u00e0gina web oficial de l&#039;AVI\",\"potentialAction\":[{\"@type\":\"SearchAction\",\"target\":{\"@type\":\"EntryPoint\",\"urlTemplate\":\"https:\/\/innoavi.es\/es\/?s={search_term_string}\"},\"query-input\":{\"@type\":\"PropertyValueSpecification\",\"valueRequired\":true,\"valueName\":\"search_term_string\"}}],\"inLanguage\":\"es\"},{\"@type\":\"Person\",\"@id\":\"https:\/\/innoavi.es\/es\/#\/schema\/person\/f72ddcf0a18b405d97f079ff1713c1bc\",\"name\":\"Clara G\u00f3mez Jerez\"}]}<\/script>\n<!-- \/ Yoast SEO plugin. -->","yoast_head_json":{"title":"28 JUNIO | Charla informal y caf\u00e9: creaci\u00f3n de spin-offs, puntos de vista del PCUMH y de un investigador emprendedor del I3E-UMH - AVI |\u00a0Ag\u00e8ncia Valenciana de la Innovaci\u00f3","description":"De entre las diferentes v\u00edas que existen para impulsar la transferencia tecnol\u00f3gica de los resultados de proyectos de I+D de los Organismos P\u00fablicos de","robots":{"index":"index","follow":"follow","max-snippet":"max-snippet:-1","max-image-preview":"max-image-preview:large","max-video-preview":"max-video-preview:-1"},"canonical":"https:\/\/innoavi.es\/es\/28-junio-charla-informal-y-cafe-creacion-de-spin-offs-puntos-de-vista-del-pcumh-y-de-un-investigador-emprendedor-del-i3e-umh\/","og_locale":"es_ES","og_type":"article","og_title":"28 JUNIO | Charla informal y caf\u00e9: creaci\u00f3n de spin-offs, puntos de vista del PCUMH y de un investigador emprendedor del I3E-UMH - AVI |\u00a0Ag\u00e8ncia Valenciana de la Innovaci\u00f3","og_description":"De entre las diferentes v\u00edas que existen para impulsar la transferencia tecnol\u00f3gica de los resultados de proyectos de I+D de los Organismos P\u00fablicos de","og_url":"https:\/\/innoavi.es\/es\/28-junio-charla-informal-y-cafe-creacion-de-spin-offs-puntos-de-vista-del-pcumh-y-de-un-investigador-emprendedor-del-i3e-umh\/","og_site_name":"AVI |\u00a0Ag\u00e8ncia Valenciana de la Innovaci\u00f3","article_published_time":"2024-06-20T12:28:24+00:00","og_image":[{"width":675,"height":900,"url":"https:\/\/innoavi.es\/wp-content\/uploads\/2024\/06\/240628_Cartel-charla-spin-offs-PCUMH-junio-2024-1-675x900.png","type":"image\/png"}],"author":"Clara G\u00f3mez Jerez","twitter_card":"summary_large_image","twitter_creator":"@GVAavi","twitter_site":"@GVAavi","twitter_misc":{"Escrito por":"Clara G\u00f3mez Jerez","Tiempo de lectura":"2 minutos"},"schema":{"@context":"https:\/\/schema.org","@graph":[{"@type":"Article","@id":"https:\/\/innoavi.es\/es\/28-junio-charla-informal-y-cafe-creacion-de-spin-offs-puntos-de-vista-del-pcumh-y-de-un-investigador-emprendedor-del-i3e-umh\/#article","isPartOf":{"@id":"https:\/\/innoavi.es\/es\/28-junio-charla-informal-y-cafe-creacion-de-spin-offs-puntos-de-vista-del-pcumh-y-de-un-investigador-emprendedor-del-i3e-umh\/"},"author":{"name":"Clara G\u00f3mez Jerez","@id":"https:\/\/innoavi.es\/es\/#\/schema\/person\/f72ddcf0a18b405d97f079ff1713c1bc"},"headline":"28 JUNIO | Charla informal y caf\u00e9: creaci\u00f3n de spin-offs, puntos de vista del PCUMH y de un investigador emprendedor del I3E-UMH","datePublished":"2024-06-20T12:28:24+00:00","mainEntityOfPage":{"@id":"https:\/\/innoavi.es\/es\/28-junio-charla-informal-y-cafe-creacion-de-spin-offs-puntos-de-vista-del-pcumh-y-de-un-investigador-emprendedor-del-i3e-umh\/"},"wordCount":272,"image":{"@id":"https:\/\/innoavi.es\/es\/28-junio-charla-informal-y-cafe-creacion-de-spin-offs-puntos-de-vista-del-pcumh-y-de-un-investigador-emprendedor-del-i3e-umh\/#primaryimage"},"thumbnailUrl":"https:\/\/innoavi.es\/wp-content\/uploads\/2024\/06\/240628_Cartel-charla-spin-offs-PCUMH-junio-2024-1.png","articleSection":["Agenda Innoagents ES"],"inLanguage":"es"},{"@type":"WebPage","@id":"https:\/\/innoavi.es\/es\/28-junio-charla-informal-y-cafe-creacion-de-spin-offs-puntos-de-vista-del-pcumh-y-de-un-investigador-emprendedor-del-i3e-umh\/","url":"https:\/\/innoavi.es\/es\/28-junio-charla-informal-y-cafe-creacion-de-spin-offs-puntos-de-vista-del-pcumh-y-de-un-investigador-emprendedor-del-i3e-umh\/","name":"28 JUNIO | Charla informal y caf\u00e9: creaci\u00f3n de spin-offs, puntos de vista del PCUMH y de un investigador emprendedor del I3E-UMH - AVI |\u00a0Ag\u00e8ncia Valenciana de la Innovaci\u00f3","isPartOf":{"@id":"https:\/\/innoavi.es\/es\/#website"},"primaryImageOfPage":{"@id":"https:\/\/innoavi.es\/es\/28-junio-charla-informal-y-cafe-creacion-de-spin-offs-puntos-de-vista-del-pcumh-y-de-un-investigador-emprendedor-del-i3e-umh\/#primaryimage"},"image":{"@id":"https:\/\/innoavi.es\/es\/28-junio-charla-informal-y-cafe-creacion-de-spin-offs-puntos-de-vista-del-pcumh-y-de-un-investigador-emprendedor-del-i3e-umh\/#primaryimage"},"thumbnailUrl":"https:\/\/innoavi.es\/wp-content\/uploads\/2024\/06\/240628_Cartel-charla-spin-offs-PCUMH-junio-2024-1.png","datePublished":"2024-06-20T12:28:24+00:00","author":{"@id":"https:\/\/innoavi.es\/es\/#\/schema\/person\/f72ddcf0a18b405d97f079ff1713c1bc"},"description":"De entre las diferentes v\u00edas que existen para impulsar la transferencia tecnol\u00f3gica de los resultados de proyectos de I+D de los Organismos P\u00fablicos de","breadcrumb":{"@id":"https:\/\/innoavi.es\/es\/28-junio-charla-informal-y-cafe-creacion-de-spin-offs-puntos-de-vista-del-pcumh-y-de-un-investigador-emprendedor-del-i3e-umh\/#breadcrumb"},"inLanguage":"es","potentialAction":[{"@type":"ReadAction","target":["https:\/\/innoavi.es\/es\/28-junio-charla-informal-y-cafe-creacion-de-spin-offs-puntos-de-vista-del-pcumh-y-de-un-investigador-emprendedor-del-i3e-umh\/"]}]},{"@type":"ImageObject","inLanguage":"es","@id":"https:\/\/innoavi.es\/es\/28-junio-charla-informal-y-cafe-creacion-de-spin-offs-puntos-de-vista-del-pcumh-y-de-un-investigador-emprendedor-del-i3e-umh\/#primaryimage","url":"https:\/\/innoavi.es\/wp-content\/uploads\/2024\/06\/240628_Cartel-charla-spin-offs-PCUMH-junio-2024-1.png","contentUrl":"https:\/\/innoavi.es\/wp-content\/uploads\/2024\/06\/240628_Cartel-charla-spin-offs-PCUMH-junio-2024-1.png","width":3456,"height":4608},{"@type":"BreadcrumbList","@id":"https:\/\/innoavi.es\/es\/28-junio-charla-informal-y-cafe-creacion-de-spin-offs-puntos-de-vista-del-pcumh-y-de-un-investigador-emprendedor-del-i3e-umh\/#breadcrumb","itemListElement":[{"@type":"ListItem","position":1,"name":"Portada","item":"https:\/\/innoavi.es\/es\/"},{"@type":"ListItem","position":2,"name":"28 JUNIO | Charla informal y caf\u00e9: creaci\u00f3n de spin-offs, puntos de vista del PCUMH y de un investigador emprendedor del I3E-UMH"}]},{"@type":"WebSite","@id":"https:\/\/innoavi.es\/es\/#website","url":"https:\/\/innoavi.es\/es\/","name":"AVI |\u00a0Ag\u00e8ncia Valenciana de la Innovaci\u00f3","description":"P\u00e0gina web oficial de l&#039;AVI","potentialAction":[{"@type":"SearchAction","target":{"@type":"EntryPoint","urlTemplate":"https:\/\/innoavi.es\/es\/?s={search_term_string}"},"query-input":{"@type":"PropertyValueSpecification","valueRequired":true,"valueName":"search_term_string"}}],"inLanguage":"es"},{"@type":"Person","@id":"https:\/\/innoavi.es\/es\/#\/schema\/person\/f72ddcf0a18b405d97f079ff1713c1bc","name":"Clara G\u00f3mez Jerez"}]}},"_links":{"self":[{"href":"https:\/\/innoavi.es\/es\/wp-json\/wp\/v2\/posts\/35146","targetHints":{"allow":["GET"]}}],"collection":[{"href":"https:\/\/innoavi.es\/es\/wp-json\/wp\/v2\/posts"}],"about":[{"href":"https:\/\/innoavi.es\/es\/wp-json\/wp\/v2\/types\/post"}],"author":[{"embeddable":true,"href":"https:\/\/innoavi.es\/es\/wp-json\/wp\/v2\/users\/54"}],"replies":[{"embeddable":true,"href":"https:\/\/innoavi.es\/es\/wp-json\/wp\/v2\/comments?post=35146"}],"version-history":[{"count":1,"href":"https:\/\/innoavi.es\/es\/wp-json\/wp\/v2\/posts\/35146\/revisions"}],"predecessor-version":[{"id":35187,"href":"https:\/\/innoavi.es\/es\/wp-json\/wp\/v2\/posts\/35146\/revisions\/35187"}],"wp:featuredmedia":[{"embeddable":true,"href":"https:\/\/innoavi.es\/es\/wp-json\/wp\/v2\/media\/35184"}],"wp:attachment":[{"href":"https:\/\/innoavi.es\/es\/wp-json\/wp\/v2\/media?parent=35146"}],"wp:term":[{"taxonomy":"category","embeddable":true,"href":"https:\/\/innoavi.es\/es\/wp-json\/wp\/v2\/categories?post=35146"},{"taxonomy":"post_tag","embeddable":true,"href":"https:\/\/innoavi.es\/es\/wp-json\/wp\/v2\/tags?post=35146"}],"curies":[{"name":"wp","href":"https:\/\/api.w.org\/{rel}","templated":true}]}}