{"id":34830,"date":"2024-05-20T14:48:00","date_gmt":"2024-05-20T12:48:00","guid":{"rendered":"https:\/\/innoavi.es\/?p=34830"},"modified":"2024-05-20T14:48:00","modified_gmt":"2024-05-20T12:48:00","slug":"24-de-mayo-ayudas-de-la-generalitat-valenciana-a-emprendedores-y-pymes","status":"publish","type":"post","link":"https:\/\/innoavi.es\/es\/24-de-mayo-ayudas-de-la-generalitat-valenciana-a-emprendedores-y-pymes\/","title":{"rendered":"24 DE MAYO | Ayudas de la Generalitat Valenciana a emprendedores y pymes"},"content":{"rendered":"<p><span data-contrast=\"auto\">Este taller proporcionar\u00e1 a las empresas del ecosistema PCA informaci\u00f3n actualizada de ayudas espec\u00edficas en vigor de la Generalitat Valenciana en los \u00e1mbitos de emprendimiento e internacionalizaci\u00f3n, gestionadas desde varios departamentos. Las ayudas se dirigen a emprendedores, empresas de reciente creaci\u00f3n y PYMES. <\/span><span data-ccp-props=\"{&quot;201341983&quot;:0,&quot;335551550&quot;:6,&quot;335551620&quot;:6,&quot;335559740&quot;:276}\">\u00a0<br \/><br \/><\/span><\/p><p><strong><span data-contrast=\"none\">PONENTES:<\/span><\/strong><span data-ccp-props=\"{&quot;134233117&quot;:false,&quot;134233118&quot;:false,&quot;201341983&quot;:0,&quot;335551550&quot;:6,&quot;335551620&quot;:6,&quot;335559738&quot;:0,&quot;335559739&quot;:0,&quot;335559740&quot;:240}\">\u00a0<\/span><\/p><br \/><span data-contrast=\"none\">Amparo Ferrer. <em>Subdirectora General de Internacionalizaci\u00f3n<\/em><\/span><br \/>Gemma Plaza Penad\u00e9s.<span style=\"font-family: inherit;\" data-contrast=\"auto\">\u00a0<\/span><em><span style=\"font-family: inherit;\" data-contrast=\"none\">Subdirecci\u00f3n General de Emprendimiento<\/span><span style=\"font-family: inherit;\" data-ccp-props=\"{&quot;201341983&quot;:0,&quot;335551550&quot;:6,&quot;335551620&quot;:6,&quot;335559740&quot;:276}\">\u00a0<\/span><\/em><br \/><span data-contrast=\"none\">Cristina Vill\u00f3. <\/span><em>Responsable del \u00c1rea Internacional de\u202fIVACE+i\u00a0<\/em><span data-ccp-props=\"{&quot;201341983&quot;:0,&quot;335551550&quot;:6,&quot;335551620&quot;:6,&quot;335559740&quot;:276}\">\u00a0<\/span><br \/><span data-contrast=\"auto\">Gema Tur. <em>Jefa Unidad de Innovaci\u00f3n en IVACE+i. Agencia Valenciana de Innovaci\u00f3n.<\/em><\/span><span data-ccp-props=\"{&quot;201341983&quot;:0,&quot;335559740&quot;:276}\"><em>\u00a0<\/em><br \/><br \/><\/span><br \/><p><strong><span data-contrast=\"auto\">PROGRAMA:<\/span><\/strong><span data-ccp-props=\"{&quot;201341983&quot;:0,&quot;335551550&quot;:6,&quot;335551620&quot;:6,&quot;335559740&quot;:276}\">\u00a0<\/span><\/p><table class=\"tablasinbordes\" data-tablestyle=\"MsoNormalTable\" data-tablelook=\"1024\"><tbody><tr><td data-celllook=\"4369\"><p><strong><span data-contrast=\"auto\">10:00<\/span><\/strong><span data-ccp-props=\"{&quot;201341983&quot;:0,&quot;335559740&quot;:240}\">\u00a0<\/span><\/p><\/td><td data-celllook=\"4369\"><p><span data-contrast=\"auto\">Introducci\u00f3n y bienvenida\u00a0<\/span><span data-ccp-props=\"{&quot;201341983&quot;:0,&quot;335551550&quot;:6,&quot;335551620&quot;:6,&quot;335559740&quot;:240}\">\u00a0<\/span><\/p><\/td><\/tr><tr><td data-celllook=\"4369\"><p><strong><span data-contrast=\"auto\">10:15-11:30<\/span><\/strong><span data-ccp-props=\"{&quot;201341983&quot;:0,&quot;335559740&quot;:240}\">\u00a0<\/span><\/p><\/td><td data-celllook=\"4369\"><ul><li data-leveltext=\"\uf0b7\" data-font=\"Symbol\" data-listid=\"9\" data-list-defn-props=\"{&quot;335552541&quot;:1,&quot;335559685&quot;:720,&quot;335559991&quot;:360,&quot;469769226&quot;:&quot;Symbol&quot;,&quot;469769242&quot;:[8226],&quot;469777803&quot;:&quot;left&quot;,&quot;469777804&quot;:&quot;\uf0b7&quot;,&quot;469777815&quot;:&quot;hybridMultilevel&quot;}\" data-aria-posinset=\"1\" data-aria-level=\"1\"><span data-contrast=\"auto\">Ayudas de la DG de Emprendimiento e Internacionalizaci\u00f3n<\/span><ul><li data-leveltext=\"\uf0b7\" data-font=\"Symbol\" data-listid=\"9\" data-list-defn-props=\"{&quot;335552541&quot;:1,&quot;335559685&quot;:720,&quot;335559991&quot;:360,&quot;469769226&quot;:&quot;Symbol&quot;,&quot;469769242&quot;:[8226],&quot;469777803&quot;:&quot;left&quot;,&quot;469777804&quot;:&quot;\uf0b7&quot;,&quot;469777815&quot;:&quot;hybridMultilevel&quot;}\" data-aria-posinset=\"1\" data-aria-level=\"1\"><span data-contrast=\"auto\">Para emprendedores y pymes<\/span><\/li><li data-leveltext=\"\uf0b7\" data-font=\"Symbol\" data-listid=\"9\" data-list-defn-props=\"{&quot;335552541&quot;:1,&quot;335559685&quot;:720,&quot;335559991&quot;:360,&quot;469769226&quot;:&quot;Symbol&quot;,&quot;469769242&quot;:[8226],&quot;469777803&quot;:&quot;left&quot;,&quot;469777804&quot;:&quot;\uf0b7&quot;,&quot;469777815&quot;:&quot;hybridMultilevel&quot;}\" data-aria-posinset=\"1\" data-aria-level=\"1\"><span data-contrast=\"auto\">L\u00edneas ayudas a la internacionalizaci\u00f3n<\/span><span data-ccp-props=\"{&quot;201341983&quot;:2,&quot;335559740&quot;:360}\">\u00a0<\/span><\/li><\/ul><\/li><\/ul><ul><li data-leveltext=\"\uf0b7\" data-font=\"Symbol\" data-listid=\"9\" data-list-defn-props=\"{&quot;335552541&quot;:1,&quot;335559685&quot;:720,&quot;335559991&quot;:360,&quot;469769226&quot;:&quot;Symbol&quot;,&quot;469769242&quot;:[8226],&quot;469777803&quot;:&quot;left&quot;,&quot;469777804&quot;:&quot;\uf0b7&quot;,&quot;469777815&quot;:&quot;hybridMultilevel&quot;}\" data-aria-posinset=\"2\" data-aria-level=\"1\"><span data-contrast=\"auto\">Ayudas IVACE+i Internaciona<\/span><\/li><li data-leveltext=\"\uf0b7\" data-font=\"Symbol\" data-listid=\"9\" data-list-defn-props=\"{&quot;335552541&quot;:1,&quot;335559685&quot;:720,&quot;335559991&quot;:360,&quot;469769226&quot;:&quot;Symbol&quot;,&quot;469769242&quot;:[8226],&quot;469777803&quot;:&quot;left&quot;,&quot;469777804&quot;:&quot;\uf0b7&quot;,&quot;469777815&quot;:&quot;hybridMultilevel&quot;}\" data-aria-posinset=\"3\" data-aria-level=\"1\"><span data-contrast=\"auto\">L\u00edneas ayudas de AVI, IVACE+i a la I+D e Innovaci\u00f3n 2024.<\/span><span data-ccp-props=\"{&quot;201341983&quot;:2,&quot;335559740&quot;:360}\">\u00a0<\/span><\/li><\/ul><\/td><\/tr><tr><td data-celllook=\"4369\"><p><strong><span data-contrast=\"auto\">11:30-12:30<\/span><\/strong><span data-ccp-props=\"{&quot;201341983&quot;:0,&quot;335559740&quot;:240}\">\u00a0<\/span><\/p><\/td><td data-celllook=\"4369\"><p><span data-contrast=\"auto\">Caf\u00e9 networking<\/span><span data-ccp-props=\"{&quot;201341983&quot;:0,&quot;335557856&quot;:16777215,&quot;335559740&quot;:240}\">\u00a0<\/span><\/p><\/td><\/tr><\/tbody><\/table>","protected":false},"excerpt":{"rendered":"<p>Este taller proporcionar\u00e1 a las empresas del ecosistema PCA informaci\u00f3n actualizada de ayudas espec\u00edficas en vigor de la Generalitat Valenciana en los \u00e1mbitos de emprendimiento e internacionalizaci\u00f3n, gestionadas desde varios departamentos. Las ayudas se dirigen a emprendedores, empresas de reciente creaci\u00f3n y PYMES. \u00a0PONENTES:\u00a0Amparo Ferrer. Subdirectora General de Internacionalizaci\u00f3nGemma Plaza Penad\u00e9s.\u00a0Subdirecci\u00f3n General de Emprendimiento\u00a0Cristina Vill\u00f3. Responsable del \u00c1rea Internacional de\u202fIVACE+i\u00a0\u00a0Gema Tur. Jefa Unidad de Innovaci\u00f3n en IVACE+i. Agencia Valenciana de Innovaci\u00f3n.\u00a0PROGRAMA:\u00a010:00\u00a0Introducci\u00f3n y bienvenida\u00a0\u00a010:15-11:30\u00a0Ayudas de la DG de Emprendimiento e Internacionalizaci\u00f3nPara emprendedores y pymesL\u00edneas ayudas a la internacionalizaci\u00f3n\u00a0Ayudas IVACE+i InternacionaL\u00edneas ayudas<a class=\"more-link\" href=\"https:\/\/innoavi.es\/es\/24-de-mayo-ayudas-de-la-generalitat-valenciana-a-emprendedores-y-pymes\/\">SEE DETAILS <span class=\"more-link-image\"><\/span><span class=\"more-link-hover-image\"><\/span><\/a><\/p>\n","protected":false},"author":48,"featured_media":34831,"comment_status":"closed","ping_status":"open","sticky":false,"template":"","format":"standard","meta":{"_acf_changed":false,"footnotes":""},"categories":[775,774],"tags":[],"class_list":["post-34830","post","type-post","status-publish","format-standard","has-post-thumbnail","hentry","category-agenda-innoagents-es","category-agenda-innoagents"],"acf":[],"yoast_head":"<!-- This site is optimized with the Yoast SEO plugin v26.7 - https:\/\/yoast.com\/wordpress\/plugins\/seo\/ -->\n<title>24 DE MAYO | Ayudas de la Generalitat Valenciana a emprendedores y pymes - AVI |\u00a0Ag\u00e8ncia Valenciana de la Innovaci\u00f3<\/title>\n<meta name=\"description\" content=\"Este taller proporcionar\u00e1 a las empresas del ecosistema PCA informaci\u00f3n actualizada de ayudas espec\u00edficas en vigor de la Generalitat Valenciana en los\" \/>\n<meta name=\"robots\" content=\"index, follow, max-snippet:-1, max-image-preview:large, max-video-preview:-1\" \/>\n<link rel=\"canonical\" href=\"https:\/\/innoavi.es\/es\/24-de-mayo-ayudas-de-la-generalitat-valenciana-a-emprendedores-y-pymes\/\" \/>\n<meta property=\"og:locale\" content=\"es_ES\" \/>\n<meta property=\"og:type\" content=\"article\" \/>\n<meta property=\"og:title\" content=\"24 DE MAYO | Ayudas de la Generalitat Valenciana a emprendedores y pymes - AVI |\u00a0Ag\u00e8ncia Valenciana de la Innovaci\u00f3\" \/>\n<meta property=\"og:description\" content=\"Este taller proporcionar\u00e1 a las empresas del ecosistema PCA informaci\u00f3n actualizada de ayudas espec\u00edficas en vigor de la Generalitat Valenciana en los\" \/>\n<meta property=\"og:url\" content=\"https:\/\/innoavi.es\/es\/24-de-mayo-ayudas-de-la-generalitat-valenciana-a-emprendedores-y-pymes\/\" \/>\n<meta property=\"og:site_name\" content=\"AVI |\u00a0Ag\u00e8ncia Valenciana de la Innovaci\u00f3\" \/>\n<meta property=\"article:published_time\" content=\"2024-05-20T12:48:00+00:00\" \/>\n<meta property=\"og:image\" content=\"https:\/\/innoavi.es\/wp-content\/uploads\/2024\/05\/cartel-24-mayo-si.jpg\" \/>\n\t<meta property=\"og:image:width\" content=\"1920\" \/>\n\t<meta property=\"og:image:height\" content=\"1080\" \/>\n\t<meta property=\"og:image:type\" content=\"image\/jpeg\" \/>\n<meta name=\"author\" content=\"Encarni P\u00e9rez\" \/>\n<meta name=\"twitter:card\" content=\"summary_large_image\" \/>\n<meta name=\"twitter:creator\" content=\"@GVAavi\" \/>\n<meta name=\"twitter:site\" content=\"@GVAavi\" \/>\n<meta name=\"twitter:label1\" content=\"Escrito por\" \/>\n\t<meta name=\"twitter:data1\" content=\"Encarni P\u00e9rez\" \/>\n\t<meta name=\"twitter:label2\" content=\"Tiempo de lectura\" \/>\n\t<meta name=\"twitter:data2\" content=\"1 minuto\" \/>\n<script type=\"application\/ld+json\" class=\"yoast-schema-graph\">{\"@context\":\"https:\/\/schema.org\",\"@graph\":[{\"@type\":\"Article\",\"@id\":\"https:\/\/innoavi.es\/es\/24-de-mayo-ayudas-de-la-generalitat-valenciana-a-emprendedores-y-pymes\/#article\",\"isPartOf\":{\"@id\":\"https:\/\/innoavi.es\/es\/24-de-mayo-ayudas-de-la-generalitat-valenciana-a-emprendedores-y-pymes\/\"},\"author\":{\"name\":\"Encarni P\u00e9rez\",\"@id\":\"https:\/\/innoavi.es\/es\/#\/schema\/person\/4524c416fc878fb85152eb6abf06eb48\"},\"headline\":\"24 DE MAYO | Ayudas de la Generalitat Valenciana a emprendedores y pymes\",\"datePublished\":\"2024-05-20T12:48:00+00:00\",\"mainEntityOfPage\":{\"@id\":\"https:\/\/innoavi.es\/es\/24-de-mayo-ayudas-de-la-generalitat-valenciana-a-emprendedores-y-pymes\/\"},\"wordCount\":146,\"image\":{\"@id\":\"https:\/\/innoavi.es\/es\/24-de-mayo-ayudas-de-la-generalitat-valenciana-a-emprendedores-y-pymes\/#primaryimage\"},\"thumbnailUrl\":\"https:\/\/innoavi.es\/wp-content\/uploads\/2024\/05\/cartel-24-mayo-si.jpg\",\"articleSection\":[\"Agenda Innoagents ES\",\"Agenda Innoagents VAL\"],\"inLanguage\":\"es\"},{\"@type\":\"WebPage\",\"@id\":\"https:\/\/innoavi.es\/es\/24-de-mayo-ayudas-de-la-generalitat-valenciana-a-emprendedores-y-pymes\/\",\"url\":\"https:\/\/innoavi.es\/es\/24-de-mayo-ayudas-de-la-generalitat-valenciana-a-emprendedores-y-pymes\/\",\"name\":\"24 DE MAYO | Ayudas de la Generalitat Valenciana a emprendedores y pymes - AVI |\u00a0Ag\u00e8ncia Valenciana de la Innovaci\u00f3\",\"isPartOf\":{\"@id\":\"https:\/\/innoavi.es\/es\/#website\"},\"primaryImageOfPage\":{\"@id\":\"https:\/\/innoavi.es\/es\/24-de-mayo-ayudas-de-la-generalitat-valenciana-a-emprendedores-y-pymes\/#primaryimage\"},\"image\":{\"@id\":\"https:\/\/innoavi.es\/es\/24-de-mayo-ayudas-de-la-generalitat-valenciana-a-emprendedores-y-pymes\/#primaryimage\"},\"thumbnailUrl\":\"https:\/\/innoavi.es\/wp-content\/uploads\/2024\/05\/cartel-24-mayo-si.jpg\",\"datePublished\":\"2024-05-20T12:48:00+00:00\",\"author\":{\"@id\":\"https:\/\/innoavi.es\/es\/#\/schema\/person\/4524c416fc878fb85152eb6abf06eb48\"},\"description\":\"Este taller proporcionar\u00e1 a las empresas del ecosistema PCA informaci\u00f3n actualizada de ayudas espec\u00edficas en vigor de la Generalitat Valenciana en los\",\"breadcrumb\":{\"@id\":\"https:\/\/innoavi.es\/es\/24-de-mayo-ayudas-de-la-generalitat-valenciana-a-emprendedores-y-pymes\/#breadcrumb\"},\"inLanguage\":\"es\",\"potentialAction\":[{\"@type\":\"ReadAction\",\"target\":[\"https:\/\/innoavi.es\/es\/24-de-mayo-ayudas-de-la-generalitat-valenciana-a-emprendedores-y-pymes\/\"]}]},{\"@type\":\"ImageObject\",\"inLanguage\":\"es\",\"@id\":\"https:\/\/innoavi.es\/es\/24-de-mayo-ayudas-de-la-generalitat-valenciana-a-emprendedores-y-pymes\/#primaryimage\",\"url\":\"https:\/\/innoavi.es\/wp-content\/uploads\/2024\/05\/cartel-24-mayo-si.jpg\",\"contentUrl\":\"https:\/\/innoavi.es\/wp-content\/uploads\/2024\/05\/cartel-24-mayo-si.jpg\",\"width\":1920,\"height\":1080},{\"@type\":\"BreadcrumbList\",\"@id\":\"https:\/\/innoavi.es\/es\/24-de-mayo-ayudas-de-la-generalitat-valenciana-a-emprendedores-y-pymes\/#breadcrumb\",\"itemListElement\":[{\"@type\":\"ListItem\",\"position\":1,\"name\":\"Portada\",\"item\":\"https:\/\/innoavi.es\/es\/\"},{\"@type\":\"ListItem\",\"position\":2,\"name\":\"24 DE MAYO | Ayudas de la Generalitat Valenciana a emprendedores y pymes\"}]},{\"@type\":\"WebSite\",\"@id\":\"https:\/\/innoavi.es\/es\/#website\",\"url\":\"https:\/\/innoavi.es\/es\/\",\"name\":\"AVI |\u00a0Ag\u00e8ncia Valenciana de la Innovaci\u00f3\",\"description\":\"P\u00e0gina web oficial de l&#039;AVI\",\"potentialAction\":[{\"@type\":\"SearchAction\",\"target\":{\"@type\":\"EntryPoint\",\"urlTemplate\":\"https:\/\/innoavi.es\/es\/?s={search_term_string}\"},\"query-input\":{\"@type\":\"PropertyValueSpecification\",\"valueRequired\":true,\"valueName\":\"search_term_string\"}}],\"inLanguage\":\"es\"},{\"@type\":\"Person\",\"@id\":\"https:\/\/innoavi.es\/es\/#\/schema\/person\/4524c416fc878fb85152eb6abf06eb48\",\"name\":\"Encarni P\u00e9rez\"}]}<\/script>\n<!-- \/ Yoast SEO plugin. -->","yoast_head_json":{"title":"24 DE MAYO | Ayudas de la Generalitat Valenciana a emprendedores y pymes - AVI |\u00a0Ag\u00e8ncia Valenciana de la Innovaci\u00f3","description":"Este taller proporcionar\u00e1 a las empresas del ecosistema PCA informaci\u00f3n actualizada de ayudas espec\u00edficas en vigor de la Generalitat Valenciana en los","robots":{"index":"index","follow":"follow","max-snippet":"max-snippet:-1","max-image-preview":"max-image-preview:large","max-video-preview":"max-video-preview:-1"},"canonical":"https:\/\/innoavi.es\/es\/24-de-mayo-ayudas-de-la-generalitat-valenciana-a-emprendedores-y-pymes\/","og_locale":"es_ES","og_type":"article","og_title":"24 DE MAYO | Ayudas de la Generalitat Valenciana a emprendedores y pymes - AVI |\u00a0Ag\u00e8ncia Valenciana de la Innovaci\u00f3","og_description":"Este taller proporcionar\u00e1 a las empresas del ecosistema PCA informaci\u00f3n actualizada de ayudas espec\u00edficas en vigor de la Generalitat Valenciana en los","og_url":"https:\/\/innoavi.es\/es\/24-de-mayo-ayudas-de-la-generalitat-valenciana-a-emprendedores-y-pymes\/","og_site_name":"AVI |\u00a0Ag\u00e8ncia Valenciana de la Innovaci\u00f3","article_published_time":"2024-05-20T12:48:00+00:00","og_image":[{"width":1920,"height":1080,"url":"https:\/\/innoavi.es\/wp-content\/uploads\/2024\/05\/cartel-24-mayo-si.jpg","type":"image\/jpeg"}],"author":"Encarni P\u00e9rez","twitter_card":"summary_large_image","twitter_creator":"@GVAavi","twitter_site":"@GVAavi","twitter_misc":{"Escrito por":"Encarni P\u00e9rez","Tiempo de lectura":"1 minuto"},"schema":{"@context":"https:\/\/schema.org","@graph":[{"@type":"Article","@id":"https:\/\/innoavi.es\/es\/24-de-mayo-ayudas-de-la-generalitat-valenciana-a-emprendedores-y-pymes\/#article","isPartOf":{"@id":"https:\/\/innoavi.es\/es\/24-de-mayo-ayudas-de-la-generalitat-valenciana-a-emprendedores-y-pymes\/"},"author":{"name":"Encarni P\u00e9rez","@id":"https:\/\/innoavi.es\/es\/#\/schema\/person\/4524c416fc878fb85152eb6abf06eb48"},"headline":"24 DE MAYO | Ayudas de la Generalitat Valenciana a emprendedores y pymes","datePublished":"2024-05-20T12:48:00+00:00","mainEntityOfPage":{"@id":"https:\/\/innoavi.es\/es\/24-de-mayo-ayudas-de-la-generalitat-valenciana-a-emprendedores-y-pymes\/"},"wordCount":146,"image":{"@id":"https:\/\/innoavi.es\/es\/24-de-mayo-ayudas-de-la-generalitat-valenciana-a-emprendedores-y-pymes\/#primaryimage"},"thumbnailUrl":"https:\/\/innoavi.es\/wp-content\/uploads\/2024\/05\/cartel-24-mayo-si.jpg","articleSection":["Agenda Innoagents ES","Agenda Innoagents VAL"],"inLanguage":"es"},{"@type":"WebPage","@id":"https:\/\/innoavi.es\/es\/24-de-mayo-ayudas-de-la-generalitat-valenciana-a-emprendedores-y-pymes\/","url":"https:\/\/innoavi.es\/es\/24-de-mayo-ayudas-de-la-generalitat-valenciana-a-emprendedores-y-pymes\/","name":"24 DE MAYO | Ayudas de la Generalitat Valenciana a emprendedores y pymes - AVI |\u00a0Ag\u00e8ncia Valenciana de la Innovaci\u00f3","isPartOf":{"@id":"https:\/\/innoavi.es\/es\/#website"},"primaryImageOfPage":{"@id":"https:\/\/innoavi.es\/es\/24-de-mayo-ayudas-de-la-generalitat-valenciana-a-emprendedores-y-pymes\/#primaryimage"},"image":{"@id":"https:\/\/innoavi.es\/es\/24-de-mayo-ayudas-de-la-generalitat-valenciana-a-emprendedores-y-pymes\/#primaryimage"},"thumbnailUrl":"https:\/\/innoavi.es\/wp-content\/uploads\/2024\/05\/cartel-24-mayo-si.jpg","datePublished":"2024-05-20T12:48:00+00:00","author":{"@id":"https:\/\/innoavi.es\/es\/#\/schema\/person\/4524c416fc878fb85152eb6abf06eb48"},"description":"Este taller proporcionar\u00e1 a las empresas del ecosistema PCA informaci\u00f3n actualizada de ayudas espec\u00edficas en vigor de la Generalitat Valenciana en los","breadcrumb":{"@id":"https:\/\/innoavi.es\/es\/24-de-mayo-ayudas-de-la-generalitat-valenciana-a-emprendedores-y-pymes\/#breadcrumb"},"inLanguage":"es","potentialAction":[{"@type":"ReadAction","target":["https:\/\/innoavi.es\/es\/24-de-mayo-ayudas-de-la-generalitat-valenciana-a-emprendedores-y-pymes\/"]}]},{"@type":"ImageObject","inLanguage":"es","@id":"https:\/\/innoavi.es\/es\/24-de-mayo-ayudas-de-la-generalitat-valenciana-a-emprendedores-y-pymes\/#primaryimage","url":"https:\/\/innoavi.es\/wp-content\/uploads\/2024\/05\/cartel-24-mayo-si.jpg","contentUrl":"https:\/\/innoavi.es\/wp-content\/uploads\/2024\/05\/cartel-24-mayo-si.jpg","width":1920,"height":1080},{"@type":"BreadcrumbList","@id":"https:\/\/innoavi.es\/es\/24-de-mayo-ayudas-de-la-generalitat-valenciana-a-emprendedores-y-pymes\/#breadcrumb","itemListElement":[{"@type":"ListItem","position":1,"name":"Portada","item":"https:\/\/innoavi.es\/es\/"},{"@type":"ListItem","position":2,"name":"24 DE MAYO | Ayudas de la Generalitat Valenciana a emprendedores y pymes"}]},{"@type":"WebSite","@id":"https:\/\/innoavi.es\/es\/#website","url":"https:\/\/innoavi.es\/es\/","name":"AVI |\u00a0Ag\u00e8ncia Valenciana de la Innovaci\u00f3","description":"P\u00e0gina web oficial de l&#039;AVI","potentialAction":[{"@type":"SearchAction","target":{"@type":"EntryPoint","urlTemplate":"https:\/\/innoavi.es\/es\/?s={search_term_string}"},"query-input":{"@type":"PropertyValueSpecification","valueRequired":true,"valueName":"search_term_string"}}],"inLanguage":"es"},{"@type":"Person","@id":"https:\/\/innoavi.es\/es\/#\/schema\/person\/4524c416fc878fb85152eb6abf06eb48","name":"Encarni P\u00e9rez"}]}},"_links":{"self":[{"href":"https:\/\/innoavi.es\/es\/wp-json\/wp\/v2\/posts\/34830","targetHints":{"allow":["GET"]}}],"collection":[{"href":"https:\/\/innoavi.es\/es\/wp-json\/wp\/v2\/posts"}],"about":[{"href":"https:\/\/innoavi.es\/es\/wp-json\/wp\/v2\/types\/post"}],"author":[{"embeddable":true,"href":"https:\/\/innoavi.es\/es\/wp-json\/wp\/v2\/users\/48"}],"replies":[{"embeddable":true,"href":"https:\/\/innoavi.es\/es\/wp-json\/wp\/v2\/comments?post=34830"}],"version-history":[{"count":5,"href":"https:\/\/innoavi.es\/es\/wp-json\/wp\/v2\/posts\/34830\/revisions"}],"predecessor-version":[{"id":35165,"href":"https:\/\/innoavi.es\/es\/wp-json\/wp\/v2\/posts\/34830\/revisions\/35165"}],"wp:featuredmedia":[{"embeddable":true,"href":"https:\/\/innoavi.es\/es\/wp-json\/wp\/v2\/media\/34831"}],"wp:attachment":[{"href":"https:\/\/innoavi.es\/es\/wp-json\/wp\/v2\/media?parent=34830"}],"wp:term":[{"taxonomy":"category","embeddable":true,"href":"https:\/\/innoavi.es\/es\/wp-json\/wp\/v2\/categories?post=34830"},{"taxonomy":"post_tag","embeddable":true,"href":"https:\/\/innoavi.es\/es\/wp-json\/wp\/v2\/tags?post=34830"}],"curies":[{"name":"wp","href":"https:\/\/api.w.org\/{rel}","templated":true}]}}