{"id":33428,"date":"2024-02-02T13:12:21","date_gmt":"2024-02-02T12:12:21","guid":{"rendered":"https:\/\/innoavi.es\/?p=33428"},"modified":"2024-02-02T13:12:21","modified_gmt":"2024-02-02T12:12:21","slug":"vi-technology-transfer-day-turismo-2","status":"publish","type":"post","link":"https:\/\/innoavi.es\/es\/vi-technology-transfer-day-turismo-2\/","title":{"rendered":"VI Technology Transfer Day Turismo"},"content":{"rendered":"<p>El pr\u00f3ximo 21 de febrero, a partir de las 9 de la ma\u00f1ana, se llevar\u00e1 a cabo el VI Technology Transfer Day, un evento en l\u00ednea\u00a0que busca mejorar la colaboraci\u00f3n universidad-empresa en el sector tur\u00edstico.<\/p><p>El encuentro est\u00e1 organizado por la\u00a0<a href=\"https:\/\/otri.ua.es\/es\/\">Oficina de Transferencia de Tecnolog\u00eda de la Universidad de Alicante (OTRI)<\/a>, y forma parte de un proyecto financiado por la Ag\u00e8ncia Valenciana de la Innovaci\u00f3 (AVI) en la convocatoria de Acciones Complementarias. El evento consiste en una serie de reuniones bilaterales privadas entre empresas y grupos de investigaci\u00f3n de la UA, que han sido especialmente dise\u00f1adas para explorar desaf\u00edos tecnol\u00f3gicos de las empresas a partir de sus necesidades. En esta ocasi\u00f3n, se mostrar\u00e1n las \u00faltimas investigaciones que ofrecen la oportunidad de transformaci\u00f3n e innovaci\u00f3n a las empresas del sector tur\u00edstico.<\/p><p>El evento comenzar\u00e1 a las 9:00 h con la presentaci\u00f3n y bienvenida institucional a cargo de Jos\u00e9 Luis Todol\u00ed Torr\u00f3,\u00a0director del Secretariado de Transferencia de la UA, y Olivia Estrella L\u00f3pez, Secretaria General de la AVI. Despu\u00e9s, dar\u00e1n paso a la conferencia inaugural, impartida por Mayte Garc\u00eda C\u00f3rcoles, Secretaria General de HOSBEC, Asociaci\u00f3n Empresarial Hotelera y Tur\u00edstica de la Comunidad Valenciana.<\/p><p>A partir de las 10:15 h, comenzar\u00e1n estas reuniones bilaterales privadas entre empresas y grupos de investigaci\u00f3n que, con una duraci\u00f3n de 45 minutos cada una, se celebrar\u00e1n en diferentes salas virtuales hasta las 14:00 h. Para participar en las sesiones es necesario realizar una inscripci\u00f3n previa en este\u00a0<a href=\"https:\/\/cvnet.cpd.ua.es\/uaCuestionarios\/preguntas.aspx?idcuestionario=187199&idioma=es\">enlace<\/a>\u00a0antes del 15 de febrero.<\/p><p>Se trata del sexto encuentro tecnol\u00f3gico de la Universidad de Alicante, y cuenta con la colaboraci\u00f3n del\u00a0Instituto Tecnol\u00f3gico de Producto Infantil y Ocio (AIJU), el\u00a0Instituto Tecnol\u00f3gico del Calzado (INESCOP), el\u00a0Instituto Tecnol\u00f3gico de la Inform\u00e1tica (ITI), EEN-SEIMED, la Agrupaci\u00f3n innovadora de los Destinos Tur\u00edsticos Inteligentes de la Comunidad Valenciana (ADESTIC) y HOSBEC.<\/p><p><strong>Technology Transfer Days<\/strong><\/p><p>Los TTDays forman parte del programa de\u00a0<a href=\"https:\/\/innoua.ua.es\/\">InnoUA<\/a>\u00a0de la Universidad de Alicante dedicado a acercar sus capacidades tecnol\u00f3gicas y de innovaci\u00f3n a las empresas del entorno. Como iniciativa de fomento de la transferencia de tecnolog\u00eda, estos encuentros est\u00e1n promovidos por el Servicio de Transferencia de Resultados de Investigaci\u00f3n (OTRI UA), y son posibles gracias a la financiaci\u00f3n de la Agencia Valenciana de la Innovaci\u00f3n (AVI) y la colaboraci\u00f3n con entidades tecnol\u00f3gicas sectoriales.<\/p><p>Hasta la fecha se han realizado cinco ediciones previas, dedicadas cada una de ellas a una tem\u00e1tica o sector tecnol\u00f3gico de inter\u00e9s para la innovaci\u00f3n como son la econom\u00eda circular, la agroalimentaci\u00f3n y dieta hospitalaria, la automoci\u00f3n y la salud, en las que han participado m\u00e1s de 35 empresas y se han organizado m\u00e1s de 75 reuniones.<\/p><p>Cada uno de estos encuentros ha contado tambi\u00e9n en su programa con una conferencia inaugural, virtual y previa a las reuniones bilaterales, en las que se ha contado con un experto de referencia en el sector para conocer las \u00faltimas tendencias tecnol\u00f3gicas de cada uno de los sectores abordados en cada evento. La participaci\u00f3n en esta parte abierta de cada TTDay cuenta con una media de 50 asistentes por edici\u00f3n.<\/p><p>&nbsp;<\/p><p><img decoding=\"async\" class=\"img-fluid img-responsive\" role=\"presentation\" src=\"https:\/\/web.ua.es\/es\/actualidad-universitaria\/febrero2024-1a-quin\/programa-corto-turismo.jpg\" alt=\"\" \/><\/p><p>&nbsp;<\/p>","protected":false},"excerpt":{"rendered":"<p>El pr\u00f3ximo 21 de febrero, a partir de las 9 de la ma\u00f1ana, se llevar\u00e1 a cabo el VI Technology Transfer Day, un evento en l\u00ednea\u00a0que busca mejorar la colaboraci\u00f3n universidad-empresa en el sector tur\u00edstico.El encuentro est\u00e1 organizado por la\u00a0Oficina de Transferencia de Tecnolog\u00eda de la Universidad de Alicante (OTRI), y forma parte de un proyecto financiado por la Ag\u00e8ncia Valenciana de la Innovaci\u00f3 (AVI) en la convocatoria de Acciones Complementarias. El evento consiste en una serie de reuniones bilaterales privadas entre empresas y grupos de investigaci\u00f3n de la UA,<a class=\"more-link\" href=\"https:\/\/innoavi.es\/es\/vi-technology-transfer-day-turismo-2\/\">SEE DETAILS <span class=\"more-link-image\"><\/span><span class=\"more-link-hover-image\"><\/span><\/a><\/p>\n","protected":false},"author":65,"featured_media":0,"comment_status":"closed","ping_status":"open","sticky":false,"template":"","format":"standard","meta":{"_acf_changed":false,"footnotes":""},"categories":[775,774],"tags":[],"class_list":["post-33428","post","type-post","status-publish","format-standard","hentry","category-agenda-innoagents-es","category-agenda-innoagents"],"acf":[],"yoast_head":"<!-- This site is optimized with the Yoast SEO plugin v26.7 - https:\/\/yoast.com\/wordpress\/plugins\/seo\/ -->\n<title>VI Technology Transfer Day Turismo - AVI |\u00a0Ag\u00e8ncia Valenciana de la Innovaci\u00f3<\/title>\n<meta name=\"description\" content=\"El pr\u00f3ximo 21 de febrero, a partir de las 9 de la ma\u00f1ana, se llevar\u00e1 a cabo el VI Technology Transfer Day, un evento en l\u00ednea\u00a0que busca mejorar la\" \/>\n<meta name=\"robots\" content=\"index, follow, max-snippet:-1, max-image-preview:large, max-video-preview:-1\" \/>\n<link rel=\"canonical\" href=\"https:\/\/innoavi.es\/es\/vi-technology-transfer-day-turismo-2\/\" \/>\n<meta property=\"og:locale\" content=\"es_ES\" \/>\n<meta property=\"og:type\" content=\"article\" \/>\n<meta property=\"og:title\" content=\"VI Technology Transfer Day Turismo - AVI |\u00a0Ag\u00e8ncia Valenciana de la Innovaci\u00f3\" \/>\n<meta property=\"og:description\" content=\"El pr\u00f3ximo 21 de febrero, a partir de las 9 de la ma\u00f1ana, se llevar\u00e1 a cabo el VI Technology Transfer Day, un evento en l\u00ednea\u00a0que busca mejorar la\" \/>\n<meta property=\"og:url\" content=\"https:\/\/innoavi.es\/es\/vi-technology-transfer-day-turismo-2\/\" \/>\n<meta property=\"og:site_name\" content=\"AVI |\u00a0Ag\u00e8ncia Valenciana de la Innovaci\u00f3\" \/>\n<meta property=\"article:published_time\" content=\"2024-02-02T12:12:21+00:00\" \/>\n<meta property=\"og:image\" content=\"https:\/\/web.ua.es\/es\/actualidad-universitaria\/febrero2024-1a-quin\/programa-corto-turismo.jpg\" \/>\n<meta name=\"author\" content=\"Laura M\u00aa Garc\u00eda Torregrosa\" \/>\n<meta name=\"twitter:card\" content=\"summary_large_image\" \/>\n<meta name=\"twitter:creator\" content=\"@GVAavi\" \/>\n<meta name=\"twitter:site\" content=\"@GVAavi\" \/>\n<meta name=\"twitter:label1\" content=\"Escrito por\" \/>\n\t<meta name=\"twitter:data1\" content=\"Laura M\u00aa Garc\u00eda Torregrosa\" \/>\n\t<meta name=\"twitter:label2\" content=\"Tiempo de lectura\" \/>\n\t<meta name=\"twitter:data2\" content=\"3 minutos\" \/>\n<script type=\"application\/ld+json\" class=\"yoast-schema-graph\">{\"@context\":\"https:\/\/schema.org\",\"@graph\":[{\"@type\":\"Article\",\"@id\":\"https:\/\/innoavi.es\/es\/vi-technology-transfer-day-turismo-2\/#article\",\"isPartOf\":{\"@id\":\"https:\/\/innoavi.es\/es\/vi-technology-transfer-day-turismo-2\/\"},\"author\":{\"name\":\"Laura M\u00aa Garc\u00eda Torregrosa\",\"@id\":\"https:\/\/innoavi.es\/es\/#\/schema\/person\/d3e5c8498e27eb83af205fba1dfc8f1e\"},\"headline\":\"VI Technology Transfer Day Turismo\",\"datePublished\":\"2024-02-02T12:12:21+00:00\",\"mainEntityOfPage\":{\"@id\":\"https:\/\/innoavi.es\/es\/vi-technology-transfer-day-turismo-2\/\"},\"wordCount\":562,\"image\":{\"@id\":\"https:\/\/innoavi.es\/es\/vi-technology-transfer-day-turismo-2\/#primaryimage\"},\"thumbnailUrl\":\"https:\/\/web.ua.es\/es\/actualidad-universitaria\/febrero2024-1a-quin\/programa-corto-turismo.jpg\",\"articleSection\":[\"Agenda Innoagents ES\",\"Agenda Innoagents VAL\"],\"inLanguage\":\"es\"},{\"@type\":\"WebPage\",\"@id\":\"https:\/\/innoavi.es\/es\/vi-technology-transfer-day-turismo-2\/\",\"url\":\"https:\/\/innoavi.es\/es\/vi-technology-transfer-day-turismo-2\/\",\"name\":\"VI Technology Transfer Day Turismo - AVI |\u00a0Ag\u00e8ncia Valenciana de la Innovaci\u00f3\",\"isPartOf\":{\"@id\":\"https:\/\/innoavi.es\/es\/#website\"},\"primaryImageOfPage\":{\"@id\":\"https:\/\/innoavi.es\/es\/vi-technology-transfer-day-turismo-2\/#primaryimage\"},\"image\":{\"@id\":\"https:\/\/innoavi.es\/es\/vi-technology-transfer-day-turismo-2\/#primaryimage\"},\"thumbnailUrl\":\"https:\/\/web.ua.es\/es\/actualidad-universitaria\/febrero2024-1a-quin\/programa-corto-turismo.jpg\",\"datePublished\":\"2024-02-02T12:12:21+00:00\",\"author\":{\"@id\":\"https:\/\/innoavi.es\/es\/#\/schema\/person\/d3e5c8498e27eb83af205fba1dfc8f1e\"},\"description\":\"El pr\u00f3ximo 21 de febrero, a partir de las 9 de la ma\u00f1ana, se llevar\u00e1 a cabo el VI Technology Transfer Day, un evento en l\u00ednea\u00a0que busca mejorar la\",\"breadcrumb\":{\"@id\":\"https:\/\/innoavi.es\/es\/vi-technology-transfer-day-turismo-2\/#breadcrumb\"},\"inLanguage\":\"es\",\"potentialAction\":[{\"@type\":\"ReadAction\",\"target\":[\"https:\/\/innoavi.es\/es\/vi-technology-transfer-day-turismo-2\/\"]}]},{\"@type\":\"ImageObject\",\"inLanguage\":\"es\",\"@id\":\"https:\/\/innoavi.es\/es\/vi-technology-transfer-day-turismo-2\/#primaryimage\",\"url\":\"https:\/\/web.ua.es\/es\/actualidad-universitaria\/febrero2024-1a-quin\/programa-corto-turismo.jpg\",\"contentUrl\":\"https:\/\/web.ua.es\/es\/actualidad-universitaria\/febrero2024-1a-quin\/programa-corto-turismo.jpg\"},{\"@type\":\"BreadcrumbList\",\"@id\":\"https:\/\/innoavi.es\/es\/vi-technology-transfer-day-turismo-2\/#breadcrumb\",\"itemListElement\":[{\"@type\":\"ListItem\",\"position\":1,\"name\":\"Portada\",\"item\":\"https:\/\/innoavi.es\/es\/\"},{\"@type\":\"ListItem\",\"position\":2,\"name\":\"VI Technology Transfer Day Turismo\"}]},{\"@type\":\"WebSite\",\"@id\":\"https:\/\/innoavi.es\/es\/#website\",\"url\":\"https:\/\/innoavi.es\/es\/\",\"name\":\"AVI |\u00a0Ag\u00e8ncia Valenciana de la Innovaci\u00f3\",\"description\":\"P\u00e0gina web oficial de l&#039;AVI\",\"potentialAction\":[{\"@type\":\"SearchAction\",\"target\":{\"@type\":\"EntryPoint\",\"urlTemplate\":\"https:\/\/innoavi.es\/es\/?s={search_term_string}\"},\"query-input\":{\"@type\":\"PropertyValueSpecification\",\"valueRequired\":true,\"valueName\":\"search_term_string\"}}],\"inLanguage\":\"es\"},{\"@type\":\"Person\",\"@id\":\"https:\/\/innoavi.es\/es\/#\/schema\/person\/d3e5c8498e27eb83af205fba1dfc8f1e\",\"name\":\"Laura M\u00aa Garc\u00eda Torregrosa\"}]}<\/script>\n<!-- \/ Yoast SEO plugin. -->","yoast_head_json":{"title":"VI Technology Transfer Day Turismo - AVI |\u00a0Ag\u00e8ncia Valenciana de la Innovaci\u00f3","description":"El pr\u00f3ximo 21 de febrero, a partir de las 9 de la ma\u00f1ana, se llevar\u00e1 a cabo el VI Technology Transfer Day, un evento en l\u00ednea\u00a0que busca mejorar la","robots":{"index":"index","follow":"follow","max-snippet":"max-snippet:-1","max-image-preview":"max-image-preview:large","max-video-preview":"max-video-preview:-1"},"canonical":"https:\/\/innoavi.es\/es\/vi-technology-transfer-day-turismo-2\/","og_locale":"es_ES","og_type":"article","og_title":"VI Technology Transfer Day Turismo - AVI |\u00a0Ag\u00e8ncia Valenciana de la Innovaci\u00f3","og_description":"El pr\u00f3ximo 21 de febrero, a partir de las 9 de la ma\u00f1ana, se llevar\u00e1 a cabo el VI Technology Transfer Day, un evento en l\u00ednea\u00a0que busca mejorar la","og_url":"https:\/\/innoavi.es\/es\/vi-technology-transfer-day-turismo-2\/","og_site_name":"AVI |\u00a0Ag\u00e8ncia Valenciana de la Innovaci\u00f3","article_published_time":"2024-02-02T12:12:21+00:00","og_image":[{"url":"https:\/\/web.ua.es\/es\/actualidad-universitaria\/febrero2024-1a-quin\/programa-corto-turismo.jpg","type":"","width":"","height":""}],"author":"Laura M\u00aa Garc\u00eda Torregrosa","twitter_card":"summary_large_image","twitter_creator":"@GVAavi","twitter_site":"@GVAavi","twitter_misc":{"Escrito por":"Laura M\u00aa Garc\u00eda Torregrosa","Tiempo de lectura":"3 minutos"},"schema":{"@context":"https:\/\/schema.org","@graph":[{"@type":"Article","@id":"https:\/\/innoavi.es\/es\/vi-technology-transfer-day-turismo-2\/#article","isPartOf":{"@id":"https:\/\/innoavi.es\/es\/vi-technology-transfer-day-turismo-2\/"},"author":{"name":"Laura M\u00aa Garc\u00eda Torregrosa","@id":"https:\/\/innoavi.es\/es\/#\/schema\/person\/d3e5c8498e27eb83af205fba1dfc8f1e"},"headline":"VI Technology Transfer Day Turismo","datePublished":"2024-02-02T12:12:21+00:00","mainEntityOfPage":{"@id":"https:\/\/innoavi.es\/es\/vi-technology-transfer-day-turismo-2\/"},"wordCount":562,"image":{"@id":"https:\/\/innoavi.es\/es\/vi-technology-transfer-day-turismo-2\/#primaryimage"},"thumbnailUrl":"https:\/\/web.ua.es\/es\/actualidad-universitaria\/febrero2024-1a-quin\/programa-corto-turismo.jpg","articleSection":["Agenda Innoagents ES","Agenda Innoagents VAL"],"inLanguage":"es"},{"@type":"WebPage","@id":"https:\/\/innoavi.es\/es\/vi-technology-transfer-day-turismo-2\/","url":"https:\/\/innoavi.es\/es\/vi-technology-transfer-day-turismo-2\/","name":"VI Technology Transfer Day Turismo - AVI |\u00a0Ag\u00e8ncia Valenciana de la Innovaci\u00f3","isPartOf":{"@id":"https:\/\/innoavi.es\/es\/#website"},"primaryImageOfPage":{"@id":"https:\/\/innoavi.es\/es\/vi-technology-transfer-day-turismo-2\/#primaryimage"},"image":{"@id":"https:\/\/innoavi.es\/es\/vi-technology-transfer-day-turismo-2\/#primaryimage"},"thumbnailUrl":"https:\/\/web.ua.es\/es\/actualidad-universitaria\/febrero2024-1a-quin\/programa-corto-turismo.jpg","datePublished":"2024-02-02T12:12:21+00:00","author":{"@id":"https:\/\/innoavi.es\/es\/#\/schema\/person\/d3e5c8498e27eb83af205fba1dfc8f1e"},"description":"El pr\u00f3ximo 21 de febrero, a partir de las 9 de la ma\u00f1ana, se llevar\u00e1 a cabo el VI Technology Transfer Day, un evento en l\u00ednea\u00a0que busca mejorar la","breadcrumb":{"@id":"https:\/\/innoavi.es\/es\/vi-technology-transfer-day-turismo-2\/#breadcrumb"},"inLanguage":"es","potentialAction":[{"@type":"ReadAction","target":["https:\/\/innoavi.es\/es\/vi-technology-transfer-day-turismo-2\/"]}]},{"@type":"ImageObject","inLanguage":"es","@id":"https:\/\/innoavi.es\/es\/vi-technology-transfer-day-turismo-2\/#primaryimage","url":"https:\/\/web.ua.es\/es\/actualidad-universitaria\/febrero2024-1a-quin\/programa-corto-turismo.jpg","contentUrl":"https:\/\/web.ua.es\/es\/actualidad-universitaria\/febrero2024-1a-quin\/programa-corto-turismo.jpg"},{"@type":"BreadcrumbList","@id":"https:\/\/innoavi.es\/es\/vi-technology-transfer-day-turismo-2\/#breadcrumb","itemListElement":[{"@type":"ListItem","position":1,"name":"Portada","item":"https:\/\/innoavi.es\/es\/"},{"@type":"ListItem","position":2,"name":"VI Technology Transfer Day Turismo"}]},{"@type":"WebSite","@id":"https:\/\/innoavi.es\/es\/#website","url":"https:\/\/innoavi.es\/es\/","name":"AVI |\u00a0Ag\u00e8ncia Valenciana de la Innovaci\u00f3","description":"P\u00e0gina web oficial de l&#039;AVI","potentialAction":[{"@type":"SearchAction","target":{"@type":"EntryPoint","urlTemplate":"https:\/\/innoavi.es\/es\/?s={search_term_string}"},"query-input":{"@type":"PropertyValueSpecification","valueRequired":true,"valueName":"search_term_string"}}],"inLanguage":"es"},{"@type":"Person","@id":"https:\/\/innoavi.es\/es\/#\/schema\/person\/d3e5c8498e27eb83af205fba1dfc8f1e","name":"Laura M\u00aa Garc\u00eda Torregrosa"}]}},"_links":{"self":[{"href":"https:\/\/innoavi.es\/es\/wp-json\/wp\/v2\/posts\/33428","targetHints":{"allow":["GET"]}}],"collection":[{"href":"https:\/\/innoavi.es\/es\/wp-json\/wp\/v2\/posts"}],"about":[{"href":"https:\/\/innoavi.es\/es\/wp-json\/wp\/v2\/types\/post"}],"author":[{"embeddable":true,"href":"https:\/\/innoavi.es\/es\/wp-json\/wp\/v2\/users\/65"}],"replies":[{"embeddable":true,"href":"https:\/\/innoavi.es\/es\/wp-json\/wp\/v2\/comments?post=33428"}],"version-history":[{"count":1,"href":"https:\/\/innoavi.es\/es\/wp-json\/wp\/v2\/posts\/33428\/revisions"}],"predecessor-version":[{"id":33429,"href":"https:\/\/innoavi.es\/es\/wp-json\/wp\/v2\/posts\/33428\/revisions\/33429"}],"wp:attachment":[{"href":"https:\/\/innoavi.es\/es\/wp-json\/wp\/v2\/media?parent=33428"}],"wp:term":[{"taxonomy":"category","embeddable":true,"href":"https:\/\/innoavi.es\/es\/wp-json\/wp\/v2\/categories?post=33428"},{"taxonomy":"post_tag","embeddable":true,"href":"https:\/\/innoavi.es\/es\/wp-json\/wp\/v2\/tags?post=33428"}],"curies":[{"name":"wp","href":"https:\/\/api.w.org\/{rel}","templated":true}]}}