{"id":32765,"date":"2023-12-21T09:37:11","date_gmt":"2023-12-21T08:37:11","guid":{"rendered":"https:\/\/innoavi.es\/?p=32765"},"modified":"2023-12-21T09:37:11","modified_gmt":"2023-12-21T08:37:11","slug":"reunion-anual-de-innoagents-de-la-provincia-de-alicante","status":"publish","type":"post","link":"https:\/\/innoavi.es\/es\/reunion-anual-de-innoagents-de-la-provincia-de-alicante\/","title":{"rendered":"Reuni\u00f3n anual de InnoAgents de la provincia de Alicante"},"content":{"rendered":"El 24 de noviembre ha tenido lugar la reuni\u00f3n anual de los InnoAgents de la provincia de Alicante, en las instalaciones de CEDELCO en Elche. Esta Jornada, adem\u00e1s de servir de evento de conexi\u00f3n y consolidaci\u00f3n de contactos entre los InnoAgents del sistema Valenciano de Innovaci\u00f3n que operan, con el apoyo de la AVI, en la provincia de Alicante, ha incluido el desarrollo de un Taller centrado en la Formaci\u00f3n de Mentores, identificando las habilidades y competencias necesarias para llevar a cabo los procesos de gesti\u00f3n de un programa de <em>mentoring<\/em>.<br \/><br \/><img loading=\"lazy\" decoding=\"async\" class=\"alignnone wp-image-32758 size-full\" src=\"https:\/\/innoavi.es\/wp-content\/uploads\/2023\/12\/Reunion_IA_Alicante.png\" alt=\"Reuni\u00f3n de InnoAgents de la provincia de Alicante\" width=\"1024\" height=\"339\" srcset=\"https:\/\/innoavi.es\/wp-content\/uploads\/2023\/12\/Reunion_IA_Alicante.png 1024w, https:\/\/innoavi.es\/wp-content\/uploads\/2023\/12\/Reunion_IA_Alicante-600x199.png 600w, https:\/\/innoavi.es\/wp-content\/uploads\/2023\/12\/Reunion_IA_Alicante-768x254.png 768w\" sizes=\"auto, (max-width: 1024px) 100vw, 1024px\" \/>","protected":false},"excerpt":{"rendered":"<p>El 24 de noviembre ha tenido lugar la reuni\u00f3n anual de los InnoAgents de la provincia de Alicante, en las instalaciones de CEDELCO en Elche. Esta Jornada, adem\u00e1s de servir de evento de conexi\u00f3n y consolidaci\u00f3n de contactos entre los InnoAgents del sistema Valenciano de Innovaci\u00f3n que operan, con el apoyo de la AVI, en la provincia de Alicante, ha incluido el desarrollo de un Taller centrado en la Formaci\u00f3n de Mentores, identificando las habilidades y competencias necesarias para llevar a cabo los procesos de gesti\u00f3n de un programa de<a class=\"more-link\" href=\"https:\/\/innoavi.es\/es\/reunion-anual-de-innoagents-de-la-provincia-de-alicante\/\">SEE DETAILS <span class=\"more-link-image\"><\/span><span class=\"more-link-hover-image\"><\/span><\/a><\/p>\n","protected":false},"author":60,"featured_media":32814,"comment_status":"closed","ping_status":"open","sticky":false,"template":"","format":"standard","meta":{"_acf_changed":false,"footnotes":""},"categories":[776],"tags":[],"class_list":["post-32765","post","type-post","status-publish","format-standard","has-post-thumbnail","hentry","category-noticias-innoagents-es"],"acf":[],"yoast_head":"<!-- This site is optimized with the Yoast SEO plugin v26.7 - https:\/\/yoast.com\/wordpress\/plugins\/seo\/ -->\n<title>Reuni\u00f3n anual de InnoAgents de la provincia de Alicante - AVI |\u00a0Ag\u00e8ncia Valenciana de la Innovaci\u00f3<\/title>\n<meta name=\"description\" content=\"El 24 de noviembre ha tenido lugar la reuni\u00f3n anual de los InnoAgents de la provincia de Alicante, en las instalaciones de CEDELCO en Elche. Esta Jornada,\" \/>\n<meta name=\"robots\" content=\"index, follow, max-snippet:-1, max-image-preview:large, max-video-preview:-1\" \/>\n<link rel=\"canonical\" href=\"https:\/\/innoavi.es\/es\/reunion-anual-de-innoagents-de-la-provincia-de-alicante\/\" \/>\n<meta property=\"og:locale\" content=\"es_ES\" \/>\n<meta property=\"og:type\" content=\"article\" \/>\n<meta property=\"og:title\" content=\"Reuni\u00f3n anual de InnoAgents de la provincia de Alicante - AVI |\u00a0Ag\u00e8ncia Valenciana de la Innovaci\u00f3\" \/>\n<meta property=\"og:description\" content=\"El 24 de noviembre ha tenido lugar la reuni\u00f3n anual de los InnoAgents de la provincia de Alicante, en las instalaciones de CEDELCO en Elche. Esta Jornada,\" \/>\n<meta property=\"og:url\" content=\"https:\/\/innoavi.es\/es\/reunion-anual-de-innoagents-de-la-provincia-de-alicante\/\" \/>\n<meta property=\"og:site_name\" content=\"AVI |\u00a0Ag\u00e8ncia Valenciana de la Innovaci\u00f3\" \/>\n<meta property=\"article:published_time\" content=\"2023-12-21T08:37:11+00:00\" \/>\n<meta property=\"og:image\" content=\"https:\/\/innoavi.es\/wp-content\/uploads\/2023\/12\/stark3.png\" \/>\n\t<meta property=\"og:image:width\" content=\"1024\" \/>\n\t<meta property=\"og:image:height\" content=\"339\" \/>\n\t<meta property=\"og:image:type\" content=\"image\/png\" \/>\n<meta name=\"author\" content=\"Rafael Hern\u00e1ndez Stark\" \/>\n<meta name=\"twitter:card\" content=\"summary_large_image\" \/>\n<meta name=\"twitter:creator\" content=\"@GVAavi\" \/>\n<meta name=\"twitter:site\" content=\"@GVAavi\" \/>\n<meta name=\"twitter:label1\" content=\"Escrito por\" \/>\n\t<meta name=\"twitter:data1\" content=\"Rafael Hern\u00e1ndez Stark\" \/>\n\t<meta name=\"twitter:label2\" content=\"Tiempo de lectura\" \/>\n\t<meta name=\"twitter:data2\" content=\"1 minuto\" \/>\n<script type=\"application\/ld+json\" class=\"yoast-schema-graph\">{\"@context\":\"https:\/\/schema.org\",\"@graph\":[{\"@type\":\"Article\",\"@id\":\"https:\/\/innoavi.es\/es\/reunion-anual-de-innoagents-de-la-provincia-de-alicante\/#article\",\"isPartOf\":{\"@id\":\"https:\/\/innoavi.es\/es\/reunion-anual-de-innoagents-de-la-provincia-de-alicante\/\"},\"author\":{\"name\":\"Rafael Hern\u00e1ndez Stark\",\"@id\":\"https:\/\/innoavi.es\/es\/#\/schema\/person\/4d8fe4b0795a753550a751958a3a215f\"},\"headline\":\"Reuni\u00f3n anual de InnoAgents de la provincia de Alicante\",\"datePublished\":\"2023-12-21T08:37:11+00:00\",\"mainEntityOfPage\":{\"@id\":\"https:\/\/innoavi.es\/es\/reunion-anual-de-innoagents-de-la-provincia-de-alicante\/\"},\"wordCount\":107,\"image\":{\"@id\":\"https:\/\/innoavi.es\/es\/reunion-anual-de-innoagents-de-la-provincia-de-alicante\/#primaryimage\"},\"thumbnailUrl\":\"https:\/\/innoavi.es\/wp-content\/uploads\/2023\/12\/stark3.png\",\"articleSection\":[\"Noticias Innoagents\"],\"inLanguage\":\"es\"},{\"@type\":\"WebPage\",\"@id\":\"https:\/\/innoavi.es\/es\/reunion-anual-de-innoagents-de-la-provincia-de-alicante\/\",\"url\":\"https:\/\/innoavi.es\/es\/reunion-anual-de-innoagents-de-la-provincia-de-alicante\/\",\"name\":\"Reuni\u00f3n anual de InnoAgents de la provincia de Alicante - AVI |\u00a0Ag\u00e8ncia Valenciana de la Innovaci\u00f3\",\"isPartOf\":{\"@id\":\"https:\/\/innoavi.es\/es\/#website\"},\"primaryImageOfPage\":{\"@id\":\"https:\/\/innoavi.es\/es\/reunion-anual-de-innoagents-de-la-provincia-de-alicante\/#primaryimage\"},\"image\":{\"@id\":\"https:\/\/innoavi.es\/es\/reunion-anual-de-innoagents-de-la-provincia-de-alicante\/#primaryimage\"},\"thumbnailUrl\":\"https:\/\/innoavi.es\/wp-content\/uploads\/2023\/12\/stark3.png\",\"datePublished\":\"2023-12-21T08:37:11+00:00\",\"author\":{\"@id\":\"https:\/\/innoavi.es\/es\/#\/schema\/person\/4d8fe4b0795a753550a751958a3a215f\"},\"description\":\"El 24 de noviembre ha tenido lugar la reuni\u00f3n anual de los InnoAgents de la provincia de Alicante, en las instalaciones de CEDELCO en Elche. Esta Jornada,\",\"breadcrumb\":{\"@id\":\"https:\/\/innoavi.es\/es\/reunion-anual-de-innoagents-de-la-provincia-de-alicante\/#breadcrumb\"},\"inLanguage\":\"es\",\"potentialAction\":[{\"@type\":\"ReadAction\",\"target\":[\"https:\/\/innoavi.es\/es\/reunion-anual-de-innoagents-de-la-provincia-de-alicante\/\"]}]},{\"@type\":\"ImageObject\",\"inLanguage\":\"es\",\"@id\":\"https:\/\/innoavi.es\/es\/reunion-anual-de-innoagents-de-la-provincia-de-alicante\/#primaryimage\",\"url\":\"https:\/\/innoavi.es\/wp-content\/uploads\/2023\/12\/stark3.png\",\"contentUrl\":\"https:\/\/innoavi.es\/wp-content\/uploads\/2023\/12\/stark3.png\",\"width\":1024,\"height\":339},{\"@type\":\"BreadcrumbList\",\"@id\":\"https:\/\/innoavi.es\/es\/reunion-anual-de-innoagents-de-la-provincia-de-alicante\/#breadcrumb\",\"itemListElement\":[{\"@type\":\"ListItem\",\"position\":1,\"name\":\"Portada\",\"item\":\"https:\/\/innoavi.es\/es\/\"},{\"@type\":\"ListItem\",\"position\":2,\"name\":\"Reuni\u00f3n anual de InnoAgents de la provincia de Alicante\"}]},{\"@type\":\"WebSite\",\"@id\":\"https:\/\/innoavi.es\/es\/#website\",\"url\":\"https:\/\/innoavi.es\/es\/\",\"name\":\"AVI |\u00a0Ag\u00e8ncia Valenciana de la Innovaci\u00f3\",\"description\":\"P\u00e0gina web oficial de l&#039;AVI\",\"potentialAction\":[{\"@type\":\"SearchAction\",\"target\":{\"@type\":\"EntryPoint\",\"urlTemplate\":\"https:\/\/innoavi.es\/es\/?s={search_term_string}\"},\"query-input\":{\"@type\":\"PropertyValueSpecification\",\"valueRequired\":true,\"valueName\":\"search_term_string\"}}],\"inLanguage\":\"es\"},{\"@type\":\"Person\",\"@id\":\"https:\/\/innoavi.es\/es\/#\/schema\/person\/4d8fe4b0795a753550a751958a3a215f\",\"name\":\"Rafael Hern\u00e1ndez Stark\"}]}<\/script>\n<!-- \/ Yoast SEO plugin. -->","yoast_head_json":{"title":"Reuni\u00f3n anual de InnoAgents de la provincia de Alicante - AVI |\u00a0Ag\u00e8ncia Valenciana de la Innovaci\u00f3","description":"El 24 de noviembre ha tenido lugar la reuni\u00f3n anual de los InnoAgents de la provincia de Alicante, en las instalaciones de CEDELCO en Elche. Esta Jornada,","robots":{"index":"index","follow":"follow","max-snippet":"max-snippet:-1","max-image-preview":"max-image-preview:large","max-video-preview":"max-video-preview:-1"},"canonical":"https:\/\/innoavi.es\/es\/reunion-anual-de-innoagents-de-la-provincia-de-alicante\/","og_locale":"es_ES","og_type":"article","og_title":"Reuni\u00f3n anual de InnoAgents de la provincia de Alicante - AVI |\u00a0Ag\u00e8ncia Valenciana de la Innovaci\u00f3","og_description":"El 24 de noviembre ha tenido lugar la reuni\u00f3n anual de los InnoAgents de la provincia de Alicante, en las instalaciones de CEDELCO en Elche. Esta Jornada,","og_url":"https:\/\/innoavi.es\/es\/reunion-anual-de-innoagents-de-la-provincia-de-alicante\/","og_site_name":"AVI |\u00a0Ag\u00e8ncia Valenciana de la Innovaci\u00f3","article_published_time":"2023-12-21T08:37:11+00:00","og_image":[{"width":1024,"height":339,"url":"https:\/\/innoavi.es\/wp-content\/uploads\/2023\/12\/stark3.png","type":"image\/png"}],"author":"Rafael Hern\u00e1ndez Stark","twitter_card":"summary_large_image","twitter_creator":"@GVAavi","twitter_site":"@GVAavi","twitter_misc":{"Escrito por":"Rafael Hern\u00e1ndez Stark","Tiempo de lectura":"1 minuto"},"schema":{"@context":"https:\/\/schema.org","@graph":[{"@type":"Article","@id":"https:\/\/innoavi.es\/es\/reunion-anual-de-innoagents-de-la-provincia-de-alicante\/#article","isPartOf":{"@id":"https:\/\/innoavi.es\/es\/reunion-anual-de-innoagents-de-la-provincia-de-alicante\/"},"author":{"name":"Rafael Hern\u00e1ndez Stark","@id":"https:\/\/innoavi.es\/es\/#\/schema\/person\/4d8fe4b0795a753550a751958a3a215f"},"headline":"Reuni\u00f3n anual de InnoAgents de la provincia de Alicante","datePublished":"2023-12-21T08:37:11+00:00","mainEntityOfPage":{"@id":"https:\/\/innoavi.es\/es\/reunion-anual-de-innoagents-de-la-provincia-de-alicante\/"},"wordCount":107,"image":{"@id":"https:\/\/innoavi.es\/es\/reunion-anual-de-innoagents-de-la-provincia-de-alicante\/#primaryimage"},"thumbnailUrl":"https:\/\/innoavi.es\/wp-content\/uploads\/2023\/12\/stark3.png","articleSection":["Noticias Innoagents"],"inLanguage":"es"},{"@type":"WebPage","@id":"https:\/\/innoavi.es\/es\/reunion-anual-de-innoagents-de-la-provincia-de-alicante\/","url":"https:\/\/innoavi.es\/es\/reunion-anual-de-innoagents-de-la-provincia-de-alicante\/","name":"Reuni\u00f3n anual de InnoAgents de la provincia de Alicante - AVI |\u00a0Ag\u00e8ncia Valenciana de la Innovaci\u00f3","isPartOf":{"@id":"https:\/\/innoavi.es\/es\/#website"},"primaryImageOfPage":{"@id":"https:\/\/innoavi.es\/es\/reunion-anual-de-innoagents-de-la-provincia-de-alicante\/#primaryimage"},"image":{"@id":"https:\/\/innoavi.es\/es\/reunion-anual-de-innoagents-de-la-provincia-de-alicante\/#primaryimage"},"thumbnailUrl":"https:\/\/innoavi.es\/wp-content\/uploads\/2023\/12\/stark3.png","datePublished":"2023-12-21T08:37:11+00:00","author":{"@id":"https:\/\/innoavi.es\/es\/#\/schema\/person\/4d8fe4b0795a753550a751958a3a215f"},"description":"El 24 de noviembre ha tenido lugar la reuni\u00f3n anual de los InnoAgents de la provincia de Alicante, en las instalaciones de CEDELCO en Elche. Esta Jornada,","breadcrumb":{"@id":"https:\/\/innoavi.es\/es\/reunion-anual-de-innoagents-de-la-provincia-de-alicante\/#breadcrumb"},"inLanguage":"es","potentialAction":[{"@type":"ReadAction","target":["https:\/\/innoavi.es\/es\/reunion-anual-de-innoagents-de-la-provincia-de-alicante\/"]}]},{"@type":"ImageObject","inLanguage":"es","@id":"https:\/\/innoavi.es\/es\/reunion-anual-de-innoagents-de-la-provincia-de-alicante\/#primaryimage","url":"https:\/\/innoavi.es\/wp-content\/uploads\/2023\/12\/stark3.png","contentUrl":"https:\/\/innoavi.es\/wp-content\/uploads\/2023\/12\/stark3.png","width":1024,"height":339},{"@type":"BreadcrumbList","@id":"https:\/\/innoavi.es\/es\/reunion-anual-de-innoagents-de-la-provincia-de-alicante\/#breadcrumb","itemListElement":[{"@type":"ListItem","position":1,"name":"Portada","item":"https:\/\/innoavi.es\/es\/"},{"@type":"ListItem","position":2,"name":"Reuni\u00f3n anual de InnoAgents de la provincia de Alicante"}]},{"@type":"WebSite","@id":"https:\/\/innoavi.es\/es\/#website","url":"https:\/\/innoavi.es\/es\/","name":"AVI |\u00a0Ag\u00e8ncia Valenciana de la Innovaci\u00f3","description":"P\u00e0gina web oficial de l&#039;AVI","potentialAction":[{"@type":"SearchAction","target":{"@type":"EntryPoint","urlTemplate":"https:\/\/innoavi.es\/es\/?s={search_term_string}"},"query-input":{"@type":"PropertyValueSpecification","valueRequired":true,"valueName":"search_term_string"}}],"inLanguage":"es"},{"@type":"Person","@id":"https:\/\/innoavi.es\/es\/#\/schema\/person\/4d8fe4b0795a753550a751958a3a215f","name":"Rafael Hern\u00e1ndez Stark"}]}},"_links":{"self":[{"href":"https:\/\/innoavi.es\/es\/wp-json\/wp\/v2\/posts\/32765","targetHints":{"allow":["GET"]}}],"collection":[{"href":"https:\/\/innoavi.es\/es\/wp-json\/wp\/v2\/posts"}],"about":[{"href":"https:\/\/innoavi.es\/es\/wp-json\/wp\/v2\/types\/post"}],"author":[{"embeddable":true,"href":"https:\/\/innoavi.es\/es\/wp-json\/wp\/v2\/users\/60"}],"replies":[{"embeddable":true,"href":"https:\/\/innoavi.es\/es\/wp-json\/wp\/v2\/comments?post=32765"}],"version-history":[{"count":1,"href":"https:\/\/innoavi.es\/es\/wp-json\/wp\/v2\/posts\/32765\/revisions"}],"predecessor-version":[{"id":32767,"href":"https:\/\/innoavi.es\/es\/wp-json\/wp\/v2\/posts\/32765\/revisions\/32767"}],"wp:featuredmedia":[{"embeddable":true,"href":"https:\/\/innoavi.es\/es\/wp-json\/wp\/v2\/media\/32814"}],"wp:attachment":[{"href":"https:\/\/innoavi.es\/es\/wp-json\/wp\/v2\/media?parent=32765"}],"wp:term":[{"taxonomy":"category","embeddable":true,"href":"https:\/\/innoavi.es\/es\/wp-json\/wp\/v2\/categories?post=32765"},{"taxonomy":"post_tag","embeddable":true,"href":"https:\/\/innoavi.es\/es\/wp-json\/wp\/v2\/tags?post=32765"}],"curies":[{"name":"wp","href":"https:\/\/api.w.org\/{rel}","templated":true}]}}