{"id":32331,"date":"2023-12-14T13:42:25","date_gmt":"2023-12-14T12:42:25","guid":{"rendered":"https:\/\/innoavi.es\/?p=32331"},"modified":"2023-12-21T09:24:06","modified_gmt":"2023-12-21T08:24:06","slug":"20-diciembre-i-jornada-de-innovacion-en-salud-ucie-fihguv","status":"publish","type":"post","link":"https:\/\/innoavi.es\/es\/20-diciembre-i-jornada-de-innovacion-en-salud-ucie-fihguv\/","title":{"rendered":"20 DICIEMBRE | I Jornada de Innovaci\u00f3n en Salud UCIE-FIHGUV"},"content":{"rendered":"<img loading=\"lazy\" decoding=\"async\" class=\"alignnone size-medium wp-image-32346\" src=\"https:\/\/innoavi.es\/wp-content\/uploads\/2023\/12\/20D-600x277.jpg\" alt=\"\" width=\"600\" height=\"277\" srcset=\"https:\/\/innoavi.es\/wp-content\/uploads\/2023\/12\/20D-600x277.jpg 600w, https:\/\/innoavi.es\/wp-content\/uploads\/2023\/12\/20D-768x354.jpg 768w, https:\/\/innoavi.es\/wp-content\/uploads\/2023\/12\/20D.jpg 1100w\" sizes=\"auto, (max-width: 600px) 100vw, 600px\" \/><br \/><br \/>El pr\u00f3ximo mi\u00e9rcoles 20 de diciembre la Fundaci\u00f3n del Hospital General de Val\u00e8ncia (FIHGUV) organiza la I Jornada de Innovaci\u00f3n en Salud donde se abordar\u00e1 la importancia de las colaboraciones para poner en marcha proyectos que investiguen problemas reales de los ciudadanos.<br \/><br \/>Durante esta actividad se insistir\u00e1 en la importancia del trabajo de equipos multidisciplinares y de las colaboraciones necesarias para poner en marcha proyectos para investigar problemas reales que afectan a los pacientes y que sin estas colaboraciones no podr\u00edan llevarse a cabo.<br \/><br \/>La jornada contar\u00e1 con dos conferencias de expertos. La primera impartida por un profesional de la Ag\u00e8ncia Valenciana de la Innovaci\u00f3n (AVI) y la segunda por Mariola Penad\u00e9s Fons, la Directora General de Investigaci\u00f3n e Innovaci\u00f3n de la Conselleria de Sanidad.<br \/><br \/>Por otro lado, en el evento se explicar\u00e1n dos proyectos relacionados con la innovaci\u00f3n en salud: NOSOSENS y EXTRATUBE. El primero trata de un desarrollo de un sistema de detecci\u00f3n y prevenci\u00f3n temprana de enfermedades nosocomiales en entorno hospitalario. EXTRATUBE desarrolla un tubo endotraqueal expansible.<br \/><br \/>Inscr\u00edbete a la jornada en este <a href=\"https:\/\/app.bipeek.com\/registro-evento\/ZGROTPAE9NnV7iw43qZXE6F1kYrtYctp7Z7JSfrh4s26jDhPy5FMrOsQ9IaL?tr[]=2028\">enlace<\/a>.<br \/>Consulta el programa de la sesi\u00f3n <a href=\"https:\/\/x.com\/fihguv\/status\/1734850687022891133?s=20\">aqu\u00ed<\/a>.<br \/><br \/><strong>9:30 horas.\u00a0<\/strong>Sal\u00f3n de Actos del Hospital General de Valencia.<br \/>Av. de les Tres Creus, 2, L&#8217;Olivereta, 46014 Val\u00e8ncia","protected":false},"excerpt":{"rendered":"<p>El pr\u00f3ximo mi\u00e9rcoles 20 de diciembre la Fundaci\u00f3n del Hospital General de Val\u00e8ncia (FIHGUV) organiza la I Jornada de Innovaci\u00f3n en Salud donde se abordar\u00e1 la importancia de las colaboraciones para poner en marcha proyectos que investiguen problemas reales de los ciudadanos.Durante esta actividad se insistir\u00e1 en la importancia del trabajo de equipos multidisciplinares y de las colaboraciones necesarias para poner en marcha proyectos para investigar problemas reales que afectan a los pacientes y que sin estas colaboraciones no podr\u00edan llevarse a cabo.La jornada contar\u00e1 con dos conferencias de expertos.<a class=\"more-link\" href=\"https:\/\/innoavi.es\/es\/20-diciembre-i-jornada-de-innovacion-en-salud-ucie-fihguv\/\">SEE DETAILS <span class=\"more-link-image\"><\/span><span class=\"more-link-hover-image\"><\/span><\/a><\/p>\n","protected":false},"author":40,"featured_media":32349,"comment_status":"closed","ping_status":"open","sticky":false,"template":"","format":"standard","meta":{"_acf_changed":false,"footnotes":""},"categories":[183,782,818,197,783],"tags":[788,851],"class_list":["post-32331","post","type-post","status-publish","format-standard","has-post-thumbnail","hentry","category-agenda","category-agenda-es","category-agenda-avi-es","category-agenda-avi","category-agenda-svi-es","tag-innovacion-es","tag-salud"],"acf":[],"yoast_head":"<!-- This site is optimized with the Yoast SEO plugin v26.7 - https:\/\/yoast.com\/wordpress\/plugins\/seo\/ -->\n<title>20 DICIEMBRE | I Jornada de Innovaci\u00f3n en Salud UCIE-FIHGUV - AVI |\u00a0Ag\u00e8ncia Valenciana de la Innovaci\u00f3<\/title>\n<meta name=\"description\" content=\"El pr\u00f3ximo mi\u00e9rcoles 20 de diciembre FIHGUV organiza la I Jornada de Innovaci\u00f3n en Salud donde se abordar\u00e1 la importancia de las colaboraciones para poner en marcha proyectos que investiguen problemas reales de los ciudadanos.\" \/>\n<meta name=\"robots\" content=\"index, follow, max-snippet:-1, max-image-preview:large, max-video-preview:-1\" \/>\n<link rel=\"canonical\" href=\"https:\/\/innoavi.es\/es\/20-diciembre-i-jornada-de-innovacion-en-salud-ucie-fihguv\/\" \/>\n<meta property=\"og:locale\" content=\"es_ES\" \/>\n<meta property=\"og:type\" content=\"article\" \/>\n<meta property=\"og:title\" content=\"20 DICIEMBRE | I Jornada de Innovaci\u00f3n en Salud UCIE-FIHGUV - AVI |\u00a0Ag\u00e8ncia Valenciana de la Innovaci\u00f3\" \/>\n<meta property=\"og:description\" content=\"El pr\u00f3ximo mi\u00e9rcoles 20 de diciembre FIHGUV organiza la I Jornada de Innovaci\u00f3n en Salud donde se abordar\u00e1 la importancia de las colaboraciones para poner en marcha proyectos que investiguen problemas reales de los ciudadanos.\" \/>\n<meta property=\"og:url\" content=\"https:\/\/innoavi.es\/es\/20-diciembre-i-jornada-de-innovacion-en-salud-ucie-fihguv\/\" \/>\n<meta property=\"og:site_name\" content=\"AVI |\u00a0Ag\u00e8ncia Valenciana de la Innovaci\u00f3\" \/>\n<meta property=\"article:published_time\" content=\"2023-12-14T12:42:25+00:00\" \/>\n<meta property=\"article:modified_time\" content=\"2023-12-21T08:24:06+00:00\" \/>\n<meta property=\"og:image\" content=\"https:\/\/innoavi.es\/wp-content\/uploads\/2023\/12\/hgv-e1702557710500.jpg\" \/>\n\t<meta property=\"og:image:width\" content=\"116\" \/>\n\t<meta property=\"og:image:height\" content=\"170\" \/>\n\t<meta property=\"og:image:type\" content=\"image\/jpeg\" \/>\n<meta name=\"author\" content=\"Maria Navarro\" \/>\n<meta name=\"twitter:card\" content=\"summary_large_image\" \/>\n<meta name=\"twitter:creator\" content=\"@GVAavi\" \/>\n<meta name=\"twitter:site\" content=\"@GVAavi\" \/>\n<meta name=\"twitter:label1\" content=\"Escrito por\" \/>\n\t<meta name=\"twitter:data1\" content=\"Maria Navarro\" \/>\n\t<meta name=\"twitter:label2\" content=\"Tiempo de lectura\" \/>\n\t<meta name=\"twitter:data2\" content=\"2 minutos\" \/>\n<script type=\"application\/ld+json\" class=\"yoast-schema-graph\">{\"@context\":\"https:\/\/schema.org\",\"@graph\":[{\"@type\":\"Article\",\"@id\":\"https:\/\/innoavi.es\/es\/20-diciembre-i-jornada-de-innovacion-en-salud-ucie-fihguv\/#article\",\"isPartOf\":{\"@id\":\"https:\/\/innoavi.es\/es\/20-diciembre-i-jornada-de-innovacion-en-salud-ucie-fihguv\/\"},\"author\":{\"name\":\"Maria Navarro\",\"@id\":\"https:\/\/innoavi.es\/es\/#\/schema\/person\/28fbff69e40b1c74acb471f7dc2d6200\"},\"headline\":\"20 DICIEMBRE | I Jornada de Innovaci\u00f3n en Salud UCIE-FIHGUV\",\"datePublished\":\"2023-12-14T12:42:25+00:00\",\"dateModified\":\"2023-12-21T08:24:06+00:00\",\"mainEntityOfPage\":{\"@id\":\"https:\/\/innoavi.es\/es\/20-diciembre-i-jornada-de-innovacion-en-salud-ucie-fihguv\/\"},\"wordCount\":228,\"image\":{\"@id\":\"https:\/\/innoavi.es\/es\/20-diciembre-i-jornada-de-innovacion-en-salud-ucie-fihguv\/#primaryimage\"},\"thumbnailUrl\":\"https:\/\/innoavi.es\/wp-content\/uploads\/2023\/12\/hgv-e1702557710500.jpg\",\"keywords\":[\"innovaci\u00f3n\",\"salud\"],\"articleSection\":[\"Agenda\",\"Agenda\",\"Agenda AVI\",\"Agenda AVI\",\"Agenda SVI\"],\"inLanguage\":\"es\"},{\"@type\":\"WebPage\",\"@id\":\"https:\/\/innoavi.es\/es\/20-diciembre-i-jornada-de-innovacion-en-salud-ucie-fihguv\/\",\"url\":\"https:\/\/innoavi.es\/es\/20-diciembre-i-jornada-de-innovacion-en-salud-ucie-fihguv\/\",\"name\":\"20 DICIEMBRE | I Jornada de Innovaci\u00f3n en Salud UCIE-FIHGUV - AVI |\u00a0Ag\u00e8ncia Valenciana de la Innovaci\u00f3\",\"isPartOf\":{\"@id\":\"https:\/\/innoavi.es\/es\/#website\"},\"primaryImageOfPage\":{\"@id\":\"https:\/\/innoavi.es\/es\/20-diciembre-i-jornada-de-innovacion-en-salud-ucie-fihguv\/#primaryimage\"},\"image\":{\"@id\":\"https:\/\/innoavi.es\/es\/20-diciembre-i-jornada-de-innovacion-en-salud-ucie-fihguv\/#primaryimage\"},\"thumbnailUrl\":\"https:\/\/innoavi.es\/wp-content\/uploads\/2023\/12\/hgv-e1702557710500.jpg\",\"datePublished\":\"2023-12-14T12:42:25+00:00\",\"dateModified\":\"2023-12-21T08:24:06+00:00\",\"author\":{\"@id\":\"https:\/\/innoavi.es\/es\/#\/schema\/person\/28fbff69e40b1c74acb471f7dc2d6200\"},\"description\":\"El pr\u00f3ximo mi\u00e9rcoles 20 de diciembre FIHGUV organiza la I Jornada de Innovaci\u00f3n en Salud donde se abordar\u00e1 la importancia de las colaboraciones para poner en marcha proyectos que investiguen problemas reales de los ciudadanos.\",\"breadcrumb\":{\"@id\":\"https:\/\/innoavi.es\/es\/20-diciembre-i-jornada-de-innovacion-en-salud-ucie-fihguv\/#breadcrumb\"},\"inLanguage\":\"es\",\"potentialAction\":[{\"@type\":\"ReadAction\",\"target\":[\"https:\/\/innoavi.es\/es\/20-diciembre-i-jornada-de-innovacion-en-salud-ucie-fihguv\/\"]}]},{\"@type\":\"ImageObject\",\"inLanguage\":\"es\",\"@id\":\"https:\/\/innoavi.es\/es\/20-diciembre-i-jornada-de-innovacion-en-salud-ucie-fihguv\/#primaryimage\",\"url\":\"https:\/\/innoavi.es\/wp-content\/uploads\/2023\/12\/hgv-e1702557710500.jpg\",\"contentUrl\":\"https:\/\/innoavi.es\/wp-content\/uploads\/2023\/12\/hgv-e1702557710500.jpg\",\"width\":116,\"height\":170},{\"@type\":\"BreadcrumbList\",\"@id\":\"https:\/\/innoavi.es\/es\/20-diciembre-i-jornada-de-innovacion-en-salud-ucie-fihguv\/#breadcrumb\",\"itemListElement\":[{\"@type\":\"ListItem\",\"position\":1,\"name\":\"Portada\",\"item\":\"https:\/\/innoavi.es\/es\/\"},{\"@type\":\"ListItem\",\"position\":2,\"name\":\"20 DICIEMBRE | I Jornada de Innovaci\u00f3n en Salud UCIE-FIHGUV\"}]},{\"@type\":\"WebSite\",\"@id\":\"https:\/\/innoavi.es\/es\/#website\",\"url\":\"https:\/\/innoavi.es\/es\/\",\"name\":\"AVI |\u00a0Ag\u00e8ncia Valenciana de la Innovaci\u00f3\",\"description\":\"P\u00e0gina web oficial de l&#039;AVI\",\"potentialAction\":[{\"@type\":\"SearchAction\",\"target\":{\"@type\":\"EntryPoint\",\"urlTemplate\":\"https:\/\/innoavi.es\/es\/?s={search_term_string}\"},\"query-input\":{\"@type\":\"PropertyValueSpecification\",\"valueRequired\":true,\"valueName\":\"search_term_string\"}}],\"inLanguage\":\"es\"},{\"@type\":\"Person\",\"@id\":\"https:\/\/innoavi.es\/es\/#\/schema\/person\/28fbff69e40b1c74acb471f7dc2d6200\",\"name\":\"Maria Navarro\"}]}<\/script>\n<!-- \/ Yoast SEO plugin. -->","yoast_head_json":{"title":"20 DICIEMBRE | I Jornada de Innovaci\u00f3n en Salud UCIE-FIHGUV - AVI |\u00a0Ag\u00e8ncia Valenciana de la Innovaci\u00f3","description":"El pr\u00f3ximo mi\u00e9rcoles 20 de diciembre FIHGUV organiza la I Jornada de Innovaci\u00f3n en Salud donde se abordar\u00e1 la importancia de las colaboraciones para poner en marcha proyectos que investiguen problemas reales de los ciudadanos.","robots":{"index":"index","follow":"follow","max-snippet":"max-snippet:-1","max-image-preview":"max-image-preview:large","max-video-preview":"max-video-preview:-1"},"canonical":"https:\/\/innoavi.es\/es\/20-diciembre-i-jornada-de-innovacion-en-salud-ucie-fihguv\/","og_locale":"es_ES","og_type":"article","og_title":"20 DICIEMBRE | I Jornada de Innovaci\u00f3n en Salud UCIE-FIHGUV - AVI |\u00a0Ag\u00e8ncia Valenciana de la Innovaci\u00f3","og_description":"El pr\u00f3ximo mi\u00e9rcoles 20 de diciembre FIHGUV organiza la I Jornada de Innovaci\u00f3n en Salud donde se abordar\u00e1 la importancia de las colaboraciones para poner en marcha proyectos que investiguen problemas reales de los ciudadanos.","og_url":"https:\/\/innoavi.es\/es\/20-diciembre-i-jornada-de-innovacion-en-salud-ucie-fihguv\/","og_site_name":"AVI |\u00a0Ag\u00e8ncia Valenciana de la Innovaci\u00f3","article_published_time":"2023-12-14T12:42:25+00:00","article_modified_time":"2023-12-21T08:24:06+00:00","og_image":[{"width":116,"height":170,"url":"https:\/\/innoavi.es\/wp-content\/uploads\/2023\/12\/hgv-e1702557710500.jpg","type":"image\/jpeg"}],"author":"Maria Navarro","twitter_card":"summary_large_image","twitter_creator":"@GVAavi","twitter_site":"@GVAavi","twitter_misc":{"Escrito por":"Maria Navarro","Tiempo de lectura":"2 minutos"},"schema":{"@context":"https:\/\/schema.org","@graph":[{"@type":"Article","@id":"https:\/\/innoavi.es\/es\/20-diciembre-i-jornada-de-innovacion-en-salud-ucie-fihguv\/#article","isPartOf":{"@id":"https:\/\/innoavi.es\/es\/20-diciembre-i-jornada-de-innovacion-en-salud-ucie-fihguv\/"},"author":{"name":"Maria Navarro","@id":"https:\/\/innoavi.es\/es\/#\/schema\/person\/28fbff69e40b1c74acb471f7dc2d6200"},"headline":"20 DICIEMBRE | I Jornada de Innovaci\u00f3n en Salud UCIE-FIHGUV","datePublished":"2023-12-14T12:42:25+00:00","dateModified":"2023-12-21T08:24:06+00:00","mainEntityOfPage":{"@id":"https:\/\/innoavi.es\/es\/20-diciembre-i-jornada-de-innovacion-en-salud-ucie-fihguv\/"},"wordCount":228,"image":{"@id":"https:\/\/innoavi.es\/es\/20-diciembre-i-jornada-de-innovacion-en-salud-ucie-fihguv\/#primaryimage"},"thumbnailUrl":"https:\/\/innoavi.es\/wp-content\/uploads\/2023\/12\/hgv-e1702557710500.jpg","keywords":["innovaci\u00f3n","salud"],"articleSection":["Agenda","Agenda","Agenda AVI","Agenda AVI","Agenda SVI"],"inLanguage":"es"},{"@type":"WebPage","@id":"https:\/\/innoavi.es\/es\/20-diciembre-i-jornada-de-innovacion-en-salud-ucie-fihguv\/","url":"https:\/\/innoavi.es\/es\/20-diciembre-i-jornada-de-innovacion-en-salud-ucie-fihguv\/","name":"20 DICIEMBRE | I Jornada de Innovaci\u00f3n en Salud UCIE-FIHGUV - AVI |\u00a0Ag\u00e8ncia Valenciana de la Innovaci\u00f3","isPartOf":{"@id":"https:\/\/innoavi.es\/es\/#website"},"primaryImageOfPage":{"@id":"https:\/\/innoavi.es\/es\/20-diciembre-i-jornada-de-innovacion-en-salud-ucie-fihguv\/#primaryimage"},"image":{"@id":"https:\/\/innoavi.es\/es\/20-diciembre-i-jornada-de-innovacion-en-salud-ucie-fihguv\/#primaryimage"},"thumbnailUrl":"https:\/\/innoavi.es\/wp-content\/uploads\/2023\/12\/hgv-e1702557710500.jpg","datePublished":"2023-12-14T12:42:25+00:00","dateModified":"2023-12-21T08:24:06+00:00","author":{"@id":"https:\/\/innoavi.es\/es\/#\/schema\/person\/28fbff69e40b1c74acb471f7dc2d6200"},"description":"El pr\u00f3ximo mi\u00e9rcoles 20 de diciembre FIHGUV organiza la I Jornada de Innovaci\u00f3n en Salud donde se abordar\u00e1 la importancia de las colaboraciones para poner en marcha proyectos que investiguen problemas reales de los ciudadanos.","breadcrumb":{"@id":"https:\/\/innoavi.es\/es\/20-diciembre-i-jornada-de-innovacion-en-salud-ucie-fihguv\/#breadcrumb"},"inLanguage":"es","potentialAction":[{"@type":"ReadAction","target":["https:\/\/innoavi.es\/es\/20-diciembre-i-jornada-de-innovacion-en-salud-ucie-fihguv\/"]}]},{"@type":"ImageObject","inLanguage":"es","@id":"https:\/\/innoavi.es\/es\/20-diciembre-i-jornada-de-innovacion-en-salud-ucie-fihguv\/#primaryimage","url":"https:\/\/innoavi.es\/wp-content\/uploads\/2023\/12\/hgv-e1702557710500.jpg","contentUrl":"https:\/\/innoavi.es\/wp-content\/uploads\/2023\/12\/hgv-e1702557710500.jpg","width":116,"height":170},{"@type":"BreadcrumbList","@id":"https:\/\/innoavi.es\/es\/20-diciembre-i-jornada-de-innovacion-en-salud-ucie-fihguv\/#breadcrumb","itemListElement":[{"@type":"ListItem","position":1,"name":"Portada","item":"https:\/\/innoavi.es\/es\/"},{"@type":"ListItem","position":2,"name":"20 DICIEMBRE | I Jornada de Innovaci\u00f3n en Salud UCIE-FIHGUV"}]},{"@type":"WebSite","@id":"https:\/\/innoavi.es\/es\/#website","url":"https:\/\/innoavi.es\/es\/","name":"AVI |\u00a0Ag\u00e8ncia Valenciana de la Innovaci\u00f3","description":"P\u00e0gina web oficial de l&#039;AVI","potentialAction":[{"@type":"SearchAction","target":{"@type":"EntryPoint","urlTemplate":"https:\/\/innoavi.es\/es\/?s={search_term_string}"},"query-input":{"@type":"PropertyValueSpecification","valueRequired":true,"valueName":"search_term_string"}}],"inLanguage":"es"},{"@type":"Person","@id":"https:\/\/innoavi.es\/es\/#\/schema\/person\/28fbff69e40b1c74acb471f7dc2d6200","name":"Maria Navarro"}]}},"_links":{"self":[{"href":"https:\/\/innoavi.es\/es\/wp-json\/wp\/v2\/posts\/32331","targetHints":{"allow":["GET"]}}],"collection":[{"href":"https:\/\/innoavi.es\/es\/wp-json\/wp\/v2\/posts"}],"about":[{"href":"https:\/\/innoavi.es\/es\/wp-json\/wp\/v2\/types\/post"}],"author":[{"embeddable":true,"href":"https:\/\/innoavi.es\/es\/wp-json\/wp\/v2\/users\/40"}],"replies":[{"embeddable":true,"href":"https:\/\/innoavi.es\/es\/wp-json\/wp\/v2\/comments?post=32331"}],"version-history":[{"count":5,"href":"https:\/\/innoavi.es\/es\/wp-json\/wp\/v2\/posts\/32331\/revisions"}],"predecessor-version":[{"id":32794,"href":"https:\/\/innoavi.es\/es\/wp-json\/wp\/v2\/posts\/32331\/revisions\/32794"}],"wp:featuredmedia":[{"embeddable":true,"href":"https:\/\/innoavi.es\/es\/wp-json\/wp\/v2\/media\/32349"}],"wp:attachment":[{"href":"https:\/\/innoavi.es\/es\/wp-json\/wp\/v2\/media?parent=32331"}],"wp:term":[{"taxonomy":"category","embeddable":true,"href":"https:\/\/innoavi.es\/es\/wp-json\/wp\/v2\/categories?post=32331"},{"taxonomy":"post_tag","embeddable":true,"href":"https:\/\/innoavi.es\/es\/wp-json\/wp\/v2\/tags?post=32331"}],"curies":[{"name":"wp","href":"https:\/\/api.w.org\/{rel}","templated":true}]}}