{"id":32198,"date":"2023-12-11T09:45:04","date_gmt":"2023-12-11T08:45:04","guid":{"rendered":"https:\/\/innoavi.es\/?p=32198"},"modified":"2023-12-21T09:25:10","modified_gmt":"2023-12-21T08:25:10","slug":"19-diciembre-jornada-innotransfer-innovacion-en-biotecnologia","status":"publish","type":"post","link":"https:\/\/innoavi.es\/es\/19-diciembre-jornada-innotransfer-innovacion-en-biotecnologia\/","title":{"rendered":"19 DICIEMBRE | Jornada Innotransfer: Innovaci\u00f3n en Biotecnolog\u00eda"},"content":{"rendered":"<img loading=\"lazy\" decoding=\"async\" class=\"alignnone size-medium wp-image-32199\" src=\"https:\/\/innoavi.es\/wp-content\/uploads\/2023\/12\/19DIC-600x338.jpg\" alt=\"\" width=\"600\" height=\"338\" srcset=\"https:\/\/innoavi.es\/wp-content\/uploads\/2023\/12\/19DIC-600x338.jpg 600w, https:\/\/innoavi.es\/wp-content\/uploads\/2023\/12\/19DIC-1280x720.jpg 1280w, https:\/\/innoavi.es\/wp-content\/uploads\/2023\/12\/19DIC-768x432.jpg 768w, https:\/\/innoavi.es\/wp-content\/uploads\/2023\/12\/19DIC-1536x864.jpg 1536w, https:\/\/innoavi.es\/wp-content\/uploads\/2023\/12\/19DIC-978x550.jpg 978w, https:\/\/innoavi.es\/wp-content\/uploads\/2023\/12\/19DIC.jpg 1920w\" sizes=\"auto, (max-width: 600px) 100vw, 600px\" \/><br \/>La Fundaci\u00f3 Parc Cient\u00edfic Universitat de Val\u00e8ncia (FPCUV) organiza el martes 19 de diciembre, a las 10:30 horas, el \u00faltimo evento del 2023 de Innotransfer. Se trata de un programa de innovaci\u00f3n abierta que impulsan los cinco parques cient\u00edficos de la Comunitat Valenciana con el apoyo de la Ag\u00e8ncia Valenciana de la Innovaci\u00f3 (AVI). En este caso, la jornada est\u00e1 dedicada a la Innovaci\u00f3n en Biotecnolog\u00eda: Retos y Oportunidades.\u00a0<br \/><br \/><br \/>De acuerdo con el Comit\u00e9 Estrat\u00e9gico de Innovaci\u00f3n Especializado (CEIE) de la AVI, la jornada responde a la necesidad de innovaci\u00f3n en una agricultura ecol\u00f3gica y sostenible, as\u00ed como el desarrollo de productos cuya aplicaci\u00f3n aporte soluciones de diversa \u00edndole . El evento est\u00e1 organizado con vistas a posicionar la Comunitat Valenciana, como referente en un sector tan en auge como es la Biotecnolog\u00eda.<br \/><br \/><br \/>Inscr\u00edbete y consulta en programa en este <a href=\"https:\/\/innotransfer.org\/evento\/innovacion_biotecnologia\/\">enlace.<\/a><br \/><br \/><br \/><strong>10:30 horas.<\/strong> Auditorio Marie Curie del Parc Cient\u00edfic de la Universitat de Val\u00e8ncia (PCUV).<br \/>C\/ Catedr\u00e0tic Agust\u00edn Escardino Benlloch, 9, 46980, Paterna (Val\u00e8ncia)","protected":false},"excerpt":{"rendered":"<p>La Fundaci\u00f3 Parc Cient\u00edfic Universitat de Val\u00e8ncia (FPCUV) organiza el martes 19 de diciembre, a las 10:30 horas, el \u00faltimo evento del 2023 de Innotransfer. Se trata de un programa de innovaci\u00f3n abierta que impulsan los cinco parques cient\u00edficos de la Comunitat Valenciana con el apoyo de la Ag\u00e8ncia Valenciana de la Innovaci\u00f3 (AVI). En este caso, la jornada est\u00e1 dedicada a la Innovaci\u00f3n en Biotecnolog\u00eda: Retos y Oportunidades.\u00a0De acuerdo con el Comit\u00e9 Estrat\u00e9gico de Innovaci\u00f3n Especializado (CEIE) de la AVI, la jornada responde a la necesidad de innovaci\u00f3n en<a class=\"more-link\" href=\"https:\/\/innoavi.es\/es\/19-diciembre-jornada-innotransfer-innovacion-en-biotecnologia\/\">SEE DETAILS <span class=\"more-link-image\"><\/span><span class=\"more-link-hover-image\"><\/span><\/a><\/p>\n","protected":false},"author":40,"featured_media":32207,"comment_status":"closed","ping_status":"open","sticky":false,"template":"","format":"standard","meta":{"_acf_changed":false,"footnotes":""},"categories":[782,183,197,818,198,783],"tags":[852,885,788],"class_list":["post-32198","post","type-post","status-publish","format-standard","has-post-thumbnail","hentry","category-agenda-es","category-agenda","category-agenda-avi","category-agenda-avi-es","category-agenda-svi","category-agenda-svi-es","tag-biotecnologia","tag-innotransfer","tag-innovacion-es"],"acf":[],"yoast_head":"<!-- This site is optimized with the Yoast SEO plugin v26.7 - https:\/\/yoast.com\/wordpress\/plugins\/seo\/ -->\n<title>19 DICIEMBRE | Jornada Innotransfer: Innovaci\u00f3n en Biotecnolog\u00eda - AVI |\u00a0Ag\u00e8ncia Valenciana de la Innovaci\u00f3<\/title>\n<meta name=\"description\" content=\"La jornada de Innotransfer que se celebrar\u00e1 el 19 de diciembre est\u00e1 dedicada a la Innovaci\u00f3n en Biotecnolog\u00eda: Retos y Oportunidades.\u00a0\" \/>\n<meta name=\"robots\" content=\"index, follow, max-snippet:-1, max-image-preview:large, max-video-preview:-1\" \/>\n<link rel=\"canonical\" href=\"https:\/\/innoavi.es\/es\/19-diciembre-jornada-innotransfer-innovacion-en-biotecnologia\/\" \/>\n<meta property=\"og:locale\" content=\"es_ES\" \/>\n<meta property=\"og:type\" content=\"article\" \/>\n<meta property=\"og:title\" content=\"19 DICIEMBRE | Jornada Innotransfer: Innovaci\u00f3n en Biotecnolog\u00eda - AVI |\u00a0Ag\u00e8ncia Valenciana de la Innovaci\u00f3\" \/>\n<meta property=\"og:description\" content=\"La jornada de Innotransfer que se celebrar\u00e1 el 19 de diciembre est\u00e1 dedicada a la Innovaci\u00f3n en Biotecnolog\u00eda: Retos y Oportunidades.\u00a0\" \/>\n<meta property=\"og:url\" content=\"https:\/\/innoavi.es\/es\/19-diciembre-jornada-innotransfer-innovacion-en-biotecnologia\/\" \/>\n<meta property=\"og:site_name\" content=\"AVI |\u00a0Ag\u00e8ncia Valenciana de la Innovaci\u00f3\" \/>\n<meta property=\"article:published_time\" content=\"2023-12-11T08:45:04+00:00\" \/>\n<meta property=\"article:modified_time\" content=\"2023-12-21T08:25:10+00:00\" \/>\n<meta property=\"og:image\" content=\"https:\/\/innoavi.es\/wp-content\/uploads\/2023\/12\/Logo_rePCV.webp\" \/>\n\t<meta property=\"og:image:width\" content=\"200\" \/>\n\t<meta property=\"og:image:height\" content=\"144\" \/>\n\t<meta property=\"og:image:type\" content=\"image\/webp\" \/>\n<meta name=\"author\" content=\"Maria Navarro\" \/>\n<meta name=\"twitter:card\" content=\"summary_large_image\" \/>\n<meta name=\"twitter:creator\" content=\"@GVAavi\" \/>\n<meta name=\"twitter:site\" content=\"@GVAavi\" \/>\n<meta name=\"twitter:label1\" content=\"Escrito por\" \/>\n\t<meta name=\"twitter:data1\" content=\"Maria Navarro\" \/>\n\t<meta name=\"twitter:label2\" content=\"Tiempo de lectura\" \/>\n\t<meta name=\"twitter:data2\" content=\"1 minuto\" \/>\n<script type=\"application\/ld+json\" class=\"yoast-schema-graph\">{\"@context\":\"https:\/\/schema.org\",\"@graph\":[{\"@type\":\"Article\",\"@id\":\"https:\/\/innoavi.es\/es\/19-diciembre-jornada-innotransfer-innovacion-en-biotecnologia\/#article\",\"isPartOf\":{\"@id\":\"https:\/\/innoavi.es\/es\/19-diciembre-jornada-innotransfer-innovacion-en-biotecnologia\/\"},\"author\":{\"name\":\"Maria Navarro\",\"@id\":\"https:\/\/innoavi.es\/es\/#\/schema\/person\/28fbff69e40b1c74acb471f7dc2d6200\"},\"headline\":\"19 DICIEMBRE | Jornada Innotransfer: Innovaci\u00f3n en Biotecnolog\u00eda\",\"datePublished\":\"2023-12-11T08:45:04+00:00\",\"dateModified\":\"2023-12-21T08:25:10+00:00\",\"mainEntityOfPage\":{\"@id\":\"https:\/\/innoavi.es\/es\/19-diciembre-jornada-innotransfer-innovacion-en-biotecnologia\/\"},\"wordCount\":184,\"image\":{\"@id\":\"https:\/\/innoavi.es\/es\/19-diciembre-jornada-innotransfer-innovacion-en-biotecnologia\/#primaryimage\"},\"thumbnailUrl\":\"https:\/\/innoavi.es\/wp-content\/uploads\/2023\/12\/Logo_rePCV.webp\",\"keywords\":[\"biotecnolog\u00eda\",\"innotransfer\",\"innovaci\u00f3n\"],\"articleSection\":[\"Agenda\",\"Agenda\",\"Agenda AVI\",\"Agenda AVI\",\"Agenda SVI\",\"Agenda SVI\"],\"inLanguage\":\"es\"},{\"@type\":\"WebPage\",\"@id\":\"https:\/\/innoavi.es\/es\/19-diciembre-jornada-innotransfer-innovacion-en-biotecnologia\/\",\"url\":\"https:\/\/innoavi.es\/es\/19-diciembre-jornada-innotransfer-innovacion-en-biotecnologia\/\",\"name\":\"19 DICIEMBRE | Jornada Innotransfer: Innovaci\u00f3n en Biotecnolog\u00eda - AVI |\u00a0Ag\u00e8ncia Valenciana de la Innovaci\u00f3\",\"isPartOf\":{\"@id\":\"https:\/\/innoavi.es\/es\/#website\"},\"primaryImageOfPage\":{\"@id\":\"https:\/\/innoavi.es\/es\/19-diciembre-jornada-innotransfer-innovacion-en-biotecnologia\/#primaryimage\"},\"image\":{\"@id\":\"https:\/\/innoavi.es\/es\/19-diciembre-jornada-innotransfer-innovacion-en-biotecnologia\/#primaryimage\"},\"thumbnailUrl\":\"https:\/\/innoavi.es\/wp-content\/uploads\/2023\/12\/Logo_rePCV.webp\",\"datePublished\":\"2023-12-11T08:45:04+00:00\",\"dateModified\":\"2023-12-21T08:25:10+00:00\",\"author\":{\"@id\":\"https:\/\/innoavi.es\/es\/#\/schema\/person\/28fbff69e40b1c74acb471f7dc2d6200\"},\"description\":\"La jornada de Innotransfer que se celebrar\u00e1 el 19 de diciembre est\u00e1 dedicada a la Innovaci\u00f3n en Biotecnolog\u00eda: Retos y Oportunidades.\u00a0\",\"breadcrumb\":{\"@id\":\"https:\/\/innoavi.es\/es\/19-diciembre-jornada-innotransfer-innovacion-en-biotecnologia\/#breadcrumb\"},\"inLanguage\":\"es\",\"potentialAction\":[{\"@type\":\"ReadAction\",\"target\":[\"https:\/\/innoavi.es\/es\/19-diciembre-jornada-innotransfer-innovacion-en-biotecnologia\/\"]}]},{\"@type\":\"ImageObject\",\"inLanguage\":\"es\",\"@id\":\"https:\/\/innoavi.es\/es\/19-diciembre-jornada-innotransfer-innovacion-en-biotecnologia\/#primaryimage\",\"url\":\"https:\/\/innoavi.es\/wp-content\/uploads\/2023\/12\/Logo_rePCV.webp\",\"contentUrl\":\"https:\/\/innoavi.es\/wp-content\/uploads\/2023\/12\/Logo_rePCV.webp\",\"width\":200,\"height\":144},{\"@type\":\"BreadcrumbList\",\"@id\":\"https:\/\/innoavi.es\/es\/19-diciembre-jornada-innotransfer-innovacion-en-biotecnologia\/#breadcrumb\",\"itemListElement\":[{\"@type\":\"ListItem\",\"position\":1,\"name\":\"Portada\",\"item\":\"https:\/\/innoavi.es\/es\/\"},{\"@type\":\"ListItem\",\"position\":2,\"name\":\"19 DICIEMBRE | Jornada Innotransfer: Innovaci\u00f3n en Biotecnolog\u00eda\"}]},{\"@type\":\"WebSite\",\"@id\":\"https:\/\/innoavi.es\/es\/#website\",\"url\":\"https:\/\/innoavi.es\/es\/\",\"name\":\"AVI |\u00a0Ag\u00e8ncia Valenciana de la Innovaci\u00f3\",\"description\":\"P\u00e0gina web oficial de l&#039;AVI\",\"potentialAction\":[{\"@type\":\"SearchAction\",\"target\":{\"@type\":\"EntryPoint\",\"urlTemplate\":\"https:\/\/innoavi.es\/es\/?s={search_term_string}\"},\"query-input\":{\"@type\":\"PropertyValueSpecification\",\"valueRequired\":true,\"valueName\":\"search_term_string\"}}],\"inLanguage\":\"es\"},{\"@type\":\"Person\",\"@id\":\"https:\/\/innoavi.es\/es\/#\/schema\/person\/28fbff69e40b1c74acb471f7dc2d6200\",\"name\":\"Maria Navarro\"}]}<\/script>\n<!-- \/ Yoast SEO plugin. -->","yoast_head_json":{"title":"19 DICIEMBRE | Jornada Innotransfer: Innovaci\u00f3n en Biotecnolog\u00eda - AVI |\u00a0Ag\u00e8ncia Valenciana de la Innovaci\u00f3","description":"La jornada de Innotransfer que se celebrar\u00e1 el 19 de diciembre est\u00e1 dedicada a la Innovaci\u00f3n en Biotecnolog\u00eda: Retos y Oportunidades.\u00a0","robots":{"index":"index","follow":"follow","max-snippet":"max-snippet:-1","max-image-preview":"max-image-preview:large","max-video-preview":"max-video-preview:-1"},"canonical":"https:\/\/innoavi.es\/es\/19-diciembre-jornada-innotransfer-innovacion-en-biotecnologia\/","og_locale":"es_ES","og_type":"article","og_title":"19 DICIEMBRE | Jornada Innotransfer: Innovaci\u00f3n en Biotecnolog\u00eda - AVI |\u00a0Ag\u00e8ncia Valenciana de la Innovaci\u00f3","og_description":"La jornada de Innotransfer que se celebrar\u00e1 el 19 de diciembre est\u00e1 dedicada a la Innovaci\u00f3n en Biotecnolog\u00eda: Retos y Oportunidades.\u00a0","og_url":"https:\/\/innoavi.es\/es\/19-diciembre-jornada-innotransfer-innovacion-en-biotecnologia\/","og_site_name":"AVI |\u00a0Ag\u00e8ncia Valenciana de la Innovaci\u00f3","article_published_time":"2023-12-11T08:45:04+00:00","article_modified_time":"2023-12-21T08:25:10+00:00","og_image":[{"width":200,"height":144,"url":"https:\/\/innoavi.es\/wp-content\/uploads\/2023\/12\/Logo_rePCV.webp","type":"image\/webp"}],"author":"Maria Navarro","twitter_card":"summary_large_image","twitter_creator":"@GVAavi","twitter_site":"@GVAavi","twitter_misc":{"Escrito por":"Maria Navarro","Tiempo de lectura":"1 minuto"},"schema":{"@context":"https:\/\/schema.org","@graph":[{"@type":"Article","@id":"https:\/\/innoavi.es\/es\/19-diciembre-jornada-innotransfer-innovacion-en-biotecnologia\/#article","isPartOf":{"@id":"https:\/\/innoavi.es\/es\/19-diciembre-jornada-innotransfer-innovacion-en-biotecnologia\/"},"author":{"name":"Maria Navarro","@id":"https:\/\/innoavi.es\/es\/#\/schema\/person\/28fbff69e40b1c74acb471f7dc2d6200"},"headline":"19 DICIEMBRE | Jornada Innotransfer: Innovaci\u00f3n en Biotecnolog\u00eda","datePublished":"2023-12-11T08:45:04+00:00","dateModified":"2023-12-21T08:25:10+00:00","mainEntityOfPage":{"@id":"https:\/\/innoavi.es\/es\/19-diciembre-jornada-innotransfer-innovacion-en-biotecnologia\/"},"wordCount":184,"image":{"@id":"https:\/\/innoavi.es\/es\/19-diciembre-jornada-innotransfer-innovacion-en-biotecnologia\/#primaryimage"},"thumbnailUrl":"https:\/\/innoavi.es\/wp-content\/uploads\/2023\/12\/Logo_rePCV.webp","keywords":["biotecnolog\u00eda","innotransfer","innovaci\u00f3n"],"articleSection":["Agenda","Agenda","Agenda AVI","Agenda AVI","Agenda SVI","Agenda SVI"],"inLanguage":"es"},{"@type":"WebPage","@id":"https:\/\/innoavi.es\/es\/19-diciembre-jornada-innotransfer-innovacion-en-biotecnologia\/","url":"https:\/\/innoavi.es\/es\/19-diciembre-jornada-innotransfer-innovacion-en-biotecnologia\/","name":"19 DICIEMBRE | Jornada Innotransfer: Innovaci\u00f3n en Biotecnolog\u00eda - AVI |\u00a0Ag\u00e8ncia Valenciana de la Innovaci\u00f3","isPartOf":{"@id":"https:\/\/innoavi.es\/es\/#website"},"primaryImageOfPage":{"@id":"https:\/\/innoavi.es\/es\/19-diciembre-jornada-innotransfer-innovacion-en-biotecnologia\/#primaryimage"},"image":{"@id":"https:\/\/innoavi.es\/es\/19-diciembre-jornada-innotransfer-innovacion-en-biotecnologia\/#primaryimage"},"thumbnailUrl":"https:\/\/innoavi.es\/wp-content\/uploads\/2023\/12\/Logo_rePCV.webp","datePublished":"2023-12-11T08:45:04+00:00","dateModified":"2023-12-21T08:25:10+00:00","author":{"@id":"https:\/\/innoavi.es\/es\/#\/schema\/person\/28fbff69e40b1c74acb471f7dc2d6200"},"description":"La jornada de Innotransfer que se celebrar\u00e1 el 19 de diciembre est\u00e1 dedicada a la Innovaci\u00f3n en Biotecnolog\u00eda: Retos y Oportunidades.\u00a0","breadcrumb":{"@id":"https:\/\/innoavi.es\/es\/19-diciembre-jornada-innotransfer-innovacion-en-biotecnologia\/#breadcrumb"},"inLanguage":"es","potentialAction":[{"@type":"ReadAction","target":["https:\/\/innoavi.es\/es\/19-diciembre-jornada-innotransfer-innovacion-en-biotecnologia\/"]}]},{"@type":"ImageObject","inLanguage":"es","@id":"https:\/\/innoavi.es\/es\/19-diciembre-jornada-innotransfer-innovacion-en-biotecnologia\/#primaryimage","url":"https:\/\/innoavi.es\/wp-content\/uploads\/2023\/12\/Logo_rePCV.webp","contentUrl":"https:\/\/innoavi.es\/wp-content\/uploads\/2023\/12\/Logo_rePCV.webp","width":200,"height":144},{"@type":"BreadcrumbList","@id":"https:\/\/innoavi.es\/es\/19-diciembre-jornada-innotransfer-innovacion-en-biotecnologia\/#breadcrumb","itemListElement":[{"@type":"ListItem","position":1,"name":"Portada","item":"https:\/\/innoavi.es\/es\/"},{"@type":"ListItem","position":2,"name":"19 DICIEMBRE | Jornada Innotransfer: Innovaci\u00f3n en Biotecnolog\u00eda"}]},{"@type":"WebSite","@id":"https:\/\/innoavi.es\/es\/#website","url":"https:\/\/innoavi.es\/es\/","name":"AVI |\u00a0Ag\u00e8ncia Valenciana de la Innovaci\u00f3","description":"P\u00e0gina web oficial de l&#039;AVI","potentialAction":[{"@type":"SearchAction","target":{"@type":"EntryPoint","urlTemplate":"https:\/\/innoavi.es\/es\/?s={search_term_string}"},"query-input":{"@type":"PropertyValueSpecification","valueRequired":true,"valueName":"search_term_string"}}],"inLanguage":"es"},{"@type":"Person","@id":"https:\/\/innoavi.es\/es\/#\/schema\/person\/28fbff69e40b1c74acb471f7dc2d6200","name":"Maria Navarro"}]}},"_links":{"self":[{"href":"https:\/\/innoavi.es\/es\/wp-json\/wp\/v2\/posts\/32198","targetHints":{"allow":["GET"]}}],"collection":[{"href":"https:\/\/innoavi.es\/es\/wp-json\/wp\/v2\/posts"}],"about":[{"href":"https:\/\/innoavi.es\/es\/wp-json\/wp\/v2\/types\/post"}],"author":[{"embeddable":true,"href":"https:\/\/innoavi.es\/es\/wp-json\/wp\/v2\/users\/40"}],"replies":[{"embeddable":true,"href":"https:\/\/innoavi.es\/es\/wp-json\/wp\/v2\/comments?post=32198"}],"version-history":[{"count":4,"href":"https:\/\/innoavi.es\/es\/wp-json\/wp\/v2\/posts\/32198\/revisions"}],"predecessor-version":[{"id":32796,"href":"https:\/\/innoavi.es\/es\/wp-json\/wp\/v2\/posts\/32198\/revisions\/32796"}],"wp:featuredmedia":[{"embeddable":true,"href":"https:\/\/innoavi.es\/es\/wp-json\/wp\/v2\/media\/32207"}],"wp:attachment":[{"href":"https:\/\/innoavi.es\/es\/wp-json\/wp\/v2\/media?parent=32198"}],"wp:term":[{"taxonomy":"category","embeddable":true,"href":"https:\/\/innoavi.es\/es\/wp-json\/wp\/v2\/categories?post=32198"},{"taxonomy":"post_tag","embeddable":true,"href":"https:\/\/innoavi.es\/es\/wp-json\/wp\/v2\/tags?post=32198"}],"curies":[{"name":"wp","href":"https:\/\/api.w.org\/{rel}","templated":true}]}}