{"id":31383,"date":"2023-11-17T15:15:42","date_gmt":"2023-11-17T14:15:42","guid":{"rendered":"https:\/\/innoavi.es\/?p=31383"},"modified":"2023-12-21T09:50:02","modified_gmt":"2023-12-21T08:50:02","slug":"30-noviembre-jornada-aplicaciones-de-la-ia-en-el-sector-agroalimentario","status":"publish","type":"post","link":"https:\/\/innoavi.es\/es\/30-noviembre-jornada-aplicaciones-de-la-ia-en-el-sector-agroalimentario\/","title":{"rendered":"30 NOVIEMBRE | Jornada aplicaciones de la IA en el sector agroalimentario"},"content":{"rendered":"<img loading=\"lazy\" decoding=\"async\" class=\"alignnone size-medium wp-image-31384\" src=\"https:\/\/innoavi.es\/wp-content\/uploads\/2023\/11\/jornada-ia-600x300.jpg\" alt=\"\" width=\"600\" height=\"300\" srcset=\"https:\/\/innoavi.es\/wp-content\/uploads\/2023\/11\/jornada-ia-600x300.jpg 600w, https:\/\/innoavi.es\/wp-content\/uploads\/2023\/11\/jornada-ia-1280x640.jpg 1280w, https:\/\/innoavi.es\/wp-content\/uploads\/2023\/11\/jornada-ia-768x384.jpg 768w, https:\/\/innoavi.es\/wp-content\/uploads\/2023\/11\/jornada-ia-1536x768.jpg 1536w, https:\/\/innoavi.es\/wp-content\/uploads\/2023\/11\/jornada-ia-2048x1024.jpg 2048w, https:\/\/innoavi.es\/wp-content\/uploads\/2023\/11\/jornada-ia-1100x550.jpg 1100w\" sizes=\"auto, (max-width: 600px) 100vw, 600px\" \/><br \/><br \/>La C\u00e1mara de Valencia organiza la jornada presencial \u00abCosechando beneficios\u00bb sobre las aplicaciones de la Inteligencia Artificial en el sector agroalimentario.<br \/><br \/>Este evento tiene como objetivo que las empresas, asociaciones e instituciones del sector agroalimentario conozcan los diferentes usos de la Inteligencia Artificial en sus procesos diarios y perspectivas de aplicaci\u00f3n en el futuro.<br \/><br \/>Desde la C\u00e1mara de Valencia trabajar\u00e1n en atender c\u00f3mo arrancar un proyeto tecnol\u00f3gico y financiable en el marco del INNDIH (Digital Innovation Hub). Adem\u00e1s, asistir\u00e1 Poala Guzm\u00e1n Castillo, m\u00e1nager t\u00e9cnica digital y datos\u00a0 en Inndromeda.<br \/><br \/>Consulta el programa e inscr\u00edbete en este <a href=\"https:\/\/sites.camaravalencia.com\/inndromeda2\/\">enlace<\/a><br \/><br \/><strong>10:00 horas. <\/strong>Aula 4. C\u00e1mara de Comercio de Valencia.<br \/>C\/ Poeta Querol, 15. 46002 Valencia.","protected":false},"excerpt":{"rendered":"<p>La C\u00e1mara de Valencia organiza la jornada presencial \u00abCosechando beneficios\u00bb sobre las aplicaciones de la Inteligencia Artificial en el sector agroalimentario.Este evento tiene como objetivo que las empresas, asociaciones e instituciones del sector agroalimentario conozcan los diferentes usos de la Inteligencia Artificial en sus procesos diarios y perspectivas de aplicaci\u00f3n en el futuro.Desde la C\u00e1mara de Valencia trabajar\u00e1n en atender c\u00f3mo arrancar un proyeto tecnol\u00f3gico y financiable en el marco del INNDIH (Digital Innovation Hub). Adem\u00e1s, asistir\u00e1 Poala Guzm\u00e1n Castillo, m\u00e1nager t\u00e9cnica digital y datos\u00a0 en Inndromeda.Consulta el programa e<a class=\"more-link\" href=\"https:\/\/innoavi.es\/es\/30-noviembre-jornada-aplicaciones-de-la-ia-en-el-sector-agroalimentario\/\">SEE DETAILS <span class=\"more-link-image\"><\/span><span class=\"more-link-hover-image\"><\/span><\/a><\/p>\n","protected":false},"author":40,"featured_media":31387,"comment_status":"closed","ping_status":"open","sticky":false,"template":"","format":"standard","meta":{"_acf_changed":false,"footnotes":""},"categories":[183,782,197,818,198,783],"tags":[866,867,788],"class_list":["post-31383","post","type-post","status-publish","format-standard","has-post-thumbnail","hentry","category-agenda","category-agenda-es","category-agenda-avi","category-agenda-avi-es","category-agenda-svi","category-agenda-svi-es","tag-agrialimetario","tag-ia","tag-innovacion-es"],"acf":[],"yoast_head":"<!-- This site is optimized with the Yoast SEO plugin v26.7 - https:\/\/yoast.com\/wordpress\/plugins\/seo\/ -->\n<title>30 NOVIEMBRE | Jornada aplicaciones de la IA en el sector agroalimentario - AVI |\u00a0Ag\u00e8ncia Valenciana de la Innovaci\u00f3<\/title>\n<meta name=\"description\" content=\"La C\u00e1mara de Valencia organiza la jornada &quot;Cosechando beneficios&quot; sobre las aplicaciones de la Inteligencia Artificial en el sector agroalimentario.\" \/>\n<meta name=\"robots\" content=\"index, follow, max-snippet:-1, max-image-preview:large, max-video-preview:-1\" \/>\n<link rel=\"canonical\" href=\"https:\/\/innoavi.es\/es\/30-noviembre-jornada-aplicaciones-de-la-ia-en-el-sector-agroalimentario\/\" \/>\n<meta property=\"og:locale\" content=\"es_ES\" \/>\n<meta property=\"og:type\" content=\"article\" \/>\n<meta property=\"og:title\" content=\"30 NOVIEMBRE | Jornada aplicaciones de la IA en el sector agroalimentario - AVI |\u00a0Ag\u00e8ncia Valenciana de la Innovaci\u00f3\" \/>\n<meta property=\"og:description\" content=\"La C\u00e1mara de Valencia organiza la jornada &quot;Cosechando beneficios&quot; sobre las aplicaciones de la Inteligencia Artificial en el sector agroalimentario.\" \/>\n<meta property=\"og:url\" content=\"https:\/\/innoavi.es\/es\/30-noviembre-jornada-aplicaciones-de-la-ia-en-el-sector-agroalimentario\/\" \/>\n<meta property=\"og:site_name\" content=\"AVI |\u00a0Ag\u00e8ncia Valenciana de la Innovaci\u00f3\" \/>\n<meta property=\"article:published_time\" content=\"2023-11-17T14:15:42+00:00\" \/>\n<meta property=\"article:modified_time\" content=\"2023-12-21T08:50:02+00:00\" \/>\n<meta property=\"og:image\" content=\"https:\/\/innoavi.es\/wp-content\/uploads\/2023\/11\/CamaraComercioVLC.png\" \/>\n\t<meta property=\"og:image:width\" content=\"800\" \/>\n\t<meta property=\"og:image:height\" content=\"350\" \/>\n\t<meta property=\"og:image:type\" content=\"image\/png\" \/>\n<meta name=\"author\" content=\"Maria Navarro\" \/>\n<meta name=\"twitter:card\" content=\"summary_large_image\" \/>\n<meta name=\"twitter:creator\" content=\"@GVAavi\" \/>\n<meta name=\"twitter:site\" content=\"@GVAavi\" \/>\n<meta name=\"twitter:label1\" content=\"Escrito por\" \/>\n\t<meta name=\"twitter:data1\" content=\"Maria Navarro\" \/>\n\t<meta name=\"twitter:label2\" content=\"Tiempo de lectura\" \/>\n\t<meta name=\"twitter:data2\" content=\"1 minuto\" \/>\n<script type=\"application\/ld+json\" class=\"yoast-schema-graph\">{\"@context\":\"https:\/\/schema.org\",\"@graph\":[{\"@type\":\"Article\",\"@id\":\"https:\/\/innoavi.es\/es\/30-noviembre-jornada-aplicaciones-de-la-ia-en-el-sector-agroalimentario\/#article\",\"isPartOf\":{\"@id\":\"https:\/\/innoavi.es\/es\/30-noviembre-jornada-aplicaciones-de-la-ia-en-el-sector-agroalimentario\/\"},\"author\":{\"name\":\"Maria Navarro\",\"@id\":\"https:\/\/innoavi.es\/es\/#\/schema\/person\/28fbff69e40b1c74acb471f7dc2d6200\"},\"headline\":\"30 NOVIEMBRE | Jornada aplicaciones de la IA en el sector agroalimentario\",\"datePublished\":\"2023-11-17T14:15:42+00:00\",\"dateModified\":\"2023-12-21T08:50:02+00:00\",\"mainEntityOfPage\":{\"@id\":\"https:\/\/innoavi.es\/es\/30-noviembre-jornada-aplicaciones-de-la-ia-en-el-sector-agroalimentario\/\"},\"wordCount\":130,\"image\":{\"@id\":\"https:\/\/innoavi.es\/es\/30-noviembre-jornada-aplicaciones-de-la-ia-en-el-sector-agroalimentario\/#primaryimage\"},\"thumbnailUrl\":\"https:\/\/innoavi.es\/wp-content\/uploads\/2023\/11\/CamaraComercioVLC.png\",\"keywords\":[\"agrialimetario\",\"ia\",\"innovaci\u00f3n\"],\"articleSection\":[\"Agenda\",\"Agenda\",\"Agenda AVI\",\"Agenda AVI\",\"Agenda SVI\",\"Agenda SVI\"],\"inLanguage\":\"es\"},{\"@type\":\"WebPage\",\"@id\":\"https:\/\/innoavi.es\/es\/30-noviembre-jornada-aplicaciones-de-la-ia-en-el-sector-agroalimentario\/\",\"url\":\"https:\/\/innoavi.es\/es\/30-noviembre-jornada-aplicaciones-de-la-ia-en-el-sector-agroalimentario\/\",\"name\":\"30 NOVIEMBRE | Jornada aplicaciones de la IA en el sector agroalimentario - AVI |\u00a0Ag\u00e8ncia Valenciana de la Innovaci\u00f3\",\"isPartOf\":{\"@id\":\"https:\/\/innoavi.es\/es\/#website\"},\"primaryImageOfPage\":{\"@id\":\"https:\/\/innoavi.es\/es\/30-noviembre-jornada-aplicaciones-de-la-ia-en-el-sector-agroalimentario\/#primaryimage\"},\"image\":{\"@id\":\"https:\/\/innoavi.es\/es\/30-noviembre-jornada-aplicaciones-de-la-ia-en-el-sector-agroalimentario\/#primaryimage\"},\"thumbnailUrl\":\"https:\/\/innoavi.es\/wp-content\/uploads\/2023\/11\/CamaraComercioVLC.png\",\"datePublished\":\"2023-11-17T14:15:42+00:00\",\"dateModified\":\"2023-12-21T08:50:02+00:00\",\"author\":{\"@id\":\"https:\/\/innoavi.es\/es\/#\/schema\/person\/28fbff69e40b1c74acb471f7dc2d6200\"},\"description\":\"La C\u00e1mara de Valencia organiza la jornada \\\"Cosechando beneficios\\\" sobre las aplicaciones de la Inteligencia Artificial en el sector agroalimentario.\",\"breadcrumb\":{\"@id\":\"https:\/\/innoavi.es\/es\/30-noviembre-jornada-aplicaciones-de-la-ia-en-el-sector-agroalimentario\/#breadcrumb\"},\"inLanguage\":\"es\",\"potentialAction\":[{\"@type\":\"ReadAction\",\"target\":[\"https:\/\/innoavi.es\/es\/30-noviembre-jornada-aplicaciones-de-la-ia-en-el-sector-agroalimentario\/\"]}]},{\"@type\":\"ImageObject\",\"inLanguage\":\"es\",\"@id\":\"https:\/\/innoavi.es\/es\/30-noviembre-jornada-aplicaciones-de-la-ia-en-el-sector-agroalimentario\/#primaryimage\",\"url\":\"https:\/\/innoavi.es\/wp-content\/uploads\/2023\/11\/CamaraComercioVLC.png\",\"contentUrl\":\"https:\/\/innoavi.es\/wp-content\/uploads\/2023\/11\/CamaraComercioVLC.png\",\"width\":800,\"height\":350},{\"@type\":\"BreadcrumbList\",\"@id\":\"https:\/\/innoavi.es\/es\/30-noviembre-jornada-aplicaciones-de-la-ia-en-el-sector-agroalimentario\/#breadcrumb\",\"itemListElement\":[{\"@type\":\"ListItem\",\"position\":1,\"name\":\"Portada\",\"item\":\"https:\/\/innoavi.es\/es\/\"},{\"@type\":\"ListItem\",\"position\":2,\"name\":\"30 NOVIEMBRE | Jornada aplicaciones de la IA en el sector agroalimentario\"}]},{\"@type\":\"WebSite\",\"@id\":\"https:\/\/innoavi.es\/es\/#website\",\"url\":\"https:\/\/innoavi.es\/es\/\",\"name\":\"AVI |\u00a0Ag\u00e8ncia Valenciana de la Innovaci\u00f3\",\"description\":\"P\u00e0gina web oficial de l&#039;AVI\",\"potentialAction\":[{\"@type\":\"SearchAction\",\"target\":{\"@type\":\"EntryPoint\",\"urlTemplate\":\"https:\/\/innoavi.es\/es\/?s={search_term_string}\"},\"query-input\":{\"@type\":\"PropertyValueSpecification\",\"valueRequired\":true,\"valueName\":\"search_term_string\"}}],\"inLanguage\":\"es\"},{\"@type\":\"Person\",\"@id\":\"https:\/\/innoavi.es\/es\/#\/schema\/person\/28fbff69e40b1c74acb471f7dc2d6200\",\"name\":\"Maria Navarro\"}]}<\/script>\n<!-- \/ Yoast SEO plugin. -->","yoast_head_json":{"title":"30 NOVIEMBRE | Jornada aplicaciones de la IA en el sector agroalimentario - AVI |\u00a0Ag\u00e8ncia Valenciana de la Innovaci\u00f3","description":"La C\u00e1mara de Valencia organiza la jornada \"Cosechando beneficios\" sobre las aplicaciones de la Inteligencia Artificial en el sector agroalimentario.","robots":{"index":"index","follow":"follow","max-snippet":"max-snippet:-1","max-image-preview":"max-image-preview:large","max-video-preview":"max-video-preview:-1"},"canonical":"https:\/\/innoavi.es\/es\/30-noviembre-jornada-aplicaciones-de-la-ia-en-el-sector-agroalimentario\/","og_locale":"es_ES","og_type":"article","og_title":"30 NOVIEMBRE | Jornada aplicaciones de la IA en el sector agroalimentario - AVI |\u00a0Ag\u00e8ncia Valenciana de la Innovaci\u00f3","og_description":"La C\u00e1mara de Valencia organiza la jornada \"Cosechando beneficios\" sobre las aplicaciones de la Inteligencia Artificial en el sector agroalimentario.","og_url":"https:\/\/innoavi.es\/es\/30-noviembre-jornada-aplicaciones-de-la-ia-en-el-sector-agroalimentario\/","og_site_name":"AVI |\u00a0Ag\u00e8ncia Valenciana de la Innovaci\u00f3","article_published_time":"2023-11-17T14:15:42+00:00","article_modified_time":"2023-12-21T08:50:02+00:00","og_image":[{"width":800,"height":350,"url":"https:\/\/innoavi.es\/wp-content\/uploads\/2023\/11\/CamaraComercioVLC.png","type":"image\/png"}],"author":"Maria Navarro","twitter_card":"summary_large_image","twitter_creator":"@GVAavi","twitter_site":"@GVAavi","twitter_misc":{"Escrito por":"Maria Navarro","Tiempo de lectura":"1 minuto"},"schema":{"@context":"https:\/\/schema.org","@graph":[{"@type":"Article","@id":"https:\/\/innoavi.es\/es\/30-noviembre-jornada-aplicaciones-de-la-ia-en-el-sector-agroalimentario\/#article","isPartOf":{"@id":"https:\/\/innoavi.es\/es\/30-noviembre-jornada-aplicaciones-de-la-ia-en-el-sector-agroalimentario\/"},"author":{"name":"Maria Navarro","@id":"https:\/\/innoavi.es\/es\/#\/schema\/person\/28fbff69e40b1c74acb471f7dc2d6200"},"headline":"30 NOVIEMBRE | Jornada aplicaciones de la IA en el sector agroalimentario","datePublished":"2023-11-17T14:15:42+00:00","dateModified":"2023-12-21T08:50:02+00:00","mainEntityOfPage":{"@id":"https:\/\/innoavi.es\/es\/30-noviembre-jornada-aplicaciones-de-la-ia-en-el-sector-agroalimentario\/"},"wordCount":130,"image":{"@id":"https:\/\/innoavi.es\/es\/30-noviembre-jornada-aplicaciones-de-la-ia-en-el-sector-agroalimentario\/#primaryimage"},"thumbnailUrl":"https:\/\/innoavi.es\/wp-content\/uploads\/2023\/11\/CamaraComercioVLC.png","keywords":["agrialimetario","ia","innovaci\u00f3n"],"articleSection":["Agenda","Agenda","Agenda AVI","Agenda AVI","Agenda SVI","Agenda SVI"],"inLanguage":"es"},{"@type":"WebPage","@id":"https:\/\/innoavi.es\/es\/30-noviembre-jornada-aplicaciones-de-la-ia-en-el-sector-agroalimentario\/","url":"https:\/\/innoavi.es\/es\/30-noviembre-jornada-aplicaciones-de-la-ia-en-el-sector-agroalimentario\/","name":"30 NOVIEMBRE | Jornada aplicaciones de la IA en el sector agroalimentario - AVI |\u00a0Ag\u00e8ncia Valenciana de la Innovaci\u00f3","isPartOf":{"@id":"https:\/\/innoavi.es\/es\/#website"},"primaryImageOfPage":{"@id":"https:\/\/innoavi.es\/es\/30-noviembre-jornada-aplicaciones-de-la-ia-en-el-sector-agroalimentario\/#primaryimage"},"image":{"@id":"https:\/\/innoavi.es\/es\/30-noviembre-jornada-aplicaciones-de-la-ia-en-el-sector-agroalimentario\/#primaryimage"},"thumbnailUrl":"https:\/\/innoavi.es\/wp-content\/uploads\/2023\/11\/CamaraComercioVLC.png","datePublished":"2023-11-17T14:15:42+00:00","dateModified":"2023-12-21T08:50:02+00:00","author":{"@id":"https:\/\/innoavi.es\/es\/#\/schema\/person\/28fbff69e40b1c74acb471f7dc2d6200"},"description":"La C\u00e1mara de Valencia organiza la jornada \"Cosechando beneficios\" sobre las aplicaciones de la Inteligencia Artificial en el sector agroalimentario.","breadcrumb":{"@id":"https:\/\/innoavi.es\/es\/30-noviembre-jornada-aplicaciones-de-la-ia-en-el-sector-agroalimentario\/#breadcrumb"},"inLanguage":"es","potentialAction":[{"@type":"ReadAction","target":["https:\/\/innoavi.es\/es\/30-noviembre-jornada-aplicaciones-de-la-ia-en-el-sector-agroalimentario\/"]}]},{"@type":"ImageObject","inLanguage":"es","@id":"https:\/\/innoavi.es\/es\/30-noviembre-jornada-aplicaciones-de-la-ia-en-el-sector-agroalimentario\/#primaryimage","url":"https:\/\/innoavi.es\/wp-content\/uploads\/2023\/11\/CamaraComercioVLC.png","contentUrl":"https:\/\/innoavi.es\/wp-content\/uploads\/2023\/11\/CamaraComercioVLC.png","width":800,"height":350},{"@type":"BreadcrumbList","@id":"https:\/\/innoavi.es\/es\/30-noviembre-jornada-aplicaciones-de-la-ia-en-el-sector-agroalimentario\/#breadcrumb","itemListElement":[{"@type":"ListItem","position":1,"name":"Portada","item":"https:\/\/innoavi.es\/es\/"},{"@type":"ListItem","position":2,"name":"30 NOVIEMBRE | Jornada aplicaciones de la IA en el sector agroalimentario"}]},{"@type":"WebSite","@id":"https:\/\/innoavi.es\/es\/#website","url":"https:\/\/innoavi.es\/es\/","name":"AVI |\u00a0Ag\u00e8ncia Valenciana de la Innovaci\u00f3","description":"P\u00e0gina web oficial de l&#039;AVI","potentialAction":[{"@type":"SearchAction","target":{"@type":"EntryPoint","urlTemplate":"https:\/\/innoavi.es\/es\/?s={search_term_string}"},"query-input":{"@type":"PropertyValueSpecification","valueRequired":true,"valueName":"search_term_string"}}],"inLanguage":"es"},{"@type":"Person","@id":"https:\/\/innoavi.es\/es\/#\/schema\/person\/28fbff69e40b1c74acb471f7dc2d6200","name":"Maria Navarro"}]}},"_links":{"self":[{"href":"https:\/\/innoavi.es\/es\/wp-json\/wp\/v2\/posts\/31383","targetHints":{"allow":["GET"]}}],"collection":[{"href":"https:\/\/innoavi.es\/es\/wp-json\/wp\/v2\/posts"}],"about":[{"href":"https:\/\/innoavi.es\/es\/wp-json\/wp\/v2\/types\/post"}],"author":[{"embeddable":true,"href":"https:\/\/innoavi.es\/es\/wp-json\/wp\/v2\/users\/40"}],"replies":[{"embeddable":true,"href":"https:\/\/innoavi.es\/es\/wp-json\/wp\/v2\/comments?post=31383"}],"version-history":[{"count":5,"href":"https:\/\/innoavi.es\/es\/wp-json\/wp\/v2\/posts\/31383\/revisions"}],"predecessor-version":[{"id":32832,"href":"https:\/\/innoavi.es\/es\/wp-json\/wp\/v2\/posts\/31383\/revisions\/32832"}],"wp:featuredmedia":[{"embeddable":true,"href":"https:\/\/innoavi.es\/es\/wp-json\/wp\/v2\/media\/31387"}],"wp:attachment":[{"href":"https:\/\/innoavi.es\/es\/wp-json\/wp\/v2\/media?parent=31383"}],"wp:term":[{"taxonomy":"category","embeddable":true,"href":"https:\/\/innoavi.es\/es\/wp-json\/wp\/v2\/categories?post=31383"},{"taxonomy":"post_tag","embeddable":true,"href":"https:\/\/innoavi.es\/es\/wp-json\/wp\/v2\/tags?post=31383"}],"curies":[{"name":"wp","href":"https:\/\/api.w.org\/{rel}","templated":true}]}}