{"id":30841,"date":"2023-10-20T12:57:49","date_gmt":"2023-10-20T10:57:49","guid":{"rendered":"https:\/\/innoavi.es\/?p=30841"},"modified":"2023-12-21T09:30:51","modified_gmt":"2023-12-21T08:30:51","slug":"14-noviembre-jornada-lanzamiento-de-la-red-idiafoot","status":"publish","type":"post","link":"https:\/\/innoavi.es\/es\/14-noviembre-jornada-lanzamiento-de-la-red-idiafoot\/","title":{"rendered":"14 NOVIEMBRE | Jornada lanzamiento de la Red iDiaFOOT"},"content":{"rendered":"<img loading=\"lazy\" decoding=\"async\" class=\"alignnone size-medium wp-image-30847\" src=\"https:\/\/innoavi.es\/wp-content\/uploads\/2023\/11\/redidiafoot-600x306.png\" alt=\"\" width=\"600\" height=\"306\" srcset=\"https:\/\/innoavi.es\/wp-content\/uploads\/2023\/11\/redidiafoot-600x306.png 600w, https:\/\/innoavi.es\/wp-content\/uploads\/2023\/11\/redidiafoot-768x392.png 768w, https:\/\/innoavi.es\/wp-content\/uploads\/2023\/11\/redidiafoot.png 934w\" sizes=\"auto, (max-width: 600px) 100vw, 600px\" \/><br \/><br \/>INESCOP organiza el pr\u00f3ximo martes 14 de noviembre la jornada de lanzamiento de la Red iDiaFOOT, una organizaci\u00f3n que trabajar\u00e1 para mejorar la salud de los pacientes diab\u00e9ticos a trav\u00e9s de la innovaci\u00f3n. Esta Red Valenciana de Innovaci\u00f3n en Salud del Pie Diab\u00e9tico se ha propuesto con el fin de mejorar la calidad de vida de los pacientes y de reducir los costes sanitarios.<br \/><br \/><br \/>La jornada est\u00e1 dirigida a agentes implicados en la investigaci\u00f3n, desarrollo e innovaci\u00f3n en el \u00e1mbito de la salud. En ella participar\u00e1 Francisco Ponce, secretario auton\u00f3mico de Sanidad de la Comunitat Valenciana; Fernando de la Torre, presidente de la Federaci\u00f3n de Diabetes de la Comunitat Valenciana y el Dr. \u00d3scar Moreno, coordinador de la Unidad de Diabetes del Departamento de Salud de Alicante.<br \/><br \/><br \/>En la Comunitat Valenciana hay m\u00e1s de medio mill\u00f3n de personas que padecen esta enfermedad y entre las complicaciones\u00a0 m\u00e1s graves en las que se pueden encontrar a lo largo de su vida es el pie diab\u00e9tico. Por tanto, el desarrollo de tecnolog\u00edas e innovaciones que ayuden a prevenir el pie diab\u00e9tico y la mejora de la calidad de vida de los pacientes afectados por esta patolog\u00eda es una de las prioridades de la Red iDiaFOOT.<br \/><br \/><br \/>Puedes consultar el programa en este <a href=\"https:\/\/innoavi.es\/wp-content\/uploads\/2023\/11\/ProgramaJornadaLanzamiento_web.pdf\">enlace<\/a><br \/>Inscr\u00edbete a la sesi\u00f3n <a href=\"https:\/\/docs.google.com\/forms\/d\/e\/1FAIpQLSfMM6CMhvC0Hf0SDhhPamBa-1iTK138YPrY4fMurgKOh-dQ0A\/viewform\">aqu\u00ed<\/a><br \/><br \/><br \/><strong>9:30 horas. <\/strong>Distrito Digital 5, Muelle 5. <br \/>Puerto de Alicante, Alicante","protected":false},"excerpt":{"rendered":"<p>INESCOP organiza el pr\u00f3ximo martes 14 de noviembre la jornada de lanzamiento de la Red iDiaFOOT, una organizaci\u00f3n que trabajar\u00e1 para mejorar la salud de los pacientes diab\u00e9ticos a trav\u00e9s de la innovaci\u00f3n. Esta Red Valenciana de Innovaci\u00f3n en Salud del Pie Diab\u00e9tico se ha propuesto con el fin de mejorar la calidad de vida de los pacientes y de reducir los costes sanitarios.La jornada est\u00e1 dirigida a agentes implicados en la investigaci\u00f3n, desarrollo e innovaci\u00f3n en el \u00e1mbito de la salud. En ella participar\u00e1 Francisco Ponce, secretario auton\u00f3mico de<a class=\"more-link\" href=\"https:\/\/innoavi.es\/es\/14-noviembre-jornada-lanzamiento-de-la-red-idiafoot\/\">SEE DETAILS <span class=\"more-link-image\"><\/span><span class=\"more-link-hover-image\"><\/span><\/a><\/p>\n","protected":false},"author":40,"featured_media":30856,"comment_status":"closed","ping_status":"open","sticky":false,"template":"","format":"standard","meta":{"_acf_changed":false,"footnotes":""},"categories":[782,183,818,197,198,783],"tags":[],"class_list":["post-30841","post","type-post","status-publish","format-standard","has-post-thumbnail","hentry","category-agenda-es","category-agenda","category-agenda-avi-es","category-agenda-avi","category-agenda-svi","category-agenda-svi-es"],"acf":[],"yoast_head":"<!-- This site is optimized with the Yoast SEO plugin v26.7 - https:\/\/yoast.com\/wordpress\/plugins\/seo\/ -->\n<title>14 NOVIEMBRE | Jornada lanzamiento de la Red iDiaFOOT - AVI |\u00a0Ag\u00e8ncia Valenciana de la Innovaci\u00f3<\/title>\n<meta name=\"description\" content=\"INESCOP organiza la jornada de lanzamiento de la Red iDiaFOOT que trabajar\u00e1 para mejorar la salud de los pacientes diab\u00e9ticos a trav\u00e9s de la innovaci\u00f3n.\" \/>\n<meta name=\"robots\" content=\"index, follow, max-snippet:-1, max-image-preview:large, max-video-preview:-1\" \/>\n<link rel=\"canonical\" href=\"https:\/\/innoavi.es\/es\/14-noviembre-jornada-lanzamiento-de-la-red-idiafoot\/\" \/>\n<meta property=\"og:locale\" content=\"es_ES\" \/>\n<meta property=\"og:type\" content=\"article\" \/>\n<meta property=\"og:title\" content=\"14 NOVIEMBRE | Jornada lanzamiento de la Red iDiaFOOT - AVI |\u00a0Ag\u00e8ncia Valenciana de la Innovaci\u00f3\" \/>\n<meta property=\"og:description\" content=\"INESCOP organiza la jornada de lanzamiento de la Red iDiaFOOT que trabajar\u00e1 para mejorar la salud de los pacientes diab\u00e9ticos a trav\u00e9s de la innovaci\u00f3n.\" \/>\n<meta property=\"og:url\" content=\"https:\/\/innoavi.es\/es\/14-noviembre-jornada-lanzamiento-de-la-red-idiafoot\/\" \/>\n<meta property=\"og:site_name\" content=\"AVI |\u00a0Ag\u00e8ncia Valenciana de la Innovaci\u00f3\" \/>\n<meta property=\"article:published_time\" content=\"2023-10-20T10:57:49+00:00\" \/>\n<meta property=\"article:modified_time\" content=\"2023-12-21T08:30:51+00:00\" \/>\n<meta property=\"og:image\" content=\"https:\/\/innoavi.es\/wp-content\/uploads\/2023\/11\/inescop.png\" \/>\n\t<meta property=\"og:image:width\" content=\"350\" \/>\n\t<meta property=\"og:image:height\" content=\"350\" \/>\n\t<meta property=\"og:image:type\" content=\"image\/png\" \/>\n<meta name=\"author\" content=\"Maria Navarro\" \/>\n<meta name=\"twitter:card\" content=\"summary_large_image\" \/>\n<meta name=\"twitter:creator\" content=\"@GVAavi\" \/>\n<meta name=\"twitter:site\" content=\"@GVAavi\" \/>\n<meta name=\"twitter:label1\" content=\"Escrito por\" \/>\n\t<meta name=\"twitter:data1\" content=\"Maria Navarro\" \/>\n\t<meta name=\"twitter:label2\" content=\"Tiempo de lectura\" \/>\n\t<meta name=\"twitter:data2\" content=\"2 minutos\" \/>\n<script type=\"application\/ld+json\" class=\"yoast-schema-graph\">{\"@context\":\"https:\/\/schema.org\",\"@graph\":[{\"@type\":\"Article\",\"@id\":\"https:\/\/innoavi.es\/es\/14-noviembre-jornada-lanzamiento-de-la-red-idiafoot\/#article\",\"isPartOf\":{\"@id\":\"https:\/\/innoavi.es\/es\/14-noviembre-jornada-lanzamiento-de-la-red-idiafoot\/\"},\"author\":{\"name\":\"Maria Navarro\",\"@id\":\"https:\/\/innoavi.es\/es\/#\/schema\/person\/28fbff69e40b1c74acb471f7dc2d6200\"},\"headline\":\"14 NOVIEMBRE | Jornada lanzamiento de la Red iDiaFOOT\",\"datePublished\":\"2023-10-20T10:57:49+00:00\",\"dateModified\":\"2023-12-21T08:30:51+00:00\",\"mainEntityOfPage\":{\"@id\":\"https:\/\/innoavi.es\/es\/14-noviembre-jornada-lanzamiento-de-la-red-idiafoot\/\"},\"wordCount\":249,\"image\":{\"@id\":\"https:\/\/innoavi.es\/es\/14-noviembre-jornada-lanzamiento-de-la-red-idiafoot\/#primaryimage\"},\"thumbnailUrl\":\"https:\/\/innoavi.es\/wp-content\/uploads\/2023\/11\/inescop.png\",\"articleSection\":[\"Agenda\",\"Agenda\",\"Agenda AVI\",\"Agenda AVI\",\"Agenda SVI\",\"Agenda SVI\"],\"inLanguage\":\"es\"},{\"@type\":\"WebPage\",\"@id\":\"https:\/\/innoavi.es\/es\/14-noviembre-jornada-lanzamiento-de-la-red-idiafoot\/\",\"url\":\"https:\/\/innoavi.es\/es\/14-noviembre-jornada-lanzamiento-de-la-red-idiafoot\/\",\"name\":\"14 NOVIEMBRE | Jornada lanzamiento de la Red iDiaFOOT - AVI |\u00a0Ag\u00e8ncia Valenciana de la Innovaci\u00f3\",\"isPartOf\":{\"@id\":\"https:\/\/innoavi.es\/es\/#website\"},\"primaryImageOfPage\":{\"@id\":\"https:\/\/innoavi.es\/es\/14-noviembre-jornada-lanzamiento-de-la-red-idiafoot\/#primaryimage\"},\"image\":{\"@id\":\"https:\/\/innoavi.es\/es\/14-noviembre-jornada-lanzamiento-de-la-red-idiafoot\/#primaryimage\"},\"thumbnailUrl\":\"https:\/\/innoavi.es\/wp-content\/uploads\/2023\/11\/inescop.png\",\"datePublished\":\"2023-10-20T10:57:49+00:00\",\"dateModified\":\"2023-12-21T08:30:51+00:00\",\"author\":{\"@id\":\"https:\/\/innoavi.es\/es\/#\/schema\/person\/28fbff69e40b1c74acb471f7dc2d6200\"},\"description\":\"INESCOP organiza la jornada de lanzamiento de la Red iDiaFOOT que trabajar\u00e1 para mejorar la salud de los pacientes diab\u00e9ticos a trav\u00e9s de la innovaci\u00f3n.\",\"breadcrumb\":{\"@id\":\"https:\/\/innoavi.es\/es\/14-noviembre-jornada-lanzamiento-de-la-red-idiafoot\/#breadcrumb\"},\"inLanguage\":\"es\",\"potentialAction\":[{\"@type\":\"ReadAction\",\"target\":[\"https:\/\/innoavi.es\/es\/14-noviembre-jornada-lanzamiento-de-la-red-idiafoot\/\"]}]},{\"@type\":\"ImageObject\",\"inLanguage\":\"es\",\"@id\":\"https:\/\/innoavi.es\/es\/14-noviembre-jornada-lanzamiento-de-la-red-idiafoot\/#primaryimage\",\"url\":\"https:\/\/innoavi.es\/wp-content\/uploads\/2023\/11\/inescop.png\",\"contentUrl\":\"https:\/\/innoavi.es\/wp-content\/uploads\/2023\/11\/inescop.png\",\"width\":350,\"height\":350},{\"@type\":\"BreadcrumbList\",\"@id\":\"https:\/\/innoavi.es\/es\/14-noviembre-jornada-lanzamiento-de-la-red-idiafoot\/#breadcrumb\",\"itemListElement\":[{\"@type\":\"ListItem\",\"position\":1,\"name\":\"Portada\",\"item\":\"https:\/\/innoavi.es\/es\/\"},{\"@type\":\"ListItem\",\"position\":2,\"name\":\"14 NOVIEMBRE | Jornada lanzamiento de la Red iDiaFOOT\"}]},{\"@type\":\"WebSite\",\"@id\":\"https:\/\/innoavi.es\/es\/#website\",\"url\":\"https:\/\/innoavi.es\/es\/\",\"name\":\"AVI |\u00a0Ag\u00e8ncia Valenciana de la Innovaci\u00f3\",\"description\":\"P\u00e0gina web oficial de l&#039;AVI\",\"potentialAction\":[{\"@type\":\"SearchAction\",\"target\":{\"@type\":\"EntryPoint\",\"urlTemplate\":\"https:\/\/innoavi.es\/es\/?s={search_term_string}\"},\"query-input\":{\"@type\":\"PropertyValueSpecification\",\"valueRequired\":true,\"valueName\":\"search_term_string\"}}],\"inLanguage\":\"es\"},{\"@type\":\"Person\",\"@id\":\"https:\/\/innoavi.es\/es\/#\/schema\/person\/28fbff69e40b1c74acb471f7dc2d6200\",\"name\":\"Maria Navarro\"}]}<\/script>\n<!-- \/ Yoast SEO plugin. -->","yoast_head_json":{"title":"14 NOVIEMBRE | Jornada lanzamiento de la Red iDiaFOOT - AVI |\u00a0Ag\u00e8ncia Valenciana de la Innovaci\u00f3","description":"INESCOP organiza la jornada de lanzamiento de la Red iDiaFOOT que trabajar\u00e1 para mejorar la salud de los pacientes diab\u00e9ticos a trav\u00e9s de la innovaci\u00f3n.","robots":{"index":"index","follow":"follow","max-snippet":"max-snippet:-1","max-image-preview":"max-image-preview:large","max-video-preview":"max-video-preview:-1"},"canonical":"https:\/\/innoavi.es\/es\/14-noviembre-jornada-lanzamiento-de-la-red-idiafoot\/","og_locale":"es_ES","og_type":"article","og_title":"14 NOVIEMBRE | Jornada lanzamiento de la Red iDiaFOOT - AVI |\u00a0Ag\u00e8ncia Valenciana de la Innovaci\u00f3","og_description":"INESCOP organiza la jornada de lanzamiento de la Red iDiaFOOT que trabajar\u00e1 para mejorar la salud de los pacientes diab\u00e9ticos a trav\u00e9s de la innovaci\u00f3n.","og_url":"https:\/\/innoavi.es\/es\/14-noviembre-jornada-lanzamiento-de-la-red-idiafoot\/","og_site_name":"AVI |\u00a0Ag\u00e8ncia Valenciana de la Innovaci\u00f3","article_published_time":"2023-10-20T10:57:49+00:00","article_modified_time":"2023-12-21T08:30:51+00:00","og_image":[{"width":350,"height":350,"url":"https:\/\/innoavi.es\/wp-content\/uploads\/2023\/11\/inescop.png","type":"image\/png"}],"author":"Maria Navarro","twitter_card":"summary_large_image","twitter_creator":"@GVAavi","twitter_site":"@GVAavi","twitter_misc":{"Escrito por":"Maria Navarro","Tiempo de lectura":"2 minutos"},"schema":{"@context":"https:\/\/schema.org","@graph":[{"@type":"Article","@id":"https:\/\/innoavi.es\/es\/14-noviembre-jornada-lanzamiento-de-la-red-idiafoot\/#article","isPartOf":{"@id":"https:\/\/innoavi.es\/es\/14-noviembre-jornada-lanzamiento-de-la-red-idiafoot\/"},"author":{"name":"Maria Navarro","@id":"https:\/\/innoavi.es\/es\/#\/schema\/person\/28fbff69e40b1c74acb471f7dc2d6200"},"headline":"14 NOVIEMBRE | Jornada lanzamiento de la Red iDiaFOOT","datePublished":"2023-10-20T10:57:49+00:00","dateModified":"2023-12-21T08:30:51+00:00","mainEntityOfPage":{"@id":"https:\/\/innoavi.es\/es\/14-noviembre-jornada-lanzamiento-de-la-red-idiafoot\/"},"wordCount":249,"image":{"@id":"https:\/\/innoavi.es\/es\/14-noviembre-jornada-lanzamiento-de-la-red-idiafoot\/#primaryimage"},"thumbnailUrl":"https:\/\/innoavi.es\/wp-content\/uploads\/2023\/11\/inescop.png","articleSection":["Agenda","Agenda","Agenda AVI","Agenda AVI","Agenda SVI","Agenda SVI"],"inLanguage":"es"},{"@type":"WebPage","@id":"https:\/\/innoavi.es\/es\/14-noviembre-jornada-lanzamiento-de-la-red-idiafoot\/","url":"https:\/\/innoavi.es\/es\/14-noviembre-jornada-lanzamiento-de-la-red-idiafoot\/","name":"14 NOVIEMBRE | Jornada lanzamiento de la Red iDiaFOOT - AVI |\u00a0Ag\u00e8ncia Valenciana de la Innovaci\u00f3","isPartOf":{"@id":"https:\/\/innoavi.es\/es\/#website"},"primaryImageOfPage":{"@id":"https:\/\/innoavi.es\/es\/14-noviembre-jornada-lanzamiento-de-la-red-idiafoot\/#primaryimage"},"image":{"@id":"https:\/\/innoavi.es\/es\/14-noviembre-jornada-lanzamiento-de-la-red-idiafoot\/#primaryimage"},"thumbnailUrl":"https:\/\/innoavi.es\/wp-content\/uploads\/2023\/11\/inescop.png","datePublished":"2023-10-20T10:57:49+00:00","dateModified":"2023-12-21T08:30:51+00:00","author":{"@id":"https:\/\/innoavi.es\/es\/#\/schema\/person\/28fbff69e40b1c74acb471f7dc2d6200"},"description":"INESCOP organiza la jornada de lanzamiento de la Red iDiaFOOT que trabajar\u00e1 para mejorar la salud de los pacientes diab\u00e9ticos a trav\u00e9s de la innovaci\u00f3n.","breadcrumb":{"@id":"https:\/\/innoavi.es\/es\/14-noviembre-jornada-lanzamiento-de-la-red-idiafoot\/#breadcrumb"},"inLanguage":"es","potentialAction":[{"@type":"ReadAction","target":["https:\/\/innoavi.es\/es\/14-noviembre-jornada-lanzamiento-de-la-red-idiafoot\/"]}]},{"@type":"ImageObject","inLanguage":"es","@id":"https:\/\/innoavi.es\/es\/14-noviembre-jornada-lanzamiento-de-la-red-idiafoot\/#primaryimage","url":"https:\/\/innoavi.es\/wp-content\/uploads\/2023\/11\/inescop.png","contentUrl":"https:\/\/innoavi.es\/wp-content\/uploads\/2023\/11\/inescop.png","width":350,"height":350},{"@type":"BreadcrumbList","@id":"https:\/\/innoavi.es\/es\/14-noviembre-jornada-lanzamiento-de-la-red-idiafoot\/#breadcrumb","itemListElement":[{"@type":"ListItem","position":1,"name":"Portada","item":"https:\/\/innoavi.es\/es\/"},{"@type":"ListItem","position":2,"name":"14 NOVIEMBRE | Jornada lanzamiento de la Red iDiaFOOT"}]},{"@type":"WebSite","@id":"https:\/\/innoavi.es\/es\/#website","url":"https:\/\/innoavi.es\/es\/","name":"AVI |\u00a0Ag\u00e8ncia Valenciana de la Innovaci\u00f3","description":"P\u00e0gina web oficial de l&#039;AVI","potentialAction":[{"@type":"SearchAction","target":{"@type":"EntryPoint","urlTemplate":"https:\/\/innoavi.es\/es\/?s={search_term_string}"},"query-input":{"@type":"PropertyValueSpecification","valueRequired":true,"valueName":"search_term_string"}}],"inLanguage":"es"},{"@type":"Person","@id":"https:\/\/innoavi.es\/es\/#\/schema\/person\/28fbff69e40b1c74acb471f7dc2d6200","name":"Maria Navarro"}]}},"_links":{"self":[{"href":"https:\/\/innoavi.es\/es\/wp-json\/wp\/v2\/posts\/30841","targetHints":{"allow":["GET"]}}],"collection":[{"href":"https:\/\/innoavi.es\/es\/wp-json\/wp\/v2\/posts"}],"about":[{"href":"https:\/\/innoavi.es\/es\/wp-json\/wp\/v2\/types\/post"}],"author":[{"embeddable":true,"href":"https:\/\/innoavi.es\/es\/wp-json\/wp\/v2\/users\/40"}],"replies":[{"embeddable":true,"href":"https:\/\/innoavi.es\/es\/wp-json\/wp\/v2\/comments?post=30841"}],"version-history":[{"count":5,"href":"https:\/\/innoavi.es\/es\/wp-json\/wp\/v2\/posts\/30841\/revisions"}],"predecessor-version":[{"id":32807,"href":"https:\/\/innoavi.es\/es\/wp-json\/wp\/v2\/posts\/30841\/revisions\/32807"}],"wp:featuredmedia":[{"embeddable":true,"href":"https:\/\/innoavi.es\/es\/wp-json\/wp\/v2\/media\/30856"}],"wp:attachment":[{"href":"https:\/\/innoavi.es\/es\/wp-json\/wp\/v2\/media?parent=30841"}],"wp:term":[{"taxonomy":"category","embeddable":true,"href":"https:\/\/innoavi.es\/es\/wp-json\/wp\/v2\/categories?post=30841"},{"taxonomy":"post_tag","embeddable":true,"href":"https:\/\/innoavi.es\/es\/wp-json\/wp\/v2\/tags?post=30841"}],"curies":[{"name":"wp","href":"https:\/\/api.w.org\/{rel}","templated":true}]}}