{"id":28314,"date":"2023-06-30T15:21:22","date_gmt":"2023-06-30T13:21:22","guid":{"rendered":"https:\/\/innoavi.es\/el-consell-colabora-con-los-parques-cientificos-de-la-ua-y-la-uji-para-impulsar-la-transferencia-de-idi-y-el-emprendimiento-innovador\/"},"modified":"2023-06-30T15:59:05","modified_gmt":"2023-06-30T13:59:05","slug":"el-consell-colabora-con-los-parques-cientificos-de-la-ua-y-la-uji-para-impulsar-la-transferencia-de-idi-y-el-emprendimiento-innovador","status":"publish","type":"post","link":"https:\/\/innoavi.es\/es\/el-consell-colabora-con-los-parques-cientificos-de-la-ua-y-la-uji-para-impulsar-la-transferencia-de-idi-y-el-emprendimiento-innovador\/","title":{"rendered":"El Consell colabora con los parques cient\u00edficos de la UA y la UJI para impulsar la transferencia de I+D+i y el emprendimiento innovador"},"content":{"rendered":"<img loading=\"lazy\" decoding=\"async\" class=\"alignnone size-medium wp-image-28310\" src=\"https:\/\/innoavi.es\/wp-content\/uploads\/2023\/06\/Espaitec2015-150-web-600x400.jpg\" alt=\"\" width=\"600\" height=\"400\" srcset=\"https:\/\/innoavi.es\/wp-content\/uploads\/2023\/06\/Espaitec2015-150-web-600x400.jpg 600w, https:\/\/innoavi.es\/wp-content\/uploads\/2023\/06\/Espaitec2015-150-web.jpg 709w\" sizes=\"auto, (max-width: 600px) 100vw, 600px\" \/><br \/><br \/><ul><li>Los convenios, dotados con 350.000 euros cada uno, impulsar\u00e1n la conexi\u00f3n entre las universidades y las empresas a trav\u00e9s de Innotransfer<\/li><li>El Parque Cient\u00edfico de Alicante y Espaitec refuerzan la puesta en marcha en sus instalaciones de bancos de prueba y experimentaci\u00f3n de I+D+i<\/li><\/ul><br \/><p>El Consell ha aprobado sendos convenios de colaboraci\u00f3n entre la Ag\u00e8ncia Valenciana de la Innovaci\u00f3 (AVI) y el Parque Cient\u00edfico de Alicante (PCA) y Espaitec, dependientes de la Universidad de Alicante (UA) y la Jaume I de Castell\u00f3 (UJI), respectivamente, con el fin de impulsar la transferencia de conocimiento y tecnolog\u00eda entre universidad-empresa y respaldar, adem\u00e1s, el emprendimiento innovador.<br \/><br \/><\/p><p>Estos acuerdos est\u00e1n dotados con 350.000 euros cada uno y contemplan la ejecuci\u00f3n tanto de acciones colectivas, que desarrollar\u00e1n todos los miembros de la Red de Parques Tecnol\u00f3gicos de la Comunitat Valenciana (REPCV); como de actuaciones espec\u00edficas, que llevar\u00e1 a cabo cada uno de los centros en colaboraci\u00f3n con el resto de agentes que componen el sistema valenciano de innovaci\u00f3n.<br \/><br \/><\/p><p>El objetivo, en ambos casos, es promover la transformaci\u00f3n del conocimiento en innovaciones dirigidas al tejido empresarial de la Comunitat Valenciana mediante el impulso de la I+D+i y la difusi\u00f3n de los resultados obtenidos en estas iniciativas.<br \/><br \/><\/p><p>Dentro de las acciones conjuntas que se llevar\u00e1n a cabo en el marco de estos convenios, los parques cient\u00edficos promover\u00e1n acciones de est\u00edmulo de la oferta tecnol\u00f3gica y de identificaci\u00f3n de oportunidades de I+D+i para potenciar la transferencia de conocimiento hacia el tejido productivo.<br \/><br \/><\/p><p>En esta l\u00ednea, se reforzar\u00e1 el programa Innotransfer mediante la organizaci\u00f3n de nuevos seminarios t\u00e9cnicos y acciones de transferencia de innovaci\u00f3n de car\u00e1cter tem\u00e1tico, alineadas con las \u00e1reas de oportunidad para la I+D+i que previamente ha identificado el Comit\u00e9 Estrat\u00e9gico de Innovaci\u00f3n (CEI) de la AVI.<br \/><br \/><\/p><p>Del mismo modo, se han programado distintas jornadas de difusi\u00f3n de los resultados de la cuarta edici\u00f3n del programa de caracterizaci\u00f3n de empresas innovadoras, con el que se pretende dimensionar y explicar la influencia e impacto de las empresas intensivas en innovaci\u00f3n y conocimiento en el desarrollo de la Comunitat Valenciana, as\u00ed como su aportaci\u00f3n en t\u00e9rminos econ\u00f3micos y de empleo al tejido empresarial.<br \/><br \/><\/p><p>Tambi\u00e9n se mantiene el apoyo de los parques cient\u00edficos a las iniciativas de emprendimiento innovador a trav\u00e9s de los Premios REPCV, que reconocen a las nuevas empresas innovadoras m\u00e1s destacadas del a\u00f1o, al tiempo que estimulan su conexi\u00f3n con el resto de eslabones del sistema de I+D+i. En esta cuarta edici\u00f3n mantienen su estructura, con categor\u00edas a la mejor spin-off, start-up y colaboraci\u00f3n universidad-empresa.<br \/><br \/><\/p><p>Adem\u00e1s de las acciones en cooperaci\u00f3n, el Parque Cient\u00edfico de Alicante y Espaitec desarrollar\u00e1n otro tipo de actividades para impulsar la trasferencia de conocimiento y respaldar la I+D+i en sus \u00e1reas de influencia.<br \/><br \/><\/p><p><strong>Prototipos de nuevos productos<br \/><br \/><\/strong><\/p><p>El primero plantea, por ejemplo, la puesta en marcha del proyecto Smart Park, para configurar las instalaciones del PCA como un \u2018living-lab\u2019 en el que examinar tanto productos como servicios innovadores vinculados al h\u00e1bitat saludable y la automoci\u00f3n y movilidad sostenible, dos de los \u00e1mbitos de conocimientos prioritarios para la AVI.<br \/><br \/><\/p><p>El objetivo, en este caso, es aprovechar la apertura y puesta en marcha del nuevo Centro de Creaci\u00f3n de Empresas, as\u00ed como la adecuaci\u00f3n de su entorno de m\u00e1s de 800.000 metros cuadrados, para implantar nuevas tecnolog\u00edas, si bien el proyecto se mantendr\u00e1 una vez el inmueble se encuentre a pleno rendimiento.<br \/><br \/><\/p><p>Por su parte, Espaitec potenciar\u00e1 tambi\u00e9n su programa UJI&gt;LAB, con el que dinamiza la cooperaci\u00f3n entre las empresas y la comunidad universitaria para el dise\u00f1o conjunto de soluciones a retos espec\u00edficos con impacto en el territorio.<br \/><br \/><\/p><p>Las personas participantes har\u00e1n uso del laboratorio de prototipaje r\u00e1pido de la instituci\u00f3n para fabricar nuevos modelos de dispensadores de espesante, dirigidos a personas que sufren disfagia derivada de la enfermedad de Parkinson, o triciclos para transportar goteros de medicaci\u00f3n que cumplan con los requisitos del Hospital General Universitario de Castell\u00f3n, entre otros proyectos.<\/p>","protected":false},"excerpt":{"rendered":"<p>Los convenios, dotados con 350.000 euros cada uno, impulsar\u00e1n la conexi\u00f3n entre las universidades y las empresas a trav\u00e9s de InnotransferEl Parque Cient\u00edfico de Alicante y Espaitec refuerzan la puesta en marcha en sus instalaciones de bancos de prueba y experimentaci\u00f3n de I+D+iEl Consell ha aprobado sendos convenios de colaboraci\u00f3n entre la Ag\u00e8ncia Valenciana de la Innovaci\u00f3 (AVI) y el Parque Cient\u00edfico de Alicante (PCA) y Espaitec, dependientes de la Universidad de Alicante (UA) y la Jaume I de Castell\u00f3 (UJI), respectivamente, con el fin de impulsar la transferencia de<a class=\"more-link\" href=\"https:\/\/innoavi.es\/es\/el-consell-colabora-con-los-parques-cientificos-de-la-ua-y-la-uji-para-impulsar-la-transferencia-de-idi-y-el-emprendimiento-innovador\/\">SEE DETAILS <span class=\"more-link-image\"><\/span><span class=\"more-link-hover-image\"><\/span><\/a><\/p>\n","protected":false},"author":12,"featured_media":28310,"comment_status":"closed","ping_status":"open","sticky":false,"template":"","format":"standard","meta":{"_acf_changed":false,"footnotes":""},"categories":[202,655],"tags":[],"class_list":["post-28314","post","type-post","status-publish","format-standard","has-post-thumbnail","hentry","category-prensa","category-prensa-es"],"acf":[],"yoast_head":"<!-- This site is optimized with the Yoast SEO plugin v26.7 - https:\/\/yoast.com\/wordpress\/plugins\/seo\/ -->\n<title>El Consell colabora con los parques cient\u00edficos de la UA y la UJI para impulsar la transferencia de I+D+i y el emprendimiento innovador - AVI |\u00a0Ag\u00e8ncia Valenciana de la Innovaci\u00f3<\/title>\n<meta name=\"description\" content=\"Los convenios, dotados con 350.000 euros cada uno, impulsar\u00e1n la conexi\u00f3n entre las universidades y las empresas a trav\u00e9s de InnotransferEl Parque\" \/>\n<meta name=\"robots\" content=\"index, follow, max-snippet:-1, max-image-preview:large, max-video-preview:-1\" \/>\n<link rel=\"canonical\" href=\"https:\/\/innoavi.es\/es\/el-consell-colabora-con-los-parques-cientificos-de-la-ua-y-la-uji-para-impulsar-la-transferencia-de-idi-y-el-emprendimiento-innovador\/\" \/>\n<meta property=\"og:locale\" content=\"es_ES\" \/>\n<meta property=\"og:type\" content=\"article\" \/>\n<meta property=\"og:title\" content=\"El Consell colabora con los parques cient\u00edficos de la UA y la UJI para impulsar la transferencia de I+D+i y el emprendimiento innovador - AVI |\u00a0Ag\u00e8ncia Valenciana de la Innovaci\u00f3\" \/>\n<meta property=\"og:description\" content=\"Los convenios, dotados con 350.000 euros cada uno, impulsar\u00e1n la conexi\u00f3n entre las universidades y las empresas a trav\u00e9s de InnotransferEl Parque\" \/>\n<meta property=\"og:url\" content=\"https:\/\/innoavi.es\/es\/el-consell-colabora-con-los-parques-cientificos-de-la-ua-y-la-uji-para-impulsar-la-transferencia-de-idi-y-el-emprendimiento-innovador\/\" \/>\n<meta property=\"og:site_name\" content=\"AVI |\u00a0Ag\u00e8ncia Valenciana de la Innovaci\u00f3\" \/>\n<meta property=\"article:published_time\" content=\"2023-06-30T13:21:22+00:00\" \/>\n<meta property=\"article:modified_time\" content=\"2023-06-30T13:59:05+00:00\" \/>\n<meta property=\"og:image\" content=\"https:\/\/innoavi.es\/wp-content\/uploads\/2023\/06\/Espaitec2015-150-web.jpg\" \/>\n\t<meta property=\"og:image:width\" content=\"709\" \/>\n\t<meta property=\"og:image:height\" content=\"473\" \/>\n\t<meta property=\"og:image:type\" content=\"image\/jpeg\" \/>\n<meta name=\"author\" content=\"paco\" \/>\n<meta name=\"twitter:card\" content=\"summary_large_image\" \/>\n<meta name=\"twitter:creator\" content=\"@GVAavi\" \/>\n<meta name=\"twitter:site\" content=\"@GVAavi\" \/>\n<meta name=\"twitter:label1\" content=\"Escrito por\" \/>\n\t<meta name=\"twitter:data1\" content=\"paco\" \/>\n\t<meta name=\"twitter:label2\" content=\"Tiempo de lectura\" \/>\n\t<meta name=\"twitter:data2\" content=\"4 minutos\" \/>\n<script type=\"application\/ld+json\" class=\"yoast-schema-graph\">{\"@context\":\"https:\/\/schema.org\",\"@graph\":[{\"@type\":\"Article\",\"@id\":\"https:\/\/innoavi.es\/es\/el-consell-colabora-con-los-parques-cientificos-de-la-ua-y-la-uji-para-impulsar-la-transferencia-de-idi-y-el-emprendimiento-innovador\/#article\",\"isPartOf\":{\"@id\":\"https:\/\/innoavi.es\/es\/el-consell-colabora-con-los-parques-cientificos-de-la-ua-y-la-uji-para-impulsar-la-transferencia-de-idi-y-el-emprendimiento-innovador\/\"},\"author\":{\"name\":\"paco\",\"@id\":\"https:\/\/innoavi.es\/es\/#\/schema\/person\/cc5bf07456956a9205069c432fb8fa32\"},\"headline\":\"El Consell colabora con los parques cient\u00edficos de la UA y la UJI para impulsar la transferencia de I+D+i y el emprendimiento innovador\",\"datePublished\":\"2023-06-30T13:21:22+00:00\",\"dateModified\":\"2023-06-30T13:59:05+00:00\",\"mainEntityOfPage\":{\"@id\":\"https:\/\/innoavi.es\/es\/el-consell-colabora-con-los-parques-cientificos-de-la-ua-y-la-uji-para-impulsar-la-transferencia-de-idi-y-el-emprendimiento-innovador\/\"},\"wordCount\":753,\"image\":{\"@id\":\"https:\/\/innoavi.es\/es\/el-consell-colabora-con-los-parques-cientificos-de-la-ua-y-la-uji-para-impulsar-la-transferencia-de-idi-y-el-emprendimiento-innovador\/#primaryimage\"},\"thumbnailUrl\":\"https:\/\/innoavi.es\/wp-content\/uploads\/2023\/06\/Espaitec2015-150-web.jpg\",\"articleSection\":[\"Prensa\",\"Prensa\"],\"inLanguage\":\"es\"},{\"@type\":\"WebPage\",\"@id\":\"https:\/\/innoavi.es\/es\/el-consell-colabora-con-los-parques-cientificos-de-la-ua-y-la-uji-para-impulsar-la-transferencia-de-idi-y-el-emprendimiento-innovador\/\",\"url\":\"https:\/\/innoavi.es\/es\/el-consell-colabora-con-los-parques-cientificos-de-la-ua-y-la-uji-para-impulsar-la-transferencia-de-idi-y-el-emprendimiento-innovador\/\",\"name\":\"El Consell colabora con los parques cient\u00edficos de la UA y la UJI para impulsar la transferencia de I+D+i y el emprendimiento innovador - AVI |\u00a0Ag\u00e8ncia Valenciana de la Innovaci\u00f3\",\"isPartOf\":{\"@id\":\"https:\/\/innoavi.es\/es\/#website\"},\"primaryImageOfPage\":{\"@id\":\"https:\/\/innoavi.es\/es\/el-consell-colabora-con-los-parques-cientificos-de-la-ua-y-la-uji-para-impulsar-la-transferencia-de-idi-y-el-emprendimiento-innovador\/#primaryimage\"},\"image\":{\"@id\":\"https:\/\/innoavi.es\/es\/el-consell-colabora-con-los-parques-cientificos-de-la-ua-y-la-uji-para-impulsar-la-transferencia-de-idi-y-el-emprendimiento-innovador\/#primaryimage\"},\"thumbnailUrl\":\"https:\/\/innoavi.es\/wp-content\/uploads\/2023\/06\/Espaitec2015-150-web.jpg\",\"datePublished\":\"2023-06-30T13:21:22+00:00\",\"dateModified\":\"2023-06-30T13:59:05+00:00\",\"author\":{\"@id\":\"https:\/\/innoavi.es\/es\/#\/schema\/person\/cc5bf07456956a9205069c432fb8fa32\"},\"description\":\"Los convenios, dotados con 350.000 euros cada uno, impulsar\u00e1n la conexi\u00f3n entre las universidades y las empresas a trav\u00e9s de InnotransferEl Parque\",\"breadcrumb\":{\"@id\":\"https:\/\/innoavi.es\/es\/el-consell-colabora-con-los-parques-cientificos-de-la-ua-y-la-uji-para-impulsar-la-transferencia-de-idi-y-el-emprendimiento-innovador\/#breadcrumb\"},\"inLanguage\":\"es\",\"potentialAction\":[{\"@type\":\"ReadAction\",\"target\":[\"https:\/\/innoavi.es\/es\/el-consell-colabora-con-los-parques-cientificos-de-la-ua-y-la-uji-para-impulsar-la-transferencia-de-idi-y-el-emprendimiento-innovador\/\"]}]},{\"@type\":\"ImageObject\",\"inLanguage\":\"es\",\"@id\":\"https:\/\/innoavi.es\/es\/el-consell-colabora-con-los-parques-cientificos-de-la-ua-y-la-uji-para-impulsar-la-transferencia-de-idi-y-el-emprendimiento-innovador\/#primaryimage\",\"url\":\"https:\/\/innoavi.es\/wp-content\/uploads\/2023\/06\/Espaitec2015-150-web.jpg\",\"contentUrl\":\"https:\/\/innoavi.es\/wp-content\/uploads\/2023\/06\/Espaitec2015-150-web.jpg\",\"width\":709,\"height\":473},{\"@type\":\"BreadcrumbList\",\"@id\":\"https:\/\/innoavi.es\/es\/el-consell-colabora-con-los-parques-cientificos-de-la-ua-y-la-uji-para-impulsar-la-transferencia-de-idi-y-el-emprendimiento-innovador\/#breadcrumb\",\"itemListElement\":[{\"@type\":\"ListItem\",\"position\":1,\"name\":\"Portada\",\"item\":\"https:\/\/innoavi.es\/es\/\"},{\"@type\":\"ListItem\",\"position\":2,\"name\":\"El Consell colabora con los parques cient\u00edficos de la UA y la UJI para impulsar la transferencia de I+D+i y el emprendimiento innovador\"}]},{\"@type\":\"WebSite\",\"@id\":\"https:\/\/innoavi.es\/es\/#website\",\"url\":\"https:\/\/innoavi.es\/es\/\",\"name\":\"AVI |\u00a0Ag\u00e8ncia Valenciana de la Innovaci\u00f3\",\"description\":\"P\u00e0gina web oficial de l&#039;AVI\",\"potentialAction\":[{\"@type\":\"SearchAction\",\"target\":{\"@type\":\"EntryPoint\",\"urlTemplate\":\"https:\/\/innoavi.es\/es\/?s={search_term_string}\"},\"query-input\":{\"@type\":\"PropertyValueSpecification\",\"valueRequired\":true,\"valueName\":\"search_term_string\"}}],\"inLanguage\":\"es\"},{\"@type\":\"Person\",\"@id\":\"https:\/\/innoavi.es\/es\/#\/schema\/person\/cc5bf07456956a9205069c432fb8fa32\",\"name\":\"paco\"}]}<\/script>\n<!-- \/ Yoast SEO plugin. -->","yoast_head_json":{"title":"El Consell colabora con los parques cient\u00edficos de la UA y la UJI para impulsar la transferencia de I+D+i y el emprendimiento innovador - AVI |\u00a0Ag\u00e8ncia Valenciana de la Innovaci\u00f3","description":"Los convenios, dotados con 350.000 euros cada uno, impulsar\u00e1n la conexi\u00f3n entre las universidades y las empresas a trav\u00e9s de InnotransferEl Parque","robots":{"index":"index","follow":"follow","max-snippet":"max-snippet:-1","max-image-preview":"max-image-preview:large","max-video-preview":"max-video-preview:-1"},"canonical":"https:\/\/innoavi.es\/es\/el-consell-colabora-con-los-parques-cientificos-de-la-ua-y-la-uji-para-impulsar-la-transferencia-de-idi-y-el-emprendimiento-innovador\/","og_locale":"es_ES","og_type":"article","og_title":"El Consell colabora con los parques cient\u00edficos de la UA y la UJI para impulsar la transferencia de I+D+i y el emprendimiento innovador - AVI |\u00a0Ag\u00e8ncia Valenciana de la Innovaci\u00f3","og_description":"Los convenios, dotados con 350.000 euros cada uno, impulsar\u00e1n la conexi\u00f3n entre las universidades y las empresas a trav\u00e9s de InnotransferEl Parque","og_url":"https:\/\/innoavi.es\/es\/el-consell-colabora-con-los-parques-cientificos-de-la-ua-y-la-uji-para-impulsar-la-transferencia-de-idi-y-el-emprendimiento-innovador\/","og_site_name":"AVI |\u00a0Ag\u00e8ncia Valenciana de la Innovaci\u00f3","article_published_time":"2023-06-30T13:21:22+00:00","article_modified_time":"2023-06-30T13:59:05+00:00","og_image":[{"width":709,"height":473,"url":"https:\/\/innoavi.es\/wp-content\/uploads\/2023\/06\/Espaitec2015-150-web.jpg","type":"image\/jpeg"}],"author":"paco","twitter_card":"summary_large_image","twitter_creator":"@GVAavi","twitter_site":"@GVAavi","twitter_misc":{"Escrito por":"paco","Tiempo de lectura":"4 minutos"},"schema":{"@context":"https:\/\/schema.org","@graph":[{"@type":"Article","@id":"https:\/\/innoavi.es\/es\/el-consell-colabora-con-los-parques-cientificos-de-la-ua-y-la-uji-para-impulsar-la-transferencia-de-idi-y-el-emprendimiento-innovador\/#article","isPartOf":{"@id":"https:\/\/innoavi.es\/es\/el-consell-colabora-con-los-parques-cientificos-de-la-ua-y-la-uji-para-impulsar-la-transferencia-de-idi-y-el-emprendimiento-innovador\/"},"author":{"name":"paco","@id":"https:\/\/innoavi.es\/es\/#\/schema\/person\/cc5bf07456956a9205069c432fb8fa32"},"headline":"El Consell colabora con los parques cient\u00edficos de la UA y la UJI para impulsar la transferencia de I+D+i y el emprendimiento innovador","datePublished":"2023-06-30T13:21:22+00:00","dateModified":"2023-06-30T13:59:05+00:00","mainEntityOfPage":{"@id":"https:\/\/innoavi.es\/es\/el-consell-colabora-con-los-parques-cientificos-de-la-ua-y-la-uji-para-impulsar-la-transferencia-de-idi-y-el-emprendimiento-innovador\/"},"wordCount":753,"image":{"@id":"https:\/\/innoavi.es\/es\/el-consell-colabora-con-los-parques-cientificos-de-la-ua-y-la-uji-para-impulsar-la-transferencia-de-idi-y-el-emprendimiento-innovador\/#primaryimage"},"thumbnailUrl":"https:\/\/innoavi.es\/wp-content\/uploads\/2023\/06\/Espaitec2015-150-web.jpg","articleSection":["Prensa","Prensa"],"inLanguage":"es"},{"@type":"WebPage","@id":"https:\/\/innoavi.es\/es\/el-consell-colabora-con-los-parques-cientificos-de-la-ua-y-la-uji-para-impulsar-la-transferencia-de-idi-y-el-emprendimiento-innovador\/","url":"https:\/\/innoavi.es\/es\/el-consell-colabora-con-los-parques-cientificos-de-la-ua-y-la-uji-para-impulsar-la-transferencia-de-idi-y-el-emprendimiento-innovador\/","name":"El Consell colabora con los parques cient\u00edficos de la UA y la UJI para impulsar la transferencia de I+D+i y el emprendimiento innovador - AVI |\u00a0Ag\u00e8ncia Valenciana de la Innovaci\u00f3","isPartOf":{"@id":"https:\/\/innoavi.es\/es\/#website"},"primaryImageOfPage":{"@id":"https:\/\/innoavi.es\/es\/el-consell-colabora-con-los-parques-cientificos-de-la-ua-y-la-uji-para-impulsar-la-transferencia-de-idi-y-el-emprendimiento-innovador\/#primaryimage"},"image":{"@id":"https:\/\/innoavi.es\/es\/el-consell-colabora-con-los-parques-cientificos-de-la-ua-y-la-uji-para-impulsar-la-transferencia-de-idi-y-el-emprendimiento-innovador\/#primaryimage"},"thumbnailUrl":"https:\/\/innoavi.es\/wp-content\/uploads\/2023\/06\/Espaitec2015-150-web.jpg","datePublished":"2023-06-30T13:21:22+00:00","dateModified":"2023-06-30T13:59:05+00:00","author":{"@id":"https:\/\/innoavi.es\/es\/#\/schema\/person\/cc5bf07456956a9205069c432fb8fa32"},"description":"Los convenios, dotados con 350.000 euros cada uno, impulsar\u00e1n la conexi\u00f3n entre las universidades y las empresas a trav\u00e9s de InnotransferEl Parque","breadcrumb":{"@id":"https:\/\/innoavi.es\/es\/el-consell-colabora-con-los-parques-cientificos-de-la-ua-y-la-uji-para-impulsar-la-transferencia-de-idi-y-el-emprendimiento-innovador\/#breadcrumb"},"inLanguage":"es","potentialAction":[{"@type":"ReadAction","target":["https:\/\/innoavi.es\/es\/el-consell-colabora-con-los-parques-cientificos-de-la-ua-y-la-uji-para-impulsar-la-transferencia-de-idi-y-el-emprendimiento-innovador\/"]}]},{"@type":"ImageObject","inLanguage":"es","@id":"https:\/\/innoavi.es\/es\/el-consell-colabora-con-los-parques-cientificos-de-la-ua-y-la-uji-para-impulsar-la-transferencia-de-idi-y-el-emprendimiento-innovador\/#primaryimage","url":"https:\/\/innoavi.es\/wp-content\/uploads\/2023\/06\/Espaitec2015-150-web.jpg","contentUrl":"https:\/\/innoavi.es\/wp-content\/uploads\/2023\/06\/Espaitec2015-150-web.jpg","width":709,"height":473},{"@type":"BreadcrumbList","@id":"https:\/\/innoavi.es\/es\/el-consell-colabora-con-los-parques-cientificos-de-la-ua-y-la-uji-para-impulsar-la-transferencia-de-idi-y-el-emprendimiento-innovador\/#breadcrumb","itemListElement":[{"@type":"ListItem","position":1,"name":"Portada","item":"https:\/\/innoavi.es\/es\/"},{"@type":"ListItem","position":2,"name":"El Consell colabora con los parques cient\u00edficos de la UA y la UJI para impulsar la transferencia de I+D+i y el emprendimiento innovador"}]},{"@type":"WebSite","@id":"https:\/\/innoavi.es\/es\/#website","url":"https:\/\/innoavi.es\/es\/","name":"AVI |\u00a0Ag\u00e8ncia Valenciana de la Innovaci\u00f3","description":"P\u00e0gina web oficial de l&#039;AVI","potentialAction":[{"@type":"SearchAction","target":{"@type":"EntryPoint","urlTemplate":"https:\/\/innoavi.es\/es\/?s={search_term_string}"},"query-input":{"@type":"PropertyValueSpecification","valueRequired":true,"valueName":"search_term_string"}}],"inLanguage":"es"},{"@type":"Person","@id":"https:\/\/innoavi.es\/es\/#\/schema\/person\/cc5bf07456956a9205069c432fb8fa32","name":"paco"}]}},"_links":{"self":[{"href":"https:\/\/innoavi.es\/es\/wp-json\/wp\/v2\/posts\/28314","targetHints":{"allow":["GET"]}}],"collection":[{"href":"https:\/\/innoavi.es\/es\/wp-json\/wp\/v2\/posts"}],"about":[{"href":"https:\/\/innoavi.es\/es\/wp-json\/wp\/v2\/types\/post"}],"author":[{"embeddable":true,"href":"https:\/\/innoavi.es\/es\/wp-json\/wp\/v2\/users\/12"}],"replies":[{"embeddable":true,"href":"https:\/\/innoavi.es\/es\/wp-json\/wp\/v2\/comments?post=28314"}],"version-history":[{"count":1,"href":"https:\/\/innoavi.es\/es\/wp-json\/wp\/v2\/posts\/28314\/revisions"}],"predecessor-version":[{"id":28315,"href":"https:\/\/innoavi.es\/es\/wp-json\/wp\/v2\/posts\/28314\/revisions\/28315"}],"wp:featuredmedia":[{"embeddable":true,"href":"https:\/\/innoavi.es\/es\/wp-json\/wp\/v2\/media\/28310"}],"wp:attachment":[{"href":"https:\/\/innoavi.es\/es\/wp-json\/wp\/v2\/media?parent=28314"}],"wp:term":[{"taxonomy":"category","embeddable":true,"href":"https:\/\/innoavi.es\/es\/wp-json\/wp\/v2\/categories?post=28314"},{"taxonomy":"post_tag","embeddable":true,"href":"https:\/\/innoavi.es\/es\/wp-json\/wp\/v2\/tags?post=28314"}],"curies":[{"name":"wp","href":"https:\/\/api.w.org\/{rel}","templated":true}]}}