{"id":28260,"date":"2023-06-28T16:16:14","date_gmt":"2023-06-28T14:16:14","guid":{"rendered":"https:\/\/innoavi.es\/el-consell-colabora-con-redit-para-actualizar-las-competencias-en-tecnologias-habilitadoras-de-las-empresas-y-el-personal-de-los-centros-tecnologicos\/"},"modified":"2023-06-28T16:16:14","modified_gmt":"2023-06-28T14:16:14","slug":"el-consell-colabora-con-redit-para-actualizar-las-competencias-en-tecnologias-habilitadoras-de-las-empresas-y-el-personal-de-los-centros-tecnologicos","status":"publish","type":"post","link":"https:\/\/innoavi.es\/es\/el-consell-colabora-con-redit-para-actualizar-las-competencias-en-tecnologias-habilitadoras-de-las-empresas-y-el-personal-de-los-centros-tecnologicos\/","title":{"rendered":"El Consell colabora con Redit para actualizar las competencias en tecnolog\u00edas habilitadoras de las empresas y el personal de los centros tecnol\u00f3gicos"},"content":{"rendered":"<img loading=\"lazy\" decoding=\"async\" class=\"alignnone size-medium wp-image-28256\" src=\"https:\/\/innoavi.es\/wp-content\/uploads\/2023\/06\/computer-600x338.jpg\" alt=\"\" width=\"600\" height=\"338\" srcset=\"https:\/\/innoavi.es\/wp-content\/uploads\/2023\/06\/computer-600x338.jpg 600w, https:\/\/innoavi.es\/wp-content\/uploads\/2023\/06\/computer-1280x720.jpg 1280w, https:\/\/innoavi.es\/wp-content\/uploads\/2023\/06\/computer-768x432.jpg 768w, https:\/\/innoavi.es\/wp-content\/uploads\/2023\/06\/computer-1536x864.jpg 1536w, https:\/\/innoavi.es\/wp-content\/uploads\/2023\/06\/computer-978x550.jpg 978w, https:\/\/innoavi.es\/wp-content\/uploads\/2023\/06\/computer.jpg 1920w\" sizes=\"auto, (max-width: 600px) 100vw, 600px\" \/><br \/><ul><li>Con la aportaci\u00f3n de la AVI, la Red de Institutos Tecnol\u00f3gicos ofrecer\u00e1 cursos sobre las \u00faltimas tendencias en tecnolog\u00edas transversales<\/li><li>Se organizar\u00e1n jornadas para potenciar la colaboraci\u00f3n entre centros tecnol\u00f3gicos y universidades en proyectos de innovaci\u00f3n<\/li><\/ul><p><br \/>El Consell ha autorizado la firma de un convenio de colaboraci\u00f3n entre la Ag\u00e8ncia Valenciana de la Innovaci\u00f3 (AVI) y la Red de Institutos Tecnol\u00f3gicos de la Comunitat Valenciana (Redit) para impulsar la actualizaci\u00f3n de competencias en torno a las tecnolog\u00edas habilitadoras, a trav\u00e9s de un plan de formaci\u00f3n dirigido tanto a empresas como al personal de los 11 centros.<br \/><br \/><\/p><p>Las tecnolog\u00edas habilitadoras comprenden, adem\u00e1s de las disciplinas propias de la digitalizaci\u00f3n, otras \u00e1reas de conocimiento como la biotecnolog\u00eda o el desarrollo y aplicaci\u00f3n de nuevos materiales, que tienen un potencial disruptivo y transformador del sistema productivo.<br \/><br \/><\/p><p>Precisamente, para impulsar su incorporaci\u00f3n en el tejido empresarial, Redit reeditar\u00e1 un programa de especializaci\u00f3n profesional dirigido especialmente a las empresas, que contar\u00e1 con colaboraci\u00f3n de Inndromeda, la alianza de tecnolog\u00edas habilitadoras para la Comunitat Valenciana.<br \/><br \/><\/p><p>Estas sesiones divulgativas proporcionar\u00e1n conocimientos b\u00e1sicos sobre dichas disciplinas a participantes empresariales, con el objetivo de capacitarles para analizar las ventajas de una posible implantaci\u00f3n en sus respectivos negocios.<br \/><br \/><\/p><p>Asimismo, las trabajadoras y trabajadores de los centros tecnol\u00f3gicos podr\u00e1n ampliar sus conocimientos en torno a los nuevos retos y tecnolog\u00edas que, de manera horizontal, impactan en el conjunto de sectores y \u00e1mbitos de conocimiento en los que operan.<br \/><br \/><\/p><p>Redit tambi\u00e9n ofrecer\u00e1, adicionalmente, cursos sobre las \u00faltimas tendencias en habilidades profesionales, prospectiva, programas de financiaci\u00f3n, gesti\u00f3n de proyectos, explotaci\u00f3n de resultados, desarrollo de negocio o comunicaci\u00f3n, que complementar\u00e1n las actividades asociadas a las tecnolog\u00edas propias de la econom\u00eda del conocimiento.<br \/><br \/><\/p><p>Con una aportaci\u00f3n de 150.000 euros, la AVI tambi\u00e9n respaldar\u00e1 la organizaci\u00f3n de jornadas y eventos dirigidos a las empresas, as\u00ed como sesiones de \u2018matching\u2019 entre institutos tecnol\u00f3gicos y grupos de investigaci\u00f3n de las universidades para potenciar as\u00ed la cooperaci\u00f3n en el desarrollo de proyectos alineados con los resultados de los comit\u00e9s de innovaci\u00f3n de la AVI.<br \/><br \/><\/p><p>Del mismo modo, se financiar\u00e1 el desarrollo de un estudio de pol\u00edticas comparadas para mejorar la competitividad de los institutos tecnol\u00f3gicos, al tiempo que se analizar\u00e1 la evoluci\u00f3n reciente del sistema de innovaci\u00f3n a partir de los \u00faltimos resultados obtenidos por la Comunitat Valenciana en el \u00cdndice de Competitividad Regional y el Cuadro de Indicadores de la Innovaci\u00f3n Regional, que publica la Comisi\u00f3n Europea.<br \/><br \/><\/p><p>Ambas iniciativas se encuadran en un programa de actuaciones para consolidar el \u2018think tank\u2019 de Redit, un espacio de reflexi\u00f3n para la generaci\u00f3n de conocimiento en el \u00e1mbito de la industria y la innovaci\u00f3n.\u00a0<br \/><br \/><\/p>","protected":false},"excerpt":{"rendered":"<p>Con la aportaci\u00f3n de la AVI, la Red de Institutos Tecnol\u00f3gicos ofrecer\u00e1 cursos sobre las \u00faltimas tendencias en tecnolog\u00edas transversalesSe organizar\u00e1n jornadas para potenciar la colaboraci\u00f3n entre centros tecnol\u00f3gicos y universidades en proyectos de innovaci\u00f3nEl Consell ha autorizado la firma de un convenio de colaboraci\u00f3n entre la Ag\u00e8ncia Valenciana de la Innovaci\u00f3 (AVI) y la Red de Institutos Tecnol\u00f3gicos de la Comunitat Valenciana (Redit) para impulsar la actualizaci\u00f3n de competencias en torno a las tecnolog\u00edas habilitadoras, a trav\u00e9s de un plan de formaci\u00f3n dirigido tanto a empresas como al personal<a class=\"more-link\" href=\"https:\/\/innoavi.es\/es\/el-consell-colabora-con-redit-para-actualizar-las-competencias-en-tecnologias-habilitadoras-de-las-empresas-y-el-personal-de-los-centros-tecnologicos\/\">SEE DETAILS <span class=\"more-link-image\"><\/span><span class=\"more-link-hover-image\"><\/span><\/a><\/p>\n","protected":false},"author":12,"featured_media":0,"comment_status":"closed","ping_status":"open","sticky":false,"template":"","format":"standard","meta":{"_acf_changed":false,"footnotes":""},"categories":[202,655],"tags":[],"class_list":["post-28260","post","type-post","status-publish","format-standard","hentry","category-prensa","category-prensa-es"],"acf":[],"yoast_head":"<!-- This site is optimized with the Yoast SEO plugin v26.7 - https:\/\/yoast.com\/wordpress\/plugins\/seo\/ -->\n<title>El Consell colabora con Redit para actualizar las competencias en tecnolog\u00edas habilitadoras de las empresas y el personal de los centros tecnol\u00f3gicos - AVI |\u00a0Ag\u00e8ncia Valenciana de la Innovaci\u00f3<\/title>\n<meta name=\"description\" content=\"Con la aportaci\u00f3n de la AVI, la Red de Institutos Tecnol\u00f3gicos ofrecer\u00e1 cursos sobre las \u00faltimas tendencias en tecnolog\u00edas transversalesSe organizar\u00e1n\" \/>\n<meta name=\"robots\" content=\"index, follow, max-snippet:-1, max-image-preview:large, max-video-preview:-1\" \/>\n<link rel=\"canonical\" href=\"https:\/\/innoavi.es\/es\/el-consell-colabora-con-redit-para-actualizar-las-competencias-en-tecnologias-habilitadoras-de-las-empresas-y-el-personal-de-los-centros-tecnologicos\/\" \/>\n<meta property=\"og:locale\" content=\"es_ES\" \/>\n<meta property=\"og:type\" content=\"article\" \/>\n<meta property=\"og:title\" content=\"El Consell colabora con Redit para actualizar las competencias en tecnolog\u00edas habilitadoras de las empresas y el personal de los centros tecnol\u00f3gicos - AVI |\u00a0Ag\u00e8ncia Valenciana de la Innovaci\u00f3\" \/>\n<meta property=\"og:description\" content=\"Con la aportaci\u00f3n de la AVI, la Red de Institutos Tecnol\u00f3gicos ofrecer\u00e1 cursos sobre las \u00faltimas tendencias en tecnolog\u00edas transversalesSe organizar\u00e1n\" \/>\n<meta property=\"og:url\" content=\"https:\/\/innoavi.es\/es\/el-consell-colabora-con-redit-para-actualizar-las-competencias-en-tecnologias-habilitadoras-de-las-empresas-y-el-personal-de-los-centros-tecnologicos\/\" \/>\n<meta property=\"og:site_name\" content=\"AVI |\u00a0Ag\u00e8ncia Valenciana de la Innovaci\u00f3\" \/>\n<meta property=\"article:published_time\" content=\"2023-06-28T14:16:14+00:00\" \/>\n<meta property=\"og:image\" content=\"https:\/\/innoavi.es\/wp-content\/uploads\/2023\/06\/computer-600x338.jpg\" \/>\n<meta name=\"author\" content=\"paco\" \/>\n<meta name=\"twitter:card\" content=\"summary_large_image\" \/>\n<meta name=\"twitter:creator\" content=\"@GVAavi\" \/>\n<meta name=\"twitter:site\" content=\"@GVAavi\" \/>\n<meta name=\"twitter:label1\" content=\"Escrito por\" \/>\n\t<meta name=\"twitter:data1\" content=\"paco\" \/>\n\t<meta name=\"twitter:label2\" content=\"Tiempo de lectura\" \/>\n\t<meta name=\"twitter:data2\" content=\"2 minutos\" \/>\n<script type=\"application\/ld+json\" class=\"yoast-schema-graph\">{\"@context\":\"https:\/\/schema.org\",\"@graph\":[{\"@type\":\"Article\",\"@id\":\"https:\/\/innoavi.es\/es\/el-consell-colabora-con-redit-para-actualizar-las-competencias-en-tecnologias-habilitadoras-de-las-empresas-y-el-personal-de-los-centros-tecnologicos\/#article\",\"isPartOf\":{\"@id\":\"https:\/\/innoavi.es\/es\/el-consell-colabora-con-redit-para-actualizar-las-competencias-en-tecnologias-habilitadoras-de-las-empresas-y-el-personal-de-los-centros-tecnologicos\/\"},\"author\":{\"name\":\"paco\",\"@id\":\"https:\/\/innoavi.es\/es\/#\/schema\/person\/cc5bf07456956a9205069c432fb8fa32\"},\"headline\":\"El Consell colabora con Redit para actualizar las competencias en tecnolog\u00edas habilitadoras de las empresas y el personal de los centros tecnol\u00f3gicos\",\"datePublished\":\"2023-06-28T14:16:14+00:00\",\"mainEntityOfPage\":{\"@id\":\"https:\/\/innoavi.es\/es\/el-consell-colabora-con-redit-para-actualizar-las-competencias-en-tecnologias-habilitadoras-de-las-empresas-y-el-personal-de-los-centros-tecnologicos\/\"},\"wordCount\":509,\"image\":{\"@id\":\"https:\/\/innoavi.es\/es\/el-consell-colabora-con-redit-para-actualizar-las-competencias-en-tecnologias-habilitadoras-de-las-empresas-y-el-personal-de-los-centros-tecnologicos\/#primaryimage\"},\"thumbnailUrl\":\"https:\/\/innoavi.es\/wp-content\/uploads\/2023\/06\/computer-600x338.jpg\",\"articleSection\":[\"Prensa\",\"Prensa\"],\"inLanguage\":\"es\"},{\"@type\":\"WebPage\",\"@id\":\"https:\/\/innoavi.es\/es\/el-consell-colabora-con-redit-para-actualizar-las-competencias-en-tecnologias-habilitadoras-de-las-empresas-y-el-personal-de-los-centros-tecnologicos\/\",\"url\":\"https:\/\/innoavi.es\/es\/el-consell-colabora-con-redit-para-actualizar-las-competencias-en-tecnologias-habilitadoras-de-las-empresas-y-el-personal-de-los-centros-tecnologicos\/\",\"name\":\"El Consell colabora con Redit para actualizar las competencias en tecnolog\u00edas habilitadoras de las empresas y el personal de los centros tecnol\u00f3gicos - AVI |\u00a0Ag\u00e8ncia Valenciana de la Innovaci\u00f3\",\"isPartOf\":{\"@id\":\"https:\/\/innoavi.es\/es\/#website\"},\"primaryImageOfPage\":{\"@id\":\"https:\/\/innoavi.es\/es\/el-consell-colabora-con-redit-para-actualizar-las-competencias-en-tecnologias-habilitadoras-de-las-empresas-y-el-personal-de-los-centros-tecnologicos\/#primaryimage\"},\"image\":{\"@id\":\"https:\/\/innoavi.es\/es\/el-consell-colabora-con-redit-para-actualizar-las-competencias-en-tecnologias-habilitadoras-de-las-empresas-y-el-personal-de-los-centros-tecnologicos\/#primaryimage\"},\"thumbnailUrl\":\"https:\/\/innoavi.es\/wp-content\/uploads\/2023\/06\/computer-600x338.jpg\",\"datePublished\":\"2023-06-28T14:16:14+00:00\",\"author\":{\"@id\":\"https:\/\/innoavi.es\/es\/#\/schema\/person\/cc5bf07456956a9205069c432fb8fa32\"},\"description\":\"Con la aportaci\u00f3n de la AVI, la Red de Institutos Tecnol\u00f3gicos ofrecer\u00e1 cursos sobre las \u00faltimas tendencias en tecnolog\u00edas transversalesSe organizar\u00e1n\",\"breadcrumb\":{\"@id\":\"https:\/\/innoavi.es\/es\/el-consell-colabora-con-redit-para-actualizar-las-competencias-en-tecnologias-habilitadoras-de-las-empresas-y-el-personal-de-los-centros-tecnologicos\/#breadcrumb\"},\"inLanguage\":\"es\",\"potentialAction\":[{\"@type\":\"ReadAction\",\"target\":[\"https:\/\/innoavi.es\/es\/el-consell-colabora-con-redit-para-actualizar-las-competencias-en-tecnologias-habilitadoras-de-las-empresas-y-el-personal-de-los-centros-tecnologicos\/\"]}]},{\"@type\":\"ImageObject\",\"inLanguage\":\"es\",\"@id\":\"https:\/\/innoavi.es\/es\/el-consell-colabora-con-redit-para-actualizar-las-competencias-en-tecnologias-habilitadoras-de-las-empresas-y-el-personal-de-los-centros-tecnologicos\/#primaryimage\",\"url\":\"https:\/\/innoavi.es\/wp-content\/uploads\/2023\/06\/computer-600x338.jpg\",\"contentUrl\":\"https:\/\/innoavi.es\/wp-content\/uploads\/2023\/06\/computer-600x338.jpg\"},{\"@type\":\"BreadcrumbList\",\"@id\":\"https:\/\/innoavi.es\/es\/el-consell-colabora-con-redit-para-actualizar-las-competencias-en-tecnologias-habilitadoras-de-las-empresas-y-el-personal-de-los-centros-tecnologicos\/#breadcrumb\",\"itemListElement\":[{\"@type\":\"ListItem\",\"position\":1,\"name\":\"Portada\",\"item\":\"https:\/\/innoavi.es\/es\/\"},{\"@type\":\"ListItem\",\"position\":2,\"name\":\"El Consell colabora con Redit para actualizar las competencias en tecnolog\u00edas habilitadoras de las empresas y el personal de los centros tecnol\u00f3gicos\"}]},{\"@type\":\"WebSite\",\"@id\":\"https:\/\/innoavi.es\/es\/#website\",\"url\":\"https:\/\/innoavi.es\/es\/\",\"name\":\"AVI |\u00a0Ag\u00e8ncia Valenciana de la Innovaci\u00f3\",\"description\":\"P\u00e0gina web oficial de l&#039;AVI\",\"potentialAction\":[{\"@type\":\"SearchAction\",\"target\":{\"@type\":\"EntryPoint\",\"urlTemplate\":\"https:\/\/innoavi.es\/es\/?s={search_term_string}\"},\"query-input\":{\"@type\":\"PropertyValueSpecification\",\"valueRequired\":true,\"valueName\":\"search_term_string\"}}],\"inLanguage\":\"es\"},{\"@type\":\"Person\",\"@id\":\"https:\/\/innoavi.es\/es\/#\/schema\/person\/cc5bf07456956a9205069c432fb8fa32\",\"name\":\"paco\"}]}<\/script>\n<!-- \/ Yoast SEO plugin. -->","yoast_head_json":{"title":"El Consell colabora con Redit para actualizar las competencias en tecnolog\u00edas habilitadoras de las empresas y el personal de los centros tecnol\u00f3gicos - AVI |\u00a0Ag\u00e8ncia Valenciana de la Innovaci\u00f3","description":"Con la aportaci\u00f3n de la AVI, la Red de Institutos Tecnol\u00f3gicos ofrecer\u00e1 cursos sobre las \u00faltimas tendencias en tecnolog\u00edas transversalesSe organizar\u00e1n","robots":{"index":"index","follow":"follow","max-snippet":"max-snippet:-1","max-image-preview":"max-image-preview:large","max-video-preview":"max-video-preview:-1"},"canonical":"https:\/\/innoavi.es\/es\/el-consell-colabora-con-redit-para-actualizar-las-competencias-en-tecnologias-habilitadoras-de-las-empresas-y-el-personal-de-los-centros-tecnologicos\/","og_locale":"es_ES","og_type":"article","og_title":"El Consell colabora con Redit para actualizar las competencias en tecnolog\u00edas habilitadoras de las empresas y el personal de los centros tecnol\u00f3gicos - AVI |\u00a0Ag\u00e8ncia Valenciana de la Innovaci\u00f3","og_description":"Con la aportaci\u00f3n de la AVI, la Red de Institutos Tecnol\u00f3gicos ofrecer\u00e1 cursos sobre las \u00faltimas tendencias en tecnolog\u00edas transversalesSe organizar\u00e1n","og_url":"https:\/\/innoavi.es\/es\/el-consell-colabora-con-redit-para-actualizar-las-competencias-en-tecnologias-habilitadoras-de-las-empresas-y-el-personal-de-los-centros-tecnologicos\/","og_site_name":"AVI |\u00a0Ag\u00e8ncia Valenciana de la Innovaci\u00f3","article_published_time":"2023-06-28T14:16:14+00:00","og_image":[{"url":"https:\/\/innoavi.es\/wp-content\/uploads\/2023\/06\/computer-600x338.jpg","type":"","width":"","height":""}],"author":"paco","twitter_card":"summary_large_image","twitter_creator":"@GVAavi","twitter_site":"@GVAavi","twitter_misc":{"Escrito por":"paco","Tiempo de lectura":"2 minutos"},"schema":{"@context":"https:\/\/schema.org","@graph":[{"@type":"Article","@id":"https:\/\/innoavi.es\/es\/el-consell-colabora-con-redit-para-actualizar-las-competencias-en-tecnologias-habilitadoras-de-las-empresas-y-el-personal-de-los-centros-tecnologicos\/#article","isPartOf":{"@id":"https:\/\/innoavi.es\/es\/el-consell-colabora-con-redit-para-actualizar-las-competencias-en-tecnologias-habilitadoras-de-las-empresas-y-el-personal-de-los-centros-tecnologicos\/"},"author":{"name":"paco","@id":"https:\/\/innoavi.es\/es\/#\/schema\/person\/cc5bf07456956a9205069c432fb8fa32"},"headline":"El Consell colabora con Redit para actualizar las competencias en tecnolog\u00edas habilitadoras de las empresas y el personal de los centros tecnol\u00f3gicos","datePublished":"2023-06-28T14:16:14+00:00","mainEntityOfPage":{"@id":"https:\/\/innoavi.es\/es\/el-consell-colabora-con-redit-para-actualizar-las-competencias-en-tecnologias-habilitadoras-de-las-empresas-y-el-personal-de-los-centros-tecnologicos\/"},"wordCount":509,"image":{"@id":"https:\/\/innoavi.es\/es\/el-consell-colabora-con-redit-para-actualizar-las-competencias-en-tecnologias-habilitadoras-de-las-empresas-y-el-personal-de-los-centros-tecnologicos\/#primaryimage"},"thumbnailUrl":"https:\/\/innoavi.es\/wp-content\/uploads\/2023\/06\/computer-600x338.jpg","articleSection":["Prensa","Prensa"],"inLanguage":"es"},{"@type":"WebPage","@id":"https:\/\/innoavi.es\/es\/el-consell-colabora-con-redit-para-actualizar-las-competencias-en-tecnologias-habilitadoras-de-las-empresas-y-el-personal-de-los-centros-tecnologicos\/","url":"https:\/\/innoavi.es\/es\/el-consell-colabora-con-redit-para-actualizar-las-competencias-en-tecnologias-habilitadoras-de-las-empresas-y-el-personal-de-los-centros-tecnologicos\/","name":"El Consell colabora con Redit para actualizar las competencias en tecnolog\u00edas habilitadoras de las empresas y el personal de los centros tecnol\u00f3gicos - AVI |\u00a0Ag\u00e8ncia Valenciana de la Innovaci\u00f3","isPartOf":{"@id":"https:\/\/innoavi.es\/es\/#website"},"primaryImageOfPage":{"@id":"https:\/\/innoavi.es\/es\/el-consell-colabora-con-redit-para-actualizar-las-competencias-en-tecnologias-habilitadoras-de-las-empresas-y-el-personal-de-los-centros-tecnologicos\/#primaryimage"},"image":{"@id":"https:\/\/innoavi.es\/es\/el-consell-colabora-con-redit-para-actualizar-las-competencias-en-tecnologias-habilitadoras-de-las-empresas-y-el-personal-de-los-centros-tecnologicos\/#primaryimage"},"thumbnailUrl":"https:\/\/innoavi.es\/wp-content\/uploads\/2023\/06\/computer-600x338.jpg","datePublished":"2023-06-28T14:16:14+00:00","author":{"@id":"https:\/\/innoavi.es\/es\/#\/schema\/person\/cc5bf07456956a9205069c432fb8fa32"},"description":"Con la aportaci\u00f3n de la AVI, la Red de Institutos Tecnol\u00f3gicos ofrecer\u00e1 cursos sobre las \u00faltimas tendencias en tecnolog\u00edas transversalesSe organizar\u00e1n","breadcrumb":{"@id":"https:\/\/innoavi.es\/es\/el-consell-colabora-con-redit-para-actualizar-las-competencias-en-tecnologias-habilitadoras-de-las-empresas-y-el-personal-de-los-centros-tecnologicos\/#breadcrumb"},"inLanguage":"es","potentialAction":[{"@type":"ReadAction","target":["https:\/\/innoavi.es\/es\/el-consell-colabora-con-redit-para-actualizar-las-competencias-en-tecnologias-habilitadoras-de-las-empresas-y-el-personal-de-los-centros-tecnologicos\/"]}]},{"@type":"ImageObject","inLanguage":"es","@id":"https:\/\/innoavi.es\/es\/el-consell-colabora-con-redit-para-actualizar-las-competencias-en-tecnologias-habilitadoras-de-las-empresas-y-el-personal-de-los-centros-tecnologicos\/#primaryimage","url":"https:\/\/innoavi.es\/wp-content\/uploads\/2023\/06\/computer-600x338.jpg","contentUrl":"https:\/\/innoavi.es\/wp-content\/uploads\/2023\/06\/computer-600x338.jpg"},{"@type":"BreadcrumbList","@id":"https:\/\/innoavi.es\/es\/el-consell-colabora-con-redit-para-actualizar-las-competencias-en-tecnologias-habilitadoras-de-las-empresas-y-el-personal-de-los-centros-tecnologicos\/#breadcrumb","itemListElement":[{"@type":"ListItem","position":1,"name":"Portada","item":"https:\/\/innoavi.es\/es\/"},{"@type":"ListItem","position":2,"name":"El Consell colabora con Redit para actualizar las competencias en tecnolog\u00edas habilitadoras de las empresas y el personal de los centros tecnol\u00f3gicos"}]},{"@type":"WebSite","@id":"https:\/\/innoavi.es\/es\/#website","url":"https:\/\/innoavi.es\/es\/","name":"AVI |\u00a0Ag\u00e8ncia Valenciana de la Innovaci\u00f3","description":"P\u00e0gina web oficial de l&#039;AVI","potentialAction":[{"@type":"SearchAction","target":{"@type":"EntryPoint","urlTemplate":"https:\/\/innoavi.es\/es\/?s={search_term_string}"},"query-input":{"@type":"PropertyValueSpecification","valueRequired":true,"valueName":"search_term_string"}}],"inLanguage":"es"},{"@type":"Person","@id":"https:\/\/innoavi.es\/es\/#\/schema\/person\/cc5bf07456956a9205069c432fb8fa32","name":"paco"}]}},"_links":{"self":[{"href":"https:\/\/innoavi.es\/es\/wp-json\/wp\/v2\/posts\/28260","targetHints":{"allow":["GET"]}}],"collection":[{"href":"https:\/\/innoavi.es\/es\/wp-json\/wp\/v2\/posts"}],"about":[{"href":"https:\/\/innoavi.es\/es\/wp-json\/wp\/v2\/types\/post"}],"author":[{"embeddable":true,"href":"https:\/\/innoavi.es\/es\/wp-json\/wp\/v2\/users\/12"}],"replies":[{"embeddable":true,"href":"https:\/\/innoavi.es\/es\/wp-json\/wp\/v2\/comments?post=28260"}],"version-history":[{"count":0,"href":"https:\/\/innoavi.es\/es\/wp-json\/wp\/v2\/posts\/28260\/revisions"}],"wp:attachment":[{"href":"https:\/\/innoavi.es\/es\/wp-json\/wp\/v2\/media?parent=28260"}],"wp:term":[{"taxonomy":"category","embeddable":true,"href":"https:\/\/innoavi.es\/es\/wp-json\/wp\/v2\/categories?post=28260"},{"taxonomy":"post_tag","embeddable":true,"href":"https:\/\/innoavi.es\/es\/wp-json\/wp\/v2\/tags?post=28260"}],"curies":[{"name":"wp","href":"https:\/\/api.w.org\/{rel}","templated":true}]}}