{"id":26844,"date":"2023-03-08T16:17:25","date_gmt":"2023-03-08T15:17:25","guid":{"rendered":"https:\/\/innoavi.es\/el-desarrollo-y-produccion-eficiente-de-alimentos-sostenibles-objetivo-prioritario-para-la-innovacion-en-agroalimentacion\/"},"modified":"2023-03-08T16:18:56","modified_gmt":"2023-03-08T15:18:56","slug":"el-desarrollo-y-produccion-eficiente-de-alimentos-sostenibles-objetivo-prioritario-para-la-innovacion-en-agroalimentacion","status":"publish","type":"post","link":"https:\/\/innoavi.es\/es\/el-desarrollo-y-produccion-eficiente-de-alimentos-sostenibles-objetivo-prioritario-para-la-innovacion-en-agroalimentacion\/","title":{"rendered":"El desarrollo y producci\u00f3n eficiente de alimentos sostenibles, objetivo prioritario para la innovaci\u00f3n en agroalimentaci\u00f3n"},"content":{"rendered":"<img loading=\"lazy\" decoding=\"async\" class=\"alignnone size-medium wp-image-26840\" src=\"https:\/\/innoavi.es\/wp-content\/uploads\/2023\/03\/220307-CEIE-Agro-1-600x450.jpg\" alt=\"\" width=\"600\" height=\"450\" srcset=\"https:\/\/innoavi.es\/wp-content\/uploads\/2023\/03\/220307-CEIE-Agro-1-600x450.jpg 600w, https:\/\/innoavi.es\/wp-content\/uploads\/2023\/03\/220307-CEIE-Agro-1-1200x900.jpg 1200w, https:\/\/innoavi.es\/wp-content\/uploads\/2023\/03\/220307-CEIE-Agro-1-768x576.jpg 768w, https:\/\/innoavi.es\/wp-content\/uploads\/2023\/03\/220307-CEIE-Agro-1-1536x1152.jpg 1536w, https:\/\/innoavi.es\/wp-content\/uploads\/2023\/03\/220307-CEIE-Agro-1-2048x1536.jpg 2048w, https:\/\/innoavi.es\/wp-content\/uploads\/2023\/03\/220307-CEIE-Agro-1-733x550.jpg 733w, https:\/\/innoavi.es\/wp-content\/uploads\/2023\/03\/220307-CEIE-Agro-1-733x550@2x.jpg 1467w, https:\/\/innoavi.es\/wp-content\/uploads\/2023\/03\/220307-CEIE-Agro-1-80x60.jpg 80w, https:\/\/innoavi.es\/wp-content\/uploads\/2023\/03\/220307-CEIE-Agro-1-80x60@2x.jpg 160w\" sizes=\"auto, (max-width: 600px) 100vw, 600px\" \/><br \/><ul><li>La AVI re\u00fane a un equipo de especialistas, coordinado por el consejero delegado de Vicky Foods, Rafael Juan, para abordar las prioridades de I+D+i<\/li><li>Apuestan por impulsar una producci\u00f3n m\u00e1s sostenible y competitiva en agricultura, ganader\u00eda y pesca, as\u00ed como por una mayor eficiencia en la industria<\/li><\/ul><div><br \/>El desarrollo de alimentos y bebidas para una nutrici\u00f3n de precisi\u00f3n, dirigida a segmentos espec\u00edficos de la poblaci\u00f3n, como las personas de mayor edad, ni\u00f1os, o personas con obesidad, es uno de los nuevos desaf\u00edos a los que pretende dar respuesta el grupo de especialistas en agroalimentaci\u00f3n, que asesora a la Ag\u00e8ncia Valenciana de Innovaci\u00f3n (AVI) en la identificaci\u00f3n de las prioridades de I+D+i en este \u00e1mbito de conocimiento.<\/div><br \/>El Comit\u00e9 Estrat\u00e9gico de Innovaci\u00f3n Especializado (CEIE) que coordina el consejero delegado de Vicky Foods, Rafael Juan, plantea, de hecho, distintos retos para optimizar la producci\u00f3n tanto en el sector primario, como en la industria alimentaria, al tiempo que apuesta por el desarrollo nuevos productos que, con el foco centrado en el consumidor, contribuyan a impulsar una dieta m\u00e1s sana y equilibrada.<br \/><br \/>La reuni\u00f3n de este grupo multidisciplinar se enmarca en un proceso de actualizaci\u00f3n de los retos y soluciones que se formularon en 2018, y que ahora se adaptan y ampl\u00edan para reflejar las nuevas tendencias y cambios regulatorios que se han producido desde entonces. Esta iniciativa incluye, adem\u00e1s, la evaluaci\u00f3n del impacto que han recabado dichas propuestas de innovaci\u00f3n en las \u00faltimas convocatorias de ayuda de la AVI.<br \/><br \/>Entre los nuevos desaf\u00edos, y junto al desarrollo de nuevos alimentos y bebidas, el comit\u00e9 insta a incentivar una producci\u00f3n m\u00e1s sostenible y competitiva en agricultura, ganader\u00eda y pesca como una v\u00eda para elevar la rentabilidad de estas actividades, al tiempo que se reduce su impacto ambiental.<br \/><br \/>Asimismo, desde el prisma de la industria tambi\u00e9n se aboga por potenciar la elaboraci\u00f3n eficiente, segura y sostenible de productos alimenticios y bebidas, en l\u00ednea con el resto de retos priorizados en esta primera sesi\u00f3n de trabajo.<br \/><br \/>Para el coordinador del grupo, Rafael Juan, \u201cla actualizaci\u00f3n de los desaf\u00edos que est\u00e1 llevando a cabo este CEIE demuestra que se ha producido un giro hacia la sostenibilidad y la eficiencia en las prioridades de innovaci\u00f3n del sector agroalimentario de la Comunitat Valenciana en relaci\u00f3n con los retos vigentes desde 2018\u201d.<br \/><br \/>M\u00e1s de 17 millones en tres a\u00f1os<br \/><br \/>En las tres \u00faltimas convocatorias, la Ag\u00e8ncia ha movilizado 17,3 millones de euros, entre inversi\u00f3n p\u00fablica y privada, para financiar el desarrollo de 33 proyectos de innovaci\u00f3n que se alinean con las conclusiones planteadas hasta ahora por este comit\u00e9.<br \/><br \/>Aproximadamente la mitad de estos fondos han ido a parar iniciativas vinculadas con el desarrollo de la agricultura de precisi\u00f3n mediante tecnolog\u00edas de predicci\u00f3n y control de la producci\u00f3n, mientras que la obtenci\u00f3n de alimentos m\u00e1s saludables y el incremento de la flexibilidad y seguridad de la producci\u00f3n agroalimentaria se han repartido el resto.<br \/><br \/>El equipo multidisciplinar, en el que participan representantes de la comunidad cient\u00edfica, los institutos tecnol\u00f3gicos y el empresariado, mantiene la mayor parte de su composici\u00f3n original, que se ha reforzado con la incorporaci\u00f3n de nuevos perfiles asociados fundamentalmente a centros tecnol\u00f3gicos y de investigaci\u00f3n punteros en este \u00e1mbito.<br \/><br \/>As\u00ed, desde la esfera cient\u00edfica participa Jos\u00e9 Mar\u00eda Garc\u00eda \u00c1lvarez-Coque (UPV), Amparo L\u00f3pez (IATA CSIC), Luis Navarro (Ato Consejo Consultivo en I+D+i), Jos\u00e9 P\u00edo Beltr\u00e1n (IBMCP CSIC-UPV) y Mar\u00eda Jos\u00e9 Frutos (Ciagro UMH), mientras que Andr\u00e9s Pascual (AINIA) representa a los centros tecnol\u00f3gicos de la Comunitat.<br \/><br \/>Del mismo modo, Mar\u00eda Carmen Morales (Anecoop), Luis Pl\u00e1 (Mercadona), Daniel Ram\u00f3n (Biopolis) y Ra\u00fal Mart\u00edn (Embutidos Francisco Mart\u00ednez) intervienen como especialistas del tejido productivo avalados, en este caso, por la Confederaci\u00f3n Empresarial de la Comunitat Valenciana.<br \/><br \/>Tras esta primera sesi\u00f3n de trabajo, el CEIE en Agrolimentaci\u00f3n mantendr\u00e1 un segundo encuentro en las pr\u00f3ximas semanas en el que cerrar\u00e1 su propuesta de retos y soluciones, que se remitir\u00e1n a su vez al Comit\u00e9 Estrat\u00e9gico de Innovaci\u00f3n (CEI) para su validaci\u00f3n definitiva.<br \/><br \/>A continuaci\u00f3n, los resultados de este comit\u00e9 se pondr\u00e1n a disposici\u00f3n de todos los agentes que conforman el Sistema Valenciano de Innovaci\u00f3n, con el objeto de que puedan presentar proyectos de I+D+i a partir de la convocatoria de ayuda de la AVI correspondiente a 2024.","protected":false},"excerpt":{"rendered":"<p>La AVI re\u00fane a un equipo de especialistas, coordinado por el consejero delegado de Vicky Foods, Rafael Juan, para abordar las prioridades de I+D+iApuestan por impulsar una producci\u00f3n m\u00e1s sostenible y competitiva en agricultura, ganader\u00eda y pesca, as\u00ed como por una mayor eficiencia en la industriaEl desarrollo de alimentos y bebidas para una nutrici\u00f3n de precisi\u00f3n, dirigida a segmentos espec\u00edficos de la poblaci\u00f3n, como las personas de mayor edad, ni\u00f1os, o personas con obesidad, es uno de los nuevos desaf\u00edos a los que pretende dar respuesta el grupo de especialistas<a class=\"more-link\" href=\"https:\/\/innoavi.es\/es\/el-desarrollo-y-produccion-eficiente-de-alimentos-sostenibles-objetivo-prioritario-para-la-innovacion-en-agroalimentacion\/\">SEE DETAILS <span class=\"more-link-image\"><\/span><span class=\"more-link-hover-image\"><\/span><\/a><\/p>\n","protected":false},"author":12,"featured_media":26842,"comment_status":"closed","ping_status":"open","sticky":false,"template":"","format":"standard","meta":{"_acf_changed":false,"footnotes":""},"categories":[655,202],"tags":[],"class_list":["post-26844","post","type-post","status-publish","format-standard","has-post-thumbnail","hentry","category-prensa-es","category-prensa"],"acf":[],"yoast_head":"<!-- This site is optimized with the Yoast SEO plugin v26.7 - https:\/\/yoast.com\/wordpress\/plugins\/seo\/ -->\n<title>El desarrollo y producci\u00f3n eficiente de alimentos sostenibles, objetivo prioritario para la innovaci\u00f3n en agroalimentaci\u00f3n - AVI |\u00a0Ag\u00e8ncia Valenciana de la Innovaci\u00f3<\/title>\n<meta name=\"description\" content=\"La AVI re\u00fane a un equipo de especialistas, coordinado por el consejero delegado de Vicky Foods, Rafael Juan, para abordar las prioridades de I+D+iApuestan\" \/>\n<meta name=\"robots\" content=\"index, follow, max-snippet:-1, max-image-preview:large, max-video-preview:-1\" \/>\n<link rel=\"canonical\" href=\"https:\/\/innoavi.es\/es\/el-desarrollo-y-produccion-eficiente-de-alimentos-sostenibles-objetivo-prioritario-para-la-innovacion-en-agroalimentacion\/\" \/>\n<meta property=\"og:locale\" content=\"es_ES\" \/>\n<meta property=\"og:type\" content=\"article\" \/>\n<meta property=\"og:title\" content=\"El desarrollo y producci\u00f3n eficiente de alimentos sostenibles, objetivo prioritario para la innovaci\u00f3n en agroalimentaci\u00f3n - AVI |\u00a0Ag\u00e8ncia Valenciana de la Innovaci\u00f3\" \/>\n<meta property=\"og:description\" content=\"La AVI re\u00fane a un equipo de especialistas, coordinado por el consejero delegado de Vicky Foods, Rafael Juan, para abordar las prioridades de I+D+iApuestan\" \/>\n<meta property=\"og:url\" content=\"https:\/\/innoavi.es\/es\/el-desarrollo-y-produccion-eficiente-de-alimentos-sostenibles-objetivo-prioritario-para-la-innovacion-en-agroalimentacion\/\" \/>\n<meta property=\"og:site_name\" content=\"AVI |\u00a0Ag\u00e8ncia Valenciana de la Innovaci\u00f3\" \/>\n<meta property=\"article:published_time\" content=\"2023-03-08T15:17:25+00:00\" \/>\n<meta property=\"article:modified_time\" content=\"2023-03-08T15:18:56+00:00\" \/>\n<meta property=\"og:image\" content=\"https:\/\/innoavi.es\/wp-content\/uploads\/2023\/03\/220307-CEIE-Agro-1-scaled.jpg\" \/>\n\t<meta property=\"og:image:width\" content=\"2560\" \/>\n\t<meta property=\"og:image:height\" content=\"1920\" \/>\n\t<meta property=\"og:image:type\" content=\"image\/jpeg\" \/>\n<meta name=\"author\" content=\"paco\" \/>\n<meta name=\"twitter:card\" content=\"summary_large_image\" \/>\n<meta name=\"twitter:creator\" content=\"@GVAavi\" \/>\n<meta name=\"twitter:site\" content=\"@GVAavi\" \/>\n<meta name=\"twitter:label1\" content=\"Escrito por\" \/>\n\t<meta name=\"twitter:data1\" content=\"paco\" \/>\n\t<meta name=\"twitter:label2\" content=\"Tiempo de lectura\" \/>\n\t<meta name=\"twitter:data2\" content=\"5 minutos\" \/>\n<script type=\"application\/ld+json\" class=\"yoast-schema-graph\">{\"@context\":\"https:\/\/schema.org\",\"@graph\":[{\"@type\":\"Article\",\"@id\":\"https:\/\/innoavi.es\/es\/el-desarrollo-y-produccion-eficiente-de-alimentos-sostenibles-objetivo-prioritario-para-la-innovacion-en-agroalimentacion\/#article\",\"isPartOf\":{\"@id\":\"https:\/\/innoavi.es\/es\/el-desarrollo-y-produccion-eficiente-de-alimentos-sostenibles-objetivo-prioritario-para-la-innovacion-en-agroalimentacion\/\"},\"author\":{\"name\":\"paco\",\"@id\":\"https:\/\/innoavi.es\/es\/#\/schema\/person\/cc5bf07456956a9205069c432fb8fa32\"},\"headline\":\"El desarrollo y producci\u00f3n eficiente de alimentos sostenibles, objetivo prioritario para la innovaci\u00f3n en agroalimentaci\u00f3n\",\"datePublished\":\"2023-03-08T15:17:25+00:00\",\"dateModified\":\"2023-03-08T15:18:56+00:00\",\"mainEntityOfPage\":{\"@id\":\"https:\/\/innoavi.es\/es\/el-desarrollo-y-produccion-eficiente-de-alimentos-sostenibles-objetivo-prioritario-para-la-innovacion-en-agroalimentacion\/\"},\"wordCount\":804,\"image\":{\"@id\":\"https:\/\/innoavi.es\/es\/el-desarrollo-y-produccion-eficiente-de-alimentos-sostenibles-objetivo-prioritario-para-la-innovacion-en-agroalimentacion\/#primaryimage\"},\"thumbnailUrl\":\"https:\/\/innoavi.es\/wp-content\/uploads\/2023\/03\/220307-CEIE-Agro-1-scaled.jpg\",\"articleSection\":[\"Prensa\",\"Prensa\"],\"inLanguage\":\"es\"},{\"@type\":\"WebPage\",\"@id\":\"https:\/\/innoavi.es\/es\/el-desarrollo-y-produccion-eficiente-de-alimentos-sostenibles-objetivo-prioritario-para-la-innovacion-en-agroalimentacion\/\",\"url\":\"https:\/\/innoavi.es\/es\/el-desarrollo-y-produccion-eficiente-de-alimentos-sostenibles-objetivo-prioritario-para-la-innovacion-en-agroalimentacion\/\",\"name\":\"El desarrollo y producci\u00f3n eficiente de alimentos sostenibles, objetivo prioritario para la innovaci\u00f3n en agroalimentaci\u00f3n - AVI |\u00a0Ag\u00e8ncia Valenciana de la Innovaci\u00f3\",\"isPartOf\":{\"@id\":\"https:\/\/innoavi.es\/es\/#website\"},\"primaryImageOfPage\":{\"@id\":\"https:\/\/innoavi.es\/es\/el-desarrollo-y-produccion-eficiente-de-alimentos-sostenibles-objetivo-prioritario-para-la-innovacion-en-agroalimentacion\/#primaryimage\"},\"image\":{\"@id\":\"https:\/\/innoavi.es\/es\/el-desarrollo-y-produccion-eficiente-de-alimentos-sostenibles-objetivo-prioritario-para-la-innovacion-en-agroalimentacion\/#primaryimage\"},\"thumbnailUrl\":\"https:\/\/innoavi.es\/wp-content\/uploads\/2023\/03\/220307-CEIE-Agro-1-scaled.jpg\",\"datePublished\":\"2023-03-08T15:17:25+00:00\",\"dateModified\":\"2023-03-08T15:18:56+00:00\",\"author\":{\"@id\":\"https:\/\/innoavi.es\/es\/#\/schema\/person\/cc5bf07456956a9205069c432fb8fa32\"},\"description\":\"La AVI re\u00fane a un equipo de especialistas, coordinado por el consejero delegado de Vicky Foods, Rafael Juan, para abordar las prioridades de I+D+iApuestan\",\"breadcrumb\":{\"@id\":\"https:\/\/innoavi.es\/es\/el-desarrollo-y-produccion-eficiente-de-alimentos-sostenibles-objetivo-prioritario-para-la-innovacion-en-agroalimentacion\/#breadcrumb\"},\"inLanguage\":\"es\",\"potentialAction\":[{\"@type\":\"ReadAction\",\"target\":[\"https:\/\/innoavi.es\/es\/el-desarrollo-y-produccion-eficiente-de-alimentos-sostenibles-objetivo-prioritario-para-la-innovacion-en-agroalimentacion\/\"]}]},{\"@type\":\"ImageObject\",\"inLanguage\":\"es\",\"@id\":\"https:\/\/innoavi.es\/es\/el-desarrollo-y-produccion-eficiente-de-alimentos-sostenibles-objetivo-prioritario-para-la-innovacion-en-agroalimentacion\/#primaryimage\",\"url\":\"https:\/\/innoavi.es\/wp-content\/uploads\/2023\/03\/220307-CEIE-Agro-1-scaled.jpg\",\"contentUrl\":\"https:\/\/innoavi.es\/wp-content\/uploads\/2023\/03\/220307-CEIE-Agro-1-scaled.jpg\",\"width\":2560,\"height\":1920},{\"@type\":\"BreadcrumbList\",\"@id\":\"https:\/\/innoavi.es\/es\/el-desarrollo-y-produccion-eficiente-de-alimentos-sostenibles-objetivo-prioritario-para-la-innovacion-en-agroalimentacion\/#breadcrumb\",\"itemListElement\":[{\"@type\":\"ListItem\",\"position\":1,\"name\":\"Portada\",\"item\":\"https:\/\/innoavi.es\/es\/\"},{\"@type\":\"ListItem\",\"position\":2,\"name\":\"El desarrollo y producci\u00f3n eficiente de alimentos sostenibles, objetivo prioritario para la innovaci\u00f3n en agroalimentaci\u00f3n\"}]},{\"@type\":\"WebSite\",\"@id\":\"https:\/\/innoavi.es\/es\/#website\",\"url\":\"https:\/\/innoavi.es\/es\/\",\"name\":\"AVI |\u00a0Ag\u00e8ncia Valenciana de la Innovaci\u00f3\",\"description\":\"P\u00e0gina web oficial de l&#039;AVI\",\"potentialAction\":[{\"@type\":\"SearchAction\",\"target\":{\"@type\":\"EntryPoint\",\"urlTemplate\":\"https:\/\/innoavi.es\/es\/?s={search_term_string}\"},\"query-input\":{\"@type\":\"PropertyValueSpecification\",\"valueRequired\":true,\"valueName\":\"search_term_string\"}}],\"inLanguage\":\"es\"},{\"@type\":\"Person\",\"@id\":\"https:\/\/innoavi.es\/es\/#\/schema\/person\/cc5bf07456956a9205069c432fb8fa32\",\"name\":\"paco\"}]}<\/script>\n<!-- \/ Yoast SEO plugin. -->","yoast_head_json":{"title":"El desarrollo y producci\u00f3n eficiente de alimentos sostenibles, objetivo prioritario para la innovaci\u00f3n en agroalimentaci\u00f3n - AVI |\u00a0Ag\u00e8ncia Valenciana de la Innovaci\u00f3","description":"La AVI re\u00fane a un equipo de especialistas, coordinado por el consejero delegado de Vicky Foods, Rafael Juan, para abordar las prioridades de I+D+iApuestan","robots":{"index":"index","follow":"follow","max-snippet":"max-snippet:-1","max-image-preview":"max-image-preview:large","max-video-preview":"max-video-preview:-1"},"canonical":"https:\/\/innoavi.es\/es\/el-desarrollo-y-produccion-eficiente-de-alimentos-sostenibles-objetivo-prioritario-para-la-innovacion-en-agroalimentacion\/","og_locale":"es_ES","og_type":"article","og_title":"El desarrollo y producci\u00f3n eficiente de alimentos sostenibles, objetivo prioritario para la innovaci\u00f3n en agroalimentaci\u00f3n - AVI |\u00a0Ag\u00e8ncia Valenciana de la Innovaci\u00f3","og_description":"La AVI re\u00fane a un equipo de especialistas, coordinado por el consejero delegado de Vicky Foods, Rafael Juan, para abordar las prioridades de I+D+iApuestan","og_url":"https:\/\/innoavi.es\/es\/el-desarrollo-y-produccion-eficiente-de-alimentos-sostenibles-objetivo-prioritario-para-la-innovacion-en-agroalimentacion\/","og_site_name":"AVI |\u00a0Ag\u00e8ncia Valenciana de la Innovaci\u00f3","article_published_time":"2023-03-08T15:17:25+00:00","article_modified_time":"2023-03-08T15:18:56+00:00","og_image":[{"width":2560,"height":1920,"url":"https:\/\/innoavi.es\/wp-content\/uploads\/2023\/03\/220307-CEIE-Agro-1-scaled.jpg","type":"image\/jpeg"}],"author":"paco","twitter_card":"summary_large_image","twitter_creator":"@GVAavi","twitter_site":"@GVAavi","twitter_misc":{"Escrito por":"paco","Tiempo de lectura":"5 minutos"},"schema":{"@context":"https:\/\/schema.org","@graph":[{"@type":"Article","@id":"https:\/\/innoavi.es\/es\/el-desarrollo-y-produccion-eficiente-de-alimentos-sostenibles-objetivo-prioritario-para-la-innovacion-en-agroalimentacion\/#article","isPartOf":{"@id":"https:\/\/innoavi.es\/es\/el-desarrollo-y-produccion-eficiente-de-alimentos-sostenibles-objetivo-prioritario-para-la-innovacion-en-agroalimentacion\/"},"author":{"name":"paco","@id":"https:\/\/innoavi.es\/es\/#\/schema\/person\/cc5bf07456956a9205069c432fb8fa32"},"headline":"El desarrollo y producci\u00f3n eficiente de alimentos sostenibles, objetivo prioritario para la innovaci\u00f3n en agroalimentaci\u00f3n","datePublished":"2023-03-08T15:17:25+00:00","dateModified":"2023-03-08T15:18:56+00:00","mainEntityOfPage":{"@id":"https:\/\/innoavi.es\/es\/el-desarrollo-y-produccion-eficiente-de-alimentos-sostenibles-objetivo-prioritario-para-la-innovacion-en-agroalimentacion\/"},"wordCount":804,"image":{"@id":"https:\/\/innoavi.es\/es\/el-desarrollo-y-produccion-eficiente-de-alimentos-sostenibles-objetivo-prioritario-para-la-innovacion-en-agroalimentacion\/#primaryimage"},"thumbnailUrl":"https:\/\/innoavi.es\/wp-content\/uploads\/2023\/03\/220307-CEIE-Agro-1-scaled.jpg","articleSection":["Prensa","Prensa"],"inLanguage":"es"},{"@type":"WebPage","@id":"https:\/\/innoavi.es\/es\/el-desarrollo-y-produccion-eficiente-de-alimentos-sostenibles-objetivo-prioritario-para-la-innovacion-en-agroalimentacion\/","url":"https:\/\/innoavi.es\/es\/el-desarrollo-y-produccion-eficiente-de-alimentos-sostenibles-objetivo-prioritario-para-la-innovacion-en-agroalimentacion\/","name":"El desarrollo y producci\u00f3n eficiente de alimentos sostenibles, objetivo prioritario para la innovaci\u00f3n en agroalimentaci\u00f3n - AVI |\u00a0Ag\u00e8ncia Valenciana de la Innovaci\u00f3","isPartOf":{"@id":"https:\/\/innoavi.es\/es\/#website"},"primaryImageOfPage":{"@id":"https:\/\/innoavi.es\/es\/el-desarrollo-y-produccion-eficiente-de-alimentos-sostenibles-objetivo-prioritario-para-la-innovacion-en-agroalimentacion\/#primaryimage"},"image":{"@id":"https:\/\/innoavi.es\/es\/el-desarrollo-y-produccion-eficiente-de-alimentos-sostenibles-objetivo-prioritario-para-la-innovacion-en-agroalimentacion\/#primaryimage"},"thumbnailUrl":"https:\/\/innoavi.es\/wp-content\/uploads\/2023\/03\/220307-CEIE-Agro-1-scaled.jpg","datePublished":"2023-03-08T15:17:25+00:00","dateModified":"2023-03-08T15:18:56+00:00","author":{"@id":"https:\/\/innoavi.es\/es\/#\/schema\/person\/cc5bf07456956a9205069c432fb8fa32"},"description":"La AVI re\u00fane a un equipo de especialistas, coordinado por el consejero delegado de Vicky Foods, Rafael Juan, para abordar las prioridades de I+D+iApuestan","breadcrumb":{"@id":"https:\/\/innoavi.es\/es\/el-desarrollo-y-produccion-eficiente-de-alimentos-sostenibles-objetivo-prioritario-para-la-innovacion-en-agroalimentacion\/#breadcrumb"},"inLanguage":"es","potentialAction":[{"@type":"ReadAction","target":["https:\/\/innoavi.es\/es\/el-desarrollo-y-produccion-eficiente-de-alimentos-sostenibles-objetivo-prioritario-para-la-innovacion-en-agroalimentacion\/"]}]},{"@type":"ImageObject","inLanguage":"es","@id":"https:\/\/innoavi.es\/es\/el-desarrollo-y-produccion-eficiente-de-alimentos-sostenibles-objetivo-prioritario-para-la-innovacion-en-agroalimentacion\/#primaryimage","url":"https:\/\/innoavi.es\/wp-content\/uploads\/2023\/03\/220307-CEIE-Agro-1-scaled.jpg","contentUrl":"https:\/\/innoavi.es\/wp-content\/uploads\/2023\/03\/220307-CEIE-Agro-1-scaled.jpg","width":2560,"height":1920},{"@type":"BreadcrumbList","@id":"https:\/\/innoavi.es\/es\/el-desarrollo-y-produccion-eficiente-de-alimentos-sostenibles-objetivo-prioritario-para-la-innovacion-en-agroalimentacion\/#breadcrumb","itemListElement":[{"@type":"ListItem","position":1,"name":"Portada","item":"https:\/\/innoavi.es\/es\/"},{"@type":"ListItem","position":2,"name":"El desarrollo y producci\u00f3n eficiente de alimentos sostenibles, objetivo prioritario para la innovaci\u00f3n en agroalimentaci\u00f3n"}]},{"@type":"WebSite","@id":"https:\/\/innoavi.es\/es\/#website","url":"https:\/\/innoavi.es\/es\/","name":"AVI |\u00a0Ag\u00e8ncia Valenciana de la Innovaci\u00f3","description":"P\u00e0gina web oficial de l&#039;AVI","potentialAction":[{"@type":"SearchAction","target":{"@type":"EntryPoint","urlTemplate":"https:\/\/innoavi.es\/es\/?s={search_term_string}"},"query-input":{"@type":"PropertyValueSpecification","valueRequired":true,"valueName":"search_term_string"}}],"inLanguage":"es"},{"@type":"Person","@id":"https:\/\/innoavi.es\/es\/#\/schema\/person\/cc5bf07456956a9205069c432fb8fa32","name":"paco"}]}},"_links":{"self":[{"href":"https:\/\/innoavi.es\/es\/wp-json\/wp\/v2\/posts\/26844","targetHints":{"allow":["GET"]}}],"collection":[{"href":"https:\/\/innoavi.es\/es\/wp-json\/wp\/v2\/posts"}],"about":[{"href":"https:\/\/innoavi.es\/es\/wp-json\/wp\/v2\/types\/post"}],"author":[{"embeddable":true,"href":"https:\/\/innoavi.es\/es\/wp-json\/wp\/v2\/users\/12"}],"replies":[{"embeddable":true,"href":"https:\/\/innoavi.es\/es\/wp-json\/wp\/v2\/comments?post=26844"}],"version-history":[{"count":1,"href":"https:\/\/innoavi.es\/es\/wp-json\/wp\/v2\/posts\/26844\/revisions"}],"predecessor-version":[{"id":26845,"href":"https:\/\/innoavi.es\/es\/wp-json\/wp\/v2\/posts\/26844\/revisions\/26845"}],"wp:featuredmedia":[{"embeddable":true,"href":"https:\/\/innoavi.es\/es\/wp-json\/wp\/v2\/media\/26842"}],"wp:attachment":[{"href":"https:\/\/innoavi.es\/es\/wp-json\/wp\/v2\/media?parent=26844"}],"wp:term":[{"taxonomy":"category","embeddable":true,"href":"https:\/\/innoavi.es\/es\/wp-json\/wp\/v2\/categories?post=26844"},{"taxonomy":"post_tag","embeddable":true,"href":"https:\/\/innoavi.es\/es\/wp-json\/wp\/v2\/tags?post=26844"}],"curies":[{"name":"wp","href":"https:\/\/api.w.org\/{rel}","templated":true}]}}