{"id":25111,"date":"2022-08-17T16:39:21","date_gmt":"2022-08-17T14:39:21","guid":{"rendered":"https:\/\/innoavi.es\/?p=25111"},"modified":"2022-08-17T16:40:08","modified_gmt":"2022-08-17T14:40:08","slug":"la-avi-recibe-el-sello-fent-empresa-iguals-en-oportunitats-por-la-concesion-del-visado-de-su-primer-plan-de-igualdad","status":"publish","type":"post","link":"https:\/\/innoavi.es\/es\/la-avi-recibe-el-sello-fent-empresa-iguals-en-oportunitats-por-la-concesion-del-visado-de-su-primer-plan-de-igualdad\/","title":{"rendered":"La AVI recibe el sello \u2018Fent Empresa. Iguals en oportunitats\u2019 por la concesi\u00f3n del visado de su primer Plan de Igualdad"},"content":{"rendered":"<img loading=\"lazy\" decoding=\"async\" class=\"alignnone size-medium wp-image-25112\" src=\"https:\/\/innoavi.es\/wp-content\/uploads\/2022\/08\/sello_fentempresa-590x600.jpg\" alt=\"\" width=\"590\" height=\"600\" srcset=\"https:\/\/innoavi.es\/wp-content\/uploads\/2022\/08\/sello_fentempresa-590x600.jpg 590w, https:\/\/innoavi.es\/wp-content\/uploads\/2022\/08\/sello_fentempresa-768x780.jpg 768w, https:\/\/innoavi.es\/wp-content\/uploads\/2022\/08\/sello_fentempresa-541x550.jpg 541w, https:\/\/innoavi.es\/wp-content\/uploads\/2022\/08\/sello_fentempresa-81x81.jpg 81w, https:\/\/innoavi.es\/wp-content\/uploads\/2022\/08\/sello_fentempresa.jpg 800w\" sizes=\"auto, (max-width: 590px) 100vw, 590px\" \/><br \/><ul><li>La Direcci\u00f3n General del Instituto Valenciano de las Mujeres reconoce con este distintivo el compromiso de la AVI con la igualdad de g\u00e9nero<\/li><li>El primer Plan de Igualdad de la Ag\u00e8ncia, que estar\u00e1 vigente hasta 2025, recoge 18 acciones de mejora enmarcadas en siete \u00e1reas distintas de gesti\u00f3n<\/li><\/ul><p><br \/>La Ag\u00e8ncia Valenciana de la Innovaci\u00f3 (AVI) ha recibido el sello \u2018Fent empresa. Iguals en oportunitats\u2019, que otorga el Instituto Valenciano de las Mujeres, como resultado de la aprobaci\u00f3n y concesi\u00f3n del visado de su primer Plan de Igualdad, que estar\u00e1 vigente durante las pr\u00f3ximas tres anualidades.<\/p><p><br \/>A trav\u00e9s de este reconocimiento, la Direcci\u00f3n General, dependiente de la Vicepresidencia y Conselleria de Igualdad y Pol\u00edticas Inclusivas, distingue a aquellas empresas y organismos que elaboran un Plan de Igualdad para corregir las desigualdades de g\u00e9nero, incorporar medidas innovadoras que favorezcan la equidad entre hombres y mujeres y proporcionar recursos que faciliten la conciliaci\u00f3n de la vida familiar y laboral de su personal.<\/p><p><br \/>El vicepresidente ejecutivo de la Ag\u00e8ncia, Andr\u00e9s Garc\u00eda Reche, ha destacado que el plan, recientemente aprobado, garantiza la igualdad de g\u00e9nero y oportunidades en esta entidad de derecho p\u00fablico, cuya plantilla est\u00e1 compuesta mayoritariamente por mujeres, tambi\u00e9n en puestos directivos.<\/p><p><br \/>Al respecto, la secretaria general de la AVI, Olivia Estrella, ha remarcado el consenso que ha suscitado este documento durante la fase de negociaci\u00f3n y ha asegurado que \u201cse trata del primer paso de cara a adoptar medidas m\u00e1s ambiciosas en el futuro\u201d.<\/p><p><br \/>El vigente Plan de Igualdad, el primero desde la creaci\u00f3n de la instituci\u00f3n, contempla un total de 18 acciones a desarrollar en siete \u00e1reas diferentes de aplicaci\u00f3n tales como el acceso al empleo, la formaci\u00f3n y promoci\u00f3n profesional o la conciliaci\u00f3n de la vida familiar, laboral y personal, entre otras. As\u00ed, algunas de estas actuaciones como, por ejemplo, las vinculadas a la formaci\u00f3n y concienciaci\u00f3n ya han comenzado a ejecutarse.<\/p><p><br \/>Para velar por el cumplimiento del plan, se ha constituido la comisi\u00f3n de seguimiento, que es paritaria y est\u00e1 integrada por representantes de la empresa y de los trabajadores. Un \u00f3rgano que ha aprobado tanto el calendario de aplicaci\u00f3n como los indicadores necesarios para comprobar el grado de cumplimiento de cada medida.<\/p><p><br \/>Desde este comit\u00e9, que se re\u00fane con una periodicidad cuatrimestral, se impulsar\u00e1n tambi\u00e9n recomendaciones de mejora, nuevas medidas o cambios en las existentes que podr\u00e1n incorporarse al I Plan de Igualdad para garantizar el cumplimiento de los objetivos recogidos en el documento.<\/p><p><br \/>Asimismo, la Ag\u00e8ncia se ha dotado tambi\u00e9n de un protocolo de actuaci\u00f3n para prevenir y resolver las posibles situaciones de acoso sexual o por raz\u00f3n de sexo que, en cualquiera de sus formas o modalidades, pudieran producirse en el \u00e1mbito de la AVI.<\/p><p><br \/>Precisamente para reforzar la prevenci\u00f3n e identificar mejor las situaciones de acoso se contempla el desarrollo de acciones formativas y de sensibilizaci\u00f3n, si bien tambi\u00e9n se ha constituido una subcomisi\u00f3n de prevenci\u00f3n y lucha contra el acoso sexual, que ser\u00e1 la encargada de recibir las denuncias que se puedan plantear en el \u00e1mbito de su competencia.<\/p>","protected":false},"excerpt":{"rendered":"<p>La Direcci\u00f3n General del Instituto Valenciano de las Mujeres reconoce con este distintivo el compromiso de la AVI con la igualdad de g\u00e9neroEl primer Plan de Igualdad de la Ag\u00e8ncia, que estar\u00e1 vigente hasta 2025, recoge 18 acciones de mejora enmarcadas en siete \u00e1reas distintas de gesti\u00f3nLa Ag\u00e8ncia Valenciana de la Innovaci\u00f3 (AVI) ha recibido el sello \u2018Fent empresa. Iguals en oportunitats\u2019, que otorga el Instituto Valenciano de las Mujeres, como resultado de la aprobaci\u00f3n y concesi\u00f3n del visado de su primer Plan de Igualdad, que estar\u00e1 vigente durante las<a class=\"more-link\" href=\"https:\/\/innoavi.es\/es\/la-avi-recibe-el-sello-fent-empresa-iguals-en-oportunitats-por-la-concesion-del-visado-de-su-primer-plan-de-igualdad\/\">SEE DETAILS <span class=\"more-link-image\"><\/span><span class=\"more-link-hover-image\"><\/span><\/a><\/p>\n","protected":false},"author":12,"featured_media":25112,"comment_status":"closed","ping_status":"open","sticky":false,"template":"","format":"standard","meta":{"_acf_changed":false,"footnotes":""},"categories":[202],"tags":[],"class_list":["post-25111","post","type-post","status-publish","format-standard","has-post-thumbnail","hentry","category-prensa"],"acf":[],"yoast_head":"<!-- This site is optimized with the Yoast SEO plugin v26.7 - https:\/\/yoast.com\/wordpress\/plugins\/seo\/ -->\n<title>La AVI recibe el sello \u2018Fent Empresa. Iguals en oportunitats\u2019 por la concesi\u00f3n del visado de su primer Plan de Igualdad - AVI |\u00a0Ag\u00e8ncia Valenciana de la Innovaci\u00f3<\/title>\n<meta name=\"description\" content=\"La Direcci\u00f3n General del Instituto Valenciano de las Mujeres reconoce con este distintivo el compromiso de la AVI con la igualdad de g\u00e9neroEl primer Plan\" \/>\n<meta name=\"robots\" content=\"index, follow, max-snippet:-1, max-image-preview:large, max-video-preview:-1\" \/>\n<link rel=\"canonical\" href=\"https:\/\/innoavi.es\/es\/la-avi-recibe-el-sello-fent-empresa-iguals-en-oportunitats-por-la-concesion-del-visado-de-su-primer-plan-de-igualdad\/\" \/>\n<meta property=\"og:locale\" content=\"es_ES\" \/>\n<meta property=\"og:type\" content=\"article\" \/>\n<meta property=\"og:title\" content=\"La AVI recibe el sello \u2018Fent Empresa. Iguals en oportunitats\u2019 por la concesi\u00f3n del visado de su primer Plan de Igualdad - AVI |\u00a0Ag\u00e8ncia Valenciana de la Innovaci\u00f3\" \/>\n<meta property=\"og:description\" content=\"La Direcci\u00f3n General del Instituto Valenciano de las Mujeres reconoce con este distintivo el compromiso de la AVI con la igualdad de g\u00e9neroEl primer Plan\" \/>\n<meta property=\"og:url\" content=\"https:\/\/innoavi.es\/es\/la-avi-recibe-el-sello-fent-empresa-iguals-en-oportunitats-por-la-concesion-del-visado-de-su-primer-plan-de-igualdad\/\" \/>\n<meta property=\"og:site_name\" content=\"AVI |\u00a0Ag\u00e8ncia Valenciana de la Innovaci\u00f3\" \/>\n<meta property=\"article:published_time\" content=\"2022-08-17T14:39:21+00:00\" \/>\n<meta property=\"article:modified_time\" content=\"2022-08-17T14:40:08+00:00\" \/>\n<meta property=\"og:image\" content=\"https:\/\/innoavi.es\/wp-content\/uploads\/2022\/08\/sello_fentempresa.jpg\" \/>\n\t<meta property=\"og:image:width\" content=\"800\" \/>\n\t<meta property=\"og:image:height\" content=\"813\" \/>\n\t<meta property=\"og:image:type\" content=\"image\/jpeg\" \/>\n<meta name=\"author\" content=\"paco\" \/>\n<meta name=\"twitter:card\" content=\"summary_large_image\" \/>\n<meta name=\"twitter:creator\" content=\"@GVAavi\" \/>\n<meta name=\"twitter:site\" content=\"@GVAavi\" \/>\n<meta name=\"twitter:label1\" content=\"Escrito por\" \/>\n\t<meta name=\"twitter:data1\" content=\"paco\" \/>\n\t<meta name=\"twitter:label2\" content=\"Tiempo de lectura\" \/>\n\t<meta name=\"twitter:data2\" content=\"3 minutos\" \/>\n<script type=\"application\/ld+json\" class=\"yoast-schema-graph\">{\"@context\":\"https:\/\/schema.org\",\"@graph\":[{\"@type\":\"Article\",\"@id\":\"https:\/\/innoavi.es\/es\/la-avi-recibe-el-sello-fent-empresa-iguals-en-oportunitats-por-la-concesion-del-visado-de-su-primer-plan-de-igualdad\/#article\",\"isPartOf\":{\"@id\":\"https:\/\/innoavi.es\/es\/la-avi-recibe-el-sello-fent-empresa-iguals-en-oportunitats-por-la-concesion-del-visado-de-su-primer-plan-de-igualdad\/\"},\"author\":{\"name\":\"paco\",\"@id\":\"https:\/\/innoavi.es\/es\/#\/schema\/person\/cc5bf07456956a9205069c432fb8fa32\"},\"headline\":\"La AVI recibe el sello \u2018Fent Empresa. Iguals en oportunitats\u2019 por la concesi\u00f3n del visado de su primer Plan de Igualdad\",\"datePublished\":\"2022-08-17T14:39:21+00:00\",\"dateModified\":\"2022-08-17T14:40:08+00:00\",\"mainEntityOfPage\":{\"@id\":\"https:\/\/innoavi.es\/es\/la-avi-recibe-el-sello-fent-empresa-iguals-en-oportunitats-por-la-concesion-del-visado-de-su-primer-plan-de-igualdad\/\"},\"wordCount\":568,\"image\":{\"@id\":\"https:\/\/innoavi.es\/es\/la-avi-recibe-el-sello-fent-empresa-iguals-en-oportunitats-por-la-concesion-del-visado-de-su-primer-plan-de-igualdad\/#primaryimage\"},\"thumbnailUrl\":\"https:\/\/innoavi.es\/wp-content\/uploads\/2022\/08\/sello_fentempresa.jpg\",\"articleSection\":[\"Prensa\"],\"inLanguage\":\"es\"},{\"@type\":\"WebPage\",\"@id\":\"https:\/\/innoavi.es\/es\/la-avi-recibe-el-sello-fent-empresa-iguals-en-oportunitats-por-la-concesion-del-visado-de-su-primer-plan-de-igualdad\/\",\"url\":\"https:\/\/innoavi.es\/es\/la-avi-recibe-el-sello-fent-empresa-iguals-en-oportunitats-por-la-concesion-del-visado-de-su-primer-plan-de-igualdad\/\",\"name\":\"La AVI recibe el sello \u2018Fent Empresa. Iguals en oportunitats\u2019 por la concesi\u00f3n del visado de su primer Plan de Igualdad - AVI |\u00a0Ag\u00e8ncia Valenciana de la Innovaci\u00f3\",\"isPartOf\":{\"@id\":\"https:\/\/innoavi.es\/es\/#website\"},\"primaryImageOfPage\":{\"@id\":\"https:\/\/innoavi.es\/es\/la-avi-recibe-el-sello-fent-empresa-iguals-en-oportunitats-por-la-concesion-del-visado-de-su-primer-plan-de-igualdad\/#primaryimage\"},\"image\":{\"@id\":\"https:\/\/innoavi.es\/es\/la-avi-recibe-el-sello-fent-empresa-iguals-en-oportunitats-por-la-concesion-del-visado-de-su-primer-plan-de-igualdad\/#primaryimage\"},\"thumbnailUrl\":\"https:\/\/innoavi.es\/wp-content\/uploads\/2022\/08\/sello_fentempresa.jpg\",\"datePublished\":\"2022-08-17T14:39:21+00:00\",\"dateModified\":\"2022-08-17T14:40:08+00:00\",\"author\":{\"@id\":\"https:\/\/innoavi.es\/es\/#\/schema\/person\/cc5bf07456956a9205069c432fb8fa32\"},\"description\":\"La Direcci\u00f3n General del Instituto Valenciano de las Mujeres reconoce con este distintivo el compromiso de la AVI con la igualdad de g\u00e9neroEl primer Plan\",\"breadcrumb\":{\"@id\":\"https:\/\/innoavi.es\/es\/la-avi-recibe-el-sello-fent-empresa-iguals-en-oportunitats-por-la-concesion-del-visado-de-su-primer-plan-de-igualdad\/#breadcrumb\"},\"inLanguage\":\"es\",\"potentialAction\":[{\"@type\":\"ReadAction\",\"target\":[\"https:\/\/innoavi.es\/es\/la-avi-recibe-el-sello-fent-empresa-iguals-en-oportunitats-por-la-concesion-del-visado-de-su-primer-plan-de-igualdad\/\"]}]},{\"@type\":\"ImageObject\",\"inLanguage\":\"es\",\"@id\":\"https:\/\/innoavi.es\/es\/la-avi-recibe-el-sello-fent-empresa-iguals-en-oportunitats-por-la-concesion-del-visado-de-su-primer-plan-de-igualdad\/#primaryimage\",\"url\":\"https:\/\/innoavi.es\/wp-content\/uploads\/2022\/08\/sello_fentempresa.jpg\",\"contentUrl\":\"https:\/\/innoavi.es\/wp-content\/uploads\/2022\/08\/sello_fentempresa.jpg\",\"width\":800,\"height\":813},{\"@type\":\"BreadcrumbList\",\"@id\":\"https:\/\/innoavi.es\/es\/la-avi-recibe-el-sello-fent-empresa-iguals-en-oportunitats-por-la-concesion-del-visado-de-su-primer-plan-de-igualdad\/#breadcrumb\",\"itemListElement\":[{\"@type\":\"ListItem\",\"position\":1,\"name\":\"Portada\",\"item\":\"https:\/\/innoavi.es\/es\/\"},{\"@type\":\"ListItem\",\"position\":2,\"name\":\"La AVI recibe el sello \u2018Fent Empresa. Iguals en oportunitats\u2019 por la concesi\u00f3n del visado de su primer Plan de Igualdad\"}]},{\"@type\":\"WebSite\",\"@id\":\"https:\/\/innoavi.es\/es\/#website\",\"url\":\"https:\/\/innoavi.es\/es\/\",\"name\":\"AVI |\u00a0Ag\u00e8ncia Valenciana de la Innovaci\u00f3\",\"description\":\"P\u00e0gina web oficial de l&#039;AVI\",\"potentialAction\":[{\"@type\":\"SearchAction\",\"target\":{\"@type\":\"EntryPoint\",\"urlTemplate\":\"https:\/\/innoavi.es\/es\/?s={search_term_string}\"},\"query-input\":{\"@type\":\"PropertyValueSpecification\",\"valueRequired\":true,\"valueName\":\"search_term_string\"}}],\"inLanguage\":\"es\"},{\"@type\":\"Person\",\"@id\":\"https:\/\/innoavi.es\/es\/#\/schema\/person\/cc5bf07456956a9205069c432fb8fa32\",\"name\":\"paco\"}]}<\/script>\n<!-- \/ Yoast SEO plugin. -->","yoast_head_json":{"title":"La AVI recibe el sello \u2018Fent Empresa. Iguals en oportunitats\u2019 por la concesi\u00f3n del visado de su primer Plan de Igualdad - AVI |\u00a0Ag\u00e8ncia Valenciana de la Innovaci\u00f3","description":"La Direcci\u00f3n General del Instituto Valenciano de las Mujeres reconoce con este distintivo el compromiso de la AVI con la igualdad de g\u00e9neroEl primer Plan","robots":{"index":"index","follow":"follow","max-snippet":"max-snippet:-1","max-image-preview":"max-image-preview:large","max-video-preview":"max-video-preview:-1"},"canonical":"https:\/\/innoavi.es\/es\/la-avi-recibe-el-sello-fent-empresa-iguals-en-oportunitats-por-la-concesion-del-visado-de-su-primer-plan-de-igualdad\/","og_locale":"es_ES","og_type":"article","og_title":"La AVI recibe el sello \u2018Fent Empresa. Iguals en oportunitats\u2019 por la concesi\u00f3n del visado de su primer Plan de Igualdad - AVI |\u00a0Ag\u00e8ncia Valenciana de la Innovaci\u00f3","og_description":"La Direcci\u00f3n General del Instituto Valenciano de las Mujeres reconoce con este distintivo el compromiso de la AVI con la igualdad de g\u00e9neroEl primer Plan","og_url":"https:\/\/innoavi.es\/es\/la-avi-recibe-el-sello-fent-empresa-iguals-en-oportunitats-por-la-concesion-del-visado-de-su-primer-plan-de-igualdad\/","og_site_name":"AVI |\u00a0Ag\u00e8ncia Valenciana de la Innovaci\u00f3","article_published_time":"2022-08-17T14:39:21+00:00","article_modified_time":"2022-08-17T14:40:08+00:00","og_image":[{"width":800,"height":813,"url":"https:\/\/innoavi.es\/wp-content\/uploads\/2022\/08\/sello_fentempresa.jpg","type":"image\/jpeg"}],"author":"paco","twitter_card":"summary_large_image","twitter_creator":"@GVAavi","twitter_site":"@GVAavi","twitter_misc":{"Escrito por":"paco","Tiempo de lectura":"3 minutos"},"schema":{"@context":"https:\/\/schema.org","@graph":[{"@type":"Article","@id":"https:\/\/innoavi.es\/es\/la-avi-recibe-el-sello-fent-empresa-iguals-en-oportunitats-por-la-concesion-del-visado-de-su-primer-plan-de-igualdad\/#article","isPartOf":{"@id":"https:\/\/innoavi.es\/es\/la-avi-recibe-el-sello-fent-empresa-iguals-en-oportunitats-por-la-concesion-del-visado-de-su-primer-plan-de-igualdad\/"},"author":{"name":"paco","@id":"https:\/\/innoavi.es\/es\/#\/schema\/person\/cc5bf07456956a9205069c432fb8fa32"},"headline":"La AVI recibe el sello \u2018Fent Empresa. Iguals en oportunitats\u2019 por la concesi\u00f3n del visado de su primer Plan de Igualdad","datePublished":"2022-08-17T14:39:21+00:00","dateModified":"2022-08-17T14:40:08+00:00","mainEntityOfPage":{"@id":"https:\/\/innoavi.es\/es\/la-avi-recibe-el-sello-fent-empresa-iguals-en-oportunitats-por-la-concesion-del-visado-de-su-primer-plan-de-igualdad\/"},"wordCount":568,"image":{"@id":"https:\/\/innoavi.es\/es\/la-avi-recibe-el-sello-fent-empresa-iguals-en-oportunitats-por-la-concesion-del-visado-de-su-primer-plan-de-igualdad\/#primaryimage"},"thumbnailUrl":"https:\/\/innoavi.es\/wp-content\/uploads\/2022\/08\/sello_fentempresa.jpg","articleSection":["Prensa"],"inLanguage":"es"},{"@type":"WebPage","@id":"https:\/\/innoavi.es\/es\/la-avi-recibe-el-sello-fent-empresa-iguals-en-oportunitats-por-la-concesion-del-visado-de-su-primer-plan-de-igualdad\/","url":"https:\/\/innoavi.es\/es\/la-avi-recibe-el-sello-fent-empresa-iguals-en-oportunitats-por-la-concesion-del-visado-de-su-primer-plan-de-igualdad\/","name":"La AVI recibe el sello \u2018Fent Empresa. Iguals en oportunitats\u2019 por la concesi\u00f3n del visado de su primer Plan de Igualdad - AVI |\u00a0Ag\u00e8ncia Valenciana de la Innovaci\u00f3","isPartOf":{"@id":"https:\/\/innoavi.es\/es\/#website"},"primaryImageOfPage":{"@id":"https:\/\/innoavi.es\/es\/la-avi-recibe-el-sello-fent-empresa-iguals-en-oportunitats-por-la-concesion-del-visado-de-su-primer-plan-de-igualdad\/#primaryimage"},"image":{"@id":"https:\/\/innoavi.es\/es\/la-avi-recibe-el-sello-fent-empresa-iguals-en-oportunitats-por-la-concesion-del-visado-de-su-primer-plan-de-igualdad\/#primaryimage"},"thumbnailUrl":"https:\/\/innoavi.es\/wp-content\/uploads\/2022\/08\/sello_fentempresa.jpg","datePublished":"2022-08-17T14:39:21+00:00","dateModified":"2022-08-17T14:40:08+00:00","author":{"@id":"https:\/\/innoavi.es\/es\/#\/schema\/person\/cc5bf07456956a9205069c432fb8fa32"},"description":"La Direcci\u00f3n General del Instituto Valenciano de las Mujeres reconoce con este distintivo el compromiso de la AVI con la igualdad de g\u00e9neroEl primer Plan","breadcrumb":{"@id":"https:\/\/innoavi.es\/es\/la-avi-recibe-el-sello-fent-empresa-iguals-en-oportunitats-por-la-concesion-del-visado-de-su-primer-plan-de-igualdad\/#breadcrumb"},"inLanguage":"es","potentialAction":[{"@type":"ReadAction","target":["https:\/\/innoavi.es\/es\/la-avi-recibe-el-sello-fent-empresa-iguals-en-oportunitats-por-la-concesion-del-visado-de-su-primer-plan-de-igualdad\/"]}]},{"@type":"ImageObject","inLanguage":"es","@id":"https:\/\/innoavi.es\/es\/la-avi-recibe-el-sello-fent-empresa-iguals-en-oportunitats-por-la-concesion-del-visado-de-su-primer-plan-de-igualdad\/#primaryimage","url":"https:\/\/innoavi.es\/wp-content\/uploads\/2022\/08\/sello_fentempresa.jpg","contentUrl":"https:\/\/innoavi.es\/wp-content\/uploads\/2022\/08\/sello_fentempresa.jpg","width":800,"height":813},{"@type":"BreadcrumbList","@id":"https:\/\/innoavi.es\/es\/la-avi-recibe-el-sello-fent-empresa-iguals-en-oportunitats-por-la-concesion-del-visado-de-su-primer-plan-de-igualdad\/#breadcrumb","itemListElement":[{"@type":"ListItem","position":1,"name":"Portada","item":"https:\/\/innoavi.es\/es\/"},{"@type":"ListItem","position":2,"name":"La AVI recibe el sello \u2018Fent Empresa. Iguals en oportunitats\u2019 por la concesi\u00f3n del visado de su primer Plan de Igualdad"}]},{"@type":"WebSite","@id":"https:\/\/innoavi.es\/es\/#website","url":"https:\/\/innoavi.es\/es\/","name":"AVI |\u00a0Ag\u00e8ncia Valenciana de la Innovaci\u00f3","description":"P\u00e0gina web oficial de l&#039;AVI","potentialAction":[{"@type":"SearchAction","target":{"@type":"EntryPoint","urlTemplate":"https:\/\/innoavi.es\/es\/?s={search_term_string}"},"query-input":{"@type":"PropertyValueSpecification","valueRequired":true,"valueName":"search_term_string"}}],"inLanguage":"es"},{"@type":"Person","@id":"https:\/\/innoavi.es\/es\/#\/schema\/person\/cc5bf07456956a9205069c432fb8fa32","name":"paco"}]}},"_links":{"self":[{"href":"https:\/\/innoavi.es\/es\/wp-json\/wp\/v2\/posts\/25111","targetHints":{"allow":["GET"]}}],"collection":[{"href":"https:\/\/innoavi.es\/es\/wp-json\/wp\/v2\/posts"}],"about":[{"href":"https:\/\/innoavi.es\/es\/wp-json\/wp\/v2\/types\/post"}],"author":[{"embeddable":true,"href":"https:\/\/innoavi.es\/es\/wp-json\/wp\/v2\/users\/12"}],"replies":[{"embeddable":true,"href":"https:\/\/innoavi.es\/es\/wp-json\/wp\/v2\/comments?post=25111"}],"version-history":[{"count":2,"href":"https:\/\/innoavi.es\/es\/wp-json\/wp\/v2\/posts\/25111\/revisions"}],"predecessor-version":[{"id":25116,"href":"https:\/\/innoavi.es\/es\/wp-json\/wp\/v2\/posts\/25111\/revisions\/25116"}],"wp:featuredmedia":[{"embeddable":true,"href":"https:\/\/innoavi.es\/es\/wp-json\/wp\/v2\/media\/25112"}],"wp:attachment":[{"href":"https:\/\/innoavi.es\/es\/wp-json\/wp\/v2\/media?parent=25111"}],"wp:term":[{"taxonomy":"category","embeddable":true,"href":"https:\/\/innoavi.es\/es\/wp-json\/wp\/v2\/categories?post=25111"},{"taxonomy":"post_tag","embeddable":true,"href":"https:\/\/innoavi.es\/es\/wp-json\/wp\/v2\/tags?post=25111"}],"curies":[{"name":"wp","href":"https:\/\/api.w.org\/{rel}","templated":true}]}}