{"id":25017,"date":"2022-08-03T17:08:27","date_gmt":"2022-08-03T15:08:27","guid":{"rendered":"https:\/\/innoavi.es\/?p=25017"},"modified":"2022-08-03T17:08:27","modified_gmt":"2022-08-03T15:08:27","slug":"el-consell-colabora-con-la-asociacion-de-disenadores-para-impulsar-la-innovacion-en-el-tejido-productivo-a-traves-del-diseno","status":"publish","type":"post","link":"https:\/\/innoavi.es\/es\/el-consell-colabora-con-la-asociacion-de-disenadores-para-impulsar-la-innovacion-en-el-tejido-productivo-a-traves-del-diseno\/","title":{"rendered":"El Consell colabora con la Asociaci\u00f3n de Dise\u00f1adores para impulsar la innovaci\u00f3n en el tejido productivo a trav\u00e9s del dise\u00f1o"},"content":{"rendered":"<img loading=\"lazy\" decoding=\"async\" class=\"alignnone size-medium wp-image-25011\" src=\"https:\/\/innoavi.es\/wp-content\/uploads\/2022\/08\/oid-600x276.png\" alt=\"\" width=\"600\" height=\"276\" srcset=\"https:\/\/innoavi.es\/wp-content\/uploads\/2022\/08\/oid-600x276.png 600w, https:\/\/innoavi.es\/wp-content\/uploads\/2022\/08\/oid-1024x471.png 1024w, https:\/\/innoavi.es\/wp-content\/uploads\/2022\/08\/oid-768x354.png 768w, https:\/\/innoavi.es\/wp-content\/uploads\/2022\/08\/oid-1536x707.png 1536w, https:\/\/innoavi.es\/wp-content\/uploads\/2022\/08\/oid-1180x543.png 1180w, https:\/\/innoavi.es\/wp-content\/uploads\/2022\/08\/oid.png 1892w\" sizes=\"auto, (max-width: 600px) 100vw, 600px\" \/><br \/><br \/><strong>&#8211; El convenio entre la AVI y la ADCV contempla la creaci\u00f3n de un observatorio para evaluar el impacto del dise\u00f1o y proponer mejoras<\/strong><br \/><strong>&#8211; Se optimizar\u00e1 el kit de autodiagn\u00f3stico para empresas con una nueva escala que estima el uso y orientaci\u00f3n del dise\u00f1o en las empresas<\/strong><br \/><p><br \/>El Consell ha aprobado un convenio de colaboraci\u00f3n entre la Ag\u00e8ncia Valenciana de la Innovaci\u00f3 (AVI) y la Asociaci\u00f3n de Dise\u00f1adores de la Comunitat Valenciana (ADCV) con el fin de impulsar acciones que permitan reforzar el dise\u00f1o como sector estrat\u00e9gico y eje transversal de la innovaci\u00f3n aplicada al tejido productivo.<br \/><br \/>El acuerdo, que contempla una aportaci\u00f3n de 150.000 euros, favorecer\u00e1 la integraci\u00f3n del dise\u00f1o en las empresas para elevar su productividad y competitividad en el mercado global a trav\u00e9s de tres grandes ejes de actuaci\u00f3n: la creaci\u00f3n del Observatorio del Impacto del Dise\u00f1o, Oid!; la implementaci\u00f3n de la Escala de Orientaci\u00f3n al Dise\u00f1o como herramienta digital para el autodiagn\u00f3stico empresarial; y la identificaci\u00f3n de un sistema de indicadores con el que evaluar de forma efectiva la capacidad de innovaci\u00f3n de las distintas organizaciones.<br \/><br \/>De este modo, el Oid! se erige en un espacio referente en investigaci\u00f3n e innovaci\u00f3n centrado en el an\u00e1lisis y la difusi\u00f3n del impacto del dise\u00f1o en la sociedad, con el foco situado especialmente en las empresas y la industria. Esta iniciativa se fundamenta en los proyectos que, desde 2018, ha desarrollado la ADCV con apoyo de la AVI, y que se centran en la generaci\u00f3n de conocimiento para satisfacer las necesidades del tejido productivo a trav\u00e9s del dise\u00f1o.<br \/><br \/>Este Observatorio tiene como principales objetivos el an\u00e1lisis del impacto del dise\u00f1o en la sociedad y su evoluci\u00f3n, la propuesta de \u00e1reas de mejora y de herramientas que faciliten una gesti\u00f3n eficaz del dise\u00f1o, as\u00ed como la difusi\u00f3n de estos hitos, ejerciendo de puente entre las esferas cient\u00edfica y acad\u00e9mica y la sociedad.<br \/><br \/>Tambi\u00e9n en el marco de esta iniciativa, se desarrollar\u00e1 la Escala de Orientaci\u00f3n al Dise\u00f1o, con el objeto de que las empresas puedan evaluar de forma objetiva y cuantitativa su uso y orientaci\u00f3n al dise\u00f1o. Este nuevo recurso se integrar\u00e1 a su vez en el kit de autodiagn\u00f3stico D-ToolBox, un instrumento de an\u00e1lisis impulsado por la ADCV que tambi\u00e9n se someter\u00e1 a mejoras significativas a lo largo del ejercicio.<br \/><br \/>Precisamente para estudiar los diferentes factores que inciden en la mejora de la capacidad de I+D+i de las empresas a trav\u00e9s del dise\u00f1o, se avanzar\u00e1 en estudio y definici\u00f3n de unos indicadores de innovaci\u00f3n homog\u00e9neos que permitan demostrar esta correlaci\u00f3n.<br \/><br \/>El convenio entre la AVI y la ADCV refuerza as\u00ed las pol\u00edticas p\u00fablicas de apoyo al dise\u00f1o impulsadas por la Generalitat en el a\u00f1o en que Val\u00e8ncia ostenta la capital mundial, tras su designaci\u00f3n por el World Design Forum.<\/p>","protected":false},"excerpt":{"rendered":"<p>&#8211; El convenio entre la AVI y la ADCV contempla la creaci\u00f3n de un observatorio para evaluar el impacto del dise\u00f1o y proponer mejoras&#8211; Se optimizar\u00e1 el kit de autodiagn\u00f3stico para empresas con una nueva escala que estima el uso y orientaci\u00f3n del dise\u00f1o en las empresasEl Consell ha aprobado un convenio de colaboraci\u00f3n entre la Ag\u00e8ncia Valenciana de la Innovaci\u00f3 (AVI) y la Asociaci\u00f3n de Dise\u00f1adores de la Comunitat Valenciana (ADCV) con el fin de impulsar acciones que permitan reforzar el dise\u00f1o como sector estrat\u00e9gico y eje transversal de<a class=\"more-link\" href=\"https:\/\/innoavi.es\/es\/el-consell-colabora-con-la-asociacion-de-disenadores-para-impulsar-la-innovacion-en-el-tejido-productivo-a-traves-del-diseno\/\">SEE DETAILS <span class=\"more-link-image\"><\/span><span class=\"more-link-hover-image\"><\/span><\/a><\/p>\n","protected":false},"author":12,"featured_media":25015,"comment_status":"closed","ping_status":"open","sticky":false,"template":"","format":"standard","meta":{"_acf_changed":false,"footnotes":""},"categories":[202],"tags":[],"class_list":["post-25017","post","type-post","status-publish","format-standard","has-post-thumbnail","hentry","category-prensa"],"acf":[],"yoast_head":"<!-- This site is optimized with the Yoast SEO plugin v26.7 - https:\/\/yoast.com\/wordpress\/plugins\/seo\/ -->\n<title>El Consell colabora con la Asociaci\u00f3n de Dise\u00f1adores para impulsar la innovaci\u00f3n en el tejido productivo a trav\u00e9s del dise\u00f1o - AVI |\u00a0Ag\u00e8ncia Valenciana de la Innovaci\u00f3<\/title>\n<meta name=\"description\" content=\"- El convenio entre la AVI y la ADCV contempla la creaci\u00f3n de un observatorio para evaluar el impacto del dise\u00f1o y proponer mejoras- Se optimizar\u00e1 el kit\" \/>\n<meta name=\"robots\" content=\"index, follow, max-snippet:-1, max-image-preview:large, max-video-preview:-1\" \/>\n<link rel=\"canonical\" href=\"https:\/\/innoavi.es\/es\/el-consell-colabora-con-la-asociacion-de-disenadores-para-impulsar-la-innovacion-en-el-tejido-productivo-a-traves-del-diseno\/\" \/>\n<meta property=\"og:locale\" content=\"es_ES\" \/>\n<meta property=\"og:type\" content=\"article\" \/>\n<meta property=\"og:title\" content=\"El Consell colabora con la Asociaci\u00f3n de Dise\u00f1adores para impulsar la innovaci\u00f3n en el tejido productivo a trav\u00e9s del dise\u00f1o - AVI |\u00a0Ag\u00e8ncia Valenciana de la Innovaci\u00f3\" \/>\n<meta property=\"og:description\" content=\"- El convenio entre la AVI y la ADCV contempla la creaci\u00f3n de un observatorio para evaluar el impacto del dise\u00f1o y proponer mejoras- Se optimizar\u00e1 el kit\" \/>\n<meta property=\"og:url\" content=\"https:\/\/innoavi.es\/es\/el-consell-colabora-con-la-asociacion-de-disenadores-para-impulsar-la-innovacion-en-el-tejido-productivo-a-traves-del-diseno\/\" \/>\n<meta property=\"og:site_name\" content=\"AVI |\u00a0Ag\u00e8ncia Valenciana de la Innovaci\u00f3\" \/>\n<meta property=\"article:published_time\" content=\"2022-08-03T15:08:27+00:00\" \/>\n<meta property=\"og:image\" content=\"https:\/\/innoavi.es\/wp-content\/uploads\/2022\/08\/oid2.png\" \/>\n\t<meta property=\"og:image:width\" content=\"935\" \/>\n\t<meta property=\"og:image:height\" content=\"701\" \/>\n\t<meta property=\"og:image:type\" content=\"image\/png\" \/>\n<meta name=\"author\" content=\"paco\" \/>\n<meta name=\"twitter:card\" content=\"summary_large_image\" \/>\n<meta name=\"twitter:creator\" content=\"@GVAavi\" \/>\n<meta name=\"twitter:site\" content=\"@GVAavi\" \/>\n<meta name=\"twitter:label1\" content=\"Escrito por\" \/>\n\t<meta name=\"twitter:data1\" content=\"paco\" \/>\n\t<meta name=\"twitter:label2\" content=\"Tiempo de lectura\" \/>\n\t<meta name=\"twitter:data2\" content=\"3 minutos\" \/>\n<script type=\"application\/ld+json\" class=\"yoast-schema-graph\">{\"@context\":\"https:\/\/schema.org\",\"@graph\":[{\"@type\":\"Article\",\"@id\":\"https:\/\/innoavi.es\/es\/el-consell-colabora-con-la-asociacion-de-disenadores-para-impulsar-la-innovacion-en-el-tejido-productivo-a-traves-del-diseno\/#article\",\"isPartOf\":{\"@id\":\"https:\/\/innoavi.es\/es\/el-consell-colabora-con-la-asociacion-de-disenadores-para-impulsar-la-innovacion-en-el-tejido-productivo-a-traves-del-diseno\/\"},\"author\":{\"name\":\"paco\",\"@id\":\"https:\/\/innoavi.es\/es\/#\/schema\/person\/cc5bf07456956a9205069c432fb8fa32\"},\"headline\":\"El Consell colabora con la Asociaci\u00f3n de Dise\u00f1adores para impulsar la innovaci\u00f3n en el tejido productivo a trav\u00e9s del dise\u00f1o\",\"datePublished\":\"2022-08-03T15:08:27+00:00\",\"mainEntityOfPage\":{\"@id\":\"https:\/\/innoavi.es\/es\/el-consell-colabora-con-la-asociacion-de-disenadores-para-impulsar-la-innovacion-en-el-tejido-productivo-a-traves-del-diseno\/\"},\"wordCount\":547,\"image\":{\"@id\":\"https:\/\/innoavi.es\/es\/el-consell-colabora-con-la-asociacion-de-disenadores-para-impulsar-la-innovacion-en-el-tejido-productivo-a-traves-del-diseno\/#primaryimage\"},\"thumbnailUrl\":\"https:\/\/innoavi.es\/wp-content\/uploads\/2022\/08\/oid2.png\",\"articleSection\":[\"Prensa\"],\"inLanguage\":\"es\"},{\"@type\":\"WebPage\",\"@id\":\"https:\/\/innoavi.es\/es\/el-consell-colabora-con-la-asociacion-de-disenadores-para-impulsar-la-innovacion-en-el-tejido-productivo-a-traves-del-diseno\/\",\"url\":\"https:\/\/innoavi.es\/es\/el-consell-colabora-con-la-asociacion-de-disenadores-para-impulsar-la-innovacion-en-el-tejido-productivo-a-traves-del-diseno\/\",\"name\":\"El Consell colabora con la Asociaci\u00f3n de Dise\u00f1adores para impulsar la innovaci\u00f3n en el tejido productivo a trav\u00e9s del dise\u00f1o - AVI |\u00a0Ag\u00e8ncia Valenciana de la Innovaci\u00f3\",\"isPartOf\":{\"@id\":\"https:\/\/innoavi.es\/es\/#website\"},\"primaryImageOfPage\":{\"@id\":\"https:\/\/innoavi.es\/es\/el-consell-colabora-con-la-asociacion-de-disenadores-para-impulsar-la-innovacion-en-el-tejido-productivo-a-traves-del-diseno\/#primaryimage\"},\"image\":{\"@id\":\"https:\/\/innoavi.es\/es\/el-consell-colabora-con-la-asociacion-de-disenadores-para-impulsar-la-innovacion-en-el-tejido-productivo-a-traves-del-diseno\/#primaryimage\"},\"thumbnailUrl\":\"https:\/\/innoavi.es\/wp-content\/uploads\/2022\/08\/oid2.png\",\"datePublished\":\"2022-08-03T15:08:27+00:00\",\"author\":{\"@id\":\"https:\/\/innoavi.es\/es\/#\/schema\/person\/cc5bf07456956a9205069c432fb8fa32\"},\"description\":\"- El convenio entre la AVI y la ADCV contempla la creaci\u00f3n de un observatorio para evaluar el impacto del dise\u00f1o y proponer mejoras- Se optimizar\u00e1 el kit\",\"breadcrumb\":{\"@id\":\"https:\/\/innoavi.es\/es\/el-consell-colabora-con-la-asociacion-de-disenadores-para-impulsar-la-innovacion-en-el-tejido-productivo-a-traves-del-diseno\/#breadcrumb\"},\"inLanguage\":\"es\",\"potentialAction\":[{\"@type\":\"ReadAction\",\"target\":[\"https:\/\/innoavi.es\/es\/el-consell-colabora-con-la-asociacion-de-disenadores-para-impulsar-la-innovacion-en-el-tejido-productivo-a-traves-del-diseno\/\"]}]},{\"@type\":\"ImageObject\",\"inLanguage\":\"es\",\"@id\":\"https:\/\/innoavi.es\/es\/el-consell-colabora-con-la-asociacion-de-disenadores-para-impulsar-la-innovacion-en-el-tejido-productivo-a-traves-del-diseno\/#primaryimage\",\"url\":\"https:\/\/innoavi.es\/wp-content\/uploads\/2022\/08\/oid2.png\",\"contentUrl\":\"https:\/\/innoavi.es\/wp-content\/uploads\/2022\/08\/oid2.png\",\"width\":935,\"height\":701},{\"@type\":\"BreadcrumbList\",\"@id\":\"https:\/\/innoavi.es\/es\/el-consell-colabora-con-la-asociacion-de-disenadores-para-impulsar-la-innovacion-en-el-tejido-productivo-a-traves-del-diseno\/#breadcrumb\",\"itemListElement\":[{\"@type\":\"ListItem\",\"position\":1,\"name\":\"Portada\",\"item\":\"https:\/\/innoavi.es\/es\/\"},{\"@type\":\"ListItem\",\"position\":2,\"name\":\"El Consell colabora con la Asociaci\u00f3n de Dise\u00f1adores para impulsar la innovaci\u00f3n en el tejido productivo a trav\u00e9s del dise\u00f1o\"}]},{\"@type\":\"WebSite\",\"@id\":\"https:\/\/innoavi.es\/es\/#website\",\"url\":\"https:\/\/innoavi.es\/es\/\",\"name\":\"AVI |\u00a0Ag\u00e8ncia Valenciana de la Innovaci\u00f3\",\"description\":\"P\u00e0gina web oficial de l&#039;AVI\",\"potentialAction\":[{\"@type\":\"SearchAction\",\"target\":{\"@type\":\"EntryPoint\",\"urlTemplate\":\"https:\/\/innoavi.es\/es\/?s={search_term_string}\"},\"query-input\":{\"@type\":\"PropertyValueSpecification\",\"valueRequired\":true,\"valueName\":\"search_term_string\"}}],\"inLanguage\":\"es\"},{\"@type\":\"Person\",\"@id\":\"https:\/\/innoavi.es\/es\/#\/schema\/person\/cc5bf07456956a9205069c432fb8fa32\",\"name\":\"paco\"}]}<\/script>\n<!-- \/ Yoast SEO plugin. -->","yoast_head_json":{"title":"El Consell colabora con la Asociaci\u00f3n de Dise\u00f1adores para impulsar la innovaci\u00f3n en el tejido productivo a trav\u00e9s del dise\u00f1o - AVI |\u00a0Ag\u00e8ncia Valenciana de la Innovaci\u00f3","description":"- El convenio entre la AVI y la ADCV contempla la creaci\u00f3n de un observatorio para evaluar el impacto del dise\u00f1o y proponer mejoras- Se optimizar\u00e1 el kit","robots":{"index":"index","follow":"follow","max-snippet":"max-snippet:-1","max-image-preview":"max-image-preview:large","max-video-preview":"max-video-preview:-1"},"canonical":"https:\/\/innoavi.es\/es\/el-consell-colabora-con-la-asociacion-de-disenadores-para-impulsar-la-innovacion-en-el-tejido-productivo-a-traves-del-diseno\/","og_locale":"es_ES","og_type":"article","og_title":"El Consell colabora con la Asociaci\u00f3n de Dise\u00f1adores para impulsar la innovaci\u00f3n en el tejido productivo a trav\u00e9s del dise\u00f1o - AVI |\u00a0Ag\u00e8ncia Valenciana de la Innovaci\u00f3","og_description":"- El convenio entre la AVI y la ADCV contempla la creaci\u00f3n de un observatorio para evaluar el impacto del dise\u00f1o y proponer mejoras- Se optimizar\u00e1 el kit","og_url":"https:\/\/innoavi.es\/es\/el-consell-colabora-con-la-asociacion-de-disenadores-para-impulsar-la-innovacion-en-el-tejido-productivo-a-traves-del-diseno\/","og_site_name":"AVI |\u00a0Ag\u00e8ncia Valenciana de la Innovaci\u00f3","article_published_time":"2022-08-03T15:08:27+00:00","og_image":[{"width":935,"height":701,"url":"https:\/\/innoavi.es\/wp-content\/uploads\/2022\/08\/oid2.png","type":"image\/png"}],"author":"paco","twitter_card":"summary_large_image","twitter_creator":"@GVAavi","twitter_site":"@GVAavi","twitter_misc":{"Escrito por":"paco","Tiempo de lectura":"3 minutos"},"schema":{"@context":"https:\/\/schema.org","@graph":[{"@type":"Article","@id":"https:\/\/innoavi.es\/es\/el-consell-colabora-con-la-asociacion-de-disenadores-para-impulsar-la-innovacion-en-el-tejido-productivo-a-traves-del-diseno\/#article","isPartOf":{"@id":"https:\/\/innoavi.es\/es\/el-consell-colabora-con-la-asociacion-de-disenadores-para-impulsar-la-innovacion-en-el-tejido-productivo-a-traves-del-diseno\/"},"author":{"name":"paco","@id":"https:\/\/innoavi.es\/es\/#\/schema\/person\/cc5bf07456956a9205069c432fb8fa32"},"headline":"El Consell colabora con la Asociaci\u00f3n de Dise\u00f1adores para impulsar la innovaci\u00f3n en el tejido productivo a trav\u00e9s del dise\u00f1o","datePublished":"2022-08-03T15:08:27+00:00","mainEntityOfPage":{"@id":"https:\/\/innoavi.es\/es\/el-consell-colabora-con-la-asociacion-de-disenadores-para-impulsar-la-innovacion-en-el-tejido-productivo-a-traves-del-diseno\/"},"wordCount":547,"image":{"@id":"https:\/\/innoavi.es\/es\/el-consell-colabora-con-la-asociacion-de-disenadores-para-impulsar-la-innovacion-en-el-tejido-productivo-a-traves-del-diseno\/#primaryimage"},"thumbnailUrl":"https:\/\/innoavi.es\/wp-content\/uploads\/2022\/08\/oid2.png","articleSection":["Prensa"],"inLanguage":"es"},{"@type":"WebPage","@id":"https:\/\/innoavi.es\/es\/el-consell-colabora-con-la-asociacion-de-disenadores-para-impulsar-la-innovacion-en-el-tejido-productivo-a-traves-del-diseno\/","url":"https:\/\/innoavi.es\/es\/el-consell-colabora-con-la-asociacion-de-disenadores-para-impulsar-la-innovacion-en-el-tejido-productivo-a-traves-del-diseno\/","name":"El Consell colabora con la Asociaci\u00f3n de Dise\u00f1adores para impulsar la innovaci\u00f3n en el tejido productivo a trav\u00e9s del dise\u00f1o - AVI |\u00a0Ag\u00e8ncia Valenciana de la Innovaci\u00f3","isPartOf":{"@id":"https:\/\/innoavi.es\/es\/#website"},"primaryImageOfPage":{"@id":"https:\/\/innoavi.es\/es\/el-consell-colabora-con-la-asociacion-de-disenadores-para-impulsar-la-innovacion-en-el-tejido-productivo-a-traves-del-diseno\/#primaryimage"},"image":{"@id":"https:\/\/innoavi.es\/es\/el-consell-colabora-con-la-asociacion-de-disenadores-para-impulsar-la-innovacion-en-el-tejido-productivo-a-traves-del-diseno\/#primaryimage"},"thumbnailUrl":"https:\/\/innoavi.es\/wp-content\/uploads\/2022\/08\/oid2.png","datePublished":"2022-08-03T15:08:27+00:00","author":{"@id":"https:\/\/innoavi.es\/es\/#\/schema\/person\/cc5bf07456956a9205069c432fb8fa32"},"description":"- El convenio entre la AVI y la ADCV contempla la creaci\u00f3n de un observatorio para evaluar el impacto del dise\u00f1o y proponer mejoras- Se optimizar\u00e1 el kit","breadcrumb":{"@id":"https:\/\/innoavi.es\/es\/el-consell-colabora-con-la-asociacion-de-disenadores-para-impulsar-la-innovacion-en-el-tejido-productivo-a-traves-del-diseno\/#breadcrumb"},"inLanguage":"es","potentialAction":[{"@type":"ReadAction","target":["https:\/\/innoavi.es\/es\/el-consell-colabora-con-la-asociacion-de-disenadores-para-impulsar-la-innovacion-en-el-tejido-productivo-a-traves-del-diseno\/"]}]},{"@type":"ImageObject","inLanguage":"es","@id":"https:\/\/innoavi.es\/es\/el-consell-colabora-con-la-asociacion-de-disenadores-para-impulsar-la-innovacion-en-el-tejido-productivo-a-traves-del-diseno\/#primaryimage","url":"https:\/\/innoavi.es\/wp-content\/uploads\/2022\/08\/oid2.png","contentUrl":"https:\/\/innoavi.es\/wp-content\/uploads\/2022\/08\/oid2.png","width":935,"height":701},{"@type":"BreadcrumbList","@id":"https:\/\/innoavi.es\/es\/el-consell-colabora-con-la-asociacion-de-disenadores-para-impulsar-la-innovacion-en-el-tejido-productivo-a-traves-del-diseno\/#breadcrumb","itemListElement":[{"@type":"ListItem","position":1,"name":"Portada","item":"https:\/\/innoavi.es\/es\/"},{"@type":"ListItem","position":2,"name":"El Consell colabora con la Asociaci\u00f3n de Dise\u00f1adores para impulsar la innovaci\u00f3n en el tejido productivo a trav\u00e9s del dise\u00f1o"}]},{"@type":"WebSite","@id":"https:\/\/innoavi.es\/es\/#website","url":"https:\/\/innoavi.es\/es\/","name":"AVI |\u00a0Ag\u00e8ncia Valenciana de la Innovaci\u00f3","description":"P\u00e0gina web oficial de l&#039;AVI","potentialAction":[{"@type":"SearchAction","target":{"@type":"EntryPoint","urlTemplate":"https:\/\/innoavi.es\/es\/?s={search_term_string}"},"query-input":{"@type":"PropertyValueSpecification","valueRequired":true,"valueName":"search_term_string"}}],"inLanguage":"es"},{"@type":"Person","@id":"https:\/\/innoavi.es\/es\/#\/schema\/person\/cc5bf07456956a9205069c432fb8fa32","name":"paco"}]}},"_links":{"self":[{"href":"https:\/\/innoavi.es\/es\/wp-json\/wp\/v2\/posts\/25017","targetHints":{"allow":["GET"]}}],"collection":[{"href":"https:\/\/innoavi.es\/es\/wp-json\/wp\/v2\/posts"}],"about":[{"href":"https:\/\/innoavi.es\/es\/wp-json\/wp\/v2\/types\/post"}],"author":[{"embeddable":true,"href":"https:\/\/innoavi.es\/es\/wp-json\/wp\/v2\/users\/12"}],"replies":[{"embeddable":true,"href":"https:\/\/innoavi.es\/es\/wp-json\/wp\/v2\/comments?post=25017"}],"version-history":[{"count":1,"href":"https:\/\/innoavi.es\/es\/wp-json\/wp\/v2\/posts\/25017\/revisions"}],"predecessor-version":[{"id":25018,"href":"https:\/\/innoavi.es\/es\/wp-json\/wp\/v2\/posts\/25017\/revisions\/25018"}],"wp:featuredmedia":[{"embeddable":true,"href":"https:\/\/innoavi.es\/es\/wp-json\/wp\/v2\/media\/25015"}],"wp:attachment":[{"href":"https:\/\/innoavi.es\/es\/wp-json\/wp\/v2\/media?parent=25017"}],"wp:term":[{"taxonomy":"category","embeddable":true,"href":"https:\/\/innoavi.es\/es\/wp-json\/wp\/v2\/categories?post=25017"},{"taxonomy":"post_tag","embeddable":true,"href":"https:\/\/innoavi.es\/es\/wp-json\/wp\/v2\/tags?post=25017"}],"curies":[{"name":"wp","href":"https:\/\/api.w.org\/{rel}","templated":true}]}}