{"id":23050,"date":"2022-02-03T14:44:34","date_gmt":"2022-02-03T13:44:34","guid":{"rendered":"https:\/\/innoavi.es\/?p=23050"},"modified":"2022-02-03T14:46:35","modified_gmt":"2022-02-03T13:46:35","slug":"la-avi-adjudicara-en-febrero-el-diseno-y-conceptualizacion-de-una-learning-factory-en-el-antiguo-edificio-de-correos-de-elche","status":"publish","type":"post","link":"https:\/\/innoavi.es\/es\/la-avi-adjudicara-en-febrero-el-diseno-y-conceptualizacion-de-una-learning-factory-en-el-antiguo-edificio-de-correos-de-elche\/","title":{"rendered":"La AVI adjudicar\u00e1 en febrero el dise\u00f1o y conceptualizaci\u00f3n de una &#8216;learning factory&#8217; en el antiguo edificio de Correos de Elche"},"content":{"rendered":"<img loading=\"lazy\" decoding=\"async\" class=\"alignnone size-medium wp-image-14514\" src=\"https:\/\/innoavi.es\/wp-content\/uploads\/2019\/07\/03_Ilustracion_AVI_1200px-600x339.jpg\" alt=\"\" width=\"600\" height=\"339\" srcset=\"https:\/\/innoavi.es\/wp-content\/uploads\/2019\/07\/03_Ilustracion_AVI_1200px-600x339.jpg 600w, https:\/\/innoavi.es\/wp-content\/uploads\/2019\/07\/03_Ilustracion_AVI_1200px-768x434.jpg 768w, https:\/\/innoavi.es\/wp-content\/uploads\/2019\/07\/03_Ilustracion_AVI_1200px-1024x579.jpg 1024w, https:\/\/innoavi.es\/wp-content\/uploads\/2019\/07\/03_Ilustracion_AVI_1200px-973x550.jpg 973w, https:\/\/innoavi.es\/wp-content\/uploads\/2019\/07\/03_Ilustracion_AVI_1200px.jpg 1200w\" sizes=\"auto, (max-width: 600px) 100vw, 600px\" \/><br \/><strong>&#8211; La Ag\u00e8ncia ha licitado el contrato y las entidades interesadas disponen hasta el pr\u00f3ximo d\u00eda 3 de febrero para presentar sus ofertas<\/strong><br \/><strong>&#8211; La entidad que resulte adjudicataria deber\u00e1 acometer las cinco fases previstas en un plazo m\u00e1ximo de 18 meses, seg\u00fan recoge el pliego<\/strong><br \/><br \/><br \/>La Ag\u00e8ncia Valenciana de la Innovaci\u00f3 (AVI) ha licitado el contrato para la conceptualizaci\u00f3n y dise\u00f1o de una &#8216;learning factory&#8217; en el antiguo edificio de Correos de Elche con el fin de impulsar el desarrollo de competencias y la formaci\u00f3n en tecnolog\u00edas de fabricaci\u00f3n avanzada que den respuesta a las necesidades del tejido productivo de la Comunitat Valenciana. Las empresas y entidades interesadas disponen hasta el pr\u00f3ximo 3 de febrero para presentar sus ofertas y la previsi\u00f3n es que la concesi\u00f3n del contrato se pueda formalizar antes de marzo.<br \/><br \/>De este modo, la futura adjudicataria deber\u00e1 ejecutar en un periodo de 18 meses las prescripciones t\u00e9cnicas del pliego, que recoge un total de cinco etapas para definir los atributos de este centro de referencia en tecnolog\u00edas innovadoras, el primero de estas caracter\u00edsticas que se lleva a cabo en Espa\u00f1a. En la medida de lo posible, estas actuaciones se realizar\u00e1n en paralelo a los trabajos de adecuaci\u00f3n y mejora del inmueble, que es propiedad de la Generalitat.<br \/><br \/>En una primera fase se establecer\u00e1n las condiciones marco para la conceptualizaci\u00f3n de la &#8216;learning factory&#8217; a partir de entrevistas con los promotores de la iniciativa, las instituciones y entidades interesadas, as\u00ed como el p\u00fablico objetivo. Este trabajo de campo permitir\u00e1 priorizar los objetivos organizativos, t\u00e9cnicos y did\u00e1cticos de la iniciativa.<br \/><br \/>A continuaci\u00f3n, se definir\u00e1n las competencias que se desarrollar\u00e1n en el centro y, en una tercera etapa, se seleccionar\u00e1 el producto o productos a fabricar y se determinar\u00e1n las diferentes \u00e1reas de la f\u00e1brica. La conceptualizaci\u00f3n y planificaci\u00f3n detallada de las instalaciones se completar\u00e1 en una cuarta fase, mientras que la configuraci\u00f3n definitiva, basada en un modelo de optimizaci\u00f3n, incluir\u00e1 la selecci\u00f3n de los elementos que integrar\u00e1 la f\u00e1brica y su disposici\u00f3n y se completar\u00e1 en la etapa final, que concluir\u00e1 en el segundo semestre de 2023.<br \/><br \/>Con esta iniciativa, la Ag\u00e8ncia pretende generar un entorno de aprendizaje innovador donde se adquieran los conocimientos, aptitudes y habilidades imprescindibles para la incorporaci\u00f3n de nuevas tecnolog\u00edas en el tejido empresarial.<br \/><br \/>Este nuevo modelo formativo, no solo contempla la instrucci\u00f3n de operarios y mandos intermedios de las empresas de la Comunitat Valenciana, sino que estas podr\u00e1n evaluar dichas tecnolog\u00edas en funcionamiento antes de acometer inversiones para su posible implantaci\u00f3n. Adem\u00e1s, el uso de estas instalaciones podr\u00e1 ser aprovechado por estudiantes universitarios y de Formaci\u00f3n Profesional.<br \/><br \/>La puesta en marcha de esta &#8216;learning factory&#8217; permitir\u00e1 al tejido empresarial aprovechar el potencial de las nuevas tecnolog\u00edas en el desarrollo de procesos productivos m\u00e1s innovadores, flexibles y generadores de un elevado valor a\u00f1adido, lo que redundar\u00e1 en una mejora de su competitividad.","protected":false},"excerpt":{"rendered":"<p>&#8211; La Ag\u00e8ncia ha licitado el contrato y las entidades interesadas disponen hasta el pr\u00f3ximo d\u00eda 3 de febrero para presentar sus ofertas&#8211; La entidad que resulte adjudicataria deber\u00e1 acometer las cinco fases previstas en un plazo m\u00e1ximo de 18 meses, seg\u00fan recoge el pliegoLa Ag\u00e8ncia Valenciana de la Innovaci\u00f3 (AVI) ha licitado el contrato para la conceptualizaci\u00f3n y dise\u00f1o de una &#8216;learning factory&#8217; en el antiguo edificio de Correos de Elche con el fin de impulsar el desarrollo de competencias y la formaci\u00f3n en tecnolog\u00edas de fabricaci\u00f3n avanzada que<a class=\"more-link\" href=\"https:\/\/innoavi.es\/es\/la-avi-adjudicara-en-febrero-el-diseno-y-conceptualizacion-de-una-learning-factory-en-el-antiguo-edificio-de-correos-de-elche\/\">SEE DETAILS <span class=\"more-link-image\"><\/span><span class=\"more-link-hover-image\"><\/span><\/a><\/p>\n","protected":false},"author":12,"featured_media":13712,"comment_status":"closed","ping_status":"open","sticky":false,"template":"","format":"standard","meta":{"_acf_changed":false,"footnotes":""},"categories":[202],"tags":[],"class_list":["post-23050","post","type-post","status-publish","format-standard","has-post-thumbnail","hentry","category-prensa"],"acf":[],"yoast_head":"<!-- This site is optimized with the Yoast SEO plugin v26.7 - https:\/\/yoast.com\/wordpress\/plugins\/seo\/ -->\n<title>La AVI adjudicar\u00e1 en febrero el dise\u00f1o y conceptualizaci\u00f3n de una &#039;learning factory&#039; en el antiguo edificio de Correos de Elche - AVI |\u00a0Ag\u00e8ncia Valenciana de la Innovaci\u00f3<\/title>\n<meta name=\"description\" content=\"- La Ag\u00e8ncia ha licitado el contrato y las entidades interesadas disponen hasta el pr\u00f3ximo d\u00eda 3 de febrero para presentar sus ofertas- La entidad que\" \/>\n<meta name=\"robots\" content=\"index, follow, max-snippet:-1, max-image-preview:large, max-video-preview:-1\" \/>\n<link rel=\"canonical\" href=\"https:\/\/innoavi.es\/es\/la-avi-adjudicara-en-febrero-el-diseno-y-conceptualizacion-de-una-learning-factory-en-el-antiguo-edificio-de-correos-de-elche\/\" \/>\n<meta property=\"og:locale\" content=\"es_ES\" \/>\n<meta property=\"og:type\" content=\"article\" \/>\n<meta property=\"og:title\" content=\"La AVI adjudicar\u00e1 en febrero el dise\u00f1o y conceptualizaci\u00f3n de una &#039;learning factory&#039; en el antiguo edificio de Correos de Elche - AVI |\u00a0Ag\u00e8ncia Valenciana de la Innovaci\u00f3\" \/>\n<meta property=\"og:description\" content=\"- La Ag\u00e8ncia ha licitado el contrato y las entidades interesadas disponen hasta el pr\u00f3ximo d\u00eda 3 de febrero para presentar sus ofertas- La entidad que\" \/>\n<meta property=\"og:url\" content=\"https:\/\/innoavi.es\/es\/la-avi-adjudicara-en-febrero-el-diseno-y-conceptualizacion-de-una-learning-factory-en-el-antiguo-edificio-de-correos-de-elche\/\" \/>\n<meta property=\"og:site_name\" content=\"AVI |\u00a0Ag\u00e8ncia Valenciana de la Innovaci\u00f3\" \/>\n<meta property=\"article:published_time\" content=\"2022-02-03T13:44:34+00:00\" \/>\n<meta property=\"article:modified_time\" content=\"2022-02-03T13:46:35+00:00\" \/>\n<meta property=\"og:image\" content=\"https:\/\/innoavi.es\/wp-content\/uploads\/2018\/06\/slider-avi.jpg\" \/>\n\t<meta property=\"og:image:width\" content=\"920\" \/>\n\t<meta property=\"og:image:height\" content=\"830\" \/>\n\t<meta property=\"og:image:type\" content=\"image\/jpeg\" \/>\n<meta name=\"author\" content=\"paco\" \/>\n<meta name=\"twitter:card\" content=\"summary_large_image\" \/>\n<meta name=\"twitter:creator\" content=\"@GVAavi\" \/>\n<meta name=\"twitter:site\" content=\"@GVAavi\" \/>\n<meta name=\"twitter:label1\" content=\"Escrito por\" \/>\n\t<meta name=\"twitter:data1\" content=\"paco\" \/>\n\t<meta name=\"twitter:label2\" content=\"Tiempo de lectura\" \/>\n\t<meta name=\"twitter:data2\" content=\"3 minutos\" \/>\n<script type=\"application\/ld+json\" class=\"yoast-schema-graph\">{\"@context\":\"https:\/\/schema.org\",\"@graph\":[{\"@type\":\"Article\",\"@id\":\"https:\/\/innoavi.es\/es\/la-avi-adjudicara-en-febrero-el-diseno-y-conceptualizacion-de-una-learning-factory-en-el-antiguo-edificio-de-correos-de-elche\/#article\",\"isPartOf\":{\"@id\":\"https:\/\/innoavi.es\/es\/la-avi-adjudicara-en-febrero-el-diseno-y-conceptualizacion-de-una-learning-factory-en-el-antiguo-edificio-de-correos-de-elche\/\"},\"author\":{\"name\":\"paco\",\"@id\":\"https:\/\/innoavi.es\/es\/#\/schema\/person\/cc5bf07456956a9205069c432fb8fa32\"},\"headline\":\"La AVI adjudicar\u00e1 en febrero el dise\u00f1o y conceptualizaci\u00f3n de una &#8216;learning factory&#8217; en el antiguo edificio de Correos de Elche\",\"datePublished\":\"2022-02-03T13:44:34+00:00\",\"dateModified\":\"2022-02-03T13:46:35+00:00\",\"mainEntityOfPage\":{\"@id\":\"https:\/\/innoavi.es\/es\/la-avi-adjudicara-en-febrero-el-diseno-y-conceptualizacion-de-una-learning-factory-en-el-antiguo-edificio-de-correos-de-elche\/\"},\"wordCount\":546,\"image\":{\"@id\":\"https:\/\/innoavi.es\/es\/la-avi-adjudicara-en-febrero-el-diseno-y-conceptualizacion-de-una-learning-factory-en-el-antiguo-edificio-de-correos-de-elche\/#primaryimage\"},\"thumbnailUrl\":\"https:\/\/innoavi.es\/wp-content\/uploads\/2018\/06\/slider-avi.jpg\",\"articleSection\":[\"Prensa\"],\"inLanguage\":\"es\"},{\"@type\":\"WebPage\",\"@id\":\"https:\/\/innoavi.es\/es\/la-avi-adjudicara-en-febrero-el-diseno-y-conceptualizacion-de-una-learning-factory-en-el-antiguo-edificio-de-correos-de-elche\/\",\"url\":\"https:\/\/innoavi.es\/es\/la-avi-adjudicara-en-febrero-el-diseno-y-conceptualizacion-de-una-learning-factory-en-el-antiguo-edificio-de-correos-de-elche\/\",\"name\":\"La AVI adjudicar\u00e1 en febrero el dise\u00f1o y conceptualizaci\u00f3n de una 'learning factory' en el antiguo edificio de Correos de Elche - AVI |\u00a0Ag\u00e8ncia Valenciana de la Innovaci\u00f3\",\"isPartOf\":{\"@id\":\"https:\/\/innoavi.es\/es\/#website\"},\"primaryImageOfPage\":{\"@id\":\"https:\/\/innoavi.es\/es\/la-avi-adjudicara-en-febrero-el-diseno-y-conceptualizacion-de-una-learning-factory-en-el-antiguo-edificio-de-correos-de-elche\/#primaryimage\"},\"image\":{\"@id\":\"https:\/\/innoavi.es\/es\/la-avi-adjudicara-en-febrero-el-diseno-y-conceptualizacion-de-una-learning-factory-en-el-antiguo-edificio-de-correos-de-elche\/#primaryimage\"},\"thumbnailUrl\":\"https:\/\/innoavi.es\/wp-content\/uploads\/2018\/06\/slider-avi.jpg\",\"datePublished\":\"2022-02-03T13:44:34+00:00\",\"dateModified\":\"2022-02-03T13:46:35+00:00\",\"author\":{\"@id\":\"https:\/\/innoavi.es\/es\/#\/schema\/person\/cc5bf07456956a9205069c432fb8fa32\"},\"description\":\"- La Ag\u00e8ncia ha licitado el contrato y las entidades interesadas disponen hasta el pr\u00f3ximo d\u00eda 3 de febrero para presentar sus ofertas- La entidad que\",\"breadcrumb\":{\"@id\":\"https:\/\/innoavi.es\/es\/la-avi-adjudicara-en-febrero-el-diseno-y-conceptualizacion-de-una-learning-factory-en-el-antiguo-edificio-de-correos-de-elche\/#breadcrumb\"},\"inLanguage\":\"es\",\"potentialAction\":[{\"@type\":\"ReadAction\",\"target\":[\"https:\/\/innoavi.es\/es\/la-avi-adjudicara-en-febrero-el-diseno-y-conceptualizacion-de-una-learning-factory-en-el-antiguo-edificio-de-correos-de-elche\/\"]}]},{\"@type\":\"ImageObject\",\"inLanguage\":\"es\",\"@id\":\"https:\/\/innoavi.es\/es\/la-avi-adjudicara-en-febrero-el-diseno-y-conceptualizacion-de-una-learning-factory-en-el-antiguo-edificio-de-correos-de-elche\/#primaryimage\",\"url\":\"https:\/\/innoavi.es\/wp-content\/uploads\/2018\/06\/slider-avi.jpg\",\"contentUrl\":\"https:\/\/innoavi.es\/wp-content\/uploads\/2018\/06\/slider-avi.jpg\",\"width\":920,\"height\":830},{\"@type\":\"BreadcrumbList\",\"@id\":\"https:\/\/innoavi.es\/es\/la-avi-adjudicara-en-febrero-el-diseno-y-conceptualizacion-de-una-learning-factory-en-el-antiguo-edificio-de-correos-de-elche\/#breadcrumb\",\"itemListElement\":[{\"@type\":\"ListItem\",\"position\":1,\"name\":\"Portada\",\"item\":\"https:\/\/innoavi.es\/es\/\"},{\"@type\":\"ListItem\",\"position\":2,\"name\":\"La AVI adjudicar\u00e1 en febrero el dise\u00f1o y conceptualizaci\u00f3n de una &#8216;learning factory&#8217; en el antiguo edificio de Correos de Elche\"}]},{\"@type\":\"WebSite\",\"@id\":\"https:\/\/innoavi.es\/es\/#website\",\"url\":\"https:\/\/innoavi.es\/es\/\",\"name\":\"AVI |\u00a0Ag\u00e8ncia Valenciana de la Innovaci\u00f3\",\"description\":\"P\u00e0gina web oficial de l&#039;AVI\",\"potentialAction\":[{\"@type\":\"SearchAction\",\"target\":{\"@type\":\"EntryPoint\",\"urlTemplate\":\"https:\/\/innoavi.es\/es\/?s={search_term_string}\"},\"query-input\":{\"@type\":\"PropertyValueSpecification\",\"valueRequired\":true,\"valueName\":\"search_term_string\"}}],\"inLanguage\":\"es\"},{\"@type\":\"Person\",\"@id\":\"https:\/\/innoavi.es\/es\/#\/schema\/person\/cc5bf07456956a9205069c432fb8fa32\",\"name\":\"paco\"}]}<\/script>\n<!-- \/ Yoast SEO plugin. -->","yoast_head_json":{"title":"La AVI adjudicar\u00e1 en febrero el dise\u00f1o y conceptualizaci\u00f3n de una 'learning factory' en el antiguo edificio de Correos de Elche - AVI |\u00a0Ag\u00e8ncia Valenciana de la Innovaci\u00f3","description":"- La Ag\u00e8ncia ha licitado el contrato y las entidades interesadas disponen hasta el pr\u00f3ximo d\u00eda 3 de febrero para presentar sus ofertas- La entidad que","robots":{"index":"index","follow":"follow","max-snippet":"max-snippet:-1","max-image-preview":"max-image-preview:large","max-video-preview":"max-video-preview:-1"},"canonical":"https:\/\/innoavi.es\/es\/la-avi-adjudicara-en-febrero-el-diseno-y-conceptualizacion-de-una-learning-factory-en-el-antiguo-edificio-de-correos-de-elche\/","og_locale":"es_ES","og_type":"article","og_title":"La AVI adjudicar\u00e1 en febrero el dise\u00f1o y conceptualizaci\u00f3n de una 'learning factory' en el antiguo edificio de Correos de Elche - AVI |\u00a0Ag\u00e8ncia Valenciana de la Innovaci\u00f3","og_description":"- La Ag\u00e8ncia ha licitado el contrato y las entidades interesadas disponen hasta el pr\u00f3ximo d\u00eda 3 de febrero para presentar sus ofertas- La entidad que","og_url":"https:\/\/innoavi.es\/es\/la-avi-adjudicara-en-febrero-el-diseno-y-conceptualizacion-de-una-learning-factory-en-el-antiguo-edificio-de-correos-de-elche\/","og_site_name":"AVI |\u00a0Ag\u00e8ncia Valenciana de la Innovaci\u00f3","article_published_time":"2022-02-03T13:44:34+00:00","article_modified_time":"2022-02-03T13:46:35+00:00","og_image":[{"width":920,"height":830,"url":"https:\/\/innoavi.es\/wp-content\/uploads\/2018\/06\/slider-avi.jpg","type":"image\/jpeg"}],"author":"paco","twitter_card":"summary_large_image","twitter_creator":"@GVAavi","twitter_site":"@GVAavi","twitter_misc":{"Escrito por":"paco","Tiempo de lectura":"3 minutos"},"schema":{"@context":"https:\/\/schema.org","@graph":[{"@type":"Article","@id":"https:\/\/innoavi.es\/es\/la-avi-adjudicara-en-febrero-el-diseno-y-conceptualizacion-de-una-learning-factory-en-el-antiguo-edificio-de-correos-de-elche\/#article","isPartOf":{"@id":"https:\/\/innoavi.es\/es\/la-avi-adjudicara-en-febrero-el-diseno-y-conceptualizacion-de-una-learning-factory-en-el-antiguo-edificio-de-correos-de-elche\/"},"author":{"name":"paco","@id":"https:\/\/innoavi.es\/es\/#\/schema\/person\/cc5bf07456956a9205069c432fb8fa32"},"headline":"La AVI adjudicar\u00e1 en febrero el dise\u00f1o y conceptualizaci\u00f3n de una &#8216;learning factory&#8217; en el antiguo edificio de Correos de Elche","datePublished":"2022-02-03T13:44:34+00:00","dateModified":"2022-02-03T13:46:35+00:00","mainEntityOfPage":{"@id":"https:\/\/innoavi.es\/es\/la-avi-adjudicara-en-febrero-el-diseno-y-conceptualizacion-de-una-learning-factory-en-el-antiguo-edificio-de-correos-de-elche\/"},"wordCount":546,"image":{"@id":"https:\/\/innoavi.es\/es\/la-avi-adjudicara-en-febrero-el-diseno-y-conceptualizacion-de-una-learning-factory-en-el-antiguo-edificio-de-correos-de-elche\/#primaryimage"},"thumbnailUrl":"https:\/\/innoavi.es\/wp-content\/uploads\/2018\/06\/slider-avi.jpg","articleSection":["Prensa"],"inLanguage":"es"},{"@type":"WebPage","@id":"https:\/\/innoavi.es\/es\/la-avi-adjudicara-en-febrero-el-diseno-y-conceptualizacion-de-una-learning-factory-en-el-antiguo-edificio-de-correos-de-elche\/","url":"https:\/\/innoavi.es\/es\/la-avi-adjudicara-en-febrero-el-diseno-y-conceptualizacion-de-una-learning-factory-en-el-antiguo-edificio-de-correos-de-elche\/","name":"La AVI adjudicar\u00e1 en febrero el dise\u00f1o y conceptualizaci\u00f3n de una 'learning factory' en el antiguo edificio de Correos de Elche - AVI |\u00a0Ag\u00e8ncia Valenciana de la Innovaci\u00f3","isPartOf":{"@id":"https:\/\/innoavi.es\/es\/#website"},"primaryImageOfPage":{"@id":"https:\/\/innoavi.es\/es\/la-avi-adjudicara-en-febrero-el-diseno-y-conceptualizacion-de-una-learning-factory-en-el-antiguo-edificio-de-correos-de-elche\/#primaryimage"},"image":{"@id":"https:\/\/innoavi.es\/es\/la-avi-adjudicara-en-febrero-el-diseno-y-conceptualizacion-de-una-learning-factory-en-el-antiguo-edificio-de-correos-de-elche\/#primaryimage"},"thumbnailUrl":"https:\/\/innoavi.es\/wp-content\/uploads\/2018\/06\/slider-avi.jpg","datePublished":"2022-02-03T13:44:34+00:00","dateModified":"2022-02-03T13:46:35+00:00","author":{"@id":"https:\/\/innoavi.es\/es\/#\/schema\/person\/cc5bf07456956a9205069c432fb8fa32"},"description":"- La Ag\u00e8ncia ha licitado el contrato y las entidades interesadas disponen hasta el pr\u00f3ximo d\u00eda 3 de febrero para presentar sus ofertas- La entidad que","breadcrumb":{"@id":"https:\/\/innoavi.es\/es\/la-avi-adjudicara-en-febrero-el-diseno-y-conceptualizacion-de-una-learning-factory-en-el-antiguo-edificio-de-correos-de-elche\/#breadcrumb"},"inLanguage":"es","potentialAction":[{"@type":"ReadAction","target":["https:\/\/innoavi.es\/es\/la-avi-adjudicara-en-febrero-el-diseno-y-conceptualizacion-de-una-learning-factory-en-el-antiguo-edificio-de-correos-de-elche\/"]}]},{"@type":"ImageObject","inLanguage":"es","@id":"https:\/\/innoavi.es\/es\/la-avi-adjudicara-en-febrero-el-diseno-y-conceptualizacion-de-una-learning-factory-en-el-antiguo-edificio-de-correos-de-elche\/#primaryimage","url":"https:\/\/innoavi.es\/wp-content\/uploads\/2018\/06\/slider-avi.jpg","contentUrl":"https:\/\/innoavi.es\/wp-content\/uploads\/2018\/06\/slider-avi.jpg","width":920,"height":830},{"@type":"BreadcrumbList","@id":"https:\/\/innoavi.es\/es\/la-avi-adjudicara-en-febrero-el-diseno-y-conceptualizacion-de-una-learning-factory-en-el-antiguo-edificio-de-correos-de-elche\/#breadcrumb","itemListElement":[{"@type":"ListItem","position":1,"name":"Portada","item":"https:\/\/innoavi.es\/es\/"},{"@type":"ListItem","position":2,"name":"La AVI adjudicar\u00e1 en febrero el dise\u00f1o y conceptualizaci\u00f3n de una &#8216;learning factory&#8217; en el antiguo edificio de Correos de Elche"}]},{"@type":"WebSite","@id":"https:\/\/innoavi.es\/es\/#website","url":"https:\/\/innoavi.es\/es\/","name":"AVI |\u00a0Ag\u00e8ncia Valenciana de la Innovaci\u00f3","description":"P\u00e0gina web oficial de l&#039;AVI","potentialAction":[{"@type":"SearchAction","target":{"@type":"EntryPoint","urlTemplate":"https:\/\/innoavi.es\/es\/?s={search_term_string}"},"query-input":{"@type":"PropertyValueSpecification","valueRequired":true,"valueName":"search_term_string"}}],"inLanguage":"es"},{"@type":"Person","@id":"https:\/\/innoavi.es\/es\/#\/schema\/person\/cc5bf07456956a9205069c432fb8fa32","name":"paco"}]}},"_links":{"self":[{"href":"https:\/\/innoavi.es\/es\/wp-json\/wp\/v2\/posts\/23050","targetHints":{"allow":["GET"]}}],"collection":[{"href":"https:\/\/innoavi.es\/es\/wp-json\/wp\/v2\/posts"}],"about":[{"href":"https:\/\/innoavi.es\/es\/wp-json\/wp\/v2\/types\/post"}],"author":[{"embeddable":true,"href":"https:\/\/innoavi.es\/es\/wp-json\/wp\/v2\/users\/12"}],"replies":[{"embeddable":true,"href":"https:\/\/innoavi.es\/es\/wp-json\/wp\/v2\/comments?post=23050"}],"version-history":[{"count":2,"href":"https:\/\/innoavi.es\/es\/wp-json\/wp\/v2\/posts\/23050\/revisions"}],"predecessor-version":[{"id":23054,"href":"https:\/\/innoavi.es\/es\/wp-json\/wp\/v2\/posts\/23050\/revisions\/23054"}],"wp:featuredmedia":[{"embeddable":true,"href":"https:\/\/innoavi.es\/es\/wp-json\/wp\/v2\/media\/13712"}],"wp:attachment":[{"href":"https:\/\/innoavi.es\/es\/wp-json\/wp\/v2\/media?parent=23050"}],"wp:term":[{"taxonomy":"category","embeddable":true,"href":"https:\/\/innoavi.es\/es\/wp-json\/wp\/v2\/categories?post=23050"},{"taxonomy":"post_tag","embeddable":true,"href":"https:\/\/innoavi.es\/es\/wp-json\/wp\/v2\/tags?post=23050"}],"curies":[{"name":"wp","href":"https:\/\/api.w.org\/{rel}","templated":true}]}}