{"id":20784,"date":"2021-06-01T13:34:58","date_gmt":"2021-06-01T11:34:58","guid":{"rendered":"https:\/\/innoavi.es\/?p=20784"},"modified":"2021-06-01T13:34:58","modified_gmt":"2021-06-01T11:34:58","slug":"arcadi-espana-subraya-el-compromiso-de-fgv-para-incorporar-innovaciones-que-optimicen-la-gestion-de-metrovalencia-y-tram-dalacant","status":"publish","type":"post","link":"https:\/\/innoavi.es\/es\/arcadi-espana-subraya-el-compromiso-de-fgv-para-incorporar-innovaciones-que-optimicen-la-gestion-de-metrovalencia-y-tram-dalacant\/","title":{"rendered":"Arcadi Espa\u00f1a subraya el compromiso de FGV para incorporar innovaciones que optimicen la gesti\u00f3n de Metrovalencia y TRAM d&#8217;Alacant"},"content":{"rendered":"<img loading=\"lazy\" decoding=\"async\" class=\"alignnone  wp-image-20782\" src=\"https:\/\/innoavi.es\/wp-content\/uploads\/2021\/06\/Arcadi_Innovacion-600x450.jpeg\" alt=\"\" width=\"500\" height=\"375\" srcset=\"https:\/\/innoavi.es\/wp-content\/uploads\/2021\/06\/Arcadi_Innovacion-600x450.jpeg 600w, https:\/\/innoavi.es\/wp-content\/uploads\/2021\/06\/Arcadi_Innovacion-1024x768.jpeg 1024w, https:\/\/innoavi.es\/wp-content\/uploads\/2021\/06\/Arcadi_Innovacion-768x576.jpeg 768w, https:\/\/innoavi.es\/wp-content\/uploads\/2021\/06\/Arcadi_Innovacion-1536x1152.jpeg 1536w, https:\/\/innoavi.es\/wp-content\/uploads\/2021\/06\/Arcadi_Innovacion-733x550.jpeg 733w, https:\/\/innoavi.es\/wp-content\/uploads\/2021\/06\/Arcadi_Innovacion-1467x1100.jpeg 1467w, https:\/\/innoavi.es\/wp-content\/uploads\/2021\/06\/Arcadi_Innovacion-80x60.jpeg 80w, https:\/\/innoavi.es\/wp-content\/uploads\/2021\/06\/Arcadi_Innovacion-160x120.jpeg 160w, https:\/\/innoavi.es\/wp-content\/uploads\/2021\/06\/Arcadi_Innovacion.jpeg 2048w\" sizes=\"auto, (max-width: 500px) 100vw, 500px\" \/><br \/><br \/><ul><li>\u00a0Un total de 50 empresas y representantes de la comunidad cient\u00edfica y centros tecnol\u00f3gicos participan en la jornada de presentaci\u00f3n del reto \u00abi-BOI\u00bb<\/li><li>El 2 de julio concluye el plazo para presentar propuestas de innovaci\u00f3n en el marco de esta iniciativa, que se desarrolla en colaboraci\u00f3n con la Agencia Valenciana de la Innovaci\u00f3n<\/li><\/ul><br \/><br \/>El conseller de Pol\u00edtica Territorial, Obras P\u00fablicas y Movilidad, Arcadi Espa\u00f1a, ha anunciado el compromiso de Ferrocarrils de la Generalitat Valenciana (FGV) para \u00abdetectar, desarrollar e implementar mejoras sustanciales en tecnolog\u00edas, procesos y organizaci\u00f3n que optimicen la gesti\u00f3n\u00bb de las redes de transporte en las que opera a trav\u00e9s de la innovaci\u00f3n y la transformaci\u00f3n digital.<br \/><br \/>Esta apuesta se materializa en el lanzamiento del primer proceso de Compra P\u00fablica de Innovaci\u00f3n (CPI), que FGV desarrollar\u00e1 en colaboraci\u00f3n con la Ag\u00e8ncia Valenciana de la Innovaci\u00f3n (AVI), a la que el conseller ha agradecido tanto su participaci\u00f3n en el proyecto, como la labor de fomento de la cultura y de las palancas de innovaci\u00f3n en el \u00e1mbito de la Comunitat Valenciana.<br \/><br \/>\u00abLa Compra P\u00fablica de Innovaci\u00f3n va a jugar un papel clave para lograr un tejido y unos sectores productivos m\u00e1s sostenibles y digitales, y unos organismos p\u00fablicos m\u00e1s \u00e1giles y eficientes, que primen el uso de las nuevas tecnolog\u00edas en beneficio de todos\u00bb, ha subrayado Arcadi Espa\u00f1a, quien ha incidido en las iniciativas que el departamento que dirige y la propia AVI est\u00e1n llevando a cabo para definir soluciones innovadoras a los retos en materia de movilidad, transporte e infraestructuras con el objetivo de que \u00absean m\u00e1s seguros, sostenibles e inteligentes\u00bb.<br \/><br \/>El conseller de Pol\u00edtica Territorial, Obras P\u00fablicas y Movilidad ha realizado estas declaraciones en la presentaci\u00f3n del proyecto i-BOI, junto al vicepresidente segundo de la AVI, Andr\u00e9s Garc\u00eda Reche, y la secretaria general de esta misma entidad, Olivia Estrella, en una jornada t\u00e9cnica &#8216;online&#8217; a la que han asistido 50 especialistas de la comunidad cient\u00edfica, los institutos tecnol\u00f3gicos y empresas potencialmente interesadas en acometer nuevos desarrollos.<br \/><br \/>Por su parte, el vicepresidente ejecutivo de la Ag\u00e8ncia Valenciana de la Innovaci\u00f3, Andr\u00e9s Garc\u00eda Reche, ha recordado que esta entidad ya presta apoyo t\u00e9cnico a cuatro consellerias en el lanzamiento de Consultas Preliminares al Mercado y que, en breve, lanzar\u00e1 sus propias iniciativas de CPI en coordinaci\u00f3n con otros departamentos de la Administraci\u00f3n auton\u00f3mica.<br \/><br \/>Asimismo, ha explicado que la AVI ha reforzado este a\u00f1o su apoyo al programa de ayudas a la CPI, focalizado en entidades locales y empresas, al destinar en un solo ejercicio 4,3 millones de euros, un 26% m\u00e1s que la suma de los fondos destinados a este fin en los tres \u00faltimos ejercicios.<br \/><br \/><strong>Reto i-BOI<\/strong><br \/><br \/>Ferrocarrils de la Generalitat Valenciana (FGV) pretende optimizar la operatividad de los servicios ferroviarios de Metrovalencia y TRAM d&#8217;Alacant mediante la sustituci\u00f3n del actual sistema de comunicaci\u00f3n de incidencias a los maquinistas, basado en \u00f3rdenes en papel, por otro que garantice la recepci\u00f3n, entendimiento y disponibilidad de acceso a estas informaciones y \u00f3rdenes relevantes.<br \/><br \/>En la actualidad, los trabajos que se realizan en las inmediaciones de las v\u00edas se comunican mediante papel, un aspecto que genera tanto trabas y retrasos en el trabajo diario de FGV, como riesgos en el proceso de comunicaci\u00f3n y control de recepci\u00f3n de dichas instrucciones.<br \/><br \/>A trav\u00e9s de este proceso de Compra P\u00fablica de Innovaci\u00f3n, FGV pretende dotarse de un Bolet\u00edn de \u00d3rdenes e Informaciones inteligente (i-BOI), que garantice no solo la recepci\u00f3n y disponibilidad de los avisos, sino tambi\u00e9n su comprensi\u00f3n y cumplimiento efectivo por parte de los maquinistas a trav\u00e9s de la incorporaci\u00f3n de nuevas tecnolog\u00edas.<br \/><br \/><strong>Consulta preliminar al mercado<\/strong><br \/><br \/>Esta primera fase del proceso supone el lanzamiento, con el apoyo de la Ag\u00e8ncia, de una consulta preliminar al mercado que permitir\u00e1 sondear la disponibilidad del tejido productivo para desarrollar soluciones innovadoras capaces de dar respuesta al reto planteado por Ferrocarrils, al tiempo que se analiza la viabilidad t\u00e9cnica y econ\u00f3mica de dichas propuestas. El plazo para su remisi\u00f3n permanecer\u00e1 abierto hasta el pr\u00f3ximo 2 de julio.<br \/><br \/>El objetivo de esta iniciativa es mejorar, a trav\u00e9s de un sistema innovador, las caracter\u00edsticas del actual BOI, incorporando funcionalidades que permitan agilizar los actuales procesos de gesti\u00f3n de las comunicaciones, y elevando, adem\u00e1s, las garant\u00edas de seguridad en las redes de transporte operadas por FGV.<br \/><br \/>De este modo, la nueva soluci\u00f3n tecnol\u00f3gica debe establecer un sistema de generaci\u00f3n de \u00f3rdenes e informaciones desde el Puesto de Mando que garantice el acceso por parte del maquinista y deje constancia de su recepci\u00f3n y comprensi\u00f3n inequ\u00edvoca, sin necesidad de trasladar documentos en papel durante los relevos.<br \/><br \/>De acuerdo con las especificaciones demandadas por FGV, esta herramienta incorporar\u00e1 recordatorios; actualizaciones constantes de la informaci\u00f3n, con el fin de que el conductor de cada convoy disponga de las \u00faltimas actualizaciones del servicio; as\u00ed como de un sistema de almacenamiento y reaprovechamiento de las \u00f3rdenes para asegurar la trazabilidad de la comunicaci\u00f3n y alimentar el libro de aver\u00edas con las deficiencias identificadas.<br \/><br \/>La soluci\u00f3n innovadora podr\u00eda utilizar realidad virtual, inteligencia artificial, procesamiento de lenguaje natural o v\u00eddeo inteligente, entre otras tecnolog\u00edas, seg\u00fan indica Ferrocarrils de la Generalitat Valenciana en la ficha t\u00e9cnica de la consulta, disponible en la p\u00e1gina web de la AVI.<br \/>","protected":false},"excerpt":{"rendered":"<p>\u00a0Un total de 50 empresas y representantes de la comunidad cient\u00edfica y centros tecnol\u00f3gicos participan en la jornada de presentaci\u00f3n del reto \u00abi-BOI\u00bbEl 2 de julio concluye el plazo para presentar propuestas de innovaci\u00f3n en el marco de esta iniciativa, que se desarrolla en colaboraci\u00f3n con la Agencia Valenciana de la Innovaci\u00f3nEl conseller de Pol\u00edtica Territorial, Obras P\u00fablicas y Movilidad, Arcadi Espa\u00f1a, ha anunciado el compromiso de Ferrocarrils de la Generalitat Valenciana (FGV) para \u00abdetectar, desarrollar e implementar mejoras sustanciales en tecnolog\u00edas, procesos y organizaci\u00f3n que optimicen la gesti\u00f3n\u00bb de<a class=\"more-link\" href=\"https:\/\/innoavi.es\/es\/arcadi-espana-subraya-el-compromiso-de-fgv-para-incorporar-innovaciones-que-optimicen-la-gestion-de-metrovalencia-y-tram-dalacant\/\">SEE DETAILS <span class=\"more-link-image\"><\/span><span class=\"more-link-hover-image\"><\/span><\/a><\/p>\n","protected":false},"author":12,"featured_media":20782,"comment_status":"closed","ping_status":"open","sticky":false,"template":"","format":"standard","meta":{"_acf_changed":false,"footnotes":""},"categories":[202],"tags":[],"class_list":["post-20784","post","type-post","status-publish","format-standard","has-post-thumbnail","hentry","category-prensa"],"acf":[],"yoast_head":"<!-- This site is optimized with the Yoast SEO plugin v26.7 - https:\/\/yoast.com\/wordpress\/plugins\/seo\/ -->\n<title>Arcadi Espa\u00f1a subraya el compromiso de FGV para incorporar innovaciones que optimicen la gesti\u00f3n de Metrovalencia y TRAM d&#039;Alacant - AVI |\u00a0Ag\u00e8ncia Valenciana de la Innovaci\u00f3<\/title>\n<meta name=\"description\" content=\"\u00a0Un total de 50 empresas y representantes de la comunidad cient\u00edfica y centros tecnol\u00f3gicos participan en la jornada de presentaci\u00f3n del reto &quot;i-BOI&quot;El 2\" \/>\n<meta name=\"robots\" content=\"index, follow, max-snippet:-1, max-image-preview:large, max-video-preview:-1\" \/>\n<link rel=\"canonical\" href=\"https:\/\/innoavi.es\/es\/arcadi-espana-subraya-el-compromiso-de-fgv-para-incorporar-innovaciones-que-optimicen-la-gestion-de-metrovalencia-y-tram-dalacant\/\" \/>\n<meta property=\"og:locale\" content=\"es_ES\" \/>\n<meta property=\"og:type\" content=\"article\" \/>\n<meta property=\"og:title\" content=\"Arcadi Espa\u00f1a subraya el compromiso de FGV para incorporar innovaciones que optimicen la gesti\u00f3n de Metrovalencia y TRAM d&#039;Alacant - AVI |\u00a0Ag\u00e8ncia Valenciana de la Innovaci\u00f3\" \/>\n<meta property=\"og:description\" content=\"\u00a0Un total de 50 empresas y representantes de la comunidad cient\u00edfica y centros tecnol\u00f3gicos participan en la jornada de presentaci\u00f3n del reto &quot;i-BOI&quot;El 2\" \/>\n<meta property=\"og:url\" content=\"https:\/\/innoavi.es\/es\/arcadi-espana-subraya-el-compromiso-de-fgv-para-incorporar-innovaciones-que-optimicen-la-gestion-de-metrovalencia-y-tram-dalacant\/\" \/>\n<meta property=\"og:site_name\" content=\"AVI |\u00a0Ag\u00e8ncia Valenciana de la Innovaci\u00f3\" \/>\n<meta property=\"article:published_time\" content=\"2021-06-01T11:34:58+00:00\" \/>\n<meta property=\"og:image\" content=\"https:\/\/innoavi.es\/wp-content\/uploads\/2021\/06\/Arcadi_Innovacion.jpeg\" \/>\n\t<meta property=\"og:image:width\" content=\"2048\" \/>\n\t<meta property=\"og:image:height\" content=\"1536\" \/>\n\t<meta property=\"og:image:type\" content=\"image\/jpeg\" \/>\n<meta name=\"author\" content=\"paco\" \/>\n<meta name=\"twitter:card\" content=\"summary_large_image\" \/>\n<meta name=\"twitter:creator\" content=\"@GVAavi\" \/>\n<meta name=\"twitter:site\" content=\"@GVAavi\" \/>\n<meta name=\"twitter:label1\" content=\"Escrito por\" \/>\n\t<meta name=\"twitter:data1\" content=\"paco\" \/>\n\t<meta name=\"twitter:label2\" content=\"Tiempo de lectura\" \/>\n\t<meta name=\"twitter:data2\" content=\"4 minutos\" \/>\n<script type=\"application\/ld+json\" class=\"yoast-schema-graph\">{\"@context\":\"https:\/\/schema.org\",\"@graph\":[{\"@type\":\"Article\",\"@id\":\"https:\/\/innoavi.es\/es\/arcadi-espana-subraya-el-compromiso-de-fgv-para-incorporar-innovaciones-que-optimicen-la-gestion-de-metrovalencia-y-tram-dalacant\/#article\",\"isPartOf\":{\"@id\":\"https:\/\/innoavi.es\/es\/arcadi-espana-subraya-el-compromiso-de-fgv-para-incorporar-innovaciones-que-optimicen-la-gestion-de-metrovalencia-y-tram-dalacant\/\"},\"author\":{\"name\":\"paco\",\"@id\":\"https:\/\/innoavi.es\/es\/#\/schema\/person\/cc5bf07456956a9205069c432fb8fa32\"},\"headline\":\"Arcadi Espa\u00f1a subraya el compromiso de FGV para incorporar innovaciones que optimicen la gesti\u00f3n de Metrovalencia y TRAM d&#8217;Alacant\",\"datePublished\":\"2021-06-01T11:34:58+00:00\",\"mainEntityOfPage\":{\"@id\":\"https:\/\/innoavi.es\/es\/arcadi-espana-subraya-el-compromiso-de-fgv-para-incorporar-innovaciones-que-optimicen-la-gestion-de-metrovalencia-y-tram-dalacant\/\"},\"wordCount\":969,\"image\":{\"@id\":\"https:\/\/innoavi.es\/es\/arcadi-espana-subraya-el-compromiso-de-fgv-para-incorporar-innovaciones-que-optimicen-la-gestion-de-metrovalencia-y-tram-dalacant\/#primaryimage\"},\"thumbnailUrl\":\"https:\/\/innoavi.es\/wp-content\/uploads\/2021\/06\/Arcadi_Innovacion.jpeg\",\"articleSection\":[\"Prensa\"],\"inLanguage\":\"es\"},{\"@type\":\"WebPage\",\"@id\":\"https:\/\/innoavi.es\/es\/arcadi-espana-subraya-el-compromiso-de-fgv-para-incorporar-innovaciones-que-optimicen-la-gestion-de-metrovalencia-y-tram-dalacant\/\",\"url\":\"https:\/\/innoavi.es\/es\/arcadi-espana-subraya-el-compromiso-de-fgv-para-incorporar-innovaciones-que-optimicen-la-gestion-de-metrovalencia-y-tram-dalacant\/\",\"name\":\"Arcadi Espa\u00f1a subraya el compromiso de FGV para incorporar innovaciones que optimicen la gesti\u00f3n de Metrovalencia y TRAM d'Alacant - AVI |\u00a0Ag\u00e8ncia Valenciana de la Innovaci\u00f3\",\"isPartOf\":{\"@id\":\"https:\/\/innoavi.es\/es\/#website\"},\"primaryImageOfPage\":{\"@id\":\"https:\/\/innoavi.es\/es\/arcadi-espana-subraya-el-compromiso-de-fgv-para-incorporar-innovaciones-que-optimicen-la-gestion-de-metrovalencia-y-tram-dalacant\/#primaryimage\"},\"image\":{\"@id\":\"https:\/\/innoavi.es\/es\/arcadi-espana-subraya-el-compromiso-de-fgv-para-incorporar-innovaciones-que-optimicen-la-gestion-de-metrovalencia-y-tram-dalacant\/#primaryimage\"},\"thumbnailUrl\":\"https:\/\/innoavi.es\/wp-content\/uploads\/2021\/06\/Arcadi_Innovacion.jpeg\",\"datePublished\":\"2021-06-01T11:34:58+00:00\",\"author\":{\"@id\":\"https:\/\/innoavi.es\/es\/#\/schema\/person\/cc5bf07456956a9205069c432fb8fa32\"},\"description\":\"\u00a0Un total de 50 empresas y representantes de la comunidad cient\u00edfica y centros tecnol\u00f3gicos participan en la jornada de presentaci\u00f3n del reto \\\"i-BOI\\\"El 2\",\"breadcrumb\":{\"@id\":\"https:\/\/innoavi.es\/es\/arcadi-espana-subraya-el-compromiso-de-fgv-para-incorporar-innovaciones-que-optimicen-la-gestion-de-metrovalencia-y-tram-dalacant\/#breadcrumb\"},\"inLanguage\":\"es\",\"potentialAction\":[{\"@type\":\"ReadAction\",\"target\":[\"https:\/\/innoavi.es\/es\/arcadi-espana-subraya-el-compromiso-de-fgv-para-incorporar-innovaciones-que-optimicen-la-gestion-de-metrovalencia-y-tram-dalacant\/\"]}]},{\"@type\":\"ImageObject\",\"inLanguage\":\"es\",\"@id\":\"https:\/\/innoavi.es\/es\/arcadi-espana-subraya-el-compromiso-de-fgv-para-incorporar-innovaciones-que-optimicen-la-gestion-de-metrovalencia-y-tram-dalacant\/#primaryimage\",\"url\":\"https:\/\/innoavi.es\/wp-content\/uploads\/2021\/06\/Arcadi_Innovacion.jpeg\",\"contentUrl\":\"https:\/\/innoavi.es\/wp-content\/uploads\/2021\/06\/Arcadi_Innovacion.jpeg\",\"width\":2048,\"height\":1536},{\"@type\":\"BreadcrumbList\",\"@id\":\"https:\/\/innoavi.es\/es\/arcadi-espana-subraya-el-compromiso-de-fgv-para-incorporar-innovaciones-que-optimicen-la-gestion-de-metrovalencia-y-tram-dalacant\/#breadcrumb\",\"itemListElement\":[{\"@type\":\"ListItem\",\"position\":1,\"name\":\"Portada\",\"item\":\"https:\/\/innoavi.es\/es\/\"},{\"@type\":\"ListItem\",\"position\":2,\"name\":\"Arcadi Espa\u00f1a subraya el compromiso de FGV para incorporar innovaciones que optimicen la gesti\u00f3n de Metrovalencia y TRAM d&#8217;Alacant\"}]},{\"@type\":\"WebSite\",\"@id\":\"https:\/\/innoavi.es\/es\/#website\",\"url\":\"https:\/\/innoavi.es\/es\/\",\"name\":\"AVI |\u00a0Ag\u00e8ncia Valenciana de la Innovaci\u00f3\",\"description\":\"P\u00e0gina web oficial de l&#039;AVI\",\"potentialAction\":[{\"@type\":\"SearchAction\",\"target\":{\"@type\":\"EntryPoint\",\"urlTemplate\":\"https:\/\/innoavi.es\/es\/?s={search_term_string}\"},\"query-input\":{\"@type\":\"PropertyValueSpecification\",\"valueRequired\":true,\"valueName\":\"search_term_string\"}}],\"inLanguage\":\"es\"},{\"@type\":\"Person\",\"@id\":\"https:\/\/innoavi.es\/es\/#\/schema\/person\/cc5bf07456956a9205069c432fb8fa32\",\"name\":\"paco\"}]}<\/script>\n<!-- \/ Yoast SEO plugin. -->","yoast_head_json":{"title":"Arcadi Espa\u00f1a subraya el compromiso de FGV para incorporar innovaciones que optimicen la gesti\u00f3n de Metrovalencia y TRAM d'Alacant - AVI |\u00a0Ag\u00e8ncia Valenciana de la Innovaci\u00f3","description":"\u00a0Un total de 50 empresas y representantes de la comunidad cient\u00edfica y centros tecnol\u00f3gicos participan en la jornada de presentaci\u00f3n del reto \"i-BOI\"El 2","robots":{"index":"index","follow":"follow","max-snippet":"max-snippet:-1","max-image-preview":"max-image-preview:large","max-video-preview":"max-video-preview:-1"},"canonical":"https:\/\/innoavi.es\/es\/arcadi-espana-subraya-el-compromiso-de-fgv-para-incorporar-innovaciones-que-optimicen-la-gestion-de-metrovalencia-y-tram-dalacant\/","og_locale":"es_ES","og_type":"article","og_title":"Arcadi Espa\u00f1a subraya el compromiso de FGV para incorporar innovaciones que optimicen la gesti\u00f3n de Metrovalencia y TRAM d'Alacant - AVI |\u00a0Ag\u00e8ncia Valenciana de la Innovaci\u00f3","og_description":"\u00a0Un total de 50 empresas y representantes de la comunidad cient\u00edfica y centros tecnol\u00f3gicos participan en la jornada de presentaci\u00f3n del reto \"i-BOI\"El 2","og_url":"https:\/\/innoavi.es\/es\/arcadi-espana-subraya-el-compromiso-de-fgv-para-incorporar-innovaciones-que-optimicen-la-gestion-de-metrovalencia-y-tram-dalacant\/","og_site_name":"AVI |\u00a0Ag\u00e8ncia Valenciana de la Innovaci\u00f3","article_published_time":"2021-06-01T11:34:58+00:00","og_image":[{"width":2048,"height":1536,"url":"https:\/\/innoavi.es\/wp-content\/uploads\/2021\/06\/Arcadi_Innovacion.jpeg","type":"image\/jpeg"}],"author":"paco","twitter_card":"summary_large_image","twitter_creator":"@GVAavi","twitter_site":"@GVAavi","twitter_misc":{"Escrito por":"paco","Tiempo de lectura":"4 minutos"},"schema":{"@context":"https:\/\/schema.org","@graph":[{"@type":"Article","@id":"https:\/\/innoavi.es\/es\/arcadi-espana-subraya-el-compromiso-de-fgv-para-incorporar-innovaciones-que-optimicen-la-gestion-de-metrovalencia-y-tram-dalacant\/#article","isPartOf":{"@id":"https:\/\/innoavi.es\/es\/arcadi-espana-subraya-el-compromiso-de-fgv-para-incorporar-innovaciones-que-optimicen-la-gestion-de-metrovalencia-y-tram-dalacant\/"},"author":{"name":"paco","@id":"https:\/\/innoavi.es\/es\/#\/schema\/person\/cc5bf07456956a9205069c432fb8fa32"},"headline":"Arcadi Espa\u00f1a subraya el compromiso de FGV para incorporar innovaciones que optimicen la gesti\u00f3n de Metrovalencia y TRAM d&#8217;Alacant","datePublished":"2021-06-01T11:34:58+00:00","mainEntityOfPage":{"@id":"https:\/\/innoavi.es\/es\/arcadi-espana-subraya-el-compromiso-de-fgv-para-incorporar-innovaciones-que-optimicen-la-gestion-de-metrovalencia-y-tram-dalacant\/"},"wordCount":969,"image":{"@id":"https:\/\/innoavi.es\/es\/arcadi-espana-subraya-el-compromiso-de-fgv-para-incorporar-innovaciones-que-optimicen-la-gestion-de-metrovalencia-y-tram-dalacant\/#primaryimage"},"thumbnailUrl":"https:\/\/innoavi.es\/wp-content\/uploads\/2021\/06\/Arcadi_Innovacion.jpeg","articleSection":["Prensa"],"inLanguage":"es"},{"@type":"WebPage","@id":"https:\/\/innoavi.es\/es\/arcadi-espana-subraya-el-compromiso-de-fgv-para-incorporar-innovaciones-que-optimicen-la-gestion-de-metrovalencia-y-tram-dalacant\/","url":"https:\/\/innoavi.es\/es\/arcadi-espana-subraya-el-compromiso-de-fgv-para-incorporar-innovaciones-que-optimicen-la-gestion-de-metrovalencia-y-tram-dalacant\/","name":"Arcadi Espa\u00f1a subraya el compromiso de FGV para incorporar innovaciones que optimicen la gesti\u00f3n de Metrovalencia y TRAM d'Alacant - AVI |\u00a0Ag\u00e8ncia Valenciana de la Innovaci\u00f3","isPartOf":{"@id":"https:\/\/innoavi.es\/es\/#website"},"primaryImageOfPage":{"@id":"https:\/\/innoavi.es\/es\/arcadi-espana-subraya-el-compromiso-de-fgv-para-incorporar-innovaciones-que-optimicen-la-gestion-de-metrovalencia-y-tram-dalacant\/#primaryimage"},"image":{"@id":"https:\/\/innoavi.es\/es\/arcadi-espana-subraya-el-compromiso-de-fgv-para-incorporar-innovaciones-que-optimicen-la-gestion-de-metrovalencia-y-tram-dalacant\/#primaryimage"},"thumbnailUrl":"https:\/\/innoavi.es\/wp-content\/uploads\/2021\/06\/Arcadi_Innovacion.jpeg","datePublished":"2021-06-01T11:34:58+00:00","author":{"@id":"https:\/\/innoavi.es\/es\/#\/schema\/person\/cc5bf07456956a9205069c432fb8fa32"},"description":"\u00a0Un total de 50 empresas y representantes de la comunidad cient\u00edfica y centros tecnol\u00f3gicos participan en la jornada de presentaci\u00f3n del reto \"i-BOI\"El 2","breadcrumb":{"@id":"https:\/\/innoavi.es\/es\/arcadi-espana-subraya-el-compromiso-de-fgv-para-incorporar-innovaciones-que-optimicen-la-gestion-de-metrovalencia-y-tram-dalacant\/#breadcrumb"},"inLanguage":"es","potentialAction":[{"@type":"ReadAction","target":["https:\/\/innoavi.es\/es\/arcadi-espana-subraya-el-compromiso-de-fgv-para-incorporar-innovaciones-que-optimicen-la-gestion-de-metrovalencia-y-tram-dalacant\/"]}]},{"@type":"ImageObject","inLanguage":"es","@id":"https:\/\/innoavi.es\/es\/arcadi-espana-subraya-el-compromiso-de-fgv-para-incorporar-innovaciones-que-optimicen-la-gestion-de-metrovalencia-y-tram-dalacant\/#primaryimage","url":"https:\/\/innoavi.es\/wp-content\/uploads\/2021\/06\/Arcadi_Innovacion.jpeg","contentUrl":"https:\/\/innoavi.es\/wp-content\/uploads\/2021\/06\/Arcadi_Innovacion.jpeg","width":2048,"height":1536},{"@type":"BreadcrumbList","@id":"https:\/\/innoavi.es\/es\/arcadi-espana-subraya-el-compromiso-de-fgv-para-incorporar-innovaciones-que-optimicen-la-gestion-de-metrovalencia-y-tram-dalacant\/#breadcrumb","itemListElement":[{"@type":"ListItem","position":1,"name":"Portada","item":"https:\/\/innoavi.es\/es\/"},{"@type":"ListItem","position":2,"name":"Arcadi Espa\u00f1a subraya el compromiso de FGV para incorporar innovaciones que optimicen la gesti\u00f3n de Metrovalencia y TRAM d&#8217;Alacant"}]},{"@type":"WebSite","@id":"https:\/\/innoavi.es\/es\/#website","url":"https:\/\/innoavi.es\/es\/","name":"AVI |\u00a0Ag\u00e8ncia Valenciana de la Innovaci\u00f3","description":"P\u00e0gina web oficial de l&#039;AVI","potentialAction":[{"@type":"SearchAction","target":{"@type":"EntryPoint","urlTemplate":"https:\/\/innoavi.es\/es\/?s={search_term_string}"},"query-input":{"@type":"PropertyValueSpecification","valueRequired":true,"valueName":"search_term_string"}}],"inLanguage":"es"},{"@type":"Person","@id":"https:\/\/innoavi.es\/es\/#\/schema\/person\/cc5bf07456956a9205069c432fb8fa32","name":"paco"}]}},"_links":{"self":[{"href":"https:\/\/innoavi.es\/es\/wp-json\/wp\/v2\/posts\/20784","targetHints":{"allow":["GET"]}}],"collection":[{"href":"https:\/\/innoavi.es\/es\/wp-json\/wp\/v2\/posts"}],"about":[{"href":"https:\/\/innoavi.es\/es\/wp-json\/wp\/v2\/types\/post"}],"author":[{"embeddable":true,"href":"https:\/\/innoavi.es\/es\/wp-json\/wp\/v2\/users\/12"}],"replies":[{"embeddable":true,"href":"https:\/\/innoavi.es\/es\/wp-json\/wp\/v2\/comments?post=20784"}],"version-history":[{"count":1,"href":"https:\/\/innoavi.es\/es\/wp-json\/wp\/v2\/posts\/20784\/revisions"}],"predecessor-version":[{"id":20785,"href":"https:\/\/innoavi.es\/es\/wp-json\/wp\/v2\/posts\/20784\/revisions\/20785"}],"wp:featuredmedia":[{"embeddable":true,"href":"https:\/\/innoavi.es\/es\/wp-json\/wp\/v2\/media\/20782"}],"wp:attachment":[{"href":"https:\/\/innoavi.es\/es\/wp-json\/wp\/v2\/media?parent=20784"}],"wp:term":[{"taxonomy":"category","embeddable":true,"href":"https:\/\/innoavi.es\/es\/wp-json\/wp\/v2\/categories?post=20784"},{"taxonomy":"post_tag","embeddable":true,"href":"https:\/\/innoavi.es\/es\/wp-json\/wp\/v2\/tags?post=20784"}],"curies":[{"name":"wp","href":"https:\/\/api.w.org\/{rel}","templated":true}]}}