{"id":19570,"date":"2021-03-23T12:05:45","date_gmt":"2021-03-23T11:05:45","guid":{"rendered":"https:\/\/innoavi.es\/?p=19570"},"modified":"2021-03-23T12:05:59","modified_gmt":"2021-03-23T11:05:59","slug":"25-de-marzo-reto-innova-neteja","status":"publish","type":"post","link":"https:\/\/innoavi.es\/es\/25-de-marzo-reto-innova-neteja\/","title":{"rendered":"25 DE MARZO | Jornada t\u00e9cnica Reto Innova-Neteja"},"content":{"rendered":"<img loading=\"lazy\" decoding=\"async\" class=\"alignnone  wp-image-13460\" src=\"https:\/\/innoavi.es\/wp-content\/uploads\/2018\/04\/Logo_AVI_Contacto-1-600x348.jpg\" alt=\"\" width=\"445\" height=\"258\" srcset=\"https:\/\/innoavi.es\/wp-content\/uploads\/2018\/04\/Logo_AVI_Contacto-1-600x348.jpg 600w, https:\/\/innoavi.es\/wp-content\/uploads\/2018\/04\/Logo_AVI_Contacto-1-768x445.jpg 768w, https:\/\/innoavi.es\/wp-content\/uploads\/2018\/04\/Logo_AVI_Contacto-1.jpg 900w\" sizes=\"auto, (max-width: 445px) 100vw, 445px\" \/><br \/><br \/>La Ag\u00e8ncia Valenciana de la Innovaci\u00f3 (AVI) y la Conselleria de Hacienda y Modelo Econ\u00f3mico organizan una jornada t\u00e9cnica para resolver cualquier cuesti\u00f3n acerca de la participaci\u00f3n en la Consulta Preliminar del mercado Innova-Neteja, tanto a nivel t\u00e9cnico en relaci\u00f3n con el reto como del propio procedimiento. Adem\u00e1s, esta jornada ofrece la posibilidad de generar alianzas con otras entidades para presentar propuestas conjuntas de soluci\u00f3n innovadoras.<br \/><br \/>13 horas. Online<br \/><a href=\"https:\/\/zoom.us\/webinar\/register\/WN_LBELDrA4SWegxt-H6al9Cg\">Inscripci\u00f3n al seminario web \u2013 Zoom<\/a>","protected":false},"excerpt":{"rendered":"<p>La Ag\u00e8ncia Valenciana de la Innovaci\u00f3 (AVI) y la Conselleria de Hacienda y Modelo Econ\u00f3mico organizan una jornada t\u00e9cnica para resolver cualquier cuesti\u00f3n acerca de la participaci\u00f3n en la Consulta Preliminar del mercado Innova-Neteja, tanto a nivel t\u00e9cnico en relaci\u00f3n con el reto como del propio procedimiento. Adem\u00e1s, esta jornada ofrece la posibilidad de generar alianzas con otras entidades para presentar propuestas conjuntas de soluci\u00f3n innovadoras.13 horas. OnlineInscripci\u00f3n al seminario web \u2013 Zoom<\/p>\n","protected":false},"author":12,"featured_media":13460,"comment_status":"closed","ping_status":"open","sticky":false,"template":"","format":"standard","meta":{"_acf_changed":false,"footnotes":""},"categories":[183,197],"tags":[],"class_list":["post-19570","post","type-post","status-publish","format-standard","has-post-thumbnail","hentry","category-agenda","category-agenda-avi"],"acf":[],"yoast_head":"<!-- This site is optimized with the Yoast SEO plugin v26.7 - https:\/\/yoast.com\/wordpress\/plugins\/seo\/ -->\n<title>25 DE MARZO | Jornada t\u00e9cnica Reto Innova-Neteja - AVI |\u00a0Ag\u00e8ncia Valenciana de la Innovaci\u00f3<\/title>\n<meta name=\"description\" content=\"La Ag\u00e8ncia Valenciana de la Innovaci\u00f3 (AVI) y la Conselleria de Hacienda y Modelo Econ\u00f3mico organizan una jornada t\u00e9cnica para resolver cualquier cuesti\u00f3n\" \/>\n<meta name=\"robots\" content=\"index, follow, max-snippet:-1, max-image-preview:large, max-video-preview:-1\" \/>\n<link rel=\"canonical\" href=\"https:\/\/innoavi.es\/es\/25-de-marzo-reto-innova-neteja\/\" \/>\n<meta property=\"og:locale\" content=\"es_ES\" \/>\n<meta property=\"og:type\" content=\"article\" \/>\n<meta property=\"og:title\" content=\"25 DE MARZO | Jornada t\u00e9cnica Reto Innova-Neteja - AVI |\u00a0Ag\u00e8ncia Valenciana de la Innovaci\u00f3\" \/>\n<meta property=\"og:description\" content=\"La Ag\u00e8ncia Valenciana de la Innovaci\u00f3 (AVI) y la Conselleria de Hacienda y Modelo Econ\u00f3mico organizan una jornada t\u00e9cnica para resolver cualquier cuesti\u00f3n\" \/>\n<meta property=\"og:url\" content=\"https:\/\/innoavi.es\/es\/25-de-marzo-reto-innova-neteja\/\" \/>\n<meta property=\"og:site_name\" content=\"AVI |\u00a0Ag\u00e8ncia Valenciana de la Innovaci\u00f3\" \/>\n<meta property=\"article:published_time\" content=\"2021-03-23T11:05:45+00:00\" \/>\n<meta property=\"article:modified_time\" content=\"2021-03-23T11:05:59+00:00\" \/>\n<meta property=\"og:image\" content=\"https:\/\/innoavi.es\/wp-content\/uploads\/2018\/04\/Logo_AVI_Contacto-1.jpg\" \/>\n\t<meta property=\"og:image:width\" content=\"900\" \/>\n\t<meta property=\"og:image:height\" content=\"522\" \/>\n\t<meta property=\"og:image:type\" content=\"image\/jpeg\" \/>\n<meta name=\"author\" content=\"paco\" \/>\n<meta name=\"twitter:card\" content=\"summary_large_image\" \/>\n<meta name=\"twitter:creator\" content=\"@GVAavi\" \/>\n<meta name=\"twitter:site\" content=\"@GVAavi\" \/>\n<meta name=\"twitter:label1\" content=\"Escrito por\" \/>\n\t<meta name=\"twitter:data1\" content=\"paco\" \/>\n<script type=\"application\/ld+json\" class=\"yoast-schema-graph\">{\"@context\":\"https:\/\/schema.org\",\"@graph\":[{\"@type\":\"Article\",\"@id\":\"https:\/\/innoavi.es\/es\/25-de-marzo-reto-innova-neteja\/#article\",\"isPartOf\":{\"@id\":\"https:\/\/innoavi.es\/es\/25-de-marzo-reto-innova-neteja\/\"},\"author\":{\"name\":\"paco\",\"@id\":\"https:\/\/innoavi.es\/es\/#\/schema\/person\/cc5bf07456956a9205069c432fb8fa32\"},\"headline\":\"25 DE MARZO | Jornada t\u00e9cnica Reto Innova-Neteja\",\"datePublished\":\"2021-03-23T11:05:45+00:00\",\"dateModified\":\"2021-03-23T11:05:59+00:00\",\"mainEntityOfPage\":{\"@id\":\"https:\/\/innoavi.es\/es\/25-de-marzo-reto-innova-neteja\/\"},\"wordCount\":90,\"image\":{\"@id\":\"https:\/\/innoavi.es\/es\/25-de-marzo-reto-innova-neteja\/#primaryimage\"},\"thumbnailUrl\":\"https:\/\/innoavi.es\/wp-content\/uploads\/2018\/04\/Logo_AVI_Contacto-1.jpg\",\"articleSection\":[\"Agenda\",\"Agenda AVI\"],\"inLanguage\":\"es\"},{\"@type\":\"WebPage\",\"@id\":\"https:\/\/innoavi.es\/es\/25-de-marzo-reto-innova-neteja\/\",\"url\":\"https:\/\/innoavi.es\/es\/25-de-marzo-reto-innova-neteja\/\",\"name\":\"25 DE MARZO | Jornada t\u00e9cnica Reto Innova-Neteja - AVI |\u00a0Ag\u00e8ncia Valenciana de la Innovaci\u00f3\",\"isPartOf\":{\"@id\":\"https:\/\/innoavi.es\/es\/#website\"},\"primaryImageOfPage\":{\"@id\":\"https:\/\/innoavi.es\/es\/25-de-marzo-reto-innova-neteja\/#primaryimage\"},\"image\":{\"@id\":\"https:\/\/innoavi.es\/es\/25-de-marzo-reto-innova-neteja\/#primaryimage\"},\"thumbnailUrl\":\"https:\/\/innoavi.es\/wp-content\/uploads\/2018\/04\/Logo_AVI_Contacto-1.jpg\",\"datePublished\":\"2021-03-23T11:05:45+00:00\",\"dateModified\":\"2021-03-23T11:05:59+00:00\",\"author\":{\"@id\":\"https:\/\/innoavi.es\/es\/#\/schema\/person\/cc5bf07456956a9205069c432fb8fa32\"},\"description\":\"La Ag\u00e8ncia Valenciana de la Innovaci\u00f3 (AVI) y la Conselleria de Hacienda y Modelo Econ\u00f3mico organizan una jornada t\u00e9cnica para resolver cualquier cuesti\u00f3n\",\"breadcrumb\":{\"@id\":\"https:\/\/innoavi.es\/es\/25-de-marzo-reto-innova-neteja\/#breadcrumb\"},\"inLanguage\":\"es\",\"potentialAction\":[{\"@type\":\"ReadAction\",\"target\":[\"https:\/\/innoavi.es\/es\/25-de-marzo-reto-innova-neteja\/\"]}]},{\"@type\":\"ImageObject\",\"inLanguage\":\"es\",\"@id\":\"https:\/\/innoavi.es\/es\/25-de-marzo-reto-innova-neteja\/#primaryimage\",\"url\":\"https:\/\/innoavi.es\/wp-content\/uploads\/2018\/04\/Logo_AVI_Contacto-1.jpg\",\"contentUrl\":\"https:\/\/innoavi.es\/wp-content\/uploads\/2018\/04\/Logo_AVI_Contacto-1.jpg\",\"width\":900,\"height\":522},{\"@type\":\"BreadcrumbList\",\"@id\":\"https:\/\/innoavi.es\/es\/25-de-marzo-reto-innova-neteja\/#breadcrumb\",\"itemListElement\":[{\"@type\":\"ListItem\",\"position\":1,\"name\":\"Portada\",\"item\":\"https:\/\/innoavi.es\/es\/\"},{\"@type\":\"ListItem\",\"position\":2,\"name\":\"25 DE MARZO | Jornada t\u00e9cnica Reto Innova-Neteja\"}]},{\"@type\":\"WebSite\",\"@id\":\"https:\/\/innoavi.es\/es\/#website\",\"url\":\"https:\/\/innoavi.es\/es\/\",\"name\":\"AVI |\u00a0Ag\u00e8ncia Valenciana de la Innovaci\u00f3\",\"description\":\"P\u00e0gina web oficial de l&#039;AVI\",\"potentialAction\":[{\"@type\":\"SearchAction\",\"target\":{\"@type\":\"EntryPoint\",\"urlTemplate\":\"https:\/\/innoavi.es\/es\/?s={search_term_string}\"},\"query-input\":{\"@type\":\"PropertyValueSpecification\",\"valueRequired\":true,\"valueName\":\"search_term_string\"}}],\"inLanguage\":\"es\"},{\"@type\":\"Person\",\"@id\":\"https:\/\/innoavi.es\/es\/#\/schema\/person\/cc5bf07456956a9205069c432fb8fa32\",\"name\":\"paco\"}]}<\/script>\n<!-- \/ Yoast SEO plugin. -->","yoast_head_json":{"title":"25 DE MARZO | Jornada t\u00e9cnica Reto Innova-Neteja - AVI |\u00a0Ag\u00e8ncia Valenciana de la Innovaci\u00f3","description":"La Ag\u00e8ncia Valenciana de la Innovaci\u00f3 (AVI) y la Conselleria de Hacienda y Modelo Econ\u00f3mico organizan una jornada t\u00e9cnica para resolver cualquier cuesti\u00f3n","robots":{"index":"index","follow":"follow","max-snippet":"max-snippet:-1","max-image-preview":"max-image-preview:large","max-video-preview":"max-video-preview:-1"},"canonical":"https:\/\/innoavi.es\/es\/25-de-marzo-reto-innova-neteja\/","og_locale":"es_ES","og_type":"article","og_title":"25 DE MARZO | Jornada t\u00e9cnica Reto Innova-Neteja - AVI |\u00a0Ag\u00e8ncia Valenciana de la Innovaci\u00f3","og_description":"La Ag\u00e8ncia Valenciana de la Innovaci\u00f3 (AVI) y la Conselleria de Hacienda y Modelo Econ\u00f3mico organizan una jornada t\u00e9cnica para resolver cualquier cuesti\u00f3n","og_url":"https:\/\/innoavi.es\/es\/25-de-marzo-reto-innova-neteja\/","og_site_name":"AVI |\u00a0Ag\u00e8ncia Valenciana de la Innovaci\u00f3","article_published_time":"2021-03-23T11:05:45+00:00","article_modified_time":"2021-03-23T11:05:59+00:00","og_image":[{"width":900,"height":522,"url":"https:\/\/innoavi.es\/wp-content\/uploads\/2018\/04\/Logo_AVI_Contacto-1.jpg","type":"image\/jpeg"}],"author":"paco","twitter_card":"summary_large_image","twitter_creator":"@GVAavi","twitter_site":"@GVAavi","twitter_misc":{"Escrito por":"paco"},"schema":{"@context":"https:\/\/schema.org","@graph":[{"@type":"Article","@id":"https:\/\/innoavi.es\/es\/25-de-marzo-reto-innova-neteja\/#article","isPartOf":{"@id":"https:\/\/innoavi.es\/es\/25-de-marzo-reto-innova-neteja\/"},"author":{"name":"paco","@id":"https:\/\/innoavi.es\/es\/#\/schema\/person\/cc5bf07456956a9205069c432fb8fa32"},"headline":"25 DE MARZO | Jornada t\u00e9cnica Reto Innova-Neteja","datePublished":"2021-03-23T11:05:45+00:00","dateModified":"2021-03-23T11:05:59+00:00","mainEntityOfPage":{"@id":"https:\/\/innoavi.es\/es\/25-de-marzo-reto-innova-neteja\/"},"wordCount":90,"image":{"@id":"https:\/\/innoavi.es\/es\/25-de-marzo-reto-innova-neteja\/#primaryimage"},"thumbnailUrl":"https:\/\/innoavi.es\/wp-content\/uploads\/2018\/04\/Logo_AVI_Contacto-1.jpg","articleSection":["Agenda","Agenda AVI"],"inLanguage":"es"},{"@type":"WebPage","@id":"https:\/\/innoavi.es\/es\/25-de-marzo-reto-innova-neteja\/","url":"https:\/\/innoavi.es\/es\/25-de-marzo-reto-innova-neteja\/","name":"25 DE MARZO | Jornada t\u00e9cnica Reto Innova-Neteja - AVI |\u00a0Ag\u00e8ncia Valenciana de la Innovaci\u00f3","isPartOf":{"@id":"https:\/\/innoavi.es\/es\/#website"},"primaryImageOfPage":{"@id":"https:\/\/innoavi.es\/es\/25-de-marzo-reto-innova-neteja\/#primaryimage"},"image":{"@id":"https:\/\/innoavi.es\/es\/25-de-marzo-reto-innova-neteja\/#primaryimage"},"thumbnailUrl":"https:\/\/innoavi.es\/wp-content\/uploads\/2018\/04\/Logo_AVI_Contacto-1.jpg","datePublished":"2021-03-23T11:05:45+00:00","dateModified":"2021-03-23T11:05:59+00:00","author":{"@id":"https:\/\/innoavi.es\/es\/#\/schema\/person\/cc5bf07456956a9205069c432fb8fa32"},"description":"La Ag\u00e8ncia Valenciana de la Innovaci\u00f3 (AVI) y la Conselleria de Hacienda y Modelo Econ\u00f3mico organizan una jornada t\u00e9cnica para resolver cualquier cuesti\u00f3n","breadcrumb":{"@id":"https:\/\/innoavi.es\/es\/25-de-marzo-reto-innova-neteja\/#breadcrumb"},"inLanguage":"es","potentialAction":[{"@type":"ReadAction","target":["https:\/\/innoavi.es\/es\/25-de-marzo-reto-innova-neteja\/"]}]},{"@type":"ImageObject","inLanguage":"es","@id":"https:\/\/innoavi.es\/es\/25-de-marzo-reto-innova-neteja\/#primaryimage","url":"https:\/\/innoavi.es\/wp-content\/uploads\/2018\/04\/Logo_AVI_Contacto-1.jpg","contentUrl":"https:\/\/innoavi.es\/wp-content\/uploads\/2018\/04\/Logo_AVI_Contacto-1.jpg","width":900,"height":522},{"@type":"BreadcrumbList","@id":"https:\/\/innoavi.es\/es\/25-de-marzo-reto-innova-neteja\/#breadcrumb","itemListElement":[{"@type":"ListItem","position":1,"name":"Portada","item":"https:\/\/innoavi.es\/es\/"},{"@type":"ListItem","position":2,"name":"25 DE MARZO | Jornada t\u00e9cnica Reto Innova-Neteja"}]},{"@type":"WebSite","@id":"https:\/\/innoavi.es\/es\/#website","url":"https:\/\/innoavi.es\/es\/","name":"AVI |\u00a0Ag\u00e8ncia Valenciana de la Innovaci\u00f3","description":"P\u00e0gina web oficial de l&#039;AVI","potentialAction":[{"@type":"SearchAction","target":{"@type":"EntryPoint","urlTemplate":"https:\/\/innoavi.es\/es\/?s={search_term_string}"},"query-input":{"@type":"PropertyValueSpecification","valueRequired":true,"valueName":"search_term_string"}}],"inLanguage":"es"},{"@type":"Person","@id":"https:\/\/innoavi.es\/es\/#\/schema\/person\/cc5bf07456956a9205069c432fb8fa32","name":"paco"}]}},"_links":{"self":[{"href":"https:\/\/innoavi.es\/es\/wp-json\/wp\/v2\/posts\/19570","targetHints":{"allow":["GET"]}}],"collection":[{"href":"https:\/\/innoavi.es\/es\/wp-json\/wp\/v2\/posts"}],"about":[{"href":"https:\/\/innoavi.es\/es\/wp-json\/wp\/v2\/types\/post"}],"author":[{"embeddable":true,"href":"https:\/\/innoavi.es\/es\/wp-json\/wp\/v2\/users\/12"}],"replies":[{"embeddable":true,"href":"https:\/\/innoavi.es\/es\/wp-json\/wp\/v2\/comments?post=19570"}],"version-history":[{"count":2,"href":"https:\/\/innoavi.es\/es\/wp-json\/wp\/v2\/posts\/19570\/revisions"}],"predecessor-version":[{"id":19572,"href":"https:\/\/innoavi.es\/es\/wp-json\/wp\/v2\/posts\/19570\/revisions\/19572"}],"wp:featuredmedia":[{"embeddable":true,"href":"https:\/\/innoavi.es\/es\/wp-json\/wp\/v2\/media\/13460"}],"wp:attachment":[{"href":"https:\/\/innoavi.es\/es\/wp-json\/wp\/v2\/media?parent=19570"}],"wp:term":[{"taxonomy":"category","embeddable":true,"href":"https:\/\/innoavi.es\/es\/wp-json\/wp\/v2\/categories?post=19570"},{"taxonomy":"post_tag","embeddable":true,"href":"https:\/\/innoavi.es\/es\/wp-json\/wp\/v2\/tags?post=19570"}],"curies":[{"name":"wp","href":"https:\/\/api.w.org\/{rel}","templated":true}]}}