{"id":16051,"date":"2020-06-23T19:17:27","date_gmt":"2020-06-23T17:17:27","guid":{"rendered":"http:\/\/innoavi.es\/?p=16051"},"modified":"2020-06-23T19:20:16","modified_gmt":"2020-06-23T17:20:16","slug":"vivienda-y-la-avi-lanzan-una-compra-publica-para-impulsar-innovaciones-que-mejoren-la-eficiencia-energetica-de-edificios-de-mas-de-40-anos","status":"publish","type":"post","link":"https:\/\/innoavi.es\/es\/vivienda-y-la-avi-lanzan-una-compra-publica-para-impulsar-innovaciones-que-mejoren-la-eficiencia-energetica-de-edificios-de-mas-de-40-anos\/","title":{"rendered":"Vivienda y la AVI lanzan una compra p\u00fablica para impulsar innovaciones que mejoren la eficiencia energ\u00e9tica de edificios de m\u00e1s de 40 a\u00f1os"},"content":{"rendered":"<img loading=\"lazy\" decoding=\"async\" class=\"size-medium wp-image-16048 alignright\" src=\"http:\/\/innoavi.es\/wp-content\/uploads\/2020\/06\/foro_AVI-600x400.png\" alt=\"\" width=\"600\" height=\"400\" srcset=\"https:\/\/innoavi.es\/wp-content\/uploads\/2020\/06\/foro_AVI-600x400.png 600w, https:\/\/innoavi.es\/wp-content\/uploads\/2020\/06\/foro_AVI-1024x682.png 1024w, https:\/\/innoavi.es\/wp-content\/uploads\/2020\/06\/foro_AVI-768x512.png 768w, https:\/\/innoavi.es\/wp-content\/uploads\/2020\/06\/foro_AVI-825x550.png 825w, https:\/\/innoavi.es\/wp-content\/uploads\/2020\/06\/foro_AVI.png 1280w\" sizes=\"auto, (max-width: 600px) 100vw, 600px\" \/><br \/><ul><li>\u00a0El plazo para presentar soluciones innovadoras a los retos que ha identificado este departamento finalizar\u00e1 el pr\u00f3ximo 23 de julio<\/li><li>\u00a0El vicepresidente segundo, Rub\u00e9n Mart\u00ednez Dalmau, abre el seminario &#8216;online&#8217; t\u00e9cnico para presentar esta iniciativa, que se testar\u00e1 en un proyecto piloto<\/li><\/ul><br \/>La Vicepresidencia Segunda y Conselleria de Vivienda y Arquitectura Bioclim\u00e1tica ha abierto un proceso, con el asesoramiento t\u00e9cnico de la Ag\u00e8ncia Valenciana de la Innovaci\u00f3 (AVI), con el fin de hallar e implementar soluciones innovadoras en materia de rehabilitaci\u00f3n capaces de reducir el consumo energ\u00e9tico y las emisiones de gases de efecto invernadero (GEI) y mejorar la calidad y flexibilidad de los espacios habitables, en especial de aquellos inmuebles que superan los 40 a\u00f1os de antig\u00fcedad y que no estuvieron sujetos a ning\u00fan tipo de normativa energ\u00e9tica.<br \/><br \/>El vicepresidente segundo y titular de este departamento, Rub\u00e9n Mart\u00ednez Dalmau, ha presentado la iniciativa, bautizada como Vivienda Resiliente, en una jornada t\u00e9cnica &#8216;online&#8217; dirigida a especialistas de la comunidad cient\u00edfica, los institutos tecnol\u00f3gicos y las empresas en la que se han detallado las necesidades que la Conselleria pretende satisfacer a trav\u00e9s de su primer proceso de Compra P\u00fablica de Innovaci\u00f3n (CPI), vinculadas a la rehabilitaci\u00f3n de viviendas.<br \/><br \/>Mart\u00ednez Dalmau ha asegurado que, \u00abdespu\u00e9s del paso de la COVID-19, es necesario buscar soluciones innovadoras que nos permitan, a corto plazo, reducir el consumo energ\u00e9tico y las emisiones de gases de efecto invernadero mediante la mejora de la calidad de los espacios en los cuales vivimos\u00bb.<br \/><br \/>Asimismo, se ha mostrado convencido de que \u00aben una normalidad que se construya a trav\u00e9s de la transici\u00f3n ecol\u00f3gica y que d\u00e9 soluci\u00f3n a las nuevas necesidades que han surgido despu\u00e9s de la crisis del coronavirus. Ahora, nuestro bienestar debe pasar por la lucha contra la pobreza energ\u00e9tica y la b\u00fasqueda de espacios que nos permitan garantizar las condiciones de salud dentro de nuestras casas\u00bb.<br \/><br \/>Tambi\u00e9n ha intervenido el vicepresidente ejecutivo de la Ag\u00e8ncia Valenciana de la Innovaci\u00f3 (AVI), Andr\u00e9s Garc\u00eda Reche, quien ha subrayado la capacidad de la Administraci\u00f3n para demandar al sector privado, en cooperaci\u00f3n con la comunidad cient\u00edfica y los institutos tecnol\u00f3gicos, el desarrollo de innovaciones no presentes en el mercado, as\u00ed como el compromiso de la AVI para hacerlo posible en la Comunitat.<br \/><br \/>De hecho, el impulso de la CPI constituye una de las l\u00edneas estrat\u00e9gicas de la Ag\u00e8ncia, que ya trabaja con varios departamentos en la puesta en marcha de este tipo de procedimientos innovadores.<br \/><br \/>\u00abLa CPI no solo eleva la calidad y eficiencia de los servicios que ofrecemos al ciudadano, sino que dinamiza la I+D+i mejorando en \u00faltima instancia la competitividad de nuestras empresas y promoviendo la extensi\u00f3n del tejido productivo hacia nuevas actividades\u00bb, ha precisado en el seminario web, que ha contado con m\u00e1s de un centenar de asistentes.<br \/><br \/><strong>Consulta preliminar al mercado<\/strong><br \/><br \/>Esta primera fase supone el lanzamiento, con el apoyo de la Ag\u00e8ncia Valenciana de la Innovaci\u00f3 (AVI), de una consulta preliminar al mercado que permitir\u00e1 sondear la disponibilidad del tejido productivo para desarrollar soluciones innovadoras en el \u00e1mbito de la rehabilitaci\u00f3n y la eficiencia energ\u00e9tica, as\u00ed como analizar la viabilidad t\u00e9cnica y econ\u00f3mica de dichas propuestas.<br \/><br \/>El plazo para su remisi\u00f3n permanecer\u00e1 abierto hasta el pr\u00f3ximo 23 de julio, seg\u00fan ha explicado la directora general de Innovaci\u00f3n Ecol\u00f3gica en la Construcci\u00f3n, N\u00faria Matarredona.<br \/><br \/>Matarredona ha destacado que \u00aben un momento claramente se\u00f1alado por una necesaria reconstrucci\u00f3n verde post COVID es crucial afrontar el reto de la descarbonizaci\u00f3n del parque construido, favoreciendo su rehabilitaci\u00f3n desde la innovaci\u00f3n\u00bb. \u00abCon esta Compra P\u00fablica Innovadora la Vicepresidencia Segunda y Conselleria de Vivienda y Arquitectura Bioclim\u00e1tica pretende incrementar la resiliencia de nuestras viviendas y contribuir a la transici\u00f3n ecol\u00f3gica del entorno construido\u00bb, ha se\u00f1alado.<br \/><br \/>Adem\u00e1s, ha a\u00f1adido que \u00abpara ello demandamos al mercado soluciones innovadoras relativas a medidas activas y pasivas de rehabilitaci\u00f3n, mecanismos de empoderamiento y concienciaci\u00f3n de los habitantes y usuarios de las viviendas y en general todas aquellas que promuevan la integraci\u00f3n de los principios de econom\u00eda circular y el fomento del ecodise\u00f1o, la biohabitabilidad y el dise\u00f1o inclusivo, con el objetivo de lograr el bienestar de las personas y el cuidado del planeta\u00bb.<br \/><br \/><strong>Proyectos piloto para testar los nuevos desarrollos<\/strong><br \/><br \/>Las entidades que deseen participar en este proceso deber\u00e1n ofrecer soluciones in\u00e9ditas que den respuesta a alguno de los retos que ha identificado Vivienda y Arquitectura Bioclim\u00e1tica con el apoyo de la AVI, y que abogan, entre otras medidas, por nuevas medidas de rehabilitaci\u00f3n que optimicen la eficiencia energ\u00e9tica, reduzcan el consumo de recursos y mejoren el comportamiento de las edificaciones frente a crisis sanitarias como la ocasionada por la COVID-19.<br \/><br \/>Con este proyecto se buscan nuevas f\u00f3rmulas para potenciar el autoconsumo en edificios residenciales, as\u00ed como el fomento y exploraci\u00f3n de nuevas tecnolog\u00edas constructivas y productos que minimicen la huella energ\u00e9tica, incorporando, adem\u00e1s, criterios de econom\u00eda circular en las reformas.<br \/><br \/>Vivienda tambi\u00e9n demanda sistemas que incrementen la flexibilidad de los espacios, optimicen su ventilaci\u00f3n e iluminaci\u00f3n y eleven la calidad y el confort en situaciones de confinamiento, adem\u00e1s de reforzar la capacidad de resiliencia de los inmuebles frente a los fen\u00f3menos adversos derivados del cambio clim\u00e1tico.<br \/><br \/>En la consulta se pone el acento en el desarrollo de mecanismos innovadores de financiaci\u00f3n para la rehabilitaci\u00f3n, as\u00ed como en el desarrollo de herramientas para la concienciaci\u00f3n de las personas y de intermediaci\u00f3n tecnol\u00f3gica para mejorar as\u00ed la gesti\u00f3n de estos edificios.<br \/><br \/>Las soluciones propuestas deber\u00e1n ser testadas para comprobar su eficiencia y, de hecho, est\u00e1 previsto que algunas de ellas se incorporen a sendos proyectos pilotos o demostradores de rehabilitaci\u00f3n que la Generalitat promover\u00e1, primero, en un edificio deshabitado y, posteriormente, en otro habitado. \u00abEl objetivo es evaluar los resultados obtenidos y fomentar as\u00ed su replicabilidad por la iniciativa privada\u00bb, ha explicado la directora general.","protected":false},"excerpt":{"rendered":"<p>\u00a0El plazo para presentar soluciones innovadoras a los retos que ha identificado este departamento finalizar\u00e1 el pr\u00f3ximo 23 de julio\u00a0El vicepresidente segundo, Rub\u00e9n Mart\u00ednez Dalmau, abre el seminario &#8216;online&#8217; t\u00e9cnico para presentar esta iniciativa, que se testar\u00e1 en un proyecto pilotoLa Vicepresidencia Segunda y Conselleria de Vivienda y Arquitectura Bioclim\u00e1tica ha abierto un proceso, con el asesoramiento t\u00e9cnico de la Ag\u00e8ncia Valenciana de la Innovaci\u00f3 (AVI), con el fin de hallar e implementar soluciones innovadoras en materia de rehabilitaci\u00f3n capaces de reducir el consumo energ\u00e9tico y las emisiones de gases<a class=\"more-link\" href=\"https:\/\/innoavi.es\/es\/vivienda-y-la-avi-lanzan-una-compra-publica-para-impulsar-innovaciones-que-mejoren-la-eficiencia-energetica-de-edificios-de-mas-de-40-anos\/\">SEE DETAILS <span class=\"more-link-image\"><\/span><span class=\"more-link-hover-image\"><\/span><\/a><\/p>\n","protected":false},"author":12,"featured_media":15858,"comment_status":"closed","ping_status":"open","sticky":false,"template":"","format":"standard","meta":{"_acf_changed":false,"footnotes":""},"categories":[202],"tags":[],"class_list":["post-16051","post","type-post","status-publish","format-standard","has-post-thumbnail","hentry","category-prensa"],"acf":[],"yoast_head":"<!-- This site is optimized with the Yoast SEO plugin v26.7 - https:\/\/yoast.com\/wordpress\/plugins\/seo\/ -->\n<title>Vivienda y la AVI lanzan una compra p\u00fablica para impulsar innovaciones que mejoren la eficiencia energ\u00e9tica de edificios de m\u00e1s de 40 a\u00f1os - AVI |\u00a0Ag\u00e8ncia Valenciana de la Innovaci\u00f3<\/title>\n<meta name=\"description\" content=\"\u00a0El plazo para presentar soluciones innovadoras a los retos que ha identificado este departamento finalizar\u00e1 el pr\u00f3ximo 23 de julio\u00a0El vicepresidente\" \/>\n<meta name=\"robots\" content=\"index, follow, max-snippet:-1, max-image-preview:large, max-video-preview:-1\" \/>\n<link rel=\"canonical\" href=\"https:\/\/innoavi.es\/es\/vivienda-y-la-avi-lanzan-una-compra-publica-para-impulsar-innovaciones-que-mejoren-la-eficiencia-energetica-de-edificios-de-mas-de-40-anos\/\" \/>\n<meta property=\"og:locale\" content=\"es_ES\" \/>\n<meta property=\"og:type\" content=\"article\" \/>\n<meta property=\"og:title\" content=\"Vivienda y la AVI lanzan una compra p\u00fablica para impulsar innovaciones que mejoren la eficiencia energ\u00e9tica de edificios de m\u00e1s de 40 a\u00f1os - AVI |\u00a0Ag\u00e8ncia Valenciana de la Innovaci\u00f3\" \/>\n<meta property=\"og:description\" content=\"\u00a0El plazo para presentar soluciones innovadoras a los retos que ha identificado este departamento finalizar\u00e1 el pr\u00f3ximo 23 de julio\u00a0El vicepresidente\" \/>\n<meta property=\"og:url\" content=\"https:\/\/innoavi.es\/es\/vivienda-y-la-avi-lanzan-una-compra-publica-para-impulsar-innovaciones-que-mejoren-la-eficiencia-energetica-de-edificios-de-mas-de-40-anos\/\" \/>\n<meta property=\"og:site_name\" content=\"AVI |\u00a0Ag\u00e8ncia Valenciana de la Innovaci\u00f3\" \/>\n<meta property=\"article:published_time\" content=\"2020-06-23T17:17:27+00:00\" \/>\n<meta property=\"article:modified_time\" content=\"2020-06-23T17:20:16+00:00\" \/>\n<meta property=\"og:image\" content=\"https:\/\/innoavi.es\/wp-content\/uploads\/2020\/06\/Vicepresida\u0308ncia-Segona_RGB_VAL.jpg\" \/>\n\t<meta property=\"og:image:width\" content=\"822\" \/>\n\t<meta property=\"og:image:height\" content=\"464\" \/>\n\t<meta property=\"og:image:type\" content=\"image\/jpeg\" \/>\n<meta name=\"author\" content=\"paco\" \/>\n<meta name=\"twitter:card\" content=\"summary_large_image\" \/>\n<meta name=\"twitter:creator\" content=\"@GVAavi\" \/>\n<meta name=\"twitter:site\" content=\"@GVAavi\" \/>\n<meta name=\"twitter:label1\" content=\"Escrito por\" \/>\n\t<meta name=\"twitter:data1\" content=\"paco\" \/>\n\t<meta name=\"twitter:label2\" content=\"Tiempo de lectura\" \/>\n\t<meta name=\"twitter:data2\" content=\"5 minutos\" \/>\n<script type=\"application\/ld+json\" class=\"yoast-schema-graph\">{\"@context\":\"https:\/\/schema.org\",\"@graph\":[{\"@type\":\"Article\",\"@id\":\"https:\/\/innoavi.es\/es\/vivienda-y-la-avi-lanzan-una-compra-publica-para-impulsar-innovaciones-que-mejoren-la-eficiencia-energetica-de-edificios-de-mas-de-40-anos\/#article\",\"isPartOf\":{\"@id\":\"https:\/\/innoavi.es\/es\/vivienda-y-la-avi-lanzan-una-compra-publica-para-impulsar-innovaciones-que-mejoren-la-eficiencia-energetica-de-edificios-de-mas-de-40-anos\/\"},\"author\":{\"name\":\"paco\",\"@id\":\"https:\/\/innoavi.es\/es\/#\/schema\/person\/cc5bf07456956a9205069c432fb8fa32\"},\"headline\":\"Vivienda y la AVI lanzan una compra p\u00fablica para impulsar innovaciones que mejoren la eficiencia energ\u00e9tica de edificios de m\u00e1s de 40 a\u00f1os\",\"datePublished\":\"2020-06-23T17:17:27+00:00\",\"dateModified\":\"2020-06-23T17:20:16+00:00\",\"mainEntityOfPage\":{\"@id\":\"https:\/\/innoavi.es\/es\/vivienda-y-la-avi-lanzan-una-compra-publica-para-impulsar-innovaciones-que-mejoren-la-eficiencia-energetica-de-edificios-de-mas-de-40-anos\/\"},\"wordCount\":1082,\"image\":{\"@id\":\"https:\/\/innoavi.es\/es\/vivienda-y-la-avi-lanzan-una-compra-publica-para-impulsar-innovaciones-que-mejoren-la-eficiencia-energetica-de-edificios-de-mas-de-40-anos\/#primaryimage\"},\"thumbnailUrl\":\"https:\/\/innoavi.es\/wp-content\/uploads\/2020\/06\/Vicepresida\u0308ncia-Segona_RGB_VAL.jpg\",\"articleSection\":[\"Prensa\"],\"inLanguage\":\"es\"},{\"@type\":\"WebPage\",\"@id\":\"https:\/\/innoavi.es\/es\/vivienda-y-la-avi-lanzan-una-compra-publica-para-impulsar-innovaciones-que-mejoren-la-eficiencia-energetica-de-edificios-de-mas-de-40-anos\/\",\"url\":\"https:\/\/innoavi.es\/es\/vivienda-y-la-avi-lanzan-una-compra-publica-para-impulsar-innovaciones-que-mejoren-la-eficiencia-energetica-de-edificios-de-mas-de-40-anos\/\",\"name\":\"Vivienda y la AVI lanzan una compra p\u00fablica para impulsar innovaciones que mejoren la eficiencia energ\u00e9tica de edificios de m\u00e1s de 40 a\u00f1os - AVI |\u00a0Ag\u00e8ncia Valenciana de la Innovaci\u00f3\",\"isPartOf\":{\"@id\":\"https:\/\/innoavi.es\/es\/#website\"},\"primaryImageOfPage\":{\"@id\":\"https:\/\/innoavi.es\/es\/vivienda-y-la-avi-lanzan-una-compra-publica-para-impulsar-innovaciones-que-mejoren-la-eficiencia-energetica-de-edificios-de-mas-de-40-anos\/#primaryimage\"},\"image\":{\"@id\":\"https:\/\/innoavi.es\/es\/vivienda-y-la-avi-lanzan-una-compra-publica-para-impulsar-innovaciones-que-mejoren-la-eficiencia-energetica-de-edificios-de-mas-de-40-anos\/#primaryimage\"},\"thumbnailUrl\":\"https:\/\/innoavi.es\/wp-content\/uploads\/2020\/06\/Vicepresida\u0308ncia-Segona_RGB_VAL.jpg\",\"datePublished\":\"2020-06-23T17:17:27+00:00\",\"dateModified\":\"2020-06-23T17:20:16+00:00\",\"author\":{\"@id\":\"https:\/\/innoavi.es\/es\/#\/schema\/person\/cc5bf07456956a9205069c432fb8fa32\"},\"description\":\"\u00a0El plazo para presentar soluciones innovadoras a los retos que ha identificado este departamento finalizar\u00e1 el pr\u00f3ximo 23 de julio\u00a0El vicepresidente\",\"breadcrumb\":{\"@id\":\"https:\/\/innoavi.es\/es\/vivienda-y-la-avi-lanzan-una-compra-publica-para-impulsar-innovaciones-que-mejoren-la-eficiencia-energetica-de-edificios-de-mas-de-40-anos\/#breadcrumb\"},\"inLanguage\":\"es\",\"potentialAction\":[{\"@type\":\"ReadAction\",\"target\":[\"https:\/\/innoavi.es\/es\/vivienda-y-la-avi-lanzan-una-compra-publica-para-impulsar-innovaciones-que-mejoren-la-eficiencia-energetica-de-edificios-de-mas-de-40-anos\/\"]}]},{\"@type\":\"ImageObject\",\"inLanguage\":\"es\",\"@id\":\"https:\/\/innoavi.es\/es\/vivienda-y-la-avi-lanzan-una-compra-publica-para-impulsar-innovaciones-que-mejoren-la-eficiencia-energetica-de-edificios-de-mas-de-40-anos\/#primaryimage\",\"url\":\"https:\/\/innoavi.es\/wp-content\/uploads\/2020\/06\/Vicepresida\u0308ncia-Segona_RGB_VAL.jpg\",\"contentUrl\":\"https:\/\/innoavi.es\/wp-content\/uploads\/2020\/06\/Vicepresida\u0308ncia-Segona_RGB_VAL.jpg\",\"width\":822,\"height\":464},{\"@type\":\"BreadcrumbList\",\"@id\":\"https:\/\/innoavi.es\/es\/vivienda-y-la-avi-lanzan-una-compra-publica-para-impulsar-innovaciones-que-mejoren-la-eficiencia-energetica-de-edificios-de-mas-de-40-anos\/#breadcrumb\",\"itemListElement\":[{\"@type\":\"ListItem\",\"position\":1,\"name\":\"Portada\",\"item\":\"https:\/\/innoavi.es\/es\/\"},{\"@type\":\"ListItem\",\"position\":2,\"name\":\"Vivienda y la AVI lanzan una compra p\u00fablica para impulsar innovaciones que mejoren la eficiencia energ\u00e9tica de edificios de m\u00e1s de 40 a\u00f1os\"}]},{\"@type\":\"WebSite\",\"@id\":\"https:\/\/innoavi.es\/es\/#website\",\"url\":\"https:\/\/innoavi.es\/es\/\",\"name\":\"AVI |\u00a0Ag\u00e8ncia Valenciana de la Innovaci\u00f3\",\"description\":\"P\u00e0gina web oficial de l&#039;AVI\",\"potentialAction\":[{\"@type\":\"SearchAction\",\"target\":{\"@type\":\"EntryPoint\",\"urlTemplate\":\"https:\/\/innoavi.es\/es\/?s={search_term_string}\"},\"query-input\":{\"@type\":\"PropertyValueSpecification\",\"valueRequired\":true,\"valueName\":\"search_term_string\"}}],\"inLanguage\":\"es\"},{\"@type\":\"Person\",\"@id\":\"https:\/\/innoavi.es\/es\/#\/schema\/person\/cc5bf07456956a9205069c432fb8fa32\",\"name\":\"paco\"}]}<\/script>\n<!-- \/ Yoast SEO plugin. -->","yoast_head_json":{"title":"Vivienda y la AVI lanzan una compra p\u00fablica para impulsar innovaciones que mejoren la eficiencia energ\u00e9tica de edificios de m\u00e1s de 40 a\u00f1os - AVI |\u00a0Ag\u00e8ncia Valenciana de la Innovaci\u00f3","description":"\u00a0El plazo para presentar soluciones innovadoras a los retos que ha identificado este departamento finalizar\u00e1 el pr\u00f3ximo 23 de julio\u00a0El vicepresidente","robots":{"index":"index","follow":"follow","max-snippet":"max-snippet:-1","max-image-preview":"max-image-preview:large","max-video-preview":"max-video-preview:-1"},"canonical":"https:\/\/innoavi.es\/es\/vivienda-y-la-avi-lanzan-una-compra-publica-para-impulsar-innovaciones-que-mejoren-la-eficiencia-energetica-de-edificios-de-mas-de-40-anos\/","og_locale":"es_ES","og_type":"article","og_title":"Vivienda y la AVI lanzan una compra p\u00fablica para impulsar innovaciones que mejoren la eficiencia energ\u00e9tica de edificios de m\u00e1s de 40 a\u00f1os - AVI |\u00a0Ag\u00e8ncia Valenciana de la Innovaci\u00f3","og_description":"\u00a0El plazo para presentar soluciones innovadoras a los retos que ha identificado este departamento finalizar\u00e1 el pr\u00f3ximo 23 de julio\u00a0El vicepresidente","og_url":"https:\/\/innoavi.es\/es\/vivienda-y-la-avi-lanzan-una-compra-publica-para-impulsar-innovaciones-que-mejoren-la-eficiencia-energetica-de-edificios-de-mas-de-40-anos\/","og_site_name":"AVI |\u00a0Ag\u00e8ncia Valenciana de la Innovaci\u00f3","article_published_time":"2020-06-23T17:17:27+00:00","article_modified_time":"2020-06-23T17:20:16+00:00","og_image":[{"width":822,"height":464,"url":"https:\/\/innoavi.es\/wp-content\/uploads\/2020\/06\/Vicepresida\u0308ncia-Segona_RGB_VAL.jpg","type":"image\/jpeg"}],"author":"paco","twitter_card":"summary_large_image","twitter_creator":"@GVAavi","twitter_site":"@GVAavi","twitter_misc":{"Escrito por":"paco","Tiempo de lectura":"5 minutos"},"schema":{"@context":"https:\/\/schema.org","@graph":[{"@type":"Article","@id":"https:\/\/innoavi.es\/es\/vivienda-y-la-avi-lanzan-una-compra-publica-para-impulsar-innovaciones-que-mejoren-la-eficiencia-energetica-de-edificios-de-mas-de-40-anos\/#article","isPartOf":{"@id":"https:\/\/innoavi.es\/es\/vivienda-y-la-avi-lanzan-una-compra-publica-para-impulsar-innovaciones-que-mejoren-la-eficiencia-energetica-de-edificios-de-mas-de-40-anos\/"},"author":{"name":"paco","@id":"https:\/\/innoavi.es\/es\/#\/schema\/person\/cc5bf07456956a9205069c432fb8fa32"},"headline":"Vivienda y la AVI lanzan una compra p\u00fablica para impulsar innovaciones que mejoren la eficiencia energ\u00e9tica de edificios de m\u00e1s de 40 a\u00f1os","datePublished":"2020-06-23T17:17:27+00:00","dateModified":"2020-06-23T17:20:16+00:00","mainEntityOfPage":{"@id":"https:\/\/innoavi.es\/es\/vivienda-y-la-avi-lanzan-una-compra-publica-para-impulsar-innovaciones-que-mejoren-la-eficiencia-energetica-de-edificios-de-mas-de-40-anos\/"},"wordCount":1082,"image":{"@id":"https:\/\/innoavi.es\/es\/vivienda-y-la-avi-lanzan-una-compra-publica-para-impulsar-innovaciones-que-mejoren-la-eficiencia-energetica-de-edificios-de-mas-de-40-anos\/#primaryimage"},"thumbnailUrl":"https:\/\/innoavi.es\/wp-content\/uploads\/2020\/06\/Vicepresida\u0308ncia-Segona_RGB_VAL.jpg","articleSection":["Prensa"],"inLanguage":"es"},{"@type":"WebPage","@id":"https:\/\/innoavi.es\/es\/vivienda-y-la-avi-lanzan-una-compra-publica-para-impulsar-innovaciones-que-mejoren-la-eficiencia-energetica-de-edificios-de-mas-de-40-anos\/","url":"https:\/\/innoavi.es\/es\/vivienda-y-la-avi-lanzan-una-compra-publica-para-impulsar-innovaciones-que-mejoren-la-eficiencia-energetica-de-edificios-de-mas-de-40-anos\/","name":"Vivienda y la AVI lanzan una compra p\u00fablica para impulsar innovaciones que mejoren la eficiencia energ\u00e9tica de edificios de m\u00e1s de 40 a\u00f1os - AVI |\u00a0Ag\u00e8ncia Valenciana de la Innovaci\u00f3","isPartOf":{"@id":"https:\/\/innoavi.es\/es\/#website"},"primaryImageOfPage":{"@id":"https:\/\/innoavi.es\/es\/vivienda-y-la-avi-lanzan-una-compra-publica-para-impulsar-innovaciones-que-mejoren-la-eficiencia-energetica-de-edificios-de-mas-de-40-anos\/#primaryimage"},"image":{"@id":"https:\/\/innoavi.es\/es\/vivienda-y-la-avi-lanzan-una-compra-publica-para-impulsar-innovaciones-que-mejoren-la-eficiencia-energetica-de-edificios-de-mas-de-40-anos\/#primaryimage"},"thumbnailUrl":"https:\/\/innoavi.es\/wp-content\/uploads\/2020\/06\/Vicepresida\u0308ncia-Segona_RGB_VAL.jpg","datePublished":"2020-06-23T17:17:27+00:00","dateModified":"2020-06-23T17:20:16+00:00","author":{"@id":"https:\/\/innoavi.es\/es\/#\/schema\/person\/cc5bf07456956a9205069c432fb8fa32"},"description":"\u00a0El plazo para presentar soluciones innovadoras a los retos que ha identificado este departamento finalizar\u00e1 el pr\u00f3ximo 23 de julio\u00a0El vicepresidente","breadcrumb":{"@id":"https:\/\/innoavi.es\/es\/vivienda-y-la-avi-lanzan-una-compra-publica-para-impulsar-innovaciones-que-mejoren-la-eficiencia-energetica-de-edificios-de-mas-de-40-anos\/#breadcrumb"},"inLanguage":"es","potentialAction":[{"@type":"ReadAction","target":["https:\/\/innoavi.es\/es\/vivienda-y-la-avi-lanzan-una-compra-publica-para-impulsar-innovaciones-que-mejoren-la-eficiencia-energetica-de-edificios-de-mas-de-40-anos\/"]}]},{"@type":"ImageObject","inLanguage":"es","@id":"https:\/\/innoavi.es\/es\/vivienda-y-la-avi-lanzan-una-compra-publica-para-impulsar-innovaciones-que-mejoren-la-eficiencia-energetica-de-edificios-de-mas-de-40-anos\/#primaryimage","url":"https:\/\/innoavi.es\/wp-content\/uploads\/2020\/06\/Vicepresida\u0308ncia-Segona_RGB_VAL.jpg","contentUrl":"https:\/\/innoavi.es\/wp-content\/uploads\/2020\/06\/Vicepresida\u0308ncia-Segona_RGB_VAL.jpg","width":822,"height":464},{"@type":"BreadcrumbList","@id":"https:\/\/innoavi.es\/es\/vivienda-y-la-avi-lanzan-una-compra-publica-para-impulsar-innovaciones-que-mejoren-la-eficiencia-energetica-de-edificios-de-mas-de-40-anos\/#breadcrumb","itemListElement":[{"@type":"ListItem","position":1,"name":"Portada","item":"https:\/\/innoavi.es\/es\/"},{"@type":"ListItem","position":2,"name":"Vivienda y la AVI lanzan una compra p\u00fablica para impulsar innovaciones que mejoren la eficiencia energ\u00e9tica de edificios de m\u00e1s de 40 a\u00f1os"}]},{"@type":"WebSite","@id":"https:\/\/innoavi.es\/es\/#website","url":"https:\/\/innoavi.es\/es\/","name":"AVI |\u00a0Ag\u00e8ncia Valenciana de la Innovaci\u00f3","description":"P\u00e0gina web oficial de l&#039;AVI","potentialAction":[{"@type":"SearchAction","target":{"@type":"EntryPoint","urlTemplate":"https:\/\/innoavi.es\/es\/?s={search_term_string}"},"query-input":{"@type":"PropertyValueSpecification","valueRequired":true,"valueName":"search_term_string"}}],"inLanguage":"es"},{"@type":"Person","@id":"https:\/\/innoavi.es\/es\/#\/schema\/person\/cc5bf07456956a9205069c432fb8fa32","name":"paco"}]}},"_links":{"self":[{"href":"https:\/\/innoavi.es\/es\/wp-json\/wp\/v2\/posts\/16051","targetHints":{"allow":["GET"]}}],"collection":[{"href":"https:\/\/innoavi.es\/es\/wp-json\/wp\/v2\/posts"}],"about":[{"href":"https:\/\/innoavi.es\/es\/wp-json\/wp\/v2\/types\/post"}],"author":[{"embeddable":true,"href":"https:\/\/innoavi.es\/es\/wp-json\/wp\/v2\/users\/12"}],"replies":[{"embeddable":true,"href":"https:\/\/innoavi.es\/es\/wp-json\/wp\/v2\/comments?post=16051"}],"version-history":[{"count":1,"href":"https:\/\/innoavi.es\/es\/wp-json\/wp\/v2\/posts\/16051\/revisions"}],"predecessor-version":[{"id":16052,"href":"https:\/\/innoavi.es\/es\/wp-json\/wp\/v2\/posts\/16051\/revisions\/16052"}],"wp:featuredmedia":[{"embeddable":true,"href":"https:\/\/innoavi.es\/es\/wp-json\/wp\/v2\/media\/15858"}],"wp:attachment":[{"href":"https:\/\/innoavi.es\/es\/wp-json\/wp\/v2\/media?parent=16051"}],"wp:term":[{"taxonomy":"category","embeddable":true,"href":"https:\/\/innoavi.es\/es\/wp-json\/wp\/v2\/categories?post=16051"},{"taxonomy":"post_tag","embeddable":true,"href":"https:\/\/innoavi.es\/es\/wp-json\/wp\/v2\/tags?post=16051"}],"curies":[{"name":"wp","href":"https:\/\/api.w.org\/{rel}","templated":true}]}}