{"id":15832,"date":"2020-06-12T19:51:15","date_gmt":"2020-06-12T17:51:15","guid":{"rendered":"http:\/\/innoavi.es\/?p=15832"},"modified":"2020-06-12T19:55:50","modified_gmt":"2020-06-12T17:55:50","slug":"la-cev-se-suma-a-la-alianza-que-impulsa-la-avi-para-garantizar-la-transferencia-de-tecnologias-habilitadoras-a-las-empresas","status":"publish","type":"post","link":"https:\/\/innoavi.es\/es\/la-cev-se-suma-a-la-alianza-que-impulsa-la-avi-para-garantizar-la-transferencia-de-tecnologias-habilitadoras-a-las-empresas\/","title":{"rendered":"La CEV se suma a la alianza que impulsa la AVI para garantizar la transferencia de tecnolog\u00edas habilitadoras a las empresas"},"content":{"rendered":"<img loading=\"lazy\" decoding=\"async\" class=\"alignnone size-full wp-image-14184\" src=\"http:\/\/innoavi.es\/wp-content\/uploads\/2019\/03\/cev_v2_pq.png\" alt=\"\" width=\"387\" height=\"130\" \/><br \/><ul><li>Formar\u00e1n parte de esta iniciativa, junto a la confederaci\u00f3n empresarial, las universidades, la Red de Institutos Tecnol\u00f3gicos (Redit) y el CSIC<\/li><li>La Alianza facilitar\u00e1 a las empresas el acceso a las tecnolog\u00edas innovadoras y garantizar\u00e1 la formaci\u00f3n especializada<\/li><\/ul>La Confederaci\u00f3n Empresarial de la Comunitat Valenciana (CEV) se ha sumado a la creaci\u00f3n de la alianza en tecnolog\u00edas habilitadoras para el sistema productivo, que impulsa la Ag\u00e8ncia Valenciana de la Innovaci\u00f3 (AVI), con el objetivo de garantizar el acceso de las empresas a dichas tecnolog\u00edas, as\u00ed como para proporcionarles las competencias necesarias para obtener ventajas competitivas de su aplicaci\u00f3n.<br \/><br \/>As\u00ed lo acord\u00f3 este jueves la junta directiva de la patronal auton\u00f3mica, que dio as\u00ed su benepl\u00e1cito al documento de declaraci\u00f3n de intenciones, que servir\u00e1 de punto de partida para su constituci\u00f3n, despu\u00e9s de haber abordado los detalles del proyecto en distintas reuniones de trabajo que se han mantenido con la direcci\u00f3n de la AVI a lo largo de los \u00faltimos meses.<br \/><br \/>Las tecnolog\u00edas habilitadoras aglutinan a las disciplinas propias de la digitalizaci\u00f3n, as\u00ed como otros \u00e1mbitos cient\u00edfico-tecnol\u00f3gicos con un gran impacto en el tejido productivo, como es el caso de la rob\u00f3tica, la nanotecnolog\u00eda, la biotecnolog\u00eda o la inteligencia artificial.<br \/><br \/>Esta Alianza, en la que participar\u00e1n las universidades, los institutos tecnol\u00f3gicos y los centros del CSIC en la Comunitat Valenciana, ofrecer\u00e1 a las empresas acceso a una red de infraestructuras y espacios demostrativos y experimentales donde podr\u00e1n observar dichas tecnolog\u00edas en funcionamiento, valorar el impacto real en sus productos, procesos y organizaci\u00f3n, as\u00ed como ejecutar proyectos piloto y ensayos de forma previa a su adaptaci\u00f3n y adquisici\u00f3n.<br \/><br \/>Tambi\u00e9n impulsar\u00e1 actividades de formaci\u00f3n con un alto grado de especializaci\u00f3n, con el fin de dotar a las empresas y sus plantillas de las competencias necesarias para afrontar la revoluci\u00f3n tecnol\u00f3gica e incorporar las tecnolog\u00edas habilitadoras a sus productos, procesos y organizaci\u00f3n.<br \/><br \/>La oferta de servicios de esta iniciativa se dirige, fundamentalmente, a las empresas e incluir\u00e1 acciones de apoyo a la inversi\u00f3n, facilitando el acceso a instituciones financieras e inversores; as\u00ed como de networking empresarial, con el fin de poner en contacto a las empresas de la misma cadena de valor con innovadores o clientes que quieran testar la soluci\u00f3n.<br \/><br \/>Apoyo de la patronal auton\u00f3mica<br \/><br \/>En opini\u00f3n del presidente de la CEV, Salvador Navarro, \u00abesta alianza contribuir\u00e1 a dar mayor impulso a la innovaci\u00f3n, especialmente entre las pymes y los emprendedores para las que el reto de innovar es m\u00e1s complicado\u00bb.<br \/><br \/>Por su parte, el vicepresidente ejecutivo de la AVI, Andr\u00e9s Garc\u00eda Reche, ha destacado el car\u00e1cter colaborativo de la iniciativa, que reunir\u00e1 a todos los centros de competencias en la Comunitat Valenciana. \u00abLa Alianza garantizar\u00e1 a las empresas hacer frente a la revoluci\u00f3n tecnol\u00f3gica con solvencia\u00bb, ha destacado.<br \/><br \/>Desde 2018, la Ag\u00e8ncia Valenciana de la Innovaci\u00f3 ha venido apoyando el desarrollo de actividades para consolidar este proyecto, que permitir\u00e1n ahora su puesta en marcha.<br \/><br \/>De este modo, en una primera fase se identificaron los centros con competencias en el \u00e1mbito de las tecnolog\u00edas habilitadoras disponibles en el conjunto sistema valenciano de innovaci\u00f3n para, a continuaci\u00f3n, catalogar tanto las capacidades formativas como las infraestructuras los demostradores tecnol\u00f3gicos con los que cuentan la Red de Institutos Tecnol\u00f3gicos (REDIT), las universidades y los centros e institutos de investigaci\u00f3n de la Comunitat.","protected":false},"excerpt":{"rendered":"<p>Formar\u00e1n parte de esta iniciativa, junto a la confederaci\u00f3n empresarial, las universidades, la Red de Institutos Tecnol\u00f3gicos (Redit) y el CSICLa Alianza facilitar\u00e1 a las empresas el acceso a las tecnolog\u00edas innovadoras y garantizar\u00e1 la formaci\u00f3n especializadaLa Confederaci\u00f3n Empresarial de la Comunitat Valenciana (CEV) se ha sumado a la creaci\u00f3n de la alianza en tecnolog\u00edas habilitadoras para el sistema productivo, que impulsa la Ag\u00e8ncia Valenciana de la Innovaci\u00f3 (AVI), con el objetivo de garantizar el acceso de las empresas a dichas tecnolog\u00edas, as\u00ed como para proporcionarles las competencias necesarias para<a class=\"more-link\" href=\"https:\/\/innoavi.es\/es\/la-cev-se-suma-a-la-alianza-que-impulsa-la-avi-para-garantizar-la-transferencia-de-tecnologias-habilitadoras-a-las-empresas\/\">SEE DETAILS <span class=\"more-link-image\"><\/span><span class=\"more-link-hover-image\"><\/span><\/a><\/p>\n","protected":false},"author":12,"featured_media":15839,"comment_status":"closed","ping_status":"open","sticky":false,"template":"","format":"standard","meta":{"_acf_changed":false,"footnotes":""},"categories":[202],"tags":[],"class_list":["post-15832","post","type-post","status-publish","format-standard","has-post-thumbnail","hentry","category-prensa"],"acf":[],"yoast_head":"<!-- This site is optimized with the Yoast SEO plugin v26.7 - https:\/\/yoast.com\/wordpress\/plugins\/seo\/ -->\n<title>La CEV se suma a la alianza que impulsa la AVI para garantizar la transferencia de tecnolog\u00edas habilitadoras a las empresas - AVI |\u00a0Ag\u00e8ncia Valenciana de la Innovaci\u00f3<\/title>\n<meta name=\"description\" content=\"Formar\u00e1n parte de esta iniciativa, junto a la confederaci\u00f3n empresarial, las universidades, la Red de Institutos Tecnol\u00f3gicos (Redit) y el CSICLa Alianza\" \/>\n<meta name=\"robots\" content=\"index, follow, max-snippet:-1, max-image-preview:large, max-video-preview:-1\" \/>\n<link rel=\"canonical\" href=\"https:\/\/innoavi.es\/es\/la-cev-se-suma-a-la-alianza-que-impulsa-la-avi-para-garantizar-la-transferencia-de-tecnologias-habilitadoras-a-las-empresas\/\" \/>\n<meta property=\"og:locale\" content=\"es_ES\" \/>\n<meta property=\"og:type\" content=\"article\" \/>\n<meta property=\"og:title\" content=\"La CEV se suma a la alianza que impulsa la AVI para garantizar la transferencia de tecnolog\u00edas habilitadoras a las empresas - AVI |\u00a0Ag\u00e8ncia Valenciana de la Innovaci\u00f3\" \/>\n<meta property=\"og:description\" content=\"Formar\u00e1n parte de esta iniciativa, junto a la confederaci\u00f3n empresarial, las universidades, la Red de Institutos Tecnol\u00f3gicos (Redit) y el CSICLa Alianza\" \/>\n<meta property=\"og:url\" content=\"https:\/\/innoavi.es\/es\/la-cev-se-suma-a-la-alianza-que-impulsa-la-avi-para-garantizar-la-transferencia-de-tecnologias-habilitadoras-a-las-empresas\/\" \/>\n<meta property=\"og:site_name\" content=\"AVI |\u00a0Ag\u00e8ncia Valenciana de la Innovaci\u00f3\" \/>\n<meta property=\"article:published_time\" content=\"2020-06-12T17:51:15+00:00\" \/>\n<meta property=\"article:modified_time\" content=\"2020-06-12T17:55:50+00:00\" \/>\n<meta property=\"og:image\" content=\"https:\/\/innoavi.es\/wp-content\/uploads\/2020\/06\/CEV200x200.jpg\" \/>\n\t<meta property=\"og:image:width\" content=\"400\" \/>\n\t<meta property=\"og:image:height\" content=\"400\" \/>\n\t<meta property=\"og:image:type\" content=\"image\/jpeg\" \/>\n<meta name=\"author\" content=\"paco\" \/>\n<meta name=\"twitter:card\" content=\"summary_large_image\" \/>\n<meta name=\"twitter:creator\" content=\"@GVAavi\" \/>\n<meta name=\"twitter:site\" content=\"@GVAavi\" \/>\n<meta name=\"twitter:label1\" content=\"Escrito por\" \/>\n\t<meta name=\"twitter:data1\" content=\"paco\" \/>\n\t<meta name=\"twitter:label2\" content=\"Tiempo de lectura\" \/>\n\t<meta name=\"twitter:data2\" content=\"3 minutos\" \/>\n<script type=\"application\/ld+json\" class=\"yoast-schema-graph\">{\"@context\":\"https:\/\/schema.org\",\"@graph\":[{\"@type\":\"Article\",\"@id\":\"https:\/\/innoavi.es\/es\/la-cev-se-suma-a-la-alianza-que-impulsa-la-avi-para-garantizar-la-transferencia-de-tecnologias-habilitadoras-a-las-empresas\/#article\",\"isPartOf\":{\"@id\":\"https:\/\/innoavi.es\/es\/la-cev-se-suma-a-la-alianza-que-impulsa-la-avi-para-garantizar-la-transferencia-de-tecnologias-habilitadoras-a-las-empresas\/\"},\"author\":{\"name\":\"paco\",\"@id\":\"https:\/\/innoavi.es\/es\/#\/schema\/person\/cc5bf07456956a9205069c432fb8fa32\"},\"headline\":\"La CEV se suma a la alianza que impulsa la AVI para garantizar la transferencia de tecnolog\u00edas habilitadoras a las empresas\",\"datePublished\":\"2020-06-12T17:51:15+00:00\",\"dateModified\":\"2020-06-12T17:55:50+00:00\",\"mainEntityOfPage\":{\"@id\":\"https:\/\/innoavi.es\/es\/la-cev-se-suma-a-la-alianza-que-impulsa-la-avi-para-garantizar-la-transferencia-de-tecnologias-habilitadoras-a-las-empresas\/\"},\"wordCount\":624,\"image\":{\"@id\":\"https:\/\/innoavi.es\/es\/la-cev-se-suma-a-la-alianza-que-impulsa-la-avi-para-garantizar-la-transferencia-de-tecnologias-habilitadoras-a-las-empresas\/#primaryimage\"},\"thumbnailUrl\":\"https:\/\/innoavi.es\/wp-content\/uploads\/2020\/06\/CEV200x200.jpg\",\"articleSection\":[\"Prensa\"],\"inLanguage\":\"es\"},{\"@type\":\"WebPage\",\"@id\":\"https:\/\/innoavi.es\/es\/la-cev-se-suma-a-la-alianza-que-impulsa-la-avi-para-garantizar-la-transferencia-de-tecnologias-habilitadoras-a-las-empresas\/\",\"url\":\"https:\/\/innoavi.es\/es\/la-cev-se-suma-a-la-alianza-que-impulsa-la-avi-para-garantizar-la-transferencia-de-tecnologias-habilitadoras-a-las-empresas\/\",\"name\":\"La CEV se suma a la alianza que impulsa la AVI para garantizar la transferencia de tecnolog\u00edas habilitadoras a las empresas - AVI |\u00a0Ag\u00e8ncia Valenciana de la Innovaci\u00f3\",\"isPartOf\":{\"@id\":\"https:\/\/innoavi.es\/es\/#website\"},\"primaryImageOfPage\":{\"@id\":\"https:\/\/innoavi.es\/es\/la-cev-se-suma-a-la-alianza-que-impulsa-la-avi-para-garantizar-la-transferencia-de-tecnologias-habilitadoras-a-las-empresas\/#primaryimage\"},\"image\":{\"@id\":\"https:\/\/innoavi.es\/es\/la-cev-se-suma-a-la-alianza-que-impulsa-la-avi-para-garantizar-la-transferencia-de-tecnologias-habilitadoras-a-las-empresas\/#primaryimage\"},\"thumbnailUrl\":\"https:\/\/innoavi.es\/wp-content\/uploads\/2020\/06\/CEV200x200.jpg\",\"datePublished\":\"2020-06-12T17:51:15+00:00\",\"dateModified\":\"2020-06-12T17:55:50+00:00\",\"author\":{\"@id\":\"https:\/\/innoavi.es\/es\/#\/schema\/person\/cc5bf07456956a9205069c432fb8fa32\"},\"description\":\"Formar\u00e1n parte de esta iniciativa, junto a la confederaci\u00f3n empresarial, las universidades, la Red de Institutos Tecnol\u00f3gicos (Redit) y el CSICLa Alianza\",\"breadcrumb\":{\"@id\":\"https:\/\/innoavi.es\/es\/la-cev-se-suma-a-la-alianza-que-impulsa-la-avi-para-garantizar-la-transferencia-de-tecnologias-habilitadoras-a-las-empresas\/#breadcrumb\"},\"inLanguage\":\"es\",\"potentialAction\":[{\"@type\":\"ReadAction\",\"target\":[\"https:\/\/innoavi.es\/es\/la-cev-se-suma-a-la-alianza-que-impulsa-la-avi-para-garantizar-la-transferencia-de-tecnologias-habilitadoras-a-las-empresas\/\"]}]},{\"@type\":\"ImageObject\",\"inLanguage\":\"es\",\"@id\":\"https:\/\/innoavi.es\/es\/la-cev-se-suma-a-la-alianza-que-impulsa-la-avi-para-garantizar-la-transferencia-de-tecnologias-habilitadoras-a-las-empresas\/#primaryimage\",\"url\":\"https:\/\/innoavi.es\/wp-content\/uploads\/2020\/06\/CEV200x200.jpg\",\"contentUrl\":\"https:\/\/innoavi.es\/wp-content\/uploads\/2020\/06\/CEV200x200.jpg\",\"width\":400,\"height\":400},{\"@type\":\"BreadcrumbList\",\"@id\":\"https:\/\/innoavi.es\/es\/la-cev-se-suma-a-la-alianza-que-impulsa-la-avi-para-garantizar-la-transferencia-de-tecnologias-habilitadoras-a-las-empresas\/#breadcrumb\",\"itemListElement\":[{\"@type\":\"ListItem\",\"position\":1,\"name\":\"Portada\",\"item\":\"https:\/\/innoavi.es\/es\/\"},{\"@type\":\"ListItem\",\"position\":2,\"name\":\"La CEV se suma a la alianza que impulsa la AVI para garantizar la transferencia de tecnolog\u00edas habilitadoras a las empresas\"}]},{\"@type\":\"WebSite\",\"@id\":\"https:\/\/innoavi.es\/es\/#website\",\"url\":\"https:\/\/innoavi.es\/es\/\",\"name\":\"AVI |\u00a0Ag\u00e8ncia Valenciana de la Innovaci\u00f3\",\"description\":\"P\u00e0gina web oficial de l&#039;AVI\",\"potentialAction\":[{\"@type\":\"SearchAction\",\"target\":{\"@type\":\"EntryPoint\",\"urlTemplate\":\"https:\/\/innoavi.es\/es\/?s={search_term_string}\"},\"query-input\":{\"@type\":\"PropertyValueSpecification\",\"valueRequired\":true,\"valueName\":\"search_term_string\"}}],\"inLanguage\":\"es\"},{\"@type\":\"Person\",\"@id\":\"https:\/\/innoavi.es\/es\/#\/schema\/person\/cc5bf07456956a9205069c432fb8fa32\",\"name\":\"paco\"}]}<\/script>\n<!-- \/ Yoast SEO plugin. -->","yoast_head_json":{"title":"La CEV se suma a la alianza que impulsa la AVI para garantizar la transferencia de tecnolog\u00edas habilitadoras a las empresas - AVI |\u00a0Ag\u00e8ncia Valenciana de la Innovaci\u00f3","description":"Formar\u00e1n parte de esta iniciativa, junto a la confederaci\u00f3n empresarial, las universidades, la Red de Institutos Tecnol\u00f3gicos (Redit) y el CSICLa Alianza","robots":{"index":"index","follow":"follow","max-snippet":"max-snippet:-1","max-image-preview":"max-image-preview:large","max-video-preview":"max-video-preview:-1"},"canonical":"https:\/\/innoavi.es\/es\/la-cev-se-suma-a-la-alianza-que-impulsa-la-avi-para-garantizar-la-transferencia-de-tecnologias-habilitadoras-a-las-empresas\/","og_locale":"es_ES","og_type":"article","og_title":"La CEV se suma a la alianza que impulsa la AVI para garantizar la transferencia de tecnolog\u00edas habilitadoras a las empresas - AVI |\u00a0Ag\u00e8ncia Valenciana de la Innovaci\u00f3","og_description":"Formar\u00e1n parte de esta iniciativa, junto a la confederaci\u00f3n empresarial, las universidades, la Red de Institutos Tecnol\u00f3gicos (Redit) y el CSICLa Alianza","og_url":"https:\/\/innoavi.es\/es\/la-cev-se-suma-a-la-alianza-que-impulsa-la-avi-para-garantizar-la-transferencia-de-tecnologias-habilitadoras-a-las-empresas\/","og_site_name":"AVI |\u00a0Ag\u00e8ncia Valenciana de la Innovaci\u00f3","article_published_time":"2020-06-12T17:51:15+00:00","article_modified_time":"2020-06-12T17:55:50+00:00","og_image":[{"width":400,"height":400,"url":"https:\/\/innoavi.es\/wp-content\/uploads\/2020\/06\/CEV200x200.jpg","type":"image\/jpeg"}],"author":"paco","twitter_card":"summary_large_image","twitter_creator":"@GVAavi","twitter_site":"@GVAavi","twitter_misc":{"Escrito por":"paco","Tiempo de lectura":"3 minutos"},"schema":{"@context":"https:\/\/schema.org","@graph":[{"@type":"Article","@id":"https:\/\/innoavi.es\/es\/la-cev-se-suma-a-la-alianza-que-impulsa-la-avi-para-garantizar-la-transferencia-de-tecnologias-habilitadoras-a-las-empresas\/#article","isPartOf":{"@id":"https:\/\/innoavi.es\/es\/la-cev-se-suma-a-la-alianza-que-impulsa-la-avi-para-garantizar-la-transferencia-de-tecnologias-habilitadoras-a-las-empresas\/"},"author":{"name":"paco","@id":"https:\/\/innoavi.es\/es\/#\/schema\/person\/cc5bf07456956a9205069c432fb8fa32"},"headline":"La CEV se suma a la alianza que impulsa la AVI para garantizar la transferencia de tecnolog\u00edas habilitadoras a las empresas","datePublished":"2020-06-12T17:51:15+00:00","dateModified":"2020-06-12T17:55:50+00:00","mainEntityOfPage":{"@id":"https:\/\/innoavi.es\/es\/la-cev-se-suma-a-la-alianza-que-impulsa-la-avi-para-garantizar-la-transferencia-de-tecnologias-habilitadoras-a-las-empresas\/"},"wordCount":624,"image":{"@id":"https:\/\/innoavi.es\/es\/la-cev-se-suma-a-la-alianza-que-impulsa-la-avi-para-garantizar-la-transferencia-de-tecnologias-habilitadoras-a-las-empresas\/#primaryimage"},"thumbnailUrl":"https:\/\/innoavi.es\/wp-content\/uploads\/2020\/06\/CEV200x200.jpg","articleSection":["Prensa"],"inLanguage":"es"},{"@type":"WebPage","@id":"https:\/\/innoavi.es\/es\/la-cev-se-suma-a-la-alianza-que-impulsa-la-avi-para-garantizar-la-transferencia-de-tecnologias-habilitadoras-a-las-empresas\/","url":"https:\/\/innoavi.es\/es\/la-cev-se-suma-a-la-alianza-que-impulsa-la-avi-para-garantizar-la-transferencia-de-tecnologias-habilitadoras-a-las-empresas\/","name":"La CEV se suma a la alianza que impulsa la AVI para garantizar la transferencia de tecnolog\u00edas habilitadoras a las empresas - AVI |\u00a0Ag\u00e8ncia Valenciana de la Innovaci\u00f3","isPartOf":{"@id":"https:\/\/innoavi.es\/es\/#website"},"primaryImageOfPage":{"@id":"https:\/\/innoavi.es\/es\/la-cev-se-suma-a-la-alianza-que-impulsa-la-avi-para-garantizar-la-transferencia-de-tecnologias-habilitadoras-a-las-empresas\/#primaryimage"},"image":{"@id":"https:\/\/innoavi.es\/es\/la-cev-se-suma-a-la-alianza-que-impulsa-la-avi-para-garantizar-la-transferencia-de-tecnologias-habilitadoras-a-las-empresas\/#primaryimage"},"thumbnailUrl":"https:\/\/innoavi.es\/wp-content\/uploads\/2020\/06\/CEV200x200.jpg","datePublished":"2020-06-12T17:51:15+00:00","dateModified":"2020-06-12T17:55:50+00:00","author":{"@id":"https:\/\/innoavi.es\/es\/#\/schema\/person\/cc5bf07456956a9205069c432fb8fa32"},"description":"Formar\u00e1n parte de esta iniciativa, junto a la confederaci\u00f3n empresarial, las universidades, la Red de Institutos Tecnol\u00f3gicos (Redit) y el CSICLa Alianza","breadcrumb":{"@id":"https:\/\/innoavi.es\/es\/la-cev-se-suma-a-la-alianza-que-impulsa-la-avi-para-garantizar-la-transferencia-de-tecnologias-habilitadoras-a-las-empresas\/#breadcrumb"},"inLanguage":"es","potentialAction":[{"@type":"ReadAction","target":["https:\/\/innoavi.es\/es\/la-cev-se-suma-a-la-alianza-que-impulsa-la-avi-para-garantizar-la-transferencia-de-tecnologias-habilitadoras-a-las-empresas\/"]}]},{"@type":"ImageObject","inLanguage":"es","@id":"https:\/\/innoavi.es\/es\/la-cev-se-suma-a-la-alianza-que-impulsa-la-avi-para-garantizar-la-transferencia-de-tecnologias-habilitadoras-a-las-empresas\/#primaryimage","url":"https:\/\/innoavi.es\/wp-content\/uploads\/2020\/06\/CEV200x200.jpg","contentUrl":"https:\/\/innoavi.es\/wp-content\/uploads\/2020\/06\/CEV200x200.jpg","width":400,"height":400},{"@type":"BreadcrumbList","@id":"https:\/\/innoavi.es\/es\/la-cev-se-suma-a-la-alianza-que-impulsa-la-avi-para-garantizar-la-transferencia-de-tecnologias-habilitadoras-a-las-empresas\/#breadcrumb","itemListElement":[{"@type":"ListItem","position":1,"name":"Portada","item":"https:\/\/innoavi.es\/es\/"},{"@type":"ListItem","position":2,"name":"La CEV se suma a la alianza que impulsa la AVI para garantizar la transferencia de tecnolog\u00edas habilitadoras a las empresas"}]},{"@type":"WebSite","@id":"https:\/\/innoavi.es\/es\/#website","url":"https:\/\/innoavi.es\/es\/","name":"AVI |\u00a0Ag\u00e8ncia Valenciana de la Innovaci\u00f3","description":"P\u00e0gina web oficial de l&#039;AVI","potentialAction":[{"@type":"SearchAction","target":{"@type":"EntryPoint","urlTemplate":"https:\/\/innoavi.es\/es\/?s={search_term_string}"},"query-input":{"@type":"PropertyValueSpecification","valueRequired":true,"valueName":"search_term_string"}}],"inLanguage":"es"},{"@type":"Person","@id":"https:\/\/innoavi.es\/es\/#\/schema\/person\/cc5bf07456956a9205069c432fb8fa32","name":"paco"}]}},"_links":{"self":[{"href":"https:\/\/innoavi.es\/es\/wp-json\/wp\/v2\/posts\/15832","targetHints":{"allow":["GET"]}}],"collection":[{"href":"https:\/\/innoavi.es\/es\/wp-json\/wp\/v2\/posts"}],"about":[{"href":"https:\/\/innoavi.es\/es\/wp-json\/wp\/v2\/types\/post"}],"author":[{"embeddable":true,"href":"https:\/\/innoavi.es\/es\/wp-json\/wp\/v2\/users\/12"}],"replies":[{"embeddable":true,"href":"https:\/\/innoavi.es\/es\/wp-json\/wp\/v2\/comments?post=15832"}],"version-history":[{"count":2,"href":"https:\/\/innoavi.es\/es\/wp-json\/wp\/v2\/posts\/15832\/revisions"}],"predecessor-version":[{"id":15835,"href":"https:\/\/innoavi.es\/es\/wp-json\/wp\/v2\/posts\/15832\/revisions\/15835"}],"wp:featuredmedia":[{"embeddable":true,"href":"https:\/\/innoavi.es\/es\/wp-json\/wp\/v2\/media\/15839"}],"wp:attachment":[{"href":"https:\/\/innoavi.es\/es\/wp-json\/wp\/v2\/media?parent=15832"}],"wp:term":[{"taxonomy":"category","embeddable":true,"href":"https:\/\/innoavi.es\/es\/wp-json\/wp\/v2\/categories?post=15832"},{"taxonomy":"post_tag","embeddable":true,"href":"https:\/\/innoavi.es\/es\/wp-json\/wp\/v2\/tags?post=15832"}],"curies":[{"name":"wp","href":"https:\/\/api.w.org\/{rel}","templated":true}]}}