{"id":11700,"date":"2020-02-14T13:38:59","date_gmt":"2020-02-14T12:38:59","guid":{"rendered":"http:\/\/innoavi.es\/es\/?p=11700"},"modified":"2020-02-14T15:00:34","modified_gmt":"2020-02-14T14:00:34","slug":"la-avi-y-la-asociacion-valenciana-del-calzado-exploran-vias-de-colaboracion-para-reforzar-la-idi-entre-las-empresas-del-secto","status":"publish","type":"post","link":"https:\/\/innoavi.es\/es\/la-avi-y-la-asociacion-valenciana-del-calzado-exploran-vias-de-colaboracion-para-reforzar-la-idi-entre-las-empresas-del-secto\/","title":{"rendered":"La AVI y la Asociaci\u00f3n Valenciana del Calzado exploran v\u00edas de colaboraci\u00f3n para reforzar la I+D+i entre las empresas del secto"},"content":{"rendered":"<img loading=\"lazy\" decoding=\"async\" class=\"alignnone  wp-image-11701\" src=\"http:\/\/innoavi.es\/wp-content\/uploads\/2020\/02\/200213-Avecal-2-600x365.jpeg\" alt=\"\" width=\"501\" height=\"305\" srcset=\"https:\/\/innoavi.es\/wp-content\/uploads\/2020\/02\/200213-Avecal-2-600x365.jpeg 600w, https:\/\/innoavi.es\/wp-content\/uploads\/2020\/02\/200213-Avecal-2-768x468.jpeg 768w, https:\/\/innoavi.es\/wp-content\/uploads\/2020\/02\/200213-Avecal-2-1024x624.jpeg 1024w, https:\/\/innoavi.es\/wp-content\/uploads\/2020\/02\/200213-Avecal-2-245x150.jpeg 245w, https:\/\/innoavi.es\/wp-content\/uploads\/2020\/02\/200213-Avecal-2-903x550.jpeg 903w, https:\/\/innoavi.es\/wp-content\/uploads\/2020\/02\/200213-Avecal-2.jpeg 1578w\" sizes=\"auto, (max-width: 501px) 100vw, 501px\" \/><br \/><ul><li>La Ag\u00e8ncia ha mantenido una reuni\u00f3n de trabajo con la presidenta ejecutiva de Avecal en la que han abordado los grandes retos del sector<\/li><li>Innometalia ha hecho balance del primer a\u00f1o de trabajo realizado por el agente de innovaci\u00f3n que incorpor\u00f3 con el apoyo de la AVI<\/li><\/ul>La Ag\u00e8ncia Valenciana de la Innovaci\u00f3 (AVI) ha mantenido este jueves sendas reuniones de trabajo con la Asociaci\u00f3n Valenciana de Empresarios del Calzado (Avecal) y la Asociaci\u00f3n de Empresas Innovadoras (AEI) del Metal de la provincia de Alicante, Innometalia, con el fin de cooperar en el impulso de acciones para el fomento de la I+D+i con impacto en ambos sectores de actividad. <br \/><br \/>La primera de estas citas ha contado con la participaci\u00f3n de la presidenta ejecutiva de Avecal, Marian Cano, y su responsable de Comercializaci\u00f3n e Internacionalizaci\u00f3n, Joaqu\u00edn Marco, que han abordado los retos a los que se enfrenta la industria del calzado con el vicepresidente ejecutivo y la secretaria general de la Ag\u00e8ncia, Andr\u00e9s Garc\u00eda Reche y Olivia Estrella, respectivamente. <br \/><br \/>Ambas entidades han coincidido en la necesidad de continuar impulsando el desarrollo de innovaciones tecnol\u00f3gicas y organizativas como una de las se\u00f1as de identidad del sector, que ha apostado por la calidad y el dise\u00f1o para crecer en un mercado global que es cada vez m\u00e1s competitivo. <br \/><br \/>En este sentido, el vicepresidente de la AVI ha destacado el esfuerzo de las empresas del calzado para incorporar las nuevas tecnolog\u00edas clave a los procesos productivos y de comercializaci\u00f3n con el apoyo de las organizaciones empresariales y de otros institutos tecnol\u00f3gicos, tales como Inescop, el Instituto Tecnol\u00f3gico de Inform\u00e1tica (ITI) y el Instituto de Biomec\u00e1nica de Val\u00e8ncia (IBV). <br \/><br \/>Por su parte, la presidenta ejecutiva de Avecal, Marian Cano, ha destacado los instrumentos de apoyo a la I+D+i que la AVI canaliza a trav\u00e9s de su convocatoria de ayudas, que este a\u00f1o est\u00e1 dotada con cerca de 14 millones de euros. <br \/><br \/>Cano se ha interesado, en este sentido, por el programa de \u00abAcciones complementarias de impulso y fortalecimiento de la innovaci\u00f3n\u00bb, as\u00ed como por la figura de los agentes de innovaci\u00f3n, con la que se pretende impulsar la investigaci\u00f3n aplicada y la transferencia de sus resultados hacia el tejido productivo. <br \/><br \/>Acciones con Innometalia <br \/><br \/>Por otra parte, Garc\u00eda Reche y Estrella han mantenido una reuni\u00f3n t\u00e9cnica con la Asociaci\u00f3n de Empresas Innovadoras (AEI) del Metal de la provincia de Alicante, Innometalia, en la que han repasado las acciones y contactos en materia de I+D+i impulsados por la organizaci\u00f3n en 2019, as\u00ed como los planes de futuro para 2020. <br \/><br \/>Al encuentro han asistido, por parte de Innometalia, el secretario general de la Federaci\u00f3n de Empresarios del Metal de la Provincia de Alicante (FEMPA), Luis Rodr\u00edguez, as\u00ed como el agente de innovaci\u00f3n financiado por la Ag\u00e8ncia, Sergio G\u00f3mez, que ha dado cuenta del trabajo realizado durante el pasado ejercicio. <br \/><br \/>Durante la sesi\u00f3n de trabajo, ambas instituciones han abordado posibles v\u00edas de colaboraci\u00f3n con el fin de reforzar las acciones de fomento de la innovaci\u00f3n en el sector del metal, con el que la Ag\u00e8ncia mantiene una estrecha colaboraci\u00f3n. <br \/><br \/>Constituida en 2009, Innometalia es un cl\u00faster de empresas innovadoras promovido por FEMPA que pretende mejorar la competitividad de sus integrantes mediante el impulso de sinergias y la identificaci\u00f3n de oportunidades de innovaci\u00f3n.","protected":false},"excerpt":{"rendered":"<p>La Ag\u00e8ncia ha mantenido una reuni\u00f3n de trabajo con la presidenta ejecutiva de Avecal en la que han abordado los grandes retos del sectorInnometalia ha hecho balance del primer a\u00f1o de trabajo realizado por el agente de innovaci\u00f3n que incorpor\u00f3 con el apoyo de la AVILa Ag\u00e8ncia Valenciana de la Innovaci\u00f3 (AVI) ha mantenido este jueves sendas reuniones de trabajo con la Asociaci\u00f3n Valenciana de Empresarios del Calzado (Avecal) y la Asociaci\u00f3n de Empresas Innovadoras (AEI) del Metal de la provincia de Alicante, Innometalia, con el fin de cooperar en<a class=\"more-link\" href=\"https:\/\/innoavi.es\/es\/la-avi-y-la-asociacion-valenciana-del-calzado-exploran-vias-de-colaboracion-para-reforzar-la-idi-entre-las-empresas-del-secto\/\">SEE DETAILS <span class=\"more-link-image\"><\/span><span class=\"more-link-hover-image\"><\/span><\/a><\/p>\n","protected":false},"author":12,"featured_media":11701,"comment_status":"closed","ping_status":"open","sticky":false,"template":"","format":"standard","meta":{"_acf_changed":false,"footnotes":""},"categories":[202,205],"tags":[],"class_list":["post-11700","post","type-post","status-publish","format-standard","has-post-thumbnail","hentry","category-prensa","category-sin-categorizar"],"acf":[],"yoast_head":"<!-- This site is optimized with the Yoast SEO plugin v26.7 - https:\/\/yoast.com\/wordpress\/plugins\/seo\/ -->\n<title>La AVI y la Asociaci\u00f3n Valenciana del Calzado exploran v\u00edas de colaboraci\u00f3n para reforzar la I+D+i entre las empresas del secto - AVI |\u00a0Ag\u00e8ncia Valenciana de la Innovaci\u00f3<\/title>\n<meta name=\"description\" content=\"La Ag\u00e8ncia ha mantenido una reuni\u00f3n de trabajo con la presidenta ejecutiva de Avecal en la que han abordado los grandes retos del sectorInnometalia ha\" \/>\n<meta name=\"robots\" content=\"index, follow, max-snippet:-1, max-image-preview:large, max-video-preview:-1\" \/>\n<link rel=\"canonical\" href=\"https:\/\/innoavi.es\/es\/la-avi-y-la-asociacion-valenciana-del-calzado-exploran-vias-de-colaboracion-para-reforzar-la-idi-entre-las-empresas-del-secto\/\" \/>\n<meta property=\"og:locale\" content=\"es_ES\" \/>\n<meta property=\"og:type\" content=\"article\" \/>\n<meta property=\"og:title\" content=\"La AVI y la Asociaci\u00f3n Valenciana del Calzado exploran v\u00edas de colaboraci\u00f3n para reforzar la I+D+i entre las empresas del secto - AVI |\u00a0Ag\u00e8ncia Valenciana de la Innovaci\u00f3\" \/>\n<meta property=\"og:description\" content=\"La Ag\u00e8ncia ha mantenido una reuni\u00f3n de trabajo con la presidenta ejecutiva de Avecal en la que han abordado los grandes retos del sectorInnometalia ha\" \/>\n<meta property=\"og:url\" content=\"https:\/\/innoavi.es\/es\/la-avi-y-la-asociacion-valenciana-del-calzado-exploran-vias-de-colaboracion-para-reforzar-la-idi-entre-las-empresas-del-secto\/\" \/>\n<meta property=\"og:site_name\" content=\"AVI |\u00a0Ag\u00e8ncia Valenciana de la Innovaci\u00f3\" \/>\n<meta property=\"article:published_time\" content=\"2020-02-14T12:38:59+00:00\" \/>\n<meta property=\"article:modified_time\" content=\"2020-02-14T14:00:34+00:00\" \/>\n<meta property=\"og:image\" content=\"https:\/\/innoavi.es\/wp-content\/uploads\/2020\/02\/200213-Avecal-2.jpeg\" \/>\n\t<meta property=\"og:image:width\" content=\"1578\" \/>\n\t<meta property=\"og:image:height\" content=\"961\" \/>\n\t<meta property=\"og:image:type\" content=\"image\/jpeg\" \/>\n<meta name=\"author\" content=\"paco\" \/>\n<meta name=\"twitter:card\" content=\"summary_large_image\" \/>\n<meta name=\"twitter:creator\" content=\"@GVAavi\" \/>\n<meta name=\"twitter:site\" content=\"@GVAavi\" \/>\n<meta name=\"twitter:label1\" content=\"Escrito por\" \/>\n\t<meta name=\"twitter:data1\" content=\"paco\" \/>\n\t<meta name=\"twitter:label2\" content=\"Tiempo de lectura\" \/>\n\t<meta name=\"twitter:data2\" content=\"3 minutos\" \/>\n<script type=\"application\/ld+json\" class=\"yoast-schema-graph\">{\"@context\":\"https:\/\/schema.org\",\"@graph\":[{\"@type\":\"Article\",\"@id\":\"https:\/\/innoavi.es\/es\/la-avi-y-la-asociacion-valenciana-del-calzado-exploran-vias-de-colaboracion-para-reforzar-la-idi-entre-las-empresas-del-secto\/#article\",\"isPartOf\":{\"@id\":\"https:\/\/innoavi.es\/es\/la-avi-y-la-asociacion-valenciana-del-calzado-exploran-vias-de-colaboracion-para-reforzar-la-idi-entre-las-empresas-del-secto\/\"},\"author\":{\"name\":\"paco\",\"@id\":\"https:\/\/innoavi.es\/es\/#\/schema\/person\/cc5bf07456956a9205069c432fb8fa32\"},\"headline\":\"La AVI y la Asociaci\u00f3n Valenciana del Calzado exploran v\u00edas de colaboraci\u00f3n para reforzar la I+D+i entre las empresas del secto\",\"datePublished\":\"2020-02-14T12:38:59+00:00\",\"dateModified\":\"2020-02-14T14:00:34+00:00\",\"mainEntityOfPage\":{\"@id\":\"https:\/\/innoavi.es\/es\/la-avi-y-la-asociacion-valenciana-del-calzado-exploran-vias-de-colaboracion-para-reforzar-la-idi-entre-las-empresas-del-secto\/\"},\"wordCount\":620,\"image\":{\"@id\":\"https:\/\/innoavi.es\/es\/la-avi-y-la-asociacion-valenciana-del-calzado-exploran-vias-de-colaboracion-para-reforzar-la-idi-entre-las-empresas-del-secto\/#primaryimage\"},\"thumbnailUrl\":\"https:\/\/innoavi.es\/wp-content\/uploads\/2020\/02\/200213-Avecal-2.jpeg\",\"articleSection\":[\"Prensa\",\"Sin categorizar\"],\"inLanguage\":\"es\"},{\"@type\":\"WebPage\",\"@id\":\"https:\/\/innoavi.es\/es\/la-avi-y-la-asociacion-valenciana-del-calzado-exploran-vias-de-colaboracion-para-reforzar-la-idi-entre-las-empresas-del-secto\/\",\"url\":\"https:\/\/innoavi.es\/es\/la-avi-y-la-asociacion-valenciana-del-calzado-exploran-vias-de-colaboracion-para-reforzar-la-idi-entre-las-empresas-del-secto\/\",\"name\":\"La AVI y la Asociaci\u00f3n Valenciana del Calzado exploran v\u00edas de colaboraci\u00f3n para reforzar la I+D+i entre las empresas del secto - AVI |\u00a0Ag\u00e8ncia Valenciana de la Innovaci\u00f3\",\"isPartOf\":{\"@id\":\"https:\/\/innoavi.es\/es\/#website\"},\"primaryImageOfPage\":{\"@id\":\"https:\/\/innoavi.es\/es\/la-avi-y-la-asociacion-valenciana-del-calzado-exploran-vias-de-colaboracion-para-reforzar-la-idi-entre-las-empresas-del-secto\/#primaryimage\"},\"image\":{\"@id\":\"https:\/\/innoavi.es\/es\/la-avi-y-la-asociacion-valenciana-del-calzado-exploran-vias-de-colaboracion-para-reforzar-la-idi-entre-las-empresas-del-secto\/#primaryimage\"},\"thumbnailUrl\":\"https:\/\/innoavi.es\/wp-content\/uploads\/2020\/02\/200213-Avecal-2.jpeg\",\"datePublished\":\"2020-02-14T12:38:59+00:00\",\"dateModified\":\"2020-02-14T14:00:34+00:00\",\"author\":{\"@id\":\"https:\/\/innoavi.es\/es\/#\/schema\/person\/cc5bf07456956a9205069c432fb8fa32\"},\"description\":\"La Ag\u00e8ncia ha mantenido una reuni\u00f3n de trabajo con la presidenta ejecutiva de Avecal en la que han abordado los grandes retos del sectorInnometalia ha\",\"breadcrumb\":{\"@id\":\"https:\/\/innoavi.es\/es\/la-avi-y-la-asociacion-valenciana-del-calzado-exploran-vias-de-colaboracion-para-reforzar-la-idi-entre-las-empresas-del-secto\/#breadcrumb\"},\"inLanguage\":\"es\",\"potentialAction\":[{\"@type\":\"ReadAction\",\"target\":[\"https:\/\/innoavi.es\/es\/la-avi-y-la-asociacion-valenciana-del-calzado-exploran-vias-de-colaboracion-para-reforzar-la-idi-entre-las-empresas-del-secto\/\"]}]},{\"@type\":\"ImageObject\",\"inLanguage\":\"es\",\"@id\":\"https:\/\/innoavi.es\/es\/la-avi-y-la-asociacion-valenciana-del-calzado-exploran-vias-de-colaboracion-para-reforzar-la-idi-entre-las-empresas-del-secto\/#primaryimage\",\"url\":\"https:\/\/innoavi.es\/wp-content\/uploads\/2020\/02\/200213-Avecal-2.jpeg\",\"contentUrl\":\"https:\/\/innoavi.es\/wp-content\/uploads\/2020\/02\/200213-Avecal-2.jpeg\",\"width\":1578,\"height\":961},{\"@type\":\"BreadcrumbList\",\"@id\":\"https:\/\/innoavi.es\/es\/la-avi-y-la-asociacion-valenciana-del-calzado-exploran-vias-de-colaboracion-para-reforzar-la-idi-entre-las-empresas-del-secto\/#breadcrumb\",\"itemListElement\":[{\"@type\":\"ListItem\",\"position\":1,\"name\":\"Portada\",\"item\":\"https:\/\/innoavi.es\/es\/\"},{\"@type\":\"ListItem\",\"position\":2,\"name\":\"La AVI y la Asociaci\u00f3n Valenciana del Calzado exploran v\u00edas de colaboraci\u00f3n para reforzar la I+D+i entre las empresas del secto\"}]},{\"@type\":\"WebSite\",\"@id\":\"https:\/\/innoavi.es\/es\/#website\",\"url\":\"https:\/\/innoavi.es\/es\/\",\"name\":\"AVI |\u00a0Ag\u00e8ncia Valenciana de la Innovaci\u00f3\",\"description\":\"P\u00e0gina web oficial de l&#039;AVI\",\"potentialAction\":[{\"@type\":\"SearchAction\",\"target\":{\"@type\":\"EntryPoint\",\"urlTemplate\":\"https:\/\/innoavi.es\/es\/?s={search_term_string}\"},\"query-input\":{\"@type\":\"PropertyValueSpecification\",\"valueRequired\":true,\"valueName\":\"search_term_string\"}}],\"inLanguage\":\"es\"},{\"@type\":\"Person\",\"@id\":\"https:\/\/innoavi.es\/es\/#\/schema\/person\/cc5bf07456956a9205069c432fb8fa32\",\"name\":\"paco\"}]}<\/script>\n<!-- \/ Yoast SEO plugin. -->","yoast_head_json":{"title":"La AVI y la Asociaci\u00f3n Valenciana del Calzado exploran v\u00edas de colaboraci\u00f3n para reforzar la I+D+i entre las empresas del secto - AVI |\u00a0Ag\u00e8ncia Valenciana de la Innovaci\u00f3","description":"La Ag\u00e8ncia ha mantenido una reuni\u00f3n de trabajo con la presidenta ejecutiva de Avecal en la que han abordado los grandes retos del sectorInnometalia ha","robots":{"index":"index","follow":"follow","max-snippet":"max-snippet:-1","max-image-preview":"max-image-preview:large","max-video-preview":"max-video-preview:-1"},"canonical":"https:\/\/innoavi.es\/es\/la-avi-y-la-asociacion-valenciana-del-calzado-exploran-vias-de-colaboracion-para-reforzar-la-idi-entre-las-empresas-del-secto\/","og_locale":"es_ES","og_type":"article","og_title":"La AVI y la Asociaci\u00f3n Valenciana del Calzado exploran v\u00edas de colaboraci\u00f3n para reforzar la I+D+i entre las empresas del secto - AVI |\u00a0Ag\u00e8ncia Valenciana de la Innovaci\u00f3","og_description":"La Ag\u00e8ncia ha mantenido una reuni\u00f3n de trabajo con la presidenta ejecutiva de Avecal en la que han abordado los grandes retos del sectorInnometalia ha","og_url":"https:\/\/innoavi.es\/es\/la-avi-y-la-asociacion-valenciana-del-calzado-exploran-vias-de-colaboracion-para-reforzar-la-idi-entre-las-empresas-del-secto\/","og_site_name":"AVI |\u00a0Ag\u00e8ncia Valenciana de la Innovaci\u00f3","article_published_time":"2020-02-14T12:38:59+00:00","article_modified_time":"2020-02-14T14:00:34+00:00","og_image":[{"width":1578,"height":961,"url":"https:\/\/innoavi.es\/wp-content\/uploads\/2020\/02\/200213-Avecal-2.jpeg","type":"image\/jpeg"}],"author":"paco","twitter_card":"summary_large_image","twitter_creator":"@GVAavi","twitter_site":"@GVAavi","twitter_misc":{"Escrito por":"paco","Tiempo de lectura":"3 minutos"},"schema":{"@context":"https:\/\/schema.org","@graph":[{"@type":"Article","@id":"https:\/\/innoavi.es\/es\/la-avi-y-la-asociacion-valenciana-del-calzado-exploran-vias-de-colaboracion-para-reforzar-la-idi-entre-las-empresas-del-secto\/#article","isPartOf":{"@id":"https:\/\/innoavi.es\/es\/la-avi-y-la-asociacion-valenciana-del-calzado-exploran-vias-de-colaboracion-para-reforzar-la-idi-entre-las-empresas-del-secto\/"},"author":{"name":"paco","@id":"https:\/\/innoavi.es\/es\/#\/schema\/person\/cc5bf07456956a9205069c432fb8fa32"},"headline":"La AVI y la Asociaci\u00f3n Valenciana del Calzado exploran v\u00edas de colaboraci\u00f3n para reforzar la I+D+i entre las empresas del secto","datePublished":"2020-02-14T12:38:59+00:00","dateModified":"2020-02-14T14:00:34+00:00","mainEntityOfPage":{"@id":"https:\/\/innoavi.es\/es\/la-avi-y-la-asociacion-valenciana-del-calzado-exploran-vias-de-colaboracion-para-reforzar-la-idi-entre-las-empresas-del-secto\/"},"wordCount":620,"image":{"@id":"https:\/\/innoavi.es\/es\/la-avi-y-la-asociacion-valenciana-del-calzado-exploran-vias-de-colaboracion-para-reforzar-la-idi-entre-las-empresas-del-secto\/#primaryimage"},"thumbnailUrl":"https:\/\/innoavi.es\/wp-content\/uploads\/2020\/02\/200213-Avecal-2.jpeg","articleSection":["Prensa","Sin categorizar"],"inLanguage":"es"},{"@type":"WebPage","@id":"https:\/\/innoavi.es\/es\/la-avi-y-la-asociacion-valenciana-del-calzado-exploran-vias-de-colaboracion-para-reforzar-la-idi-entre-las-empresas-del-secto\/","url":"https:\/\/innoavi.es\/es\/la-avi-y-la-asociacion-valenciana-del-calzado-exploran-vias-de-colaboracion-para-reforzar-la-idi-entre-las-empresas-del-secto\/","name":"La AVI y la Asociaci\u00f3n Valenciana del Calzado exploran v\u00edas de colaboraci\u00f3n para reforzar la I+D+i entre las empresas del secto - AVI |\u00a0Ag\u00e8ncia Valenciana de la Innovaci\u00f3","isPartOf":{"@id":"https:\/\/innoavi.es\/es\/#website"},"primaryImageOfPage":{"@id":"https:\/\/innoavi.es\/es\/la-avi-y-la-asociacion-valenciana-del-calzado-exploran-vias-de-colaboracion-para-reforzar-la-idi-entre-las-empresas-del-secto\/#primaryimage"},"image":{"@id":"https:\/\/innoavi.es\/es\/la-avi-y-la-asociacion-valenciana-del-calzado-exploran-vias-de-colaboracion-para-reforzar-la-idi-entre-las-empresas-del-secto\/#primaryimage"},"thumbnailUrl":"https:\/\/innoavi.es\/wp-content\/uploads\/2020\/02\/200213-Avecal-2.jpeg","datePublished":"2020-02-14T12:38:59+00:00","dateModified":"2020-02-14T14:00:34+00:00","author":{"@id":"https:\/\/innoavi.es\/es\/#\/schema\/person\/cc5bf07456956a9205069c432fb8fa32"},"description":"La Ag\u00e8ncia ha mantenido una reuni\u00f3n de trabajo con la presidenta ejecutiva de Avecal en la que han abordado los grandes retos del sectorInnometalia ha","breadcrumb":{"@id":"https:\/\/innoavi.es\/es\/la-avi-y-la-asociacion-valenciana-del-calzado-exploran-vias-de-colaboracion-para-reforzar-la-idi-entre-las-empresas-del-secto\/#breadcrumb"},"inLanguage":"es","potentialAction":[{"@type":"ReadAction","target":["https:\/\/innoavi.es\/es\/la-avi-y-la-asociacion-valenciana-del-calzado-exploran-vias-de-colaboracion-para-reforzar-la-idi-entre-las-empresas-del-secto\/"]}]},{"@type":"ImageObject","inLanguage":"es","@id":"https:\/\/innoavi.es\/es\/la-avi-y-la-asociacion-valenciana-del-calzado-exploran-vias-de-colaboracion-para-reforzar-la-idi-entre-las-empresas-del-secto\/#primaryimage","url":"https:\/\/innoavi.es\/wp-content\/uploads\/2020\/02\/200213-Avecal-2.jpeg","contentUrl":"https:\/\/innoavi.es\/wp-content\/uploads\/2020\/02\/200213-Avecal-2.jpeg","width":1578,"height":961},{"@type":"BreadcrumbList","@id":"https:\/\/innoavi.es\/es\/la-avi-y-la-asociacion-valenciana-del-calzado-exploran-vias-de-colaboracion-para-reforzar-la-idi-entre-las-empresas-del-secto\/#breadcrumb","itemListElement":[{"@type":"ListItem","position":1,"name":"Portada","item":"https:\/\/innoavi.es\/es\/"},{"@type":"ListItem","position":2,"name":"La AVI y la Asociaci\u00f3n Valenciana del Calzado exploran v\u00edas de colaboraci\u00f3n para reforzar la I+D+i entre las empresas del secto"}]},{"@type":"WebSite","@id":"https:\/\/innoavi.es\/es\/#website","url":"https:\/\/innoavi.es\/es\/","name":"AVI |\u00a0Ag\u00e8ncia Valenciana de la Innovaci\u00f3","description":"P\u00e0gina web oficial de l&#039;AVI","potentialAction":[{"@type":"SearchAction","target":{"@type":"EntryPoint","urlTemplate":"https:\/\/innoavi.es\/es\/?s={search_term_string}"},"query-input":{"@type":"PropertyValueSpecification","valueRequired":true,"valueName":"search_term_string"}}],"inLanguage":"es"},{"@type":"Person","@id":"https:\/\/innoavi.es\/es\/#\/schema\/person\/cc5bf07456956a9205069c432fb8fa32","name":"paco"}]}},"_links":{"self":[{"href":"https:\/\/innoavi.es\/es\/wp-json\/wp\/v2\/posts\/11700","targetHints":{"allow":["GET"]}}],"collection":[{"href":"https:\/\/innoavi.es\/es\/wp-json\/wp\/v2\/posts"}],"about":[{"href":"https:\/\/innoavi.es\/es\/wp-json\/wp\/v2\/types\/post"}],"author":[{"embeddable":true,"href":"https:\/\/innoavi.es\/es\/wp-json\/wp\/v2\/users\/12"}],"replies":[{"embeddable":true,"href":"https:\/\/innoavi.es\/es\/wp-json\/wp\/v2\/comments?post=11700"}],"version-history":[{"count":2,"href":"https:\/\/innoavi.es\/es\/wp-json\/wp\/v2\/posts\/11700\/revisions"}],"predecessor-version":[{"id":11707,"href":"https:\/\/innoavi.es\/es\/wp-json\/wp\/v2\/posts\/11700\/revisions\/11707"}],"wp:featuredmedia":[{"embeddable":true,"href":"https:\/\/innoavi.es\/es\/wp-json\/wp\/v2\/media\/11701"}],"wp:attachment":[{"href":"https:\/\/innoavi.es\/es\/wp-json\/wp\/v2\/media?parent=11700"}],"wp:term":[{"taxonomy":"category","embeddable":true,"href":"https:\/\/innoavi.es\/es\/wp-json\/wp\/v2\/categories?post=11700"},{"taxonomy":"post_tag","embeddable":true,"href":"https:\/\/innoavi.es\/es\/wp-json\/wp\/v2\/tags?post=11700"}],"curies":[{"name":"wp","href":"https:\/\/api.w.org\/{rel}","templated":true}]}}