{"id":11675,"date":"2020-02-06T10:24:13","date_gmt":"2020-02-06T09:24:13","guid":{"rendered":"http:\/\/innoavi.es\/es\/?p=11675"},"modified":"2020-02-06T10:24:13","modified_gmt":"2020-02-06T09:24:13","slug":"7-de-febrero-i-jornada-upv-innovacion","status":"publish","type":"post","link":"https:\/\/innoavi.es\/es\/7-de-febrero-i-jornada-upv-innovacion\/","title":{"rendered":"7 DE FEBRERO | I Jornada UPV Innovaci\u00f3n"},"content":{"rendered":"<p><img loading=\"lazy\" decoding=\"async\" class=\"wp-image-11673 alignleft\" src=\"http:\/\/innoavi.es\/wp-content\/uploads\/2020\/02\/EP1hAs3WoAAhsDU-486x600.jpg\" alt=\"\" width=\"282\" height=\"348\" srcset=\"https:\/\/innoavi.es\/wp-content\/uploads\/2020\/02\/EP1hAs3WoAAhsDU-486x600.jpg 486w, https:\/\/innoavi.es\/wp-content\/uploads\/2020\/02\/EP1hAs3WoAAhsDU-768x949.jpg 768w, https:\/\/innoavi.es\/wp-content\/uploads\/2020\/02\/EP1hAs3WoAAhsDU.jpg 829w, https:\/\/innoavi.es\/wp-content\/uploads\/2020\/02\/EP1hAs3WoAAhsDU-445x550.jpg 445w\" sizes=\"auto, (max-width: 282px) 100vw, 282px\" \/><\/p><p>La I Jornada UPV Innovaci\u00f3n es el encuentro de referencia entre investigadores, emprenedores y agentes de I+D+i con el fin de compartir actividades de innovaci\u00f3n\u00a0 con sello de la Universitat Polit\u00e8cnica de Val\u00e8ncia (UPV).<\/p><p><strong>09.00 horas.<\/strong> Auditorio Cubo Azul de la Ciudad Polit\u00e9cnica de la Innovaci\u00f3n<br \/>Camino de Vera, s\/n; Val\u00e8ncia<\/p>","protected":false},"excerpt":{"rendered":"<p>La I Jornada UPV Innovaci\u00f3n es el encuentro de referencia entre investigadores, emprenedores y agentes de I+D+i con el fin de compartir actividades de innovaci\u00f3n\u00a0 con sello de la Universitat Polit\u00e8cnica de Val\u00e8ncia (UPV).09.00 horas. Auditorio Cubo Azul de la Ciudad Polit\u00e9cnica de la Innovaci\u00f3nCamino de Vera, s\/n; Val\u00e8ncia<\/p>\n","protected":false},"author":12,"featured_media":0,"comment_status":"closed","ping_status":"open","sticky":false,"template":"","format":"standard","meta":{"_acf_changed":false,"footnotes":""},"categories":[198,205],"tags":[],"class_list":["post-11675","post","type-post","status-publish","format-standard","hentry","category-agenda-svi","category-sin-categorizar"],"acf":[],"yoast_head":"<!-- This site is optimized with the Yoast SEO plugin v26.7 - https:\/\/yoast.com\/wordpress\/plugins\/seo\/ -->\n<title>7 DE FEBRERO | I Jornada UPV Innovaci\u00f3n - AVI |\u00a0Ag\u00e8ncia Valenciana de la Innovaci\u00f3<\/title>\n<meta name=\"description\" content=\"La I Jornada UPV Innovaci\u00f3n es el encuentro de referencia entre investigadores, emprenedores y agentes de I+D+i con el fin de compartir actividades de\" \/>\n<meta name=\"robots\" content=\"index, follow, max-snippet:-1, max-image-preview:large, max-video-preview:-1\" \/>\n<link rel=\"canonical\" href=\"https:\/\/innoavi.es\/es\/7-de-febrero-i-jornada-upv-innovacion\/\" \/>\n<meta property=\"og:locale\" content=\"es_ES\" \/>\n<meta property=\"og:type\" content=\"article\" \/>\n<meta property=\"og:title\" content=\"7 DE FEBRERO | I Jornada UPV Innovaci\u00f3n - AVI |\u00a0Ag\u00e8ncia Valenciana de la Innovaci\u00f3\" \/>\n<meta property=\"og:description\" content=\"La I Jornada UPV Innovaci\u00f3n es el encuentro de referencia entre investigadores, emprenedores y agentes de I+D+i con el fin de compartir actividades de\" \/>\n<meta property=\"og:url\" content=\"https:\/\/innoavi.es\/es\/7-de-febrero-i-jornada-upv-innovacion\/\" \/>\n<meta property=\"og:site_name\" content=\"AVI |\u00a0Ag\u00e8ncia Valenciana de la Innovaci\u00f3\" \/>\n<meta property=\"article:published_time\" content=\"2020-02-06T09:24:13+00:00\" \/>\n<meta property=\"og:image\" content=\"http:\/\/innoavi.es\/wp-content\/uploads\/2020\/02\/EP1hAs3WoAAhsDU-486x600.jpg\" \/>\n<meta name=\"author\" content=\"paco\" \/>\n<meta name=\"twitter:card\" content=\"summary_large_image\" \/>\n<meta name=\"twitter:creator\" content=\"@GVAavi\" \/>\n<meta name=\"twitter:site\" content=\"@GVAavi\" \/>\n<meta name=\"twitter:label1\" content=\"Escrito por\" \/>\n\t<meta name=\"twitter:data1\" content=\"paco\" \/>\n<script type=\"application\/ld+json\" class=\"yoast-schema-graph\">{\"@context\":\"https:\/\/schema.org\",\"@graph\":[{\"@type\":\"Article\",\"@id\":\"https:\/\/innoavi.es\/es\/7-de-febrero-i-jornada-upv-innovacion\/#article\",\"isPartOf\":{\"@id\":\"https:\/\/innoavi.es\/es\/7-de-febrero-i-jornada-upv-innovacion\/\"},\"author\":{\"name\":\"paco\",\"@id\":\"https:\/\/innoavi.es\/es\/#\/schema\/person\/cc5bf07456956a9205069c432fb8fa32\"},\"headline\":\"7 DE FEBRERO | I Jornada UPV Innovaci\u00f3n\",\"datePublished\":\"2020-02-06T09:24:13+00:00\",\"mainEntityOfPage\":{\"@id\":\"https:\/\/innoavi.es\/es\/7-de-febrero-i-jornada-upv-innovacion\/\"},\"wordCount\":66,\"image\":{\"@id\":\"https:\/\/innoavi.es\/es\/7-de-febrero-i-jornada-upv-innovacion\/#primaryimage\"},\"thumbnailUrl\":\"http:\/\/innoavi.es\/wp-content\/uploads\/2020\/02\/EP1hAs3WoAAhsDU-486x600.jpg\",\"articleSection\":[\"Agenda SVI\",\"Sin categorizar\"],\"inLanguage\":\"es\"},{\"@type\":\"WebPage\",\"@id\":\"https:\/\/innoavi.es\/es\/7-de-febrero-i-jornada-upv-innovacion\/\",\"url\":\"https:\/\/innoavi.es\/es\/7-de-febrero-i-jornada-upv-innovacion\/\",\"name\":\"7 DE FEBRERO | I Jornada UPV Innovaci\u00f3n - AVI |\u00a0Ag\u00e8ncia Valenciana de la Innovaci\u00f3\",\"isPartOf\":{\"@id\":\"https:\/\/innoavi.es\/es\/#website\"},\"primaryImageOfPage\":{\"@id\":\"https:\/\/innoavi.es\/es\/7-de-febrero-i-jornada-upv-innovacion\/#primaryimage\"},\"image\":{\"@id\":\"https:\/\/innoavi.es\/es\/7-de-febrero-i-jornada-upv-innovacion\/#primaryimage\"},\"thumbnailUrl\":\"http:\/\/innoavi.es\/wp-content\/uploads\/2020\/02\/EP1hAs3WoAAhsDU-486x600.jpg\",\"datePublished\":\"2020-02-06T09:24:13+00:00\",\"author\":{\"@id\":\"https:\/\/innoavi.es\/es\/#\/schema\/person\/cc5bf07456956a9205069c432fb8fa32\"},\"description\":\"La I Jornada UPV Innovaci\u00f3n es el encuentro de referencia entre investigadores, emprenedores y agentes de I+D+i con el fin de compartir actividades de\",\"breadcrumb\":{\"@id\":\"https:\/\/innoavi.es\/es\/7-de-febrero-i-jornada-upv-innovacion\/#breadcrumb\"},\"inLanguage\":\"es\",\"potentialAction\":[{\"@type\":\"ReadAction\",\"target\":[\"https:\/\/innoavi.es\/es\/7-de-febrero-i-jornada-upv-innovacion\/\"]}]},{\"@type\":\"ImageObject\",\"inLanguage\":\"es\",\"@id\":\"https:\/\/innoavi.es\/es\/7-de-febrero-i-jornada-upv-innovacion\/#primaryimage\",\"url\":\"http:\/\/innoavi.es\/wp-content\/uploads\/2020\/02\/EP1hAs3WoAAhsDU-486x600.jpg\",\"contentUrl\":\"http:\/\/innoavi.es\/wp-content\/uploads\/2020\/02\/EP1hAs3WoAAhsDU-486x600.jpg\"},{\"@type\":\"BreadcrumbList\",\"@id\":\"https:\/\/innoavi.es\/es\/7-de-febrero-i-jornada-upv-innovacion\/#breadcrumb\",\"itemListElement\":[{\"@type\":\"ListItem\",\"position\":1,\"name\":\"Portada\",\"item\":\"https:\/\/innoavi.es\/es\/\"},{\"@type\":\"ListItem\",\"position\":2,\"name\":\"7 DE FEBRERO | I Jornada UPV Innovaci\u00f3n\"}]},{\"@type\":\"WebSite\",\"@id\":\"https:\/\/innoavi.es\/es\/#website\",\"url\":\"https:\/\/innoavi.es\/es\/\",\"name\":\"AVI |\u00a0Ag\u00e8ncia Valenciana de la Innovaci\u00f3\",\"description\":\"P\u00e0gina web oficial de l&#039;AVI\",\"potentialAction\":[{\"@type\":\"SearchAction\",\"target\":{\"@type\":\"EntryPoint\",\"urlTemplate\":\"https:\/\/innoavi.es\/es\/?s={search_term_string}\"},\"query-input\":{\"@type\":\"PropertyValueSpecification\",\"valueRequired\":true,\"valueName\":\"search_term_string\"}}],\"inLanguage\":\"es\"},{\"@type\":\"Person\",\"@id\":\"https:\/\/innoavi.es\/es\/#\/schema\/person\/cc5bf07456956a9205069c432fb8fa32\",\"name\":\"paco\"}]}<\/script>\n<!-- \/ Yoast SEO plugin. -->","yoast_head_json":{"title":"7 DE FEBRERO | I Jornada UPV Innovaci\u00f3n - AVI |\u00a0Ag\u00e8ncia Valenciana de la Innovaci\u00f3","description":"La I Jornada UPV Innovaci\u00f3n es el encuentro de referencia entre investigadores, emprenedores y agentes de I+D+i con el fin de compartir actividades de","robots":{"index":"index","follow":"follow","max-snippet":"max-snippet:-1","max-image-preview":"max-image-preview:large","max-video-preview":"max-video-preview:-1"},"canonical":"https:\/\/innoavi.es\/es\/7-de-febrero-i-jornada-upv-innovacion\/","og_locale":"es_ES","og_type":"article","og_title":"7 DE FEBRERO | I Jornada UPV Innovaci\u00f3n - AVI |\u00a0Ag\u00e8ncia Valenciana de la Innovaci\u00f3","og_description":"La I Jornada UPV Innovaci\u00f3n es el encuentro de referencia entre investigadores, emprenedores y agentes de I+D+i con el fin de compartir actividades de","og_url":"https:\/\/innoavi.es\/es\/7-de-febrero-i-jornada-upv-innovacion\/","og_site_name":"AVI |\u00a0Ag\u00e8ncia Valenciana de la Innovaci\u00f3","article_published_time":"2020-02-06T09:24:13+00:00","og_image":[{"url":"http:\/\/innoavi.es\/wp-content\/uploads\/2020\/02\/EP1hAs3WoAAhsDU-486x600.jpg","type":"","width":"","height":""}],"author":"paco","twitter_card":"summary_large_image","twitter_creator":"@GVAavi","twitter_site":"@GVAavi","twitter_misc":{"Escrito por":"paco"},"schema":{"@context":"https:\/\/schema.org","@graph":[{"@type":"Article","@id":"https:\/\/innoavi.es\/es\/7-de-febrero-i-jornada-upv-innovacion\/#article","isPartOf":{"@id":"https:\/\/innoavi.es\/es\/7-de-febrero-i-jornada-upv-innovacion\/"},"author":{"name":"paco","@id":"https:\/\/innoavi.es\/es\/#\/schema\/person\/cc5bf07456956a9205069c432fb8fa32"},"headline":"7 DE FEBRERO | I Jornada UPV Innovaci\u00f3n","datePublished":"2020-02-06T09:24:13+00:00","mainEntityOfPage":{"@id":"https:\/\/innoavi.es\/es\/7-de-febrero-i-jornada-upv-innovacion\/"},"wordCount":66,"image":{"@id":"https:\/\/innoavi.es\/es\/7-de-febrero-i-jornada-upv-innovacion\/#primaryimage"},"thumbnailUrl":"http:\/\/innoavi.es\/wp-content\/uploads\/2020\/02\/EP1hAs3WoAAhsDU-486x600.jpg","articleSection":["Agenda SVI","Sin categorizar"],"inLanguage":"es"},{"@type":"WebPage","@id":"https:\/\/innoavi.es\/es\/7-de-febrero-i-jornada-upv-innovacion\/","url":"https:\/\/innoavi.es\/es\/7-de-febrero-i-jornada-upv-innovacion\/","name":"7 DE FEBRERO | I Jornada UPV Innovaci\u00f3n - AVI |\u00a0Ag\u00e8ncia Valenciana de la Innovaci\u00f3","isPartOf":{"@id":"https:\/\/innoavi.es\/es\/#website"},"primaryImageOfPage":{"@id":"https:\/\/innoavi.es\/es\/7-de-febrero-i-jornada-upv-innovacion\/#primaryimage"},"image":{"@id":"https:\/\/innoavi.es\/es\/7-de-febrero-i-jornada-upv-innovacion\/#primaryimage"},"thumbnailUrl":"http:\/\/innoavi.es\/wp-content\/uploads\/2020\/02\/EP1hAs3WoAAhsDU-486x600.jpg","datePublished":"2020-02-06T09:24:13+00:00","author":{"@id":"https:\/\/innoavi.es\/es\/#\/schema\/person\/cc5bf07456956a9205069c432fb8fa32"},"description":"La I Jornada UPV Innovaci\u00f3n es el encuentro de referencia entre investigadores, emprenedores y agentes de I+D+i con el fin de compartir actividades de","breadcrumb":{"@id":"https:\/\/innoavi.es\/es\/7-de-febrero-i-jornada-upv-innovacion\/#breadcrumb"},"inLanguage":"es","potentialAction":[{"@type":"ReadAction","target":["https:\/\/innoavi.es\/es\/7-de-febrero-i-jornada-upv-innovacion\/"]}]},{"@type":"ImageObject","inLanguage":"es","@id":"https:\/\/innoavi.es\/es\/7-de-febrero-i-jornada-upv-innovacion\/#primaryimage","url":"http:\/\/innoavi.es\/wp-content\/uploads\/2020\/02\/EP1hAs3WoAAhsDU-486x600.jpg","contentUrl":"http:\/\/innoavi.es\/wp-content\/uploads\/2020\/02\/EP1hAs3WoAAhsDU-486x600.jpg"},{"@type":"BreadcrumbList","@id":"https:\/\/innoavi.es\/es\/7-de-febrero-i-jornada-upv-innovacion\/#breadcrumb","itemListElement":[{"@type":"ListItem","position":1,"name":"Portada","item":"https:\/\/innoavi.es\/es\/"},{"@type":"ListItem","position":2,"name":"7 DE FEBRERO | I Jornada UPV Innovaci\u00f3n"}]},{"@type":"WebSite","@id":"https:\/\/innoavi.es\/es\/#website","url":"https:\/\/innoavi.es\/es\/","name":"AVI |\u00a0Ag\u00e8ncia Valenciana de la Innovaci\u00f3","description":"P\u00e0gina web oficial de l&#039;AVI","potentialAction":[{"@type":"SearchAction","target":{"@type":"EntryPoint","urlTemplate":"https:\/\/innoavi.es\/es\/?s={search_term_string}"},"query-input":{"@type":"PropertyValueSpecification","valueRequired":true,"valueName":"search_term_string"}}],"inLanguage":"es"},{"@type":"Person","@id":"https:\/\/innoavi.es\/es\/#\/schema\/person\/cc5bf07456956a9205069c432fb8fa32","name":"paco"}]}},"_links":{"self":[{"href":"https:\/\/innoavi.es\/es\/wp-json\/wp\/v2\/posts\/11675","targetHints":{"allow":["GET"]}}],"collection":[{"href":"https:\/\/innoavi.es\/es\/wp-json\/wp\/v2\/posts"}],"about":[{"href":"https:\/\/innoavi.es\/es\/wp-json\/wp\/v2\/types\/post"}],"author":[{"embeddable":true,"href":"https:\/\/innoavi.es\/es\/wp-json\/wp\/v2\/users\/12"}],"replies":[{"embeddable":true,"href":"https:\/\/innoavi.es\/es\/wp-json\/wp\/v2\/comments?post=11675"}],"version-history":[{"count":1,"href":"https:\/\/innoavi.es\/es\/wp-json\/wp\/v2\/posts\/11675\/revisions"}],"predecessor-version":[{"id":11676,"href":"https:\/\/innoavi.es\/es\/wp-json\/wp\/v2\/posts\/11675\/revisions\/11676"}],"wp:attachment":[{"href":"https:\/\/innoavi.es\/es\/wp-json\/wp\/v2\/media?parent=11675"}],"wp:term":[{"taxonomy":"category","embeddable":true,"href":"https:\/\/innoavi.es\/es\/wp-json\/wp\/v2\/categories?post=11675"},{"taxonomy":"post_tag","embeddable":true,"href":"https:\/\/innoavi.es\/es\/wp-json\/wp\/v2\/tags?post=11675"}],"curies":[{"name":"wp","href":"https:\/\/api.w.org\/{rel}","templated":true}]}}