{"id":11665,"date":"2020-02-03T09:21:10","date_gmt":"2020-02-03T08:21:10","guid":{"rendered":"http:\/\/innoavi.es\/es\/?p=11665"},"modified":"2020-02-06T11:21:15","modified_gmt":"2020-02-06T10:21:15","slug":"5-de-febrero-creando-instrumentos-para-apoyar-la-compra-publica-de-innovacion","status":"publish","type":"post","link":"https:\/\/innoavi.es\/es\/5-de-febrero-creando-instrumentos-para-apoyar-la-compra-publica-de-innovacion\/","title":{"rendered":"5 DE FEBRERO | Creando instrumentos para apoyar la Compra P\u00fablica de Innovaci\u00f3n"},"content":{"rendered":"<img loading=\"lazy\" decoding=\"async\" class=\"alignnone  wp-image-11666\" src=\"http:\/\/innoavi.es\/wp-content\/uploads\/2020\/02\/1200px-Flag_of_Europe.svg-600x400.png\" alt=\"\" width=\"506\" height=\"337\" srcset=\"https:\/\/innoavi.es\/wp-content\/uploads\/2020\/02\/1200px-Flag_of_Europe.svg-600x400.png 600w, https:\/\/innoavi.es\/wp-content\/uploads\/2020\/02\/1200px-Flag_of_Europe.svg-768x512.png 768w, https:\/\/innoavi.es\/wp-content\/uploads\/2020\/02\/1200px-Flag_of_Europe.svg-1024x683.png 1024w, https:\/\/innoavi.es\/wp-content\/uploads\/2020\/02\/1200px-Flag_of_Europe.svg-825x550.png 825w, https:\/\/innoavi.es\/wp-content\/uploads\/2020\/02\/1200px-Flag_of_Europe.svg.png 1200w\" sizes=\"auto, (max-width: 506px) 100vw, 506px\" \/><br \/><br \/>La Ag\u00e8ncia Valenciana de la Innovaci\u00f3 participa en la \u00abCreando instrumentos para apoyar la Compra P\u00fablica de Innovaci\u00f3n\u00bb, que se celebra en la sede del Parlamento Europeo en Bruselas.<br \/><br \/><strong>12.10 horas.<\/strong> Sala A5E3. <br \/>Parlamento Europeo. Bruselas","protected":false},"excerpt":{"rendered":"<p>La Ag\u00e8ncia Valenciana de la Innovaci\u00f3 participa en la \u00abCreando instrumentos para apoyar la Compra P\u00fablica de Innovaci\u00f3n\u00bb, que se celebra en la sede del Parlamento Europeo en Bruselas.12.10 horas. Sala A5E3. Parlamento Europeo. Bruselas<\/p>\n","protected":false},"author":12,"featured_media":11666,"comment_status":"closed","ping_status":"open","sticky":false,"template":"","format":"standard","meta":{"_acf_changed":false,"footnotes":""},"categories":[197,198,205],"tags":[],"class_list":["post-11665","post","type-post","status-publish","format-standard","has-post-thumbnail","hentry","category-agenda-avi","category-agenda-svi","category-sin-categorizar"],"acf":[],"yoast_head":"<!-- This site is optimized with the Yoast SEO plugin v26.7 - https:\/\/yoast.com\/wordpress\/plugins\/seo\/ -->\n<title>5 DE FEBRERO | Creando instrumentos para apoyar la Compra P\u00fablica de Innovaci\u00f3n - AVI |\u00a0Ag\u00e8ncia Valenciana de la Innovaci\u00f3<\/title>\n<meta name=\"description\" content=\"La Ag\u00e8ncia Valenciana de la Innovaci\u00f3 participa en la &quot;Creando instrumentos para apoyar la Compra P\u00fablica de Innovaci\u00f3n&quot;, que se celebra en la sede del\" \/>\n<meta name=\"robots\" content=\"index, follow, max-snippet:-1, max-image-preview:large, max-video-preview:-1\" \/>\n<link rel=\"canonical\" href=\"https:\/\/innoavi.es\/es\/5-de-febrero-creando-instrumentos-para-apoyar-la-compra-publica-de-innovacion\/\" \/>\n<meta property=\"og:locale\" content=\"es_ES\" \/>\n<meta property=\"og:type\" content=\"article\" \/>\n<meta property=\"og:title\" content=\"5 DE FEBRERO | Creando instrumentos para apoyar la Compra P\u00fablica de Innovaci\u00f3n - AVI |\u00a0Ag\u00e8ncia Valenciana de la Innovaci\u00f3\" \/>\n<meta property=\"og:description\" content=\"La Ag\u00e8ncia Valenciana de la Innovaci\u00f3 participa en la &quot;Creando instrumentos para apoyar la Compra P\u00fablica de Innovaci\u00f3n&quot;, que se celebra en la sede del\" \/>\n<meta property=\"og:url\" content=\"https:\/\/innoavi.es\/es\/5-de-febrero-creando-instrumentos-para-apoyar-la-compra-publica-de-innovacion\/\" \/>\n<meta property=\"og:site_name\" content=\"AVI |\u00a0Ag\u00e8ncia Valenciana de la Innovaci\u00f3\" \/>\n<meta property=\"article:published_time\" content=\"2020-02-03T08:21:10+00:00\" \/>\n<meta property=\"article:modified_time\" content=\"2020-02-06T10:21:15+00:00\" \/>\n<meta property=\"og:image\" content=\"https:\/\/innoavi.es\/wp-content\/uploads\/2020\/02\/1200px-Flag_of_Europe.svg.png\" \/>\n\t<meta property=\"og:image:width\" content=\"1200\" \/>\n\t<meta property=\"og:image:height\" content=\"800\" \/>\n\t<meta property=\"og:image:type\" content=\"image\/png\" \/>\n<meta name=\"author\" content=\"paco\" \/>\n<meta name=\"twitter:card\" content=\"summary_large_image\" \/>\n<meta name=\"twitter:creator\" content=\"@GVAavi\" \/>\n<meta name=\"twitter:site\" content=\"@GVAavi\" \/>\n<meta name=\"twitter:label1\" content=\"Escrito por\" \/>\n\t<meta name=\"twitter:data1\" content=\"paco\" \/>\n<script type=\"application\/ld+json\" class=\"yoast-schema-graph\">{\"@context\":\"https:\/\/schema.org\",\"@graph\":[{\"@type\":\"Article\",\"@id\":\"https:\/\/innoavi.es\/es\/5-de-febrero-creando-instrumentos-para-apoyar-la-compra-publica-de-innovacion\/#article\",\"isPartOf\":{\"@id\":\"https:\/\/innoavi.es\/es\/5-de-febrero-creando-instrumentos-para-apoyar-la-compra-publica-de-innovacion\/\"},\"author\":{\"name\":\"paco\",\"@id\":\"https:\/\/innoavi.es\/es\/#\/schema\/person\/cc5bf07456956a9205069c432fb8fa32\"},\"headline\":\"5 DE FEBRERO | Creando instrumentos para apoyar la Compra P\u00fablica de Innovaci\u00f3n\",\"datePublished\":\"2020-02-03T08:21:10+00:00\",\"dateModified\":\"2020-02-06T10:21:15+00:00\",\"mainEntityOfPage\":{\"@id\":\"https:\/\/innoavi.es\/es\/5-de-febrero-creando-instrumentos-para-apoyar-la-compra-publica-de-innovacion\/\"},\"wordCount\":52,\"image\":{\"@id\":\"https:\/\/innoavi.es\/es\/5-de-febrero-creando-instrumentos-para-apoyar-la-compra-publica-de-innovacion\/#primaryimage\"},\"thumbnailUrl\":\"https:\/\/innoavi.es\/wp-content\/uploads\/2020\/02\/1200px-Flag_of_Europe.svg.png\",\"articleSection\":[\"Agenda AVI\",\"Agenda SVI\",\"Sin categorizar\"],\"inLanguage\":\"es\"},{\"@type\":\"WebPage\",\"@id\":\"https:\/\/innoavi.es\/es\/5-de-febrero-creando-instrumentos-para-apoyar-la-compra-publica-de-innovacion\/\",\"url\":\"https:\/\/innoavi.es\/es\/5-de-febrero-creando-instrumentos-para-apoyar-la-compra-publica-de-innovacion\/\",\"name\":\"5 DE FEBRERO | Creando instrumentos para apoyar la Compra P\u00fablica de Innovaci\u00f3n - AVI |\u00a0Ag\u00e8ncia Valenciana de la Innovaci\u00f3\",\"isPartOf\":{\"@id\":\"https:\/\/innoavi.es\/es\/#website\"},\"primaryImageOfPage\":{\"@id\":\"https:\/\/innoavi.es\/es\/5-de-febrero-creando-instrumentos-para-apoyar-la-compra-publica-de-innovacion\/#primaryimage\"},\"image\":{\"@id\":\"https:\/\/innoavi.es\/es\/5-de-febrero-creando-instrumentos-para-apoyar-la-compra-publica-de-innovacion\/#primaryimage\"},\"thumbnailUrl\":\"https:\/\/innoavi.es\/wp-content\/uploads\/2020\/02\/1200px-Flag_of_Europe.svg.png\",\"datePublished\":\"2020-02-03T08:21:10+00:00\",\"dateModified\":\"2020-02-06T10:21:15+00:00\",\"author\":{\"@id\":\"https:\/\/innoavi.es\/es\/#\/schema\/person\/cc5bf07456956a9205069c432fb8fa32\"},\"description\":\"La Ag\u00e8ncia Valenciana de la Innovaci\u00f3 participa en la \\\"Creando instrumentos para apoyar la Compra P\u00fablica de Innovaci\u00f3n\\\", que se celebra en la sede del\",\"breadcrumb\":{\"@id\":\"https:\/\/innoavi.es\/es\/5-de-febrero-creando-instrumentos-para-apoyar-la-compra-publica-de-innovacion\/#breadcrumb\"},\"inLanguage\":\"es\",\"potentialAction\":[{\"@type\":\"ReadAction\",\"target\":[\"https:\/\/innoavi.es\/es\/5-de-febrero-creando-instrumentos-para-apoyar-la-compra-publica-de-innovacion\/\"]}]},{\"@type\":\"ImageObject\",\"inLanguage\":\"es\",\"@id\":\"https:\/\/innoavi.es\/es\/5-de-febrero-creando-instrumentos-para-apoyar-la-compra-publica-de-innovacion\/#primaryimage\",\"url\":\"https:\/\/innoavi.es\/wp-content\/uploads\/2020\/02\/1200px-Flag_of_Europe.svg.png\",\"contentUrl\":\"https:\/\/innoavi.es\/wp-content\/uploads\/2020\/02\/1200px-Flag_of_Europe.svg.png\",\"width\":1200,\"height\":800},{\"@type\":\"BreadcrumbList\",\"@id\":\"https:\/\/innoavi.es\/es\/5-de-febrero-creando-instrumentos-para-apoyar-la-compra-publica-de-innovacion\/#breadcrumb\",\"itemListElement\":[{\"@type\":\"ListItem\",\"position\":1,\"name\":\"Portada\",\"item\":\"https:\/\/innoavi.es\/es\/\"},{\"@type\":\"ListItem\",\"position\":2,\"name\":\"5 DE FEBRERO | Creando instrumentos para apoyar la Compra P\u00fablica de Innovaci\u00f3n\"}]},{\"@type\":\"WebSite\",\"@id\":\"https:\/\/innoavi.es\/es\/#website\",\"url\":\"https:\/\/innoavi.es\/es\/\",\"name\":\"AVI |\u00a0Ag\u00e8ncia Valenciana de la Innovaci\u00f3\",\"description\":\"P\u00e0gina web oficial de l&#039;AVI\",\"potentialAction\":[{\"@type\":\"SearchAction\",\"target\":{\"@type\":\"EntryPoint\",\"urlTemplate\":\"https:\/\/innoavi.es\/es\/?s={search_term_string}\"},\"query-input\":{\"@type\":\"PropertyValueSpecification\",\"valueRequired\":true,\"valueName\":\"search_term_string\"}}],\"inLanguage\":\"es\"},{\"@type\":\"Person\",\"@id\":\"https:\/\/innoavi.es\/es\/#\/schema\/person\/cc5bf07456956a9205069c432fb8fa32\",\"name\":\"paco\"}]}<\/script>\n<!-- \/ Yoast SEO plugin. -->","yoast_head_json":{"title":"5 DE FEBRERO | Creando instrumentos para apoyar la Compra P\u00fablica de Innovaci\u00f3n - AVI |\u00a0Ag\u00e8ncia Valenciana de la Innovaci\u00f3","description":"La Ag\u00e8ncia Valenciana de la Innovaci\u00f3 participa en la \"Creando instrumentos para apoyar la Compra P\u00fablica de Innovaci\u00f3n\", que se celebra en la sede del","robots":{"index":"index","follow":"follow","max-snippet":"max-snippet:-1","max-image-preview":"max-image-preview:large","max-video-preview":"max-video-preview:-1"},"canonical":"https:\/\/innoavi.es\/es\/5-de-febrero-creando-instrumentos-para-apoyar-la-compra-publica-de-innovacion\/","og_locale":"es_ES","og_type":"article","og_title":"5 DE FEBRERO | Creando instrumentos para apoyar la Compra P\u00fablica de Innovaci\u00f3n - AVI |\u00a0Ag\u00e8ncia Valenciana de la Innovaci\u00f3","og_description":"La Ag\u00e8ncia Valenciana de la Innovaci\u00f3 participa en la \"Creando instrumentos para apoyar la Compra P\u00fablica de Innovaci\u00f3n\", que se celebra en la sede del","og_url":"https:\/\/innoavi.es\/es\/5-de-febrero-creando-instrumentos-para-apoyar-la-compra-publica-de-innovacion\/","og_site_name":"AVI |\u00a0Ag\u00e8ncia Valenciana de la Innovaci\u00f3","article_published_time":"2020-02-03T08:21:10+00:00","article_modified_time":"2020-02-06T10:21:15+00:00","og_image":[{"width":1200,"height":800,"url":"https:\/\/innoavi.es\/wp-content\/uploads\/2020\/02\/1200px-Flag_of_Europe.svg.png","type":"image\/png"}],"author":"paco","twitter_card":"summary_large_image","twitter_creator":"@GVAavi","twitter_site":"@GVAavi","twitter_misc":{"Escrito por":"paco"},"schema":{"@context":"https:\/\/schema.org","@graph":[{"@type":"Article","@id":"https:\/\/innoavi.es\/es\/5-de-febrero-creando-instrumentos-para-apoyar-la-compra-publica-de-innovacion\/#article","isPartOf":{"@id":"https:\/\/innoavi.es\/es\/5-de-febrero-creando-instrumentos-para-apoyar-la-compra-publica-de-innovacion\/"},"author":{"name":"paco","@id":"https:\/\/innoavi.es\/es\/#\/schema\/person\/cc5bf07456956a9205069c432fb8fa32"},"headline":"5 DE FEBRERO | Creando instrumentos para apoyar la Compra P\u00fablica de Innovaci\u00f3n","datePublished":"2020-02-03T08:21:10+00:00","dateModified":"2020-02-06T10:21:15+00:00","mainEntityOfPage":{"@id":"https:\/\/innoavi.es\/es\/5-de-febrero-creando-instrumentos-para-apoyar-la-compra-publica-de-innovacion\/"},"wordCount":52,"image":{"@id":"https:\/\/innoavi.es\/es\/5-de-febrero-creando-instrumentos-para-apoyar-la-compra-publica-de-innovacion\/#primaryimage"},"thumbnailUrl":"https:\/\/innoavi.es\/wp-content\/uploads\/2020\/02\/1200px-Flag_of_Europe.svg.png","articleSection":["Agenda AVI","Agenda SVI","Sin categorizar"],"inLanguage":"es"},{"@type":"WebPage","@id":"https:\/\/innoavi.es\/es\/5-de-febrero-creando-instrumentos-para-apoyar-la-compra-publica-de-innovacion\/","url":"https:\/\/innoavi.es\/es\/5-de-febrero-creando-instrumentos-para-apoyar-la-compra-publica-de-innovacion\/","name":"5 DE FEBRERO | Creando instrumentos para apoyar la Compra P\u00fablica de Innovaci\u00f3n - AVI |\u00a0Ag\u00e8ncia Valenciana de la Innovaci\u00f3","isPartOf":{"@id":"https:\/\/innoavi.es\/es\/#website"},"primaryImageOfPage":{"@id":"https:\/\/innoavi.es\/es\/5-de-febrero-creando-instrumentos-para-apoyar-la-compra-publica-de-innovacion\/#primaryimage"},"image":{"@id":"https:\/\/innoavi.es\/es\/5-de-febrero-creando-instrumentos-para-apoyar-la-compra-publica-de-innovacion\/#primaryimage"},"thumbnailUrl":"https:\/\/innoavi.es\/wp-content\/uploads\/2020\/02\/1200px-Flag_of_Europe.svg.png","datePublished":"2020-02-03T08:21:10+00:00","dateModified":"2020-02-06T10:21:15+00:00","author":{"@id":"https:\/\/innoavi.es\/es\/#\/schema\/person\/cc5bf07456956a9205069c432fb8fa32"},"description":"La Ag\u00e8ncia Valenciana de la Innovaci\u00f3 participa en la \"Creando instrumentos para apoyar la Compra P\u00fablica de Innovaci\u00f3n\", que se celebra en la sede del","breadcrumb":{"@id":"https:\/\/innoavi.es\/es\/5-de-febrero-creando-instrumentos-para-apoyar-la-compra-publica-de-innovacion\/#breadcrumb"},"inLanguage":"es","potentialAction":[{"@type":"ReadAction","target":["https:\/\/innoavi.es\/es\/5-de-febrero-creando-instrumentos-para-apoyar-la-compra-publica-de-innovacion\/"]}]},{"@type":"ImageObject","inLanguage":"es","@id":"https:\/\/innoavi.es\/es\/5-de-febrero-creando-instrumentos-para-apoyar-la-compra-publica-de-innovacion\/#primaryimage","url":"https:\/\/innoavi.es\/wp-content\/uploads\/2020\/02\/1200px-Flag_of_Europe.svg.png","contentUrl":"https:\/\/innoavi.es\/wp-content\/uploads\/2020\/02\/1200px-Flag_of_Europe.svg.png","width":1200,"height":800},{"@type":"BreadcrumbList","@id":"https:\/\/innoavi.es\/es\/5-de-febrero-creando-instrumentos-para-apoyar-la-compra-publica-de-innovacion\/#breadcrumb","itemListElement":[{"@type":"ListItem","position":1,"name":"Portada","item":"https:\/\/innoavi.es\/es\/"},{"@type":"ListItem","position":2,"name":"5 DE FEBRERO | Creando instrumentos para apoyar la Compra P\u00fablica de Innovaci\u00f3n"}]},{"@type":"WebSite","@id":"https:\/\/innoavi.es\/es\/#website","url":"https:\/\/innoavi.es\/es\/","name":"AVI |\u00a0Ag\u00e8ncia Valenciana de la Innovaci\u00f3","description":"P\u00e0gina web oficial de l&#039;AVI","potentialAction":[{"@type":"SearchAction","target":{"@type":"EntryPoint","urlTemplate":"https:\/\/innoavi.es\/es\/?s={search_term_string}"},"query-input":{"@type":"PropertyValueSpecification","valueRequired":true,"valueName":"search_term_string"}}],"inLanguage":"es"},{"@type":"Person","@id":"https:\/\/innoavi.es\/es\/#\/schema\/person\/cc5bf07456956a9205069c432fb8fa32","name":"paco"}]}},"_links":{"self":[{"href":"https:\/\/innoavi.es\/es\/wp-json\/wp\/v2\/posts\/11665","targetHints":{"allow":["GET"]}}],"collection":[{"href":"https:\/\/innoavi.es\/es\/wp-json\/wp\/v2\/posts"}],"about":[{"href":"https:\/\/innoavi.es\/es\/wp-json\/wp\/v2\/types\/post"}],"author":[{"embeddable":true,"href":"https:\/\/innoavi.es\/es\/wp-json\/wp\/v2\/users\/12"}],"replies":[{"embeddable":true,"href":"https:\/\/innoavi.es\/es\/wp-json\/wp\/v2\/comments?post=11665"}],"version-history":[{"count":1,"href":"https:\/\/innoavi.es\/es\/wp-json\/wp\/v2\/posts\/11665\/revisions"}],"predecessor-version":[{"id":11667,"href":"https:\/\/innoavi.es\/es\/wp-json\/wp\/v2\/posts\/11665\/revisions\/11667"}],"wp:featuredmedia":[{"embeddable":true,"href":"https:\/\/innoavi.es\/es\/wp-json\/wp\/v2\/media\/11666"}],"wp:attachment":[{"href":"https:\/\/innoavi.es\/es\/wp-json\/wp\/v2\/media?parent=11665"}],"wp:term":[{"taxonomy":"category","embeddable":true,"href":"https:\/\/innoavi.es\/es\/wp-json\/wp\/v2\/categories?post=11665"},{"taxonomy":"post_tag","embeddable":true,"href":"https:\/\/innoavi.es\/es\/wp-json\/wp\/v2\/tags?post=11665"}],"curies":[{"name":"wp","href":"https:\/\/api.w.org\/{rel}","templated":true}]}}