{"id":11525,"date":"2020-01-21T16:16:45","date_gmt":"2020-01-21T15:16:45","guid":{"rendered":"http:\/\/innoavi.es\/es\/?p=11525"},"modified":"2020-01-21T16:16:45","modified_gmt":"2020-01-21T15:16:45","slug":"la-avi-refuerza-su-colaboracion-con-el-ayuntamiento-de-alicante-para-impulsar-el-desarrollo-de-proyectos-innovadores-para-la-urbe","status":"publish","type":"post","link":"https:\/\/innoavi.es\/es\/la-avi-refuerza-su-colaboracion-con-el-ayuntamiento-de-alicante-para-impulsar-el-desarrollo-de-proyectos-innovadores-para-la-urbe\/","title":{"rendered":"La AVI refuerza su colaboraci\u00f3n con el Ayuntamiento de Alicante para impulsar el desarrollo de proyectos innovadores para la urbe"},"content":{"rendered":"<img loading=\"lazy\" decoding=\"async\" class=\"alignnone  wp-image-11523\" src=\"http:\/\/innoavi.es\/wp-content\/uploads\/2020\/01\/200117-Reuni\u00f3n-Antonio-Peral-600x479.jpeg\" alt=\"\" width=\"504\" height=\"402\" srcset=\"https:\/\/innoavi.es\/wp-content\/uploads\/2020\/01\/200117-Reuni\u00f3n-Antonio-Peral-600x479.jpeg 600w, https:\/\/innoavi.es\/wp-content\/uploads\/2020\/01\/200117-Reuni\u00f3n-Antonio-Peral-768x613.jpeg 768w, https:\/\/innoavi.es\/wp-content\/uploads\/2020\/01\/200117-Reuni\u00f3n-Antonio-Peral-1024x817.jpeg 1024w, https:\/\/innoavi.es\/wp-content\/uploads\/2020\/01\/200117-Reuni\u00f3n-Antonio-Peral-689x550.jpeg 689w, https:\/\/innoavi.es\/wp-content\/uploads\/2020\/01\/200117-Reuni\u00f3n-Antonio-Peral-689x550@2x.jpeg 1379w, https:\/\/innoavi.es\/wp-content\/uploads\/2020\/01\/200117-Reuni\u00f3n-Antonio-Peral.jpeg 1445w\" sizes=\"auto, (max-width: 504px) 100vw, 504px\" \/><br \/><br \/>\u2022\u00a0\u00a0\u00a0 La Ag\u00e8ncia mantiene una sesi\u00f3n de trabajo con el edil de Modernizaci\u00f3n y Nuevas Tecnolog\u00edas del Ayuntamiento de Alicante, Antonio Peral<br \/>\u2022\u00a0\u00a0\u00a0 La AVI respalda un proyecto municipal de Compra P\u00fablica de Innovaci\u00f3n en el marco de la EDUSI de Las Cigarreras<br \/><br \/>La Ag\u00e8ncia Valenciana de la Innovaci\u00f3 (AVI) y el Ayuntamiento de Alicante intensificar\u00e1n la colaboraci\u00f3n con el objeto de impulsar el desarrollo de nuevos proyectos e iniciativas que fomenten la innovaci\u00f3n en esta ciudad.<br \/><br \/>As\u00ed lo han acordado vicepresidente ejecutivo de la AVI, Andr\u00e9s Garc\u00eda Reche y el concejal de Modernizaci\u00f3n y Nuevas Tecnolog\u00edas del Ayuntamiento de Alicante, Antonio Peral, tras la reuni\u00f3n de trabajo que han mantenido este viernes. <br \/><br \/>Por parte de la corporaci\u00f3n local, tambi\u00e9n han asistido a este encuentro los responsables de los departamentos de Transparencia y Buen Gobierno y de Promoci\u00f3n Econ\u00f3mica, Juan Melero y Eloy Sentana, respectivamente, mientras que la secretaria general, Olivia Estrella, y el subdirector general de Programas de innovaci\u00f3n, Roberto Arnau, han participado en representaci\u00f3n de la Ag\u00e8ncia.<br \/><br \/>En sesi\u00f3n de trabajo, la AVI y el Consistorio alicantino han repasado las actuaciones y proyectos en com\u00fan, al tiempo que han abordado futuras colaboraciones para, entre otros objetivos, reforzar la incorporaci\u00f3n de I+D+i en la Administraci\u00f3n local y dinamizar el desarrollo de proyectos innovadores con repercusi\u00f3n directa sobre el tejido productivo de esta urbe.<br \/><br \/>Ambas instituciones ya cooperan, de hecho, en la implementaci\u00f3n de la Estrategia de Desarrollo Urbano Sostenible Integrado (EDUSI) del \u00e1rea de Las Cigarreras, que tiene como misi\u00f3n la recuperaci\u00f3n y dinamizaci\u00f3n de una importante zona de la ciudad, que incluye cuatro barrios hist\u00f3ricos y dos de sus montes m\u00e1s emblem\u00e1ticos.<br \/><br \/>En este caso, la AVI respalda una iniciativa municipal para mejorar la atenci\u00f3n de la poblaci\u00f3n mayor, impulsar la dinamizaci\u00f3n comercial, favorecer la eficiencia energ\u00e9tica y potenciar la recogida y reciclaje de residuos en este entorno urbano a trav\u00e9s de soluciones innovadoras no existentes en el mercado. Con este fin, la Ag\u00e8ncia ha aportado cerca de 60.000 euros en el marco del programa de ayudas a la Compra P\u00fablica de Innovaci\u00f3n correspondiente al pasado ejercicio.<br \/><br \/>La colaboraci\u00f3n con el consistorio alicantino se extiende a la empresa mixta Aguas Municipalizadas de Alicante, que ha contado con el respaldo de la AVI para elaborar la primera Gu\u00eda de Compra P\u00fablica Innovadora en Econom\u00eda Circular. Se trata de un documento valioso para las diferentes administraciones p\u00fablicas, puesto que re\u00fane m\u00e1s de medio centenar de propuestas concretas de innovaci\u00f3n en este \u00e1mbito que podr\u00edan licitarse a trav\u00e9s de CPI en el periodo 2019-2024.","protected":false},"excerpt":{"rendered":"<p>\u2022\u00a0\u00a0\u00a0 La Ag\u00e8ncia mantiene una sesi\u00f3n de trabajo con el edil de Modernizaci\u00f3n y Nuevas Tecnolog\u00edas del Ayuntamiento de Alicante, Antonio Peral\u2022\u00a0\u00a0\u00a0 La AVI respalda un proyecto municipal de Compra P\u00fablica de Innovaci\u00f3n en el marco de la EDUSI de Las CigarrerasLa Ag\u00e8ncia Valenciana de la Innovaci\u00f3 (AVI) y el Ayuntamiento de Alicante intensificar\u00e1n la colaboraci\u00f3n con el objeto de impulsar el desarrollo de nuevos proyectos e iniciativas que fomenten la innovaci\u00f3n en esta ciudad.As\u00ed lo han acordado vicepresidente ejecutivo de la AVI, Andr\u00e9s Garc\u00eda Reche y el concejal de<a class=\"more-link\" href=\"https:\/\/innoavi.es\/es\/la-avi-refuerza-su-colaboracion-con-el-ayuntamiento-de-alicante-para-impulsar-el-desarrollo-de-proyectos-innovadores-para-la-urbe\/\">SEE DETAILS <span class=\"more-link-image\"><\/span><span class=\"more-link-hover-image\"><\/span><\/a><\/p>\n","protected":false},"author":12,"featured_media":11523,"comment_status":"closed","ping_status":"open","sticky":false,"template":"","format":"standard","meta":{"_acf_changed":false,"footnotes":""},"categories":[202,205],"tags":[],"class_list":["post-11525","post","type-post","status-publish","format-standard","has-post-thumbnail","hentry","category-prensa","category-sin-categorizar"],"acf":[],"yoast_head":"<!-- This site is optimized with the Yoast SEO plugin v26.7 - https:\/\/yoast.com\/wordpress\/plugins\/seo\/ -->\n<title>La AVI refuerza su colaboraci\u00f3n con el Ayuntamiento de Alicante para impulsar el desarrollo de proyectos innovadores para la urbe - AVI |\u00a0Ag\u00e8ncia Valenciana de la Innovaci\u00f3<\/title>\n<meta name=\"description\" content=\"\u2022\u00a0\u00a0\u00a0 La Ag\u00e8ncia mantiene una sesi\u00f3n de trabajo con el edil de Modernizaci\u00f3n y Nuevas Tecnolog\u00edas del Ayuntamiento de Alicante, Antonio Peral\u2022\u00a0\u00a0\u00a0 La AVI\" \/>\n<meta name=\"robots\" content=\"index, follow, max-snippet:-1, max-image-preview:large, max-video-preview:-1\" \/>\n<link rel=\"canonical\" href=\"https:\/\/innoavi.es\/es\/la-avi-refuerza-su-colaboracion-con-el-ayuntamiento-de-alicante-para-impulsar-el-desarrollo-de-proyectos-innovadores-para-la-urbe\/\" \/>\n<meta property=\"og:locale\" content=\"es_ES\" \/>\n<meta property=\"og:type\" content=\"article\" \/>\n<meta property=\"og:title\" content=\"La AVI refuerza su colaboraci\u00f3n con el Ayuntamiento de Alicante para impulsar el desarrollo de proyectos innovadores para la urbe - AVI |\u00a0Ag\u00e8ncia Valenciana de la Innovaci\u00f3\" \/>\n<meta property=\"og:description\" content=\"\u2022\u00a0\u00a0\u00a0 La Ag\u00e8ncia mantiene una sesi\u00f3n de trabajo con el edil de Modernizaci\u00f3n y Nuevas Tecnolog\u00edas del Ayuntamiento de Alicante, Antonio Peral\u2022\u00a0\u00a0\u00a0 La AVI\" \/>\n<meta property=\"og:url\" content=\"https:\/\/innoavi.es\/es\/la-avi-refuerza-su-colaboracion-con-el-ayuntamiento-de-alicante-para-impulsar-el-desarrollo-de-proyectos-innovadores-para-la-urbe\/\" \/>\n<meta property=\"og:site_name\" content=\"AVI |\u00a0Ag\u00e8ncia Valenciana de la Innovaci\u00f3\" \/>\n<meta property=\"article:published_time\" content=\"2020-01-21T15:16:45+00:00\" \/>\n<meta property=\"og:image\" content=\"https:\/\/innoavi.es\/wp-content\/uploads\/2020\/01\/200117-Reuni\u00f3n-Antonio-Peral.jpeg\" \/>\n\t<meta property=\"og:image:width\" content=\"1445\" \/>\n\t<meta property=\"og:image:height\" content=\"1153\" \/>\n\t<meta property=\"og:image:type\" content=\"image\/jpeg\" \/>\n<meta name=\"author\" content=\"paco\" \/>\n<meta name=\"twitter:card\" content=\"summary_large_image\" \/>\n<meta name=\"twitter:creator\" content=\"@GVAavi\" \/>\n<meta name=\"twitter:site\" content=\"@GVAavi\" \/>\n<meta name=\"twitter:label1\" content=\"Escrito por\" \/>\n\t<meta name=\"twitter:data1\" content=\"paco\" \/>\n\t<meta name=\"twitter:label2\" content=\"Tiempo de lectura\" \/>\n\t<meta name=\"twitter:data2\" content=\"2 minutos\" \/>\n<script type=\"application\/ld+json\" class=\"yoast-schema-graph\">{\"@context\":\"https:\/\/schema.org\",\"@graph\":[{\"@type\":\"Article\",\"@id\":\"https:\/\/innoavi.es\/es\/la-avi-refuerza-su-colaboracion-con-el-ayuntamiento-de-alicante-para-impulsar-el-desarrollo-de-proyectos-innovadores-para-la-urbe\/#article\",\"isPartOf\":{\"@id\":\"https:\/\/innoavi.es\/es\/la-avi-refuerza-su-colaboracion-con-el-ayuntamiento-de-alicante-para-impulsar-el-desarrollo-de-proyectos-innovadores-para-la-urbe\/\"},\"author\":{\"name\":\"paco\",\"@id\":\"https:\/\/innoavi.es\/es\/#\/schema\/person\/cc5bf07456956a9205069c432fb8fa32\"},\"headline\":\"La AVI refuerza su colaboraci\u00f3n con el Ayuntamiento de Alicante para impulsar el desarrollo de proyectos innovadores para la urbe\",\"datePublished\":\"2020-01-21T15:16:45+00:00\",\"mainEntityOfPage\":{\"@id\":\"https:\/\/innoavi.es\/es\/la-avi-refuerza-su-colaboracion-con-el-ayuntamiento-de-alicante-para-impulsar-el-desarrollo-de-proyectos-innovadores-para-la-urbe\/\"},\"wordCount\":495,\"image\":{\"@id\":\"https:\/\/innoavi.es\/es\/la-avi-refuerza-su-colaboracion-con-el-ayuntamiento-de-alicante-para-impulsar-el-desarrollo-de-proyectos-innovadores-para-la-urbe\/#primaryimage\"},\"thumbnailUrl\":\"https:\/\/innoavi.es\/wp-content\/uploads\/2020\/01\/200117-Reuni\u00f3n-Antonio-Peral.jpeg\",\"articleSection\":[\"Prensa\",\"Sin categorizar\"],\"inLanguage\":\"es\"},{\"@type\":\"WebPage\",\"@id\":\"https:\/\/innoavi.es\/es\/la-avi-refuerza-su-colaboracion-con-el-ayuntamiento-de-alicante-para-impulsar-el-desarrollo-de-proyectos-innovadores-para-la-urbe\/\",\"url\":\"https:\/\/innoavi.es\/es\/la-avi-refuerza-su-colaboracion-con-el-ayuntamiento-de-alicante-para-impulsar-el-desarrollo-de-proyectos-innovadores-para-la-urbe\/\",\"name\":\"La AVI refuerza su colaboraci\u00f3n con el Ayuntamiento de Alicante para impulsar el desarrollo de proyectos innovadores para la urbe - AVI |\u00a0Ag\u00e8ncia Valenciana de la Innovaci\u00f3\",\"isPartOf\":{\"@id\":\"https:\/\/innoavi.es\/es\/#website\"},\"primaryImageOfPage\":{\"@id\":\"https:\/\/innoavi.es\/es\/la-avi-refuerza-su-colaboracion-con-el-ayuntamiento-de-alicante-para-impulsar-el-desarrollo-de-proyectos-innovadores-para-la-urbe\/#primaryimage\"},\"image\":{\"@id\":\"https:\/\/innoavi.es\/es\/la-avi-refuerza-su-colaboracion-con-el-ayuntamiento-de-alicante-para-impulsar-el-desarrollo-de-proyectos-innovadores-para-la-urbe\/#primaryimage\"},\"thumbnailUrl\":\"https:\/\/innoavi.es\/wp-content\/uploads\/2020\/01\/200117-Reuni\u00f3n-Antonio-Peral.jpeg\",\"datePublished\":\"2020-01-21T15:16:45+00:00\",\"author\":{\"@id\":\"https:\/\/innoavi.es\/es\/#\/schema\/person\/cc5bf07456956a9205069c432fb8fa32\"},\"description\":\"\u2022\u00a0\u00a0\u00a0 La Ag\u00e8ncia mantiene una sesi\u00f3n de trabajo con el edil de Modernizaci\u00f3n y Nuevas Tecnolog\u00edas del Ayuntamiento de Alicante, Antonio Peral\u2022\u00a0\u00a0\u00a0 La AVI\",\"breadcrumb\":{\"@id\":\"https:\/\/innoavi.es\/es\/la-avi-refuerza-su-colaboracion-con-el-ayuntamiento-de-alicante-para-impulsar-el-desarrollo-de-proyectos-innovadores-para-la-urbe\/#breadcrumb\"},\"inLanguage\":\"es\",\"potentialAction\":[{\"@type\":\"ReadAction\",\"target\":[\"https:\/\/innoavi.es\/es\/la-avi-refuerza-su-colaboracion-con-el-ayuntamiento-de-alicante-para-impulsar-el-desarrollo-de-proyectos-innovadores-para-la-urbe\/\"]}]},{\"@type\":\"ImageObject\",\"inLanguage\":\"es\",\"@id\":\"https:\/\/innoavi.es\/es\/la-avi-refuerza-su-colaboracion-con-el-ayuntamiento-de-alicante-para-impulsar-el-desarrollo-de-proyectos-innovadores-para-la-urbe\/#primaryimage\",\"url\":\"https:\/\/innoavi.es\/wp-content\/uploads\/2020\/01\/200117-Reuni\u00f3n-Antonio-Peral.jpeg\",\"contentUrl\":\"https:\/\/innoavi.es\/wp-content\/uploads\/2020\/01\/200117-Reuni\u00f3n-Antonio-Peral.jpeg\",\"width\":1445,\"height\":1153},{\"@type\":\"BreadcrumbList\",\"@id\":\"https:\/\/innoavi.es\/es\/la-avi-refuerza-su-colaboracion-con-el-ayuntamiento-de-alicante-para-impulsar-el-desarrollo-de-proyectos-innovadores-para-la-urbe\/#breadcrumb\",\"itemListElement\":[{\"@type\":\"ListItem\",\"position\":1,\"name\":\"Portada\",\"item\":\"https:\/\/innoavi.es\/es\/\"},{\"@type\":\"ListItem\",\"position\":2,\"name\":\"La AVI refuerza su colaboraci\u00f3n con el Ayuntamiento de Alicante para impulsar el desarrollo de proyectos innovadores para la urbe\"}]},{\"@type\":\"WebSite\",\"@id\":\"https:\/\/innoavi.es\/es\/#website\",\"url\":\"https:\/\/innoavi.es\/es\/\",\"name\":\"AVI |\u00a0Ag\u00e8ncia Valenciana de la Innovaci\u00f3\",\"description\":\"P\u00e0gina web oficial de l&#039;AVI\",\"potentialAction\":[{\"@type\":\"SearchAction\",\"target\":{\"@type\":\"EntryPoint\",\"urlTemplate\":\"https:\/\/innoavi.es\/es\/?s={search_term_string}\"},\"query-input\":{\"@type\":\"PropertyValueSpecification\",\"valueRequired\":true,\"valueName\":\"search_term_string\"}}],\"inLanguage\":\"es\"},{\"@type\":\"Person\",\"@id\":\"https:\/\/innoavi.es\/es\/#\/schema\/person\/cc5bf07456956a9205069c432fb8fa32\",\"name\":\"paco\"}]}<\/script>\n<!-- \/ Yoast SEO plugin. -->","yoast_head_json":{"title":"La AVI refuerza su colaboraci\u00f3n con el Ayuntamiento de Alicante para impulsar el desarrollo de proyectos innovadores para la urbe - AVI |\u00a0Ag\u00e8ncia Valenciana de la Innovaci\u00f3","description":"\u2022\u00a0\u00a0\u00a0 La Ag\u00e8ncia mantiene una sesi\u00f3n de trabajo con el edil de Modernizaci\u00f3n y Nuevas Tecnolog\u00edas del Ayuntamiento de Alicante, Antonio Peral\u2022\u00a0\u00a0\u00a0 La AVI","robots":{"index":"index","follow":"follow","max-snippet":"max-snippet:-1","max-image-preview":"max-image-preview:large","max-video-preview":"max-video-preview:-1"},"canonical":"https:\/\/innoavi.es\/es\/la-avi-refuerza-su-colaboracion-con-el-ayuntamiento-de-alicante-para-impulsar-el-desarrollo-de-proyectos-innovadores-para-la-urbe\/","og_locale":"es_ES","og_type":"article","og_title":"La AVI refuerza su colaboraci\u00f3n con el Ayuntamiento de Alicante para impulsar el desarrollo de proyectos innovadores para la urbe - AVI |\u00a0Ag\u00e8ncia Valenciana de la Innovaci\u00f3","og_description":"\u2022\u00a0\u00a0\u00a0 La Ag\u00e8ncia mantiene una sesi\u00f3n de trabajo con el edil de Modernizaci\u00f3n y Nuevas Tecnolog\u00edas del Ayuntamiento de Alicante, Antonio Peral\u2022\u00a0\u00a0\u00a0 La AVI","og_url":"https:\/\/innoavi.es\/es\/la-avi-refuerza-su-colaboracion-con-el-ayuntamiento-de-alicante-para-impulsar-el-desarrollo-de-proyectos-innovadores-para-la-urbe\/","og_site_name":"AVI |\u00a0Ag\u00e8ncia Valenciana de la Innovaci\u00f3","article_published_time":"2020-01-21T15:16:45+00:00","og_image":[{"width":1445,"height":1153,"url":"https:\/\/innoavi.es\/wp-content\/uploads\/2020\/01\/200117-Reuni\u00f3n-Antonio-Peral.jpeg","type":"image\/jpeg"}],"author":"paco","twitter_card":"summary_large_image","twitter_creator":"@GVAavi","twitter_site":"@GVAavi","twitter_misc":{"Escrito por":"paco","Tiempo de lectura":"2 minutos"},"schema":{"@context":"https:\/\/schema.org","@graph":[{"@type":"Article","@id":"https:\/\/innoavi.es\/es\/la-avi-refuerza-su-colaboracion-con-el-ayuntamiento-de-alicante-para-impulsar-el-desarrollo-de-proyectos-innovadores-para-la-urbe\/#article","isPartOf":{"@id":"https:\/\/innoavi.es\/es\/la-avi-refuerza-su-colaboracion-con-el-ayuntamiento-de-alicante-para-impulsar-el-desarrollo-de-proyectos-innovadores-para-la-urbe\/"},"author":{"name":"paco","@id":"https:\/\/innoavi.es\/es\/#\/schema\/person\/cc5bf07456956a9205069c432fb8fa32"},"headline":"La AVI refuerza su colaboraci\u00f3n con el Ayuntamiento de Alicante para impulsar el desarrollo de proyectos innovadores para la urbe","datePublished":"2020-01-21T15:16:45+00:00","mainEntityOfPage":{"@id":"https:\/\/innoavi.es\/es\/la-avi-refuerza-su-colaboracion-con-el-ayuntamiento-de-alicante-para-impulsar-el-desarrollo-de-proyectos-innovadores-para-la-urbe\/"},"wordCount":495,"image":{"@id":"https:\/\/innoavi.es\/es\/la-avi-refuerza-su-colaboracion-con-el-ayuntamiento-de-alicante-para-impulsar-el-desarrollo-de-proyectos-innovadores-para-la-urbe\/#primaryimage"},"thumbnailUrl":"https:\/\/innoavi.es\/wp-content\/uploads\/2020\/01\/200117-Reuni\u00f3n-Antonio-Peral.jpeg","articleSection":["Prensa","Sin categorizar"],"inLanguage":"es"},{"@type":"WebPage","@id":"https:\/\/innoavi.es\/es\/la-avi-refuerza-su-colaboracion-con-el-ayuntamiento-de-alicante-para-impulsar-el-desarrollo-de-proyectos-innovadores-para-la-urbe\/","url":"https:\/\/innoavi.es\/es\/la-avi-refuerza-su-colaboracion-con-el-ayuntamiento-de-alicante-para-impulsar-el-desarrollo-de-proyectos-innovadores-para-la-urbe\/","name":"La AVI refuerza su colaboraci\u00f3n con el Ayuntamiento de Alicante para impulsar el desarrollo de proyectos innovadores para la urbe - AVI |\u00a0Ag\u00e8ncia Valenciana de la Innovaci\u00f3","isPartOf":{"@id":"https:\/\/innoavi.es\/es\/#website"},"primaryImageOfPage":{"@id":"https:\/\/innoavi.es\/es\/la-avi-refuerza-su-colaboracion-con-el-ayuntamiento-de-alicante-para-impulsar-el-desarrollo-de-proyectos-innovadores-para-la-urbe\/#primaryimage"},"image":{"@id":"https:\/\/innoavi.es\/es\/la-avi-refuerza-su-colaboracion-con-el-ayuntamiento-de-alicante-para-impulsar-el-desarrollo-de-proyectos-innovadores-para-la-urbe\/#primaryimage"},"thumbnailUrl":"https:\/\/innoavi.es\/wp-content\/uploads\/2020\/01\/200117-Reuni\u00f3n-Antonio-Peral.jpeg","datePublished":"2020-01-21T15:16:45+00:00","author":{"@id":"https:\/\/innoavi.es\/es\/#\/schema\/person\/cc5bf07456956a9205069c432fb8fa32"},"description":"\u2022\u00a0\u00a0\u00a0 La Ag\u00e8ncia mantiene una sesi\u00f3n de trabajo con el edil de Modernizaci\u00f3n y Nuevas Tecnolog\u00edas del Ayuntamiento de Alicante, Antonio Peral\u2022\u00a0\u00a0\u00a0 La AVI","breadcrumb":{"@id":"https:\/\/innoavi.es\/es\/la-avi-refuerza-su-colaboracion-con-el-ayuntamiento-de-alicante-para-impulsar-el-desarrollo-de-proyectos-innovadores-para-la-urbe\/#breadcrumb"},"inLanguage":"es","potentialAction":[{"@type":"ReadAction","target":["https:\/\/innoavi.es\/es\/la-avi-refuerza-su-colaboracion-con-el-ayuntamiento-de-alicante-para-impulsar-el-desarrollo-de-proyectos-innovadores-para-la-urbe\/"]}]},{"@type":"ImageObject","inLanguage":"es","@id":"https:\/\/innoavi.es\/es\/la-avi-refuerza-su-colaboracion-con-el-ayuntamiento-de-alicante-para-impulsar-el-desarrollo-de-proyectos-innovadores-para-la-urbe\/#primaryimage","url":"https:\/\/innoavi.es\/wp-content\/uploads\/2020\/01\/200117-Reuni\u00f3n-Antonio-Peral.jpeg","contentUrl":"https:\/\/innoavi.es\/wp-content\/uploads\/2020\/01\/200117-Reuni\u00f3n-Antonio-Peral.jpeg","width":1445,"height":1153},{"@type":"BreadcrumbList","@id":"https:\/\/innoavi.es\/es\/la-avi-refuerza-su-colaboracion-con-el-ayuntamiento-de-alicante-para-impulsar-el-desarrollo-de-proyectos-innovadores-para-la-urbe\/#breadcrumb","itemListElement":[{"@type":"ListItem","position":1,"name":"Portada","item":"https:\/\/innoavi.es\/es\/"},{"@type":"ListItem","position":2,"name":"La AVI refuerza su colaboraci\u00f3n con el Ayuntamiento de Alicante para impulsar el desarrollo de proyectos innovadores para la urbe"}]},{"@type":"WebSite","@id":"https:\/\/innoavi.es\/es\/#website","url":"https:\/\/innoavi.es\/es\/","name":"AVI |\u00a0Ag\u00e8ncia Valenciana de la Innovaci\u00f3","description":"P\u00e0gina web oficial de l&#039;AVI","potentialAction":[{"@type":"SearchAction","target":{"@type":"EntryPoint","urlTemplate":"https:\/\/innoavi.es\/es\/?s={search_term_string}"},"query-input":{"@type":"PropertyValueSpecification","valueRequired":true,"valueName":"search_term_string"}}],"inLanguage":"es"},{"@type":"Person","@id":"https:\/\/innoavi.es\/es\/#\/schema\/person\/cc5bf07456956a9205069c432fb8fa32","name":"paco"}]}},"_links":{"self":[{"href":"https:\/\/innoavi.es\/es\/wp-json\/wp\/v2\/posts\/11525","targetHints":{"allow":["GET"]}}],"collection":[{"href":"https:\/\/innoavi.es\/es\/wp-json\/wp\/v2\/posts"}],"about":[{"href":"https:\/\/innoavi.es\/es\/wp-json\/wp\/v2\/types\/post"}],"author":[{"embeddable":true,"href":"https:\/\/innoavi.es\/es\/wp-json\/wp\/v2\/users\/12"}],"replies":[{"embeddable":true,"href":"https:\/\/innoavi.es\/es\/wp-json\/wp\/v2\/comments?post=11525"}],"version-history":[{"count":1,"href":"https:\/\/innoavi.es\/es\/wp-json\/wp\/v2\/posts\/11525\/revisions"}],"predecessor-version":[{"id":11526,"href":"https:\/\/innoavi.es\/es\/wp-json\/wp\/v2\/posts\/11525\/revisions\/11526"}],"wp:featuredmedia":[{"embeddable":true,"href":"https:\/\/innoavi.es\/es\/wp-json\/wp\/v2\/media\/11523"}],"wp:attachment":[{"href":"https:\/\/innoavi.es\/es\/wp-json\/wp\/v2\/media?parent=11525"}],"wp:term":[{"taxonomy":"category","embeddable":true,"href":"https:\/\/innoavi.es\/es\/wp-json\/wp\/v2\/categories?post=11525"},{"taxonomy":"post_tag","embeddable":true,"href":"https:\/\/innoavi.es\/es\/wp-json\/wp\/v2\/tags?post=11525"}],"curies":[{"name":"wp","href":"https:\/\/api.w.org\/{rel}","templated":true}]}}