{"id":11055,"date":"2019-12-05T09:52:24","date_gmt":"2019-12-05T08:52:24","guid":{"rendered":"http:\/\/innoavi.es\/es\/?p=11055"},"modified":"2019-12-05T10:02:50","modified_gmt":"2019-12-05T09:02:50","slug":"27-de-noviembre-dialogos-tecnologicos-sobre-destinos-turisticos-inteligentes-en-cv","status":"publish","type":"post","link":"https:\/\/innoavi.es\/es\/27-de-noviembre-dialogos-tecnologicos-sobre-destinos-turisticos-inteligentes-en-cv\/","title":{"rendered":"27 DE NOVIEMBRE | Di\u00e1logos Tecnol\u00f3gicos sobre Destinos Tur\u00edsticos Inteligentes en CV"},"content":{"rendered":"<img loading=\"lazy\" decoding=\"async\" class=\"alignnone  wp-image-5485\" src=\"http:\/\/innoavi.es\/wp-content\/uploads\/2018\/04\/Logo_AVI_Contacto-1-600x348.jpg\" alt=\"\" width=\"500\" height=\"290\" srcset=\"https:\/\/innoavi.es\/wp-content\/uploads\/2018\/04\/Logo_AVI_Contacto-1-600x348.jpg 600w, https:\/\/innoavi.es\/wp-content\/uploads\/2018\/04\/Logo_AVI_Contacto-1-768x445.jpg 768w, https:\/\/innoavi.es\/wp-content\/uploads\/2018\/04\/Logo_AVI_Contacto-1.jpg 900w\" sizes=\"auto, (max-width: 500px) 100vw, 500px\" \/><br \/><br \/>La Ag\u00e8ncia Valenciana de la Innovaci\u00f3 (AVI), en colaboraci\u00f3n con Invat.tur, celebra la primera reuni\u00f3n de los \u00abDi\u00e1logos Tecnol\u00f3gicos sobre Destinos Tur\u00edsticos Inteligentes en CV\u00bb coordinada por Manuel Aragon\u00e9s, director de Instituto Tecnol\u00f3gico de Producto Infantil y Ocio (Aiju). En esta primera sesi\u00f3n, se debatir\u00e1n los retos de los destinos tur\u00edsticos de la Comunitat Valenciana para priorizar los m\u00e1s importantes, que\u00a0servir\u00e1n como base para la definici\u00f3n de las soluciones necesarias para hacer frente a esos retos.<br \/><br \/><strong>11.00 horas<\/strong>. Invat.tur<br \/>Paseo Tolls, 2. Benidorm","protected":false},"excerpt":{"rendered":"<p>La Ag\u00e8ncia Valenciana de la Innovaci\u00f3 (AVI), en colaboraci\u00f3n con Invat.tur, celebra la primera reuni\u00f3n de los \u00abDi\u00e1logos Tecnol\u00f3gicos sobre Destinos Tur\u00edsticos Inteligentes en CV\u00bb coordinada por Manuel Aragon\u00e9s, director de Instituto Tecnol\u00f3gico de Producto Infantil y Ocio (Aiju). En esta primera sesi\u00f3n, se debatir\u00e1n los retos de los destinos tur\u00edsticos de la Comunitat Valenciana para priorizar los m\u00e1s importantes, que\u00a0servir\u00e1n como base para la definici\u00f3n de las soluciones necesarias para hacer frente a esos retos.11.00 horas. Invat.turPaseo Tolls, 2. Benidorm<\/p>\n","protected":false},"author":10,"featured_media":5485,"comment_status":"closed","ping_status":"open","sticky":false,"template":"","format":"standard","meta":{"_acf_changed":false,"footnotes":""},"categories":[183,197,205],"tags":[],"class_list":["post-11055","post","type-post","status-publish","format-standard","has-post-thumbnail","hentry","category-agenda","category-agenda-avi","category-sin-categorizar"],"acf":[],"yoast_head":"<!-- This site is optimized with the Yoast SEO plugin v26.7 - https:\/\/yoast.com\/wordpress\/plugins\/seo\/ -->\n<title>27 DE NOVIEMBRE | Di\u00e1logos Tecnol\u00f3gicos sobre Destinos Tur\u00edsticos Inteligentes en CV - AVI |\u00a0Ag\u00e8ncia Valenciana de la Innovaci\u00f3<\/title>\n<meta name=\"description\" content=\"La Ag\u00e8ncia Valenciana de la Innovaci\u00f3 (AVI), en colaboraci\u00f3n con Invat.tur, celebra la primera reuni\u00f3n de los &quot;Di\u00e1logos Tecnol\u00f3gicos sobre Destinos\" \/>\n<meta name=\"robots\" content=\"index, follow, max-snippet:-1, max-image-preview:large, max-video-preview:-1\" \/>\n<link rel=\"canonical\" href=\"https:\/\/innoavi.es\/es\/27-de-noviembre-dialogos-tecnologicos-sobre-destinos-turisticos-inteligentes-en-cv\/\" \/>\n<meta property=\"og:locale\" content=\"es_ES\" \/>\n<meta property=\"og:type\" content=\"article\" \/>\n<meta property=\"og:title\" content=\"27 DE NOVIEMBRE | Di\u00e1logos Tecnol\u00f3gicos sobre Destinos Tur\u00edsticos Inteligentes en CV - AVI |\u00a0Ag\u00e8ncia Valenciana de la Innovaci\u00f3\" \/>\n<meta property=\"og:description\" content=\"La Ag\u00e8ncia Valenciana de la Innovaci\u00f3 (AVI), en colaboraci\u00f3n con Invat.tur, celebra la primera reuni\u00f3n de los &quot;Di\u00e1logos Tecnol\u00f3gicos sobre Destinos\" \/>\n<meta property=\"og:url\" content=\"https:\/\/innoavi.es\/es\/27-de-noviembre-dialogos-tecnologicos-sobre-destinos-turisticos-inteligentes-en-cv\/\" \/>\n<meta property=\"og:site_name\" content=\"AVI |\u00a0Ag\u00e8ncia Valenciana de la Innovaci\u00f3\" \/>\n<meta property=\"article:published_time\" content=\"2019-12-05T08:52:24+00:00\" \/>\n<meta property=\"article:modified_time\" content=\"2019-12-05T09:02:50+00:00\" \/>\n<meta property=\"og:image\" content=\"https:\/\/innoavi.es\/wp-content\/uploads\/2018\/04\/Logo_AVI_Contacto-1.jpg\" \/>\n\t<meta property=\"og:image:width\" content=\"900\" \/>\n\t<meta property=\"og:image:height\" content=\"522\" \/>\n\t<meta property=\"og:image:type\" content=\"image\/jpeg\" \/>\n<meta name=\"author\" content=\"Ana P\u00e9rez\" \/>\n<meta name=\"twitter:card\" content=\"summary_large_image\" \/>\n<meta name=\"twitter:creator\" content=\"@GVAavi\" \/>\n<meta name=\"twitter:site\" content=\"@GVAavi\" \/>\n<meta name=\"twitter:label1\" content=\"Escrito por\" \/>\n\t<meta name=\"twitter:data1\" content=\"Ana P\u00e9rez\" \/>\n<script type=\"application\/ld+json\" class=\"yoast-schema-graph\">{\"@context\":\"https:\/\/schema.org\",\"@graph\":[{\"@type\":\"Article\",\"@id\":\"https:\/\/innoavi.es\/es\/27-de-noviembre-dialogos-tecnologicos-sobre-destinos-turisticos-inteligentes-en-cv\/#article\",\"isPartOf\":{\"@id\":\"https:\/\/innoavi.es\/es\/27-de-noviembre-dialogos-tecnologicos-sobre-destinos-turisticos-inteligentes-en-cv\/\"},\"author\":{\"name\":\"Ana P\u00e9rez\",\"@id\":\"https:\/\/innoavi.es\/es\/#\/schema\/person\/d9b2358bd480aaf67b2e750763e158a5\"},\"headline\":\"27 DE NOVIEMBRE | Di\u00e1logos Tecnol\u00f3gicos sobre Destinos Tur\u00edsticos Inteligentes en CV\",\"datePublished\":\"2019-12-05T08:52:24+00:00\",\"dateModified\":\"2019-12-05T09:02:50+00:00\",\"mainEntityOfPage\":{\"@id\":\"https:\/\/innoavi.es\/es\/27-de-noviembre-dialogos-tecnologicos-sobre-destinos-turisticos-inteligentes-en-cv\/\"},\"wordCount\":110,\"image\":{\"@id\":\"https:\/\/innoavi.es\/es\/27-de-noviembre-dialogos-tecnologicos-sobre-destinos-turisticos-inteligentes-en-cv\/#primaryimage\"},\"thumbnailUrl\":\"https:\/\/innoavi.es\/wp-content\/uploads\/2018\/04\/Logo_AVI_Contacto-1.jpg\",\"articleSection\":[\"Agenda\",\"Agenda AVI\",\"Sin categorizar\"],\"inLanguage\":\"es\"},{\"@type\":\"WebPage\",\"@id\":\"https:\/\/innoavi.es\/es\/27-de-noviembre-dialogos-tecnologicos-sobre-destinos-turisticos-inteligentes-en-cv\/\",\"url\":\"https:\/\/innoavi.es\/es\/27-de-noviembre-dialogos-tecnologicos-sobre-destinos-turisticos-inteligentes-en-cv\/\",\"name\":\"27 DE NOVIEMBRE | Di\u00e1logos Tecnol\u00f3gicos sobre Destinos Tur\u00edsticos Inteligentes en CV - AVI |\u00a0Ag\u00e8ncia Valenciana de la Innovaci\u00f3\",\"isPartOf\":{\"@id\":\"https:\/\/innoavi.es\/es\/#website\"},\"primaryImageOfPage\":{\"@id\":\"https:\/\/innoavi.es\/es\/27-de-noviembre-dialogos-tecnologicos-sobre-destinos-turisticos-inteligentes-en-cv\/#primaryimage\"},\"image\":{\"@id\":\"https:\/\/innoavi.es\/es\/27-de-noviembre-dialogos-tecnologicos-sobre-destinos-turisticos-inteligentes-en-cv\/#primaryimage\"},\"thumbnailUrl\":\"https:\/\/innoavi.es\/wp-content\/uploads\/2018\/04\/Logo_AVI_Contacto-1.jpg\",\"datePublished\":\"2019-12-05T08:52:24+00:00\",\"dateModified\":\"2019-12-05T09:02:50+00:00\",\"author\":{\"@id\":\"https:\/\/innoavi.es\/es\/#\/schema\/person\/d9b2358bd480aaf67b2e750763e158a5\"},\"description\":\"La Ag\u00e8ncia Valenciana de la Innovaci\u00f3 (AVI), en colaboraci\u00f3n con Invat.tur, celebra la primera reuni\u00f3n de los \\\"Di\u00e1logos Tecnol\u00f3gicos sobre Destinos\",\"breadcrumb\":{\"@id\":\"https:\/\/innoavi.es\/es\/27-de-noviembre-dialogos-tecnologicos-sobre-destinos-turisticos-inteligentes-en-cv\/#breadcrumb\"},\"inLanguage\":\"es\",\"potentialAction\":[{\"@type\":\"ReadAction\",\"target\":[\"https:\/\/innoavi.es\/es\/27-de-noviembre-dialogos-tecnologicos-sobre-destinos-turisticos-inteligentes-en-cv\/\"]}]},{\"@type\":\"ImageObject\",\"inLanguage\":\"es\",\"@id\":\"https:\/\/innoavi.es\/es\/27-de-noviembre-dialogos-tecnologicos-sobre-destinos-turisticos-inteligentes-en-cv\/#primaryimage\",\"url\":\"https:\/\/innoavi.es\/wp-content\/uploads\/2018\/04\/Logo_AVI_Contacto-1.jpg\",\"contentUrl\":\"https:\/\/innoavi.es\/wp-content\/uploads\/2018\/04\/Logo_AVI_Contacto-1.jpg\",\"width\":900,\"height\":522},{\"@type\":\"BreadcrumbList\",\"@id\":\"https:\/\/innoavi.es\/es\/27-de-noviembre-dialogos-tecnologicos-sobre-destinos-turisticos-inteligentes-en-cv\/#breadcrumb\",\"itemListElement\":[{\"@type\":\"ListItem\",\"position\":1,\"name\":\"Portada\",\"item\":\"https:\/\/innoavi.es\/es\/\"},{\"@type\":\"ListItem\",\"position\":2,\"name\":\"27 DE NOVIEMBRE | Di\u00e1logos Tecnol\u00f3gicos sobre Destinos Tur\u00edsticos Inteligentes en CV\"}]},{\"@type\":\"WebSite\",\"@id\":\"https:\/\/innoavi.es\/es\/#website\",\"url\":\"https:\/\/innoavi.es\/es\/\",\"name\":\"AVI |\u00a0Ag\u00e8ncia Valenciana de la Innovaci\u00f3\",\"description\":\"P\u00e0gina web oficial de l&#039;AVI\",\"potentialAction\":[{\"@type\":\"SearchAction\",\"target\":{\"@type\":\"EntryPoint\",\"urlTemplate\":\"https:\/\/innoavi.es\/es\/?s={search_term_string}\"},\"query-input\":{\"@type\":\"PropertyValueSpecification\",\"valueRequired\":true,\"valueName\":\"search_term_string\"}}],\"inLanguage\":\"es\"},{\"@type\":\"Person\",\"@id\":\"https:\/\/innoavi.es\/es\/#\/schema\/person\/d9b2358bd480aaf67b2e750763e158a5\",\"name\":\"Ana P\u00e9rez\"}]}<\/script>\n<!-- \/ Yoast SEO plugin. -->","yoast_head_json":{"title":"27 DE NOVIEMBRE | Di\u00e1logos Tecnol\u00f3gicos sobre Destinos Tur\u00edsticos Inteligentes en CV - AVI |\u00a0Ag\u00e8ncia Valenciana de la Innovaci\u00f3","description":"La Ag\u00e8ncia Valenciana de la Innovaci\u00f3 (AVI), en colaboraci\u00f3n con Invat.tur, celebra la primera reuni\u00f3n de los \"Di\u00e1logos Tecnol\u00f3gicos sobre Destinos","robots":{"index":"index","follow":"follow","max-snippet":"max-snippet:-1","max-image-preview":"max-image-preview:large","max-video-preview":"max-video-preview:-1"},"canonical":"https:\/\/innoavi.es\/es\/27-de-noviembre-dialogos-tecnologicos-sobre-destinos-turisticos-inteligentes-en-cv\/","og_locale":"es_ES","og_type":"article","og_title":"27 DE NOVIEMBRE | Di\u00e1logos Tecnol\u00f3gicos sobre Destinos Tur\u00edsticos Inteligentes en CV - AVI |\u00a0Ag\u00e8ncia Valenciana de la Innovaci\u00f3","og_description":"La Ag\u00e8ncia Valenciana de la Innovaci\u00f3 (AVI), en colaboraci\u00f3n con Invat.tur, celebra la primera reuni\u00f3n de los \"Di\u00e1logos Tecnol\u00f3gicos sobre Destinos","og_url":"https:\/\/innoavi.es\/es\/27-de-noviembre-dialogos-tecnologicos-sobre-destinos-turisticos-inteligentes-en-cv\/","og_site_name":"AVI |\u00a0Ag\u00e8ncia Valenciana de la Innovaci\u00f3","article_published_time":"2019-12-05T08:52:24+00:00","article_modified_time":"2019-12-05T09:02:50+00:00","og_image":[{"width":900,"height":522,"url":"https:\/\/innoavi.es\/wp-content\/uploads\/2018\/04\/Logo_AVI_Contacto-1.jpg","type":"image\/jpeg"}],"author":"Ana P\u00e9rez","twitter_card":"summary_large_image","twitter_creator":"@GVAavi","twitter_site":"@GVAavi","twitter_misc":{"Escrito por":"Ana P\u00e9rez"},"schema":{"@context":"https:\/\/schema.org","@graph":[{"@type":"Article","@id":"https:\/\/innoavi.es\/es\/27-de-noviembre-dialogos-tecnologicos-sobre-destinos-turisticos-inteligentes-en-cv\/#article","isPartOf":{"@id":"https:\/\/innoavi.es\/es\/27-de-noviembre-dialogos-tecnologicos-sobre-destinos-turisticos-inteligentes-en-cv\/"},"author":{"name":"Ana P\u00e9rez","@id":"https:\/\/innoavi.es\/es\/#\/schema\/person\/d9b2358bd480aaf67b2e750763e158a5"},"headline":"27 DE NOVIEMBRE | Di\u00e1logos Tecnol\u00f3gicos sobre Destinos Tur\u00edsticos Inteligentes en CV","datePublished":"2019-12-05T08:52:24+00:00","dateModified":"2019-12-05T09:02:50+00:00","mainEntityOfPage":{"@id":"https:\/\/innoavi.es\/es\/27-de-noviembre-dialogos-tecnologicos-sobre-destinos-turisticos-inteligentes-en-cv\/"},"wordCount":110,"image":{"@id":"https:\/\/innoavi.es\/es\/27-de-noviembre-dialogos-tecnologicos-sobre-destinos-turisticos-inteligentes-en-cv\/#primaryimage"},"thumbnailUrl":"https:\/\/innoavi.es\/wp-content\/uploads\/2018\/04\/Logo_AVI_Contacto-1.jpg","articleSection":["Agenda","Agenda AVI","Sin categorizar"],"inLanguage":"es"},{"@type":"WebPage","@id":"https:\/\/innoavi.es\/es\/27-de-noviembre-dialogos-tecnologicos-sobre-destinos-turisticos-inteligentes-en-cv\/","url":"https:\/\/innoavi.es\/es\/27-de-noviembre-dialogos-tecnologicos-sobre-destinos-turisticos-inteligentes-en-cv\/","name":"27 DE NOVIEMBRE | Di\u00e1logos Tecnol\u00f3gicos sobre Destinos Tur\u00edsticos Inteligentes en CV - AVI |\u00a0Ag\u00e8ncia Valenciana de la Innovaci\u00f3","isPartOf":{"@id":"https:\/\/innoavi.es\/es\/#website"},"primaryImageOfPage":{"@id":"https:\/\/innoavi.es\/es\/27-de-noviembre-dialogos-tecnologicos-sobre-destinos-turisticos-inteligentes-en-cv\/#primaryimage"},"image":{"@id":"https:\/\/innoavi.es\/es\/27-de-noviembre-dialogos-tecnologicos-sobre-destinos-turisticos-inteligentes-en-cv\/#primaryimage"},"thumbnailUrl":"https:\/\/innoavi.es\/wp-content\/uploads\/2018\/04\/Logo_AVI_Contacto-1.jpg","datePublished":"2019-12-05T08:52:24+00:00","dateModified":"2019-12-05T09:02:50+00:00","author":{"@id":"https:\/\/innoavi.es\/es\/#\/schema\/person\/d9b2358bd480aaf67b2e750763e158a5"},"description":"La Ag\u00e8ncia Valenciana de la Innovaci\u00f3 (AVI), en colaboraci\u00f3n con Invat.tur, celebra la primera reuni\u00f3n de los \"Di\u00e1logos Tecnol\u00f3gicos sobre Destinos","breadcrumb":{"@id":"https:\/\/innoavi.es\/es\/27-de-noviembre-dialogos-tecnologicos-sobre-destinos-turisticos-inteligentes-en-cv\/#breadcrumb"},"inLanguage":"es","potentialAction":[{"@type":"ReadAction","target":["https:\/\/innoavi.es\/es\/27-de-noviembre-dialogos-tecnologicos-sobre-destinos-turisticos-inteligentes-en-cv\/"]}]},{"@type":"ImageObject","inLanguage":"es","@id":"https:\/\/innoavi.es\/es\/27-de-noviembre-dialogos-tecnologicos-sobre-destinos-turisticos-inteligentes-en-cv\/#primaryimage","url":"https:\/\/innoavi.es\/wp-content\/uploads\/2018\/04\/Logo_AVI_Contacto-1.jpg","contentUrl":"https:\/\/innoavi.es\/wp-content\/uploads\/2018\/04\/Logo_AVI_Contacto-1.jpg","width":900,"height":522},{"@type":"BreadcrumbList","@id":"https:\/\/innoavi.es\/es\/27-de-noviembre-dialogos-tecnologicos-sobre-destinos-turisticos-inteligentes-en-cv\/#breadcrumb","itemListElement":[{"@type":"ListItem","position":1,"name":"Portada","item":"https:\/\/innoavi.es\/es\/"},{"@type":"ListItem","position":2,"name":"27 DE NOVIEMBRE | Di\u00e1logos Tecnol\u00f3gicos sobre Destinos Tur\u00edsticos Inteligentes en CV"}]},{"@type":"WebSite","@id":"https:\/\/innoavi.es\/es\/#website","url":"https:\/\/innoavi.es\/es\/","name":"AVI |\u00a0Ag\u00e8ncia Valenciana de la Innovaci\u00f3","description":"P\u00e0gina web oficial de l&#039;AVI","potentialAction":[{"@type":"SearchAction","target":{"@type":"EntryPoint","urlTemplate":"https:\/\/innoavi.es\/es\/?s={search_term_string}"},"query-input":{"@type":"PropertyValueSpecification","valueRequired":true,"valueName":"search_term_string"}}],"inLanguage":"es"},{"@type":"Person","@id":"https:\/\/innoavi.es\/es\/#\/schema\/person\/d9b2358bd480aaf67b2e750763e158a5","name":"Ana P\u00e9rez"}]}},"_links":{"self":[{"href":"https:\/\/innoavi.es\/es\/wp-json\/wp\/v2\/posts\/11055","targetHints":{"allow":["GET"]}}],"collection":[{"href":"https:\/\/innoavi.es\/es\/wp-json\/wp\/v2\/posts"}],"about":[{"href":"https:\/\/innoavi.es\/es\/wp-json\/wp\/v2\/types\/post"}],"author":[{"embeddable":true,"href":"https:\/\/innoavi.es\/es\/wp-json\/wp\/v2\/users\/10"}],"replies":[{"embeddable":true,"href":"https:\/\/innoavi.es\/es\/wp-json\/wp\/v2\/comments?post=11055"}],"version-history":[{"count":2,"href":"https:\/\/innoavi.es\/es\/wp-json\/wp\/v2\/posts\/11055\/revisions"}],"predecessor-version":[{"id":11057,"href":"https:\/\/innoavi.es\/es\/wp-json\/wp\/v2\/posts\/11055\/revisions\/11057"}],"wp:featuredmedia":[{"embeddable":true,"href":"https:\/\/innoavi.es\/es\/wp-json\/wp\/v2\/media\/5485"}],"wp:attachment":[{"href":"https:\/\/innoavi.es\/es\/wp-json\/wp\/v2\/media?parent=11055"}],"wp:term":[{"taxonomy":"category","embeddable":true,"href":"https:\/\/innoavi.es\/es\/wp-json\/wp\/v2\/categories?post=11055"},{"taxonomy":"post_tag","embeddable":true,"href":"https:\/\/innoavi.es\/es\/wp-json\/wp\/v2\/tags?post=11055"}],"curies":[{"name":"wp","href":"https:\/\/api.w.org\/{rel}","templated":true}]}}